{"id":881,"date":"2008-02-24T23:50:43","date_gmt":"2008-02-24T23:50:43","guid":{"rendered":"http:\/\/blogs.thesocialmedia.com\/leblogmoto\/2008\/02\/24\/le-blog-moto\/"},"modified":"2012-07-11T15:25:17","modified_gmt":"2012-07-11T15:25:17","slug":"le-blog-moto","status":"publish","type":"post","link":"https:\/\/blogs.thesocialmedia.com\/leblogmoto\/2008\/02\/24\/le-blog-moto\/","title":{"rendered":"Le Blog Moto se fiche pas mal des jumeaux de J-Lo."},"content":{"rendered":"<p><a href=\"http:\/\/blogs.thesocialmedia.com\/leblogmoto\/files\/2012\/07\/jlo5.jpg\"><img loading=\"lazy\" decoding=\"async\" width=\"470\" height=\"380\"  src=\"http:\/\/www.leblogmoto.com\/images\/2008\/02\/24\/jlo5.jpg\" alt=\"Jlo5\" \/><\/a><\/p>\n<p>Sauf quand \u00e7a nous autorise une petite digression, avec cet ancien portfolio de la belle sur un Vespa, la croupe en l&rsquo;air, en micro-short bleu, ou rouge, les gambettes harnach\u00e9es. C&rsquo;\u00e9tait il y a cinq ans, d\u00e9j\u00e0. Pour les fans absolus de Jennifer Lopez, Ebay vend <a href=\"http:\/\/cgi.ebay.com\/J-LO-Jennifer-Lopez-signed-8x10-'on-scooter'--*HOT*-rp_W0QQitemZ270213975314QQcmdZViewItem?IMSfp=TL0802220852a3088\">un autographe de la belle sur ce scoot<\/a>&lsquo;. Pour l&rsquo;histoire compl\u00e8te d\u00e9j\u00e0 \u00e9voqu\u00e9e en titre, si les potins vous int\u00e9resse voici <a href=\"http:\/\/fr.wikipedia.org\/wiki\/Jennifer_Lopez\">la bio de la nouvelle maman sur Wiki<\/a>. Nous nous en tiendrons \u00e0 son moyen de locomotion, m\u00eame factice, sous les spots des studios photo. <\/p>\n<p><a href=\"http:\/\/clabedan.typepad.com\/.shared\/image.html?\/photos\/uncategorized\/2008\/02\/24\/jlo3.jpg\"><img loading=\"lazy\" decoding=\"async\" width=\"470\" height=\"590\"  alt=\"Jlo3\" src=\"http:\/\/www.leblogmoto.com\/images\/2008\/02\/24\/jlo3.jpg\" \/><\/a><\/p>\n<p><a href=\"http:\/\/blogs.thesocialmedia.com\/leblogmoto\/files\/2012\/07\/jlo1.jpg\"><img loading=\"lazy\" decoding=\"async\" width=\"470\" height=\"590\"  alt=\"Jlo1\" src=\"http:\/\/www.leblogmoto.com\/images\/2008\/02\/24\/jlo1.jpg\" \/><\/a> <\/p>\n<p><a href=\"http:\/\/blogs.thesocialmedia.com\/leblogmoto\/files\/2012\/07\/jlo2.jpg\"><img loading=\"lazy\" decoding=\"async\" width=\"470\" height=\"587\"  alt=\"Jlo2\" src=\"http:\/\/www.leblogmoto.com\/images\/2008\/02\/24\/jlo2.jpg\" \/><\/a> <\/p>\n<p><a href=\"http:\/\/blogs.thesocialmedia.com\/leblogmoto\/files\/2012\/07\/jennifer_lopez_07.jpg\"><img loading=\"lazy\" decoding=\"async\" width=\"470\" height=\"379\"  alt=\"Jennifer_lopez_07\" src=\"http:\/\/www.leblogmoto.com\/images\/2008\/02\/24\/jennifer_lopez_07.jpg\" \/><\/a> <\/p>\n<p><a href=\"http:\/\/blogs.thesocialmedia.com\/leblogmoto\/files\/2012\/07\/jlo4.jpg\"><img loading=\"lazy\" decoding=\"async\" width=\"470\" height=\"574\"  alt=\"Jlo4\" src=\"http:\/\/www.leblogmoto.com\/images\/2008\/02\/24\/jlo4.jpg\" \/><\/a> <\/p>\n","protected":false},"excerpt":{"rendered":"<p>Sauf quand \u00e7a nous autorise une petite digression, avec cet ancien portfolio de la belle sur un Vespa, la croupe en l&rsquo;air, en micro-short bleu, ou rouge, les gambettes harnach\u00e9es. C&rsquo;\u00e9tait il y a cinq ans, d\u00e9j\u00e0. Pour les fans absolus de Jennifer Lopez, Ebay vend un autographe de la belle sur ce scoot&lsquo;. Pour [&hellip;]<\/p>\n","protected":false},"author":324,"featured_media":0,"comment_status":"open","ping_status":"open","sticky":false,"template":"","format":"standard","meta":{"footnotes":""},"categories":[16,19,20],"tags":[],"class_list":["post-881","post","type-post","status-publish","format-standard","hentry","category-art-moto","category-scooter","category-vespa"],"yoast_head":"<!-- This site is optimized with the Yoast SEO plugin v26.0 - https:\/\/yoast.com\/wordpress\/plugins\/seo\/ -->\n<title>Le Blog Moto se fiche pas mal des jumeaux de J-Lo. - leblogmoto.com<\/title>\n<meta name=\"robots\" content=\"index, follow, max-snippet:-1, max-image-preview:large, max-video-preview:-1\" \/>\n<link rel=\"canonical\" href=\"https:\/\/blogs.thesocialmedia.com\/leblogmoto\/2008\/02\/24\/le-blog-moto\/\" \/>\n<meta name=\"twitter:card\" content=\"summary_large_image\" \/>\n<meta name=\"twitter:title\" content=\"Le Blog Moto se fiche pas mal des jumeaux de J-Lo. - leblogmoto.com\" \/>\n<meta name=\"twitter:description\" content=\"Sauf quand \u00e7a nous autorise une petite digression, avec cet ancien portfolio de la belle sur un Vespa, la croupe en l&rsquo;air, en micro-short bleu, ou rouge, les gambettes harnach\u00e9es. C&rsquo;\u00e9tait il y a cinq ans, d\u00e9j\u00e0. Pour les fans absolus de Jennifer Lopez, Ebay vend un autographe de la belle sur ce scoot&lsquo;. Pour [&hellip;]\" \/>\n<meta name=\"twitter:image\" content=\"http:\/\/www.leblogmoto.com\/images\/2008\/02\/24\/jlo5.jpg\" \/>\n<meta name=\"twitter:label1\" content=\"\u00c9crit par\" \/>\n\t<meta name=\"twitter:data1\" content=\"benoit rieu\" \/>\n<script type=\"application\/ld+json\" class=\"yoast-schema-graph\">{\"@context\":\"https:\/\/schema.org\",\"@graph\":[{\"@type\":\"WebPage\",\"@id\":\"https:\/\/blogs.thesocialmedia.com\/leblogmoto\/2008\/02\/24\/le-blog-moto\/\",\"url\":\"https:\/\/blogs.thesocialmedia.com\/leblogmoto\/2008\/02\/24\/le-blog-moto\/\",\"name\":\"Le Blog Moto se fiche pas mal des jumeaux de J-Lo. - leblogmoto.com\",\"isPartOf\":{\"@id\":\"https:\/\/blogs.thesocialmedia.com\/leblogmoto\/#website\"},\"primaryImageOfPage\":{\"@id\":\"https:\/\/blogs.thesocialmedia.com\/leblogmoto\/2008\/02\/24\/le-blog-moto\/#primaryimage\"},\"image\":{\"@id\":\"https:\/\/blogs.thesocialmedia.com\/leblogmoto\/2008\/02\/24\/le-blog-moto\/#primaryimage\"},\"thumbnailUrl\":\"http:\/\/www.leblogmoto.com\/images\/2008\/02\/24\/jlo5.jpg\",\"datePublished\":\"2008-02-24T23:50:43+00:00\",\"dateModified\":\"2012-07-11T15:25:17+00:00\",\"author\":{\"@id\":\"https:\/\/blogs.thesocialmedia.com\/leblogmoto\/#\/schema\/person\/18bfe773e5725ed6d24f743da805362a\"},\"breadcrumb\":{\"@id\":\"https:\/\/blogs.thesocialmedia.com\/leblogmoto\/2008\/02\/24\/le-blog-moto\/#breadcrumb\"},\"inLanguage\":\"fr-FR\",\"potentialAction\":[{\"@type\":\"ReadAction\",\"target\":[\"https:\/\/blogs.thesocialmedia.com\/leblogmoto\/2008\/02\/24\/le-blog-moto\/\"]}]},{\"@type\":\"ImageObject\",\"inLanguage\":\"fr-FR\",\"@id\":\"https:\/\/blogs.thesocialmedia.com\/leblogmoto\/2008\/02\/24\/le-blog-moto\/#primaryimage\",\"url\":\"http:\/\/www.leblogmoto.com\/images\/2008\/02\/24\/jlo5.jpg\",\"contentUrl\":\"http:\/\/www.leblogmoto.com\/images\/2008\/02\/24\/jlo5.jpg\"},{\"@type\":\"BreadcrumbList\",\"@id\":\"https:\/\/blogs.thesocialmedia.com\/leblogmoto\/2008\/02\/24\/le-blog-moto\/#breadcrumb\",\"itemListElement\":[{\"@type\":\"ListItem\",\"position\":1,\"name\":\"Accueil\",\"item\":\"https:\/\/blogs.thesocialmedia.com\/leblogmoto\/\"},{\"@type\":\"ListItem\",\"position\":2,\"name\":\"Le Blog Moto se fiche pas mal des jumeaux de J-Lo.\"}]},{\"@type\":\"WebSite\",\"@id\":\"https:\/\/blogs.thesocialmedia.com\/leblogmoto\/#website\",\"url\":\"https:\/\/blogs.thesocialmedia.com\/leblogmoto\/\",\"name\":\"leblogmoto\",\"description\":\"Toute l&#039;actualit\u00e9 des 2 roues\",\"potentialAction\":[{\"@type\":\"SearchAction\",\"target\":{\"@type\":\"EntryPoint\",\"urlTemplate\":\"https:\/\/blogs.thesocialmedia.com\/leblogmoto\/?s={search_term_string}\"},\"query-input\":{\"@type\":\"PropertyValueSpecification\",\"valueRequired\":true,\"valueName\":\"search_term_string\"}}],\"inLanguage\":\"fr-FR\"},{\"@type\":\"Person\",\"@id\":\"https:\/\/blogs.thesocialmedia.com\/leblogmoto\/#\/schema\/person\/18bfe773e5725ed6d24f743da805362a\",\"name\":\"benoit rieu\",\"image\":{\"@type\":\"ImageObject\",\"inLanguage\":\"fr-FR\",\"@id\":\"https:\/\/blogs.thesocialmedia.com\/leblogmoto\/#\/schema\/person\/image\/\",\"url\":\"https:\/\/secure.gravatar.com\/avatar\/?s=96&d=mm&r=g\",\"contentUrl\":\"https:\/\/secure.gravatar.com\/avatar\/?s=96&d=mm&r=g\",\"caption\":\"benoit rieu\"},\"url\":\"https:\/\/blogs.thesocialmedia.com\/leblogmoto\/author\/benoit-rieu\/\"}]}<\/script>\n<!-- \/ Yoast SEO plugin. -->","yoast_head_json":{"title":"Le Blog Moto se fiche pas mal des jumeaux de J-Lo. - leblogmoto.com","robots":{"index":"index","follow":"follow","max-snippet":"max-snippet:-1","max-image-preview":"max-image-preview:large","max-video-preview":"max-video-preview:-1"},"canonical":"https:\/\/blogs.thesocialmedia.com\/leblogmoto\/2008\/02\/24\/le-blog-moto\/","twitter_card":"summary_large_image","twitter_title":"Le Blog Moto se fiche pas mal des jumeaux de J-Lo. - leblogmoto.com","twitter_description":"Sauf quand \u00e7a nous autorise une petite digression, avec cet ancien portfolio de la belle sur un Vespa, la croupe en l&rsquo;air, en micro-short bleu, ou rouge, les gambettes harnach\u00e9es. C&rsquo;\u00e9tait il y a cinq ans, d\u00e9j\u00e0. Pour les fans absolus de Jennifer Lopez, Ebay vend un autographe de la belle sur ce scoot&lsquo;. Pour [&hellip;]","twitter_image":"http:\/\/www.leblogmoto.com\/images\/2008\/02\/24\/jlo5.jpg","twitter_misc":{"\u00c9crit par":"benoit rieu"},"schema":{"@context":"https:\/\/schema.org","@graph":[{"@type":"WebPage","@id":"https:\/\/blogs.thesocialmedia.com\/leblogmoto\/2008\/02\/24\/le-blog-moto\/","url":"https:\/\/blogs.thesocialmedia.com\/leblogmoto\/2008\/02\/24\/le-blog-moto\/","name":"Le Blog Moto se fiche pas mal des jumeaux de J-Lo. - leblogmoto.com","isPartOf":{"@id":"https:\/\/blogs.thesocialmedia.com\/leblogmoto\/#website"},"primaryImageOfPage":{"@id":"https:\/\/blogs.thesocialmedia.com\/leblogmoto\/2008\/02\/24\/le-blog-moto\/#primaryimage"},"image":{"@id":"https:\/\/blogs.thesocialmedia.com\/leblogmoto\/2008\/02\/24\/le-blog-moto\/#primaryimage"},"thumbnailUrl":"http:\/\/www.leblogmoto.com\/images\/2008\/02\/24\/jlo5.jpg","datePublished":"2008-02-24T23:50:43+00:00","dateModified":"2012-07-11T15:25:17+00:00","author":{"@id":"https:\/\/blogs.thesocialmedia.com\/leblogmoto\/#\/schema\/person\/18bfe773e5725ed6d24f743da805362a"},"breadcrumb":{"@id":"https:\/\/blogs.thesocialmedia.com\/leblogmoto\/2008\/02\/24\/le-blog-moto\/#breadcrumb"},"inLanguage":"fr-FR","potentialAction":[{"@type":"ReadAction","target":["https:\/\/blogs.thesocialmedia.com\/leblogmoto\/2008\/02\/24\/le-blog-moto\/"]}]},{"@type":"ImageObject","inLanguage":"fr-FR","@id":"https:\/\/blogs.thesocialmedia.com\/leblogmoto\/2008\/02\/24\/le-blog-moto\/#primaryimage","url":"http:\/\/www.leblogmoto.com\/images\/2008\/02\/24\/jlo5.jpg","contentUrl":"http:\/\/www.leblogmoto.com\/images\/2008\/02\/24\/jlo5.jpg"},{"@type":"BreadcrumbList","@id":"https:\/\/blogs.thesocialmedia.com\/leblogmoto\/2008\/02\/24\/le-blog-moto\/#breadcrumb","itemListElement":[{"@type":"ListItem","position":1,"name":"Accueil","item":"https:\/\/blogs.thesocialmedia.com\/leblogmoto\/"},{"@type":"ListItem","position":2,"name":"Le Blog Moto se fiche pas mal des jumeaux de J-Lo."}]},{"@type":"WebSite","@id":"https:\/\/blogs.thesocialmedia.com\/leblogmoto\/#website","url":"https:\/\/blogs.thesocialmedia.com\/leblogmoto\/","name":"leblogmoto","description":"Toute l&#039;actualit\u00e9 des 2 roues","potentialAction":[{"@type":"SearchAction","target":{"@type":"EntryPoint","urlTemplate":"https:\/\/blogs.thesocialmedia.com\/leblogmoto\/?s={search_term_string}"},"query-input":{"@type":"PropertyValueSpecification","valueRequired":true,"valueName":"search_term_string"}}],"inLanguage":"fr-FR"},{"@type":"Person","@id":"https:\/\/blogs.thesocialmedia.com\/leblogmoto\/#\/schema\/person\/18bfe773e5725ed6d24f743da805362a","name":"benoit rieu","image":{"@type":"ImageObject","inLanguage":"fr-FR","@id":"https:\/\/blogs.thesocialmedia.com\/leblogmoto\/#\/schema\/person\/image\/","url":"https:\/\/secure.gravatar.com\/avatar\/?s=96&d=mm&r=g","contentUrl":"https:\/\/secure.gravatar.com\/avatar\/?s=96&d=mm&r=g","caption":"benoit rieu"},"url":"https:\/\/blogs.thesocialmedia.com\/leblogmoto\/author\/benoit-rieu\/"}]}},"_links":{"self":[{"href":"https:\/\/blogs.thesocialmedia.com\/leblogmoto\/wp-json\/wp\/v2\/posts\/881","targetHints":{"allow":["GET"]}}],"collection":[{"href":"https:\/\/blogs.thesocialmedia.com\/leblogmoto\/wp-json\/wp\/v2\/posts"}],"about":[{"href":"https:\/\/blogs.thesocialmedia.com\/leblogmoto\/wp-json\/wp\/v2\/types\/post"}],"author":[{"embeddable":true,"href":"https:\/\/blogs.thesocialmedia.com\/leblogmoto\/wp-json\/wp\/v2\/users\/324"}],"replies":[{"embeddable":true,"href":"https:\/\/blogs.thesocialmedia.com\/leblogmoto\/wp-json\/wp\/v2\/comments?post=881"}],"version-history":[{"count":2,"href":"https:\/\/blogs.thesocialmedia.com\/leblogmoto\/wp-json\/wp\/v2\/posts\/881\/revisions"}],"predecessor-version":[{"id":10057,"href":"https:\/\/blogs.thesocialmedia.com\/leblogmoto\/wp-json\/wp\/v2\/posts\/881\/revisions\/10057"}],"wp:attachment":[{"href":"https:\/\/blogs.thesocialmedia.com\/leblogmoto\/wp-json\/wp\/v2\/media?parent=881"}],"wp:term":[{"taxonomy":"category","embeddable":true,"href":"https:\/\/blogs.thesocialmedia.com\/leblogmoto\/wp-json\/wp\/v2\/categories?post=881"},{"taxonomy":"post_tag","embeddable":true,"href":"https:\/\/blogs.thesocialmedia.com\/leblogmoto\/wp-json\/wp\/v2\/tags?post=881"}],"curies":[{"name":"wp","href":"https:\/\/api.w.org\/{rel}","templated":true}]}}