{"id":882,"date":"2008-02-24T23:47:04","date_gmt":"2008-02-24T23:47:04","guid":{"rendered":"http:\/\/blogs.thesocialmedia.com\/leblogmoto\/2008\/02\/24\/le-cuir-de-la-s-4\/"},"modified":"2012-07-11T15:25:04","modified_gmt":"2012-07-11T15:25:04","slug":"le-cuir-de-la-s-4","status":"publish","type":"post","link":"https:\/\/blogs.thesocialmedia.com\/leblogmoto\/2008\/02\/24\/le-cuir-de-la-s-4\/","title":{"rendered":"Le cuir de la semaine, le blouson Borgo Panigale."},"content":{"rendered":"<p><a href=\"http:\/\/blogs.thesocialmedia.com\/leblogmoto\/files\/2012\/07\/98280699_03g.jpg\"><img loading=\"lazy\" decoding=\"async\" width=\"470\" height=\"470\"  alt=\"98280699_03g\" src=\"http:\/\/www.leblogmoto.com\/images\/2008\/02\/20\/98280699_03g.jpg\" \/><\/a><\/p>\n<p>Il y en aura pour nous en vouloir de trop parler de la marque de Bologne actuellement, ce n&rsquo;est pourtant pas notre tort si Ducat&rsquo; fait parler d&rsquo;elle et qu&rsquo;elle le m\u00e9rite. De toute fa\u00e7on peut-on reprocher \u00e0 cette ancienne fabrique de composants radio d&rsquo;occuper l&rsquo;espace m\u00e9diatique ? De plus \u00e7a nous permet d&rsquo;insuffler un peu de vie dans cette cat\u00e9gorie comateuse du &quot;cuir de la semaine&quot;, la faute au r\u00e9dacteur de ces lignes. Qu&rsquo;importe, l&rsquo;objet en photo est vendu \u00e0 211 \u20ac au lieu de 250, sur le site de la marque. <\/p>\n<p>C&rsquo;est donc assez pour en faire <a href=\"http:\/\/www.ducati.com\/shop\/product.jsp?catid=cat610106&amp;prodid=prod430007\">un blouson de choix<\/a> pour la rubrique idoine. Pas aussi protecteur que votre cuir habituel mais de quoi retrouver avec ce blouson typ\u00e9 ann\u00e9es 50, l&rsquo;esprit des pionniers, les ann\u00e9es qui suivirent l&rsquo;invention du <em>Cucciolo<\/em> et qui virent la naissance des premi\u00e8res motos dignes de ce nom de la marque, une production sous la tutelle de l&rsquo;Etat italien apr\u00e8s la faillite et le d\u00e9part des fr\u00e8res Ducati.<\/p>\n<p><a href=\"http:\/\/clabedan.typepad.com\/.shared\/image.html?\/photos\/uncategorized\/2008\/02\/20\/98280699_01g.jpg\"><img loading=\"lazy\" decoding=\"async\" width=\"470\" height=\"470\"  alt=\"98280699_01g\" src=\"http:\/\/www.leblogmoto.com\/images\/2008\/02\/20\/98280699_01g.jpg\" \/><\/a> <\/p>\n<p><a href=\"http:\/\/blogs.thesocialmedia.com\/leblogmoto\/files\/2012\/07\/98280699_04g.jpg\"><img loading=\"lazy\" decoding=\"async\" width=\"470\" height=\"470\"  alt=\"98280699_04g\" src=\"http:\/\/www.leblogmoto.com\/images\/2008\/02\/20\/98280699_04g.jpg\" \/><\/a> <\/p>\n<p><a href=\"http:\/\/blogs.thesocialmedia.com\/leblogmoto\/files\/2012\/07\/98280699_02g.jpg\"><img loading=\"lazy\" decoding=\"async\" width=\"470\" height=\"470\"  alt=\"98280699_02g\" src=\"http:\/\/www.leblogmoto.com\/images\/2008\/02\/20\/98280699_02g.jpg\" \/><\/a> <\/p>\n","protected":false},"excerpt":{"rendered":"<p>Il y en aura pour nous en vouloir de trop parler de la marque de Bologne actuellement, ce n&rsquo;est pourtant pas notre tort si Ducat&rsquo; fait parler d&rsquo;elle et qu&rsquo;elle le m\u00e9rite. De toute fa\u00e7on peut-on reprocher \u00e0 cette ancienne fabrique de composants radio d&rsquo;occuper l&rsquo;espace m\u00e9diatique ? De plus \u00e7a nous permet d&rsquo;insuffler un [&hellip;]<\/p>\n","protected":false},"author":324,"featured_media":0,"comment_status":"open","ping_status":"open","sticky":false,"template":"","format":"standard","meta":{"footnotes":""},"categories":[8,41],"tags":[],"class_list":["post-882","post","type-post","status-publish","format-standard","hentry","category-chaines-et-cuirs","category-ducati"],"yoast_head":"<!-- This site is optimized with the Yoast SEO plugin v26.0 - https:\/\/yoast.com\/wordpress\/plugins\/seo\/ -->\n<title>Le cuir de la semaine, le blouson Borgo Panigale. - leblogmoto.com<\/title>\n<meta name=\"robots\" content=\"index, follow, max-snippet:-1, max-image-preview:large, max-video-preview:-1\" \/>\n<link rel=\"canonical\" href=\"https:\/\/blogs.thesocialmedia.com\/leblogmoto\/2008\/02\/24\/le-cuir-de-la-s-4\/\" \/>\n<meta name=\"twitter:card\" content=\"summary_large_image\" \/>\n<meta name=\"twitter:title\" content=\"Le cuir de la semaine, le blouson Borgo Panigale. - leblogmoto.com\" \/>\n<meta name=\"twitter:description\" content=\"Il y en aura pour nous en vouloir de trop parler de la marque de Bologne actuellement, ce n&rsquo;est pourtant pas notre tort si Ducat&rsquo; fait parler d&rsquo;elle et qu&rsquo;elle le m\u00e9rite. De toute fa\u00e7on peut-on reprocher \u00e0 cette ancienne fabrique de composants radio d&rsquo;occuper l&rsquo;espace m\u00e9diatique ? De plus \u00e7a nous permet d&rsquo;insuffler un [&hellip;]\" \/>\n<meta name=\"twitter:image\" content=\"http:\/\/www.leblogmoto.com\/images\/2008\/02\/20\/98280699_03g.jpg\" \/>\n<meta name=\"twitter:label1\" content=\"\u00c9crit par\" \/>\n\t<meta name=\"twitter:data1\" content=\"benoit rieu\" \/>\n\t<meta name=\"twitter:label2\" content=\"Dur\u00e9e de lecture estim\u00e9e\" \/>\n\t<meta name=\"twitter:data2\" content=\"1 minute\" \/>\n<script type=\"application\/ld+json\" class=\"yoast-schema-graph\">{\"@context\":\"https:\/\/schema.org\",\"@graph\":[{\"@type\":\"WebPage\",\"@id\":\"https:\/\/blogs.thesocialmedia.com\/leblogmoto\/2008\/02\/24\/le-cuir-de-la-s-4\/\",\"url\":\"https:\/\/blogs.thesocialmedia.com\/leblogmoto\/2008\/02\/24\/le-cuir-de-la-s-4\/\",\"name\":\"Le cuir de la semaine, le blouson Borgo Panigale. - leblogmoto.com\",\"isPartOf\":{\"@id\":\"https:\/\/blogs.thesocialmedia.com\/leblogmoto\/#website\"},\"primaryImageOfPage\":{\"@id\":\"https:\/\/blogs.thesocialmedia.com\/leblogmoto\/2008\/02\/24\/le-cuir-de-la-s-4\/#primaryimage\"},\"image\":{\"@id\":\"https:\/\/blogs.thesocialmedia.com\/leblogmoto\/2008\/02\/24\/le-cuir-de-la-s-4\/#primaryimage\"},\"thumbnailUrl\":\"http:\/\/www.leblogmoto.com\/images\/2008\/02\/20\/98280699_03g.jpg\",\"datePublished\":\"2008-02-24T23:47:04+00:00\",\"dateModified\":\"2012-07-11T15:25:04+00:00\",\"author\":{\"@id\":\"https:\/\/blogs.thesocialmedia.com\/leblogmoto\/#\/schema\/person\/18bfe773e5725ed6d24f743da805362a\"},\"breadcrumb\":{\"@id\":\"https:\/\/blogs.thesocialmedia.com\/leblogmoto\/2008\/02\/24\/le-cuir-de-la-s-4\/#breadcrumb\"},\"inLanguage\":\"fr-FR\",\"potentialAction\":[{\"@type\":\"ReadAction\",\"target\":[\"https:\/\/blogs.thesocialmedia.com\/leblogmoto\/2008\/02\/24\/le-cuir-de-la-s-4\/\"]}]},{\"@type\":\"ImageObject\",\"inLanguage\":\"fr-FR\",\"@id\":\"https:\/\/blogs.thesocialmedia.com\/leblogmoto\/2008\/02\/24\/le-cuir-de-la-s-4\/#primaryimage\",\"url\":\"http:\/\/www.leblogmoto.com\/images\/2008\/02\/20\/98280699_03g.jpg\",\"contentUrl\":\"http:\/\/www.leblogmoto.com\/images\/2008\/02\/20\/98280699_03g.jpg\"},{\"@type\":\"BreadcrumbList\",\"@id\":\"https:\/\/blogs.thesocialmedia.com\/leblogmoto\/2008\/02\/24\/le-cuir-de-la-s-4\/#breadcrumb\",\"itemListElement\":[{\"@type\":\"ListItem\",\"position\":1,\"name\":\"Accueil\",\"item\":\"https:\/\/blogs.thesocialmedia.com\/leblogmoto\/\"},{\"@type\":\"ListItem\",\"position\":2,\"name\":\"Le cuir de la semaine, le blouson Borgo Panigale.\"}]},{\"@type\":\"WebSite\",\"@id\":\"https:\/\/blogs.thesocialmedia.com\/leblogmoto\/#website\",\"url\":\"https:\/\/blogs.thesocialmedia.com\/leblogmoto\/\",\"name\":\"leblogmoto\",\"description\":\"Toute l&#039;actualit\u00e9 des 2 roues\",\"potentialAction\":[{\"@type\":\"SearchAction\",\"target\":{\"@type\":\"EntryPoint\",\"urlTemplate\":\"https:\/\/blogs.thesocialmedia.com\/leblogmoto\/?s={search_term_string}\"},\"query-input\":{\"@type\":\"PropertyValueSpecification\",\"valueRequired\":true,\"valueName\":\"search_term_string\"}}],\"inLanguage\":\"fr-FR\"},{\"@type\":\"Person\",\"@id\":\"https:\/\/blogs.thesocialmedia.com\/leblogmoto\/#\/schema\/person\/18bfe773e5725ed6d24f743da805362a\",\"name\":\"benoit rieu\",\"image\":{\"@type\":\"ImageObject\",\"inLanguage\":\"fr-FR\",\"@id\":\"https:\/\/blogs.thesocialmedia.com\/leblogmoto\/#\/schema\/person\/image\/\",\"url\":\"https:\/\/secure.gravatar.com\/avatar\/?s=96&d=mm&r=g\",\"contentUrl\":\"https:\/\/secure.gravatar.com\/avatar\/?s=96&d=mm&r=g\",\"caption\":\"benoit rieu\"},\"url\":\"https:\/\/blogs.thesocialmedia.com\/leblogmoto\/author\/benoit-rieu\/\"}]}<\/script>\n<!-- \/ Yoast SEO plugin. -->","yoast_head_json":{"title":"Le cuir de la semaine, le blouson Borgo Panigale. - leblogmoto.com","robots":{"index":"index","follow":"follow","max-snippet":"max-snippet:-1","max-image-preview":"max-image-preview:large","max-video-preview":"max-video-preview:-1"},"canonical":"https:\/\/blogs.thesocialmedia.com\/leblogmoto\/2008\/02\/24\/le-cuir-de-la-s-4\/","twitter_card":"summary_large_image","twitter_title":"Le cuir de la semaine, le blouson Borgo Panigale. - leblogmoto.com","twitter_description":"Il y en aura pour nous en vouloir de trop parler de la marque de Bologne actuellement, ce n&rsquo;est pourtant pas notre tort si Ducat&rsquo; fait parler d&rsquo;elle et qu&rsquo;elle le m\u00e9rite. De toute fa\u00e7on peut-on reprocher \u00e0 cette ancienne fabrique de composants radio d&rsquo;occuper l&rsquo;espace m\u00e9diatique ? De plus \u00e7a nous permet d&rsquo;insuffler un [&hellip;]","twitter_image":"http:\/\/www.leblogmoto.com\/images\/2008\/02\/20\/98280699_03g.jpg","twitter_misc":{"\u00c9crit par":"benoit rieu","Dur\u00e9e de lecture estim\u00e9e":"1 minute"},"schema":{"@context":"https:\/\/schema.org","@graph":[{"@type":"WebPage","@id":"https:\/\/blogs.thesocialmedia.com\/leblogmoto\/2008\/02\/24\/le-cuir-de-la-s-4\/","url":"https:\/\/blogs.thesocialmedia.com\/leblogmoto\/2008\/02\/24\/le-cuir-de-la-s-4\/","name":"Le cuir de la semaine, le blouson Borgo Panigale. - leblogmoto.com","isPartOf":{"@id":"https:\/\/blogs.thesocialmedia.com\/leblogmoto\/#website"},"primaryImageOfPage":{"@id":"https:\/\/blogs.thesocialmedia.com\/leblogmoto\/2008\/02\/24\/le-cuir-de-la-s-4\/#primaryimage"},"image":{"@id":"https:\/\/blogs.thesocialmedia.com\/leblogmoto\/2008\/02\/24\/le-cuir-de-la-s-4\/#primaryimage"},"thumbnailUrl":"http:\/\/www.leblogmoto.com\/images\/2008\/02\/20\/98280699_03g.jpg","datePublished":"2008-02-24T23:47:04+00:00","dateModified":"2012-07-11T15:25:04+00:00","author":{"@id":"https:\/\/blogs.thesocialmedia.com\/leblogmoto\/#\/schema\/person\/18bfe773e5725ed6d24f743da805362a"},"breadcrumb":{"@id":"https:\/\/blogs.thesocialmedia.com\/leblogmoto\/2008\/02\/24\/le-cuir-de-la-s-4\/#breadcrumb"},"inLanguage":"fr-FR","potentialAction":[{"@type":"ReadAction","target":["https:\/\/blogs.thesocialmedia.com\/leblogmoto\/2008\/02\/24\/le-cuir-de-la-s-4\/"]}]},{"@type":"ImageObject","inLanguage":"fr-FR","@id":"https:\/\/blogs.thesocialmedia.com\/leblogmoto\/2008\/02\/24\/le-cuir-de-la-s-4\/#primaryimage","url":"http:\/\/www.leblogmoto.com\/images\/2008\/02\/20\/98280699_03g.jpg","contentUrl":"http:\/\/www.leblogmoto.com\/images\/2008\/02\/20\/98280699_03g.jpg"},{"@type":"BreadcrumbList","@id":"https:\/\/blogs.thesocialmedia.com\/leblogmoto\/2008\/02\/24\/le-cuir-de-la-s-4\/#breadcrumb","itemListElement":[{"@type":"ListItem","position":1,"name":"Accueil","item":"https:\/\/blogs.thesocialmedia.com\/leblogmoto\/"},{"@type":"ListItem","position":2,"name":"Le cuir de la semaine, le blouson Borgo Panigale."}]},{"@type":"WebSite","@id":"https:\/\/blogs.thesocialmedia.com\/leblogmoto\/#website","url":"https:\/\/blogs.thesocialmedia.com\/leblogmoto\/","name":"leblogmoto","description":"Toute l&#039;actualit\u00e9 des 2 roues","potentialAction":[{"@type":"SearchAction","target":{"@type":"EntryPoint","urlTemplate":"https:\/\/blogs.thesocialmedia.com\/leblogmoto\/?s={search_term_string}"},"query-input":{"@type":"PropertyValueSpecification","valueRequired":true,"valueName":"search_term_string"}}],"inLanguage":"fr-FR"},{"@type":"Person","@id":"https:\/\/blogs.thesocialmedia.com\/leblogmoto\/#\/schema\/person\/18bfe773e5725ed6d24f743da805362a","name":"benoit rieu","image":{"@type":"ImageObject","inLanguage":"fr-FR","@id":"https:\/\/blogs.thesocialmedia.com\/leblogmoto\/#\/schema\/person\/image\/","url":"https:\/\/secure.gravatar.com\/avatar\/?s=96&d=mm&r=g","contentUrl":"https:\/\/secure.gravatar.com\/avatar\/?s=96&d=mm&r=g","caption":"benoit rieu"},"url":"https:\/\/blogs.thesocialmedia.com\/leblogmoto\/author\/benoit-rieu\/"}]}},"_links":{"self":[{"href":"https:\/\/blogs.thesocialmedia.com\/leblogmoto\/wp-json\/wp\/v2\/posts\/882","targetHints":{"allow":["GET"]}}],"collection":[{"href":"https:\/\/blogs.thesocialmedia.com\/leblogmoto\/wp-json\/wp\/v2\/posts"}],"about":[{"href":"https:\/\/blogs.thesocialmedia.com\/leblogmoto\/wp-json\/wp\/v2\/types\/post"}],"author":[{"embeddable":true,"href":"https:\/\/blogs.thesocialmedia.com\/leblogmoto\/wp-json\/wp\/v2\/users\/324"}],"replies":[{"embeddable":true,"href":"https:\/\/blogs.thesocialmedia.com\/leblogmoto\/wp-json\/wp\/v2\/comments?post=882"}],"version-history":[{"count":2,"href":"https:\/\/blogs.thesocialmedia.com\/leblogmoto\/wp-json\/wp\/v2\/posts\/882\/revisions"}],"predecessor-version":[{"id":10051,"href":"https:\/\/blogs.thesocialmedia.com\/leblogmoto\/wp-json\/wp\/v2\/posts\/882\/revisions\/10051"}],"wp:attachment":[{"href":"https:\/\/blogs.thesocialmedia.com\/leblogmoto\/wp-json\/wp\/v2\/media?parent=882"}],"wp:term":[{"taxonomy":"category","embeddable":true,"href":"https:\/\/blogs.thesocialmedia.com\/leblogmoto\/wp-json\/wp\/v2\/categories?post=882"},{"taxonomy":"post_tag","embeddable":true,"href":"https:\/\/blogs.thesocialmedia.com\/leblogmoto\/wp-json\/wp\/v2\/tags?post=882"}],"curies":[{"name":"wp","href":"https:\/\/api.w.org\/{rel}","templated":true}]}}