{"id":885,"date":"2008-02-22T18:16:17","date_gmt":"2008-02-22T18:16:17","guid":{"rendered":"http:\/\/blogs.thesocialmedia.com\/leblogmoto\/2008\/02\/22\/akira-enfin-sur\/"},"modified":"2012-07-11T15:24:47","modified_gmt":"2012-07-11T15:24:47","slug":"akira-enfin-sur","status":"publish","type":"post","link":"https:\/\/blogs.thesocialmedia.com\/leblogmoto\/2008\/02\/22\/akira-enfin-sur\/","title":{"rendered":"Akira, enfin sur grand \u00e9cran"},"content":{"rendered":"<p><a href=\"http:\/\/blogs.thesocialmedia.com\/leblogmoto\/files\/2012\/07\/kaneda_bike.jpg\"><img loading=\"lazy\" decoding=\"async\" width=\"470\" height=\"352\"  src=\"http:\/\/www.leblogmoto.com\/images\/2008\/02\/22\/kaneda_bike.jpg\" alt=\"Kaneda_bike\" \/><\/a> <\/p>\n<p>Hollywood a la mani\u00e8re, mais parfois, il y a de quoi se gratter le coco. Ainsi, la Warner d\u00e9tenait les droits d&rsquo;adaptation d&rsquo;<a href=\"http:\/\/fr.wikipedia.org\/wiki\/Akira_(manga)\">Akira<\/a> depuis un bon bout de temps, sans jamais rien d\u00e9velopper, puis son option sur la s\u00e9rie expira.<br \/>Mais, effet de mode pour tout ce qui est b\u00e9d\u00e9 maintenant refaisant surface, Warner Bros, apr\u00e8s une surench\u00e8re entre studios, r\u00e9-acquit les droits \u00e0 gros prix, et se lance dans la production de deux (2) films bas\u00e9s sur la s\u00e9rie de <a href=\"http:\/\/fr.wikipedia.org\/wiki\/Katsuhiro_Otomo\">Katsuhiro Otomo<\/a>.<\/p>\n<p>Le premier de ces films devrait sortir sur les \u00e9crans du monde entier \u00e0 l&rsquo;\u00e9t\u00e9 2009, et sera mis en sc\u00e8ne par un nouveau venu, l&rsquo;Irlandais <a href=\"http:\/\/www.ruairirobinson.com\/main.htm\">Ruairi Robinson<\/a>, ce dernier n&rsquo;ayant que des courts m\u00e9trages \u00e0 son actif. Par contre, son court \u00abThe Silent City\u00bb, que l&rsquo;on peut voir <a href=\"http:\/\/www.ruairirobinson.com\/silentcity\/silentcity_small_h264.mov?http:\/\/www.ruairirobinson.com\/silentcity\/silentcity_small_h264.mov\">ici<\/a> est excellent. Esp\u00e9rons qu&rsquo;il puisse disposer d&rsquo;un minimum de libert\u00e9 sur ce tournage o\u00f9 les effets sp\u00e9ciaux risquent d&rsquo;\u00eatre l&rsquo;attraction num\u00e9ro deux.<br \/>Je dis num\u00e9ro deux parce que <a href=\"http:\/\/fr.wikipedia.org\/wiki\/Leonardo_DiCaprio\">Leonardo DiCaprio<\/a> en tant qu&rsquo;un des producteurs s&rsquo;est octroy\u00e9 le r\u00f4le principal, soit celui de Kan\u00e9da.<\/p>\n<p><a href=\"http:\/\/clabedan.typepad.com\/.shared\/image.html?\/photos\/uncategorized\/2008\/02\/22\/caprio_kaneda.jpg\"><img loading=\"lazy\" decoding=\"async\" width=\"470\" height=\"252\"  src=\"http:\/\/www.leblogmoto.com\/images\/2008\/02\/22\/caprio_kaneda.jpg\" alt=\"Caprio_kaneda\" \/><\/a> <\/p>\n<p>New Manhattan remplacera New Tokyo, et les allusions \u00e0 la culture nipponne risque de dispara\u00eetre, sauf, esp\u00e9rons-le, pour les motos, alors que le Japon a pr\u00e9sentement toute une culture du bobber, bien plus au diapason de la s\u00e9rie. On verra bien, surtout que Otomo est, pour l&rsquo;instant, cr\u00e9dit\u00e9 comme consultant.<\/p>\n<p><a href=\"http:\/\/blogs.thesocialmedia.com\/leblogmoto\/files\/2012\/07\/levitt_tetsuo.jpg\"><img loading=\"lazy\" decoding=\"async\" width=\"470\" height=\"244\"  src=\"http:\/\/www.leblogmoto.com\/images\/2008\/02\/22\/levitt_tetsuo.jpg\" alt=\"Levitt_tetsuo\" \/><\/a> <\/p>\n<p>Le seul autre nom attach\u00e9 \u00e0 la production est <a href=\"http:\/\/www.hitrecord.org\/\">Joseph Gordon-Levitt<\/a>, dans le r\u00f4le de Tetsuo. Moins connu en Europe, Gordon-Levitt a eu une importante carri\u00e8re au petit \u00e9cran, amorc\u00e9 d\u00e8s l&rsquo;\u00e2ge de 7 ans. Remarqu\u00e9 derni\u00e8rement dans le film \u00abMysterious skin\u00bb, sa carri\u00e8re au cin\u00e9ma semble prendre un \u00e9lan certain, puisqu\u2019outre sa participation \u00e0 Akira, il est \u00e9galement de la distribution d&rsquo;un autre \u00abblockbuster\u00bb, G.I. Joe.<\/p>\n<p><a href=\"http:\/\/clabedan.typepad.com\/.shared\/image.html?\/photos\/uncategorized\/2008\/02\/22\/showlarge.jpeg\"><img loading=\"lazy\" decoding=\"async\" width=\"470\" height=\"258\"  src=\"http:\/\/www.leblogmoto.com\/images\/2008\/02\/22\/showlarge.jpeg\" alt=\"Showlarge\" \/><\/a> <\/p>\n<p>Voil\u00e0 qu&rsquo;on verra enfin la fameuse <a href=\"http:\/\/negatendo.net\/kmc\/en_toys.htm\">moto de Kan\u00e9da<\/a> rouler sur grand \u00e9cran. Pas que les tentatives d&rsquo;\u00e9mulation ne soient d\u00e9j\u00e0 nombreuses, mais de la voir enfin au cin\u00e9ma est un souhait enfin exhauss\u00e9. Ne reste plus qu&rsquo;\u00e0 esp\u00e9rer que toute l&rsquo;affaire ne tourne pas \u00e0 la catastrophe, pas \u00e0 cause du talent impliqu\u00e9, sans reproche, mais des contraintes que l&rsquo;argent fait parfois peser sur ce type de projet.<\/p>\n<p><a href=\"http:\/\/clabedan.typepad.com\/.shared\/image.html?\/photos\/uncategorized\/2008\/02\/22\/kaneda.jpg\"><img loading=\"lazy\" decoding=\"async\" width=\"470\" height=\"312\"  src=\"http:\/\/www.leblogmoto.com\/images\/2008\/02\/22\/kaneda.jpg\" alt=\"Kaneda\" \/><\/a> <\/p>\n<p><a href=\"http:\/\/blogs.thesocialmedia.com\/leblogmoto\/files\/2012\/07\/akira_bike.jpg\"><img loading=\"lazy\" decoding=\"async\" width=\"470\" height=\"291\"  src=\"http:\/\/www.leblogmoto.com\/images\/2008\/02\/22\/akira_bike.jpg\" alt=\"Akira_bike\" \/><\/a> <\/p>\n<p><em>Source: <a href=\"http:\/\/www.variety.com\/article\/VR1117981194.html?categoryid=13&amp;cs=1\">Variety.com<\/a> <\/em><\/p>\n","protected":false},"excerpt":{"rendered":"<p>Hollywood a la mani\u00e8re, mais parfois, il y a de quoi se gratter le coco. Ainsi, la Warner d\u00e9tenait les droits d&rsquo;adaptation d&rsquo;Akira depuis un bon bout de temps, sans jamais rien d\u00e9velopper, puis son option sur la s\u00e9rie expira.Mais, effet de mode pour tout ce qui est b\u00e9d\u00e9 maintenant refaisant surface, Warner Bros, apr\u00e8s [&hellip;]<\/p>\n","protected":false},"author":325,"featured_media":0,"comment_status":"open","ping_status":"open","sticky":false,"template":"","format":"standard","meta":{"footnotes":""},"categories":[3,13,33],"tags":[],"class_list":["post-885","post","type-post","status-publish","format-standard","hentry","category-actualite","category-aventure","category-concept-bike"],"yoast_head":"<!-- This site is optimized with the Yoast SEO plugin v26.0 - https:\/\/yoast.com\/wordpress\/plugins\/seo\/ -->\n<title>Akira, enfin sur grand \u00e9cran - leblogmoto.com<\/title>\n<meta name=\"robots\" content=\"index, follow, max-snippet:-1, max-image-preview:large, max-video-preview:-1\" \/>\n<link rel=\"canonical\" href=\"https:\/\/blogs.thesocialmedia.com\/leblogmoto\/2008\/02\/22\/akira-enfin-sur\/\" \/>\n<meta name=\"twitter:card\" content=\"summary_large_image\" \/>\n<meta name=\"twitter:title\" content=\"Akira, enfin sur grand \u00e9cran - leblogmoto.com\" \/>\n<meta name=\"twitter:description\" content=\"Hollywood a la mani\u00e8re, mais parfois, il y a de quoi se gratter le coco. Ainsi, la Warner d\u00e9tenait les droits d&rsquo;adaptation d&rsquo;Akira depuis un bon bout de temps, sans jamais rien d\u00e9velopper, puis son option sur la s\u00e9rie expira.Mais, effet de mode pour tout ce qui est b\u00e9d\u00e9 maintenant refaisant surface, Warner Bros, apr\u00e8s [&hellip;]\" \/>\n<meta name=\"twitter:image\" content=\"http:\/\/www.leblogmoto.com\/images\/2008\/02\/22\/kaneda_bike.jpg\" \/>\n<meta name=\"twitter:label1\" content=\"\u00c9crit par\" \/>\n\t<meta name=\"twitter:data1\" content=\"jacques lesage\" \/>\n\t<meta name=\"twitter:label2\" content=\"Dur\u00e9e de lecture estim\u00e9e\" \/>\n\t<meta name=\"twitter:data2\" content=\"2 minutes\" \/>\n<script type=\"application\/ld+json\" class=\"yoast-schema-graph\">{\"@context\":\"https:\/\/schema.org\",\"@graph\":[{\"@type\":\"WebPage\",\"@id\":\"https:\/\/blogs.thesocialmedia.com\/leblogmoto\/2008\/02\/22\/akira-enfin-sur\/\",\"url\":\"https:\/\/blogs.thesocialmedia.com\/leblogmoto\/2008\/02\/22\/akira-enfin-sur\/\",\"name\":\"Akira, enfin sur grand \u00e9cran - leblogmoto.com\",\"isPartOf\":{\"@id\":\"https:\/\/blogs.thesocialmedia.com\/leblogmoto\/#website\"},\"primaryImageOfPage\":{\"@id\":\"https:\/\/blogs.thesocialmedia.com\/leblogmoto\/2008\/02\/22\/akira-enfin-sur\/#primaryimage\"},\"image\":{\"@id\":\"https:\/\/blogs.thesocialmedia.com\/leblogmoto\/2008\/02\/22\/akira-enfin-sur\/#primaryimage\"},\"thumbnailUrl\":\"http:\/\/www.leblogmoto.com\/images\/2008\/02\/22\/kaneda_bike.jpg\",\"datePublished\":\"2008-02-22T18:16:17+00:00\",\"dateModified\":\"2012-07-11T15:24:47+00:00\",\"author\":{\"@id\":\"https:\/\/blogs.thesocialmedia.com\/leblogmoto\/#\/schema\/person\/e82a0ca8a9a63d031586097a3ed58526\"},\"breadcrumb\":{\"@id\":\"https:\/\/blogs.thesocialmedia.com\/leblogmoto\/2008\/02\/22\/akira-enfin-sur\/#breadcrumb\"},\"inLanguage\":\"fr-FR\",\"potentialAction\":[{\"@type\":\"ReadAction\",\"target\":[\"https:\/\/blogs.thesocialmedia.com\/leblogmoto\/2008\/02\/22\/akira-enfin-sur\/\"]}]},{\"@type\":\"ImageObject\",\"inLanguage\":\"fr-FR\",\"@id\":\"https:\/\/blogs.thesocialmedia.com\/leblogmoto\/2008\/02\/22\/akira-enfin-sur\/#primaryimage\",\"url\":\"http:\/\/www.leblogmoto.com\/images\/2008\/02\/22\/kaneda_bike.jpg\",\"contentUrl\":\"http:\/\/www.leblogmoto.com\/images\/2008\/02\/22\/kaneda_bike.jpg\"},{\"@type\":\"BreadcrumbList\",\"@id\":\"https:\/\/blogs.thesocialmedia.com\/leblogmoto\/2008\/02\/22\/akira-enfin-sur\/#breadcrumb\",\"itemListElement\":[{\"@type\":\"ListItem\",\"position\":1,\"name\":\"Accueil\",\"item\":\"https:\/\/blogs.thesocialmedia.com\/leblogmoto\/\"},{\"@type\":\"ListItem\",\"position\":2,\"name\":\"Akira, enfin sur grand \u00e9cran\"}]},{\"@type\":\"WebSite\",\"@id\":\"https:\/\/blogs.thesocialmedia.com\/leblogmoto\/#website\",\"url\":\"https:\/\/blogs.thesocialmedia.com\/leblogmoto\/\",\"name\":\"leblogmoto\",\"description\":\"Toute l&#039;actualit\u00e9 des 2 roues\",\"potentialAction\":[{\"@type\":\"SearchAction\",\"target\":{\"@type\":\"EntryPoint\",\"urlTemplate\":\"https:\/\/blogs.thesocialmedia.com\/leblogmoto\/?s={search_term_string}\"},\"query-input\":{\"@type\":\"PropertyValueSpecification\",\"valueRequired\":true,\"valueName\":\"search_term_string\"}}],\"inLanguage\":\"fr-FR\"},{\"@type\":\"Person\",\"@id\":\"https:\/\/blogs.thesocialmedia.com\/leblogmoto\/#\/schema\/person\/e82a0ca8a9a63d031586097a3ed58526\",\"name\":\"jacques lesage\",\"image\":{\"@type\":\"ImageObject\",\"inLanguage\":\"fr-FR\",\"@id\":\"https:\/\/blogs.thesocialmedia.com\/leblogmoto\/#\/schema\/person\/image\/\",\"url\":\"https:\/\/secure.gravatar.com\/avatar\/?s=96&d=mm&r=g\",\"contentUrl\":\"https:\/\/secure.gravatar.com\/avatar\/?s=96&d=mm&r=g\",\"caption\":\"jacques lesage\"},\"url\":\"https:\/\/blogs.thesocialmedia.com\/leblogmoto\/author\/jacques-lesage\/\"}]}<\/script>\n<!-- \/ Yoast SEO plugin. -->","yoast_head_json":{"title":"Akira, enfin sur grand \u00e9cran - leblogmoto.com","robots":{"index":"index","follow":"follow","max-snippet":"max-snippet:-1","max-image-preview":"max-image-preview:large","max-video-preview":"max-video-preview:-1"},"canonical":"https:\/\/blogs.thesocialmedia.com\/leblogmoto\/2008\/02\/22\/akira-enfin-sur\/","twitter_card":"summary_large_image","twitter_title":"Akira, enfin sur grand \u00e9cran - leblogmoto.com","twitter_description":"Hollywood a la mani\u00e8re, mais parfois, il y a de quoi se gratter le coco. Ainsi, la Warner d\u00e9tenait les droits d&rsquo;adaptation d&rsquo;Akira depuis un bon bout de temps, sans jamais rien d\u00e9velopper, puis son option sur la s\u00e9rie expira.Mais, effet de mode pour tout ce qui est b\u00e9d\u00e9 maintenant refaisant surface, Warner Bros, apr\u00e8s [&hellip;]","twitter_image":"http:\/\/www.leblogmoto.com\/images\/2008\/02\/22\/kaneda_bike.jpg","twitter_misc":{"\u00c9crit par":"jacques lesage","Dur\u00e9e de lecture estim\u00e9e":"2 minutes"},"schema":{"@context":"https:\/\/schema.org","@graph":[{"@type":"WebPage","@id":"https:\/\/blogs.thesocialmedia.com\/leblogmoto\/2008\/02\/22\/akira-enfin-sur\/","url":"https:\/\/blogs.thesocialmedia.com\/leblogmoto\/2008\/02\/22\/akira-enfin-sur\/","name":"Akira, enfin sur grand \u00e9cran - leblogmoto.com","isPartOf":{"@id":"https:\/\/blogs.thesocialmedia.com\/leblogmoto\/#website"},"primaryImageOfPage":{"@id":"https:\/\/blogs.thesocialmedia.com\/leblogmoto\/2008\/02\/22\/akira-enfin-sur\/#primaryimage"},"image":{"@id":"https:\/\/blogs.thesocialmedia.com\/leblogmoto\/2008\/02\/22\/akira-enfin-sur\/#primaryimage"},"thumbnailUrl":"http:\/\/www.leblogmoto.com\/images\/2008\/02\/22\/kaneda_bike.jpg","datePublished":"2008-02-22T18:16:17+00:00","dateModified":"2012-07-11T15:24:47+00:00","author":{"@id":"https:\/\/blogs.thesocialmedia.com\/leblogmoto\/#\/schema\/person\/e82a0ca8a9a63d031586097a3ed58526"},"breadcrumb":{"@id":"https:\/\/blogs.thesocialmedia.com\/leblogmoto\/2008\/02\/22\/akira-enfin-sur\/#breadcrumb"},"inLanguage":"fr-FR","potentialAction":[{"@type":"ReadAction","target":["https:\/\/blogs.thesocialmedia.com\/leblogmoto\/2008\/02\/22\/akira-enfin-sur\/"]}]},{"@type":"ImageObject","inLanguage":"fr-FR","@id":"https:\/\/blogs.thesocialmedia.com\/leblogmoto\/2008\/02\/22\/akira-enfin-sur\/#primaryimage","url":"http:\/\/www.leblogmoto.com\/images\/2008\/02\/22\/kaneda_bike.jpg","contentUrl":"http:\/\/www.leblogmoto.com\/images\/2008\/02\/22\/kaneda_bike.jpg"},{"@type":"BreadcrumbList","@id":"https:\/\/blogs.thesocialmedia.com\/leblogmoto\/2008\/02\/22\/akira-enfin-sur\/#breadcrumb","itemListElement":[{"@type":"ListItem","position":1,"name":"Accueil","item":"https:\/\/blogs.thesocialmedia.com\/leblogmoto\/"},{"@type":"ListItem","position":2,"name":"Akira, enfin sur grand \u00e9cran"}]},{"@type":"WebSite","@id":"https:\/\/blogs.thesocialmedia.com\/leblogmoto\/#website","url":"https:\/\/blogs.thesocialmedia.com\/leblogmoto\/","name":"leblogmoto","description":"Toute l&#039;actualit\u00e9 des 2 roues","potentialAction":[{"@type":"SearchAction","target":{"@type":"EntryPoint","urlTemplate":"https:\/\/blogs.thesocialmedia.com\/leblogmoto\/?s={search_term_string}"},"query-input":{"@type":"PropertyValueSpecification","valueRequired":true,"valueName":"search_term_string"}}],"inLanguage":"fr-FR"},{"@type":"Person","@id":"https:\/\/blogs.thesocialmedia.com\/leblogmoto\/#\/schema\/person\/e82a0ca8a9a63d031586097a3ed58526","name":"jacques lesage","image":{"@type":"ImageObject","inLanguage":"fr-FR","@id":"https:\/\/blogs.thesocialmedia.com\/leblogmoto\/#\/schema\/person\/image\/","url":"https:\/\/secure.gravatar.com\/avatar\/?s=96&d=mm&r=g","contentUrl":"https:\/\/secure.gravatar.com\/avatar\/?s=96&d=mm&r=g","caption":"jacques lesage"},"url":"https:\/\/blogs.thesocialmedia.com\/leblogmoto\/author\/jacques-lesage\/"}]}},"_links":{"self":[{"href":"https:\/\/blogs.thesocialmedia.com\/leblogmoto\/wp-json\/wp\/v2\/posts\/885","targetHints":{"allow":["GET"]}}],"collection":[{"href":"https:\/\/blogs.thesocialmedia.com\/leblogmoto\/wp-json\/wp\/v2\/posts"}],"about":[{"href":"https:\/\/blogs.thesocialmedia.com\/leblogmoto\/wp-json\/wp\/v2\/types\/post"}],"author":[{"embeddable":true,"href":"https:\/\/blogs.thesocialmedia.com\/leblogmoto\/wp-json\/wp\/v2\/users\/325"}],"replies":[{"embeddable":true,"href":"https:\/\/blogs.thesocialmedia.com\/leblogmoto\/wp-json\/wp\/v2\/comments?post=885"}],"version-history":[{"count":2,"href":"https:\/\/blogs.thesocialmedia.com\/leblogmoto\/wp-json\/wp\/v2\/posts\/885\/revisions"}],"predecessor-version":[{"id":10041,"href":"https:\/\/blogs.thesocialmedia.com\/leblogmoto\/wp-json\/wp\/v2\/posts\/885\/revisions\/10041"}],"wp:attachment":[{"href":"https:\/\/blogs.thesocialmedia.com\/leblogmoto\/wp-json\/wp\/v2\/media?parent=885"}],"wp:term":[{"taxonomy":"category","embeddable":true,"href":"https:\/\/blogs.thesocialmedia.com\/leblogmoto\/wp-json\/wp\/v2\/categories?post=885"},{"taxonomy":"post_tag","embeddable":true,"href":"https:\/\/blogs.thesocialmedia.com\/leblogmoto\/wp-json\/wp\/v2\/tags?post=885"}],"curies":[{"name":"wp","href":"https:\/\/api.w.org\/{rel}","templated":true}]}}