{"id":888,"date":"2008-02-22T02:57:17","date_gmt":"2008-02-22T02:57:17","guid":{"rendered":"http:\/\/blogs.thesocialmedia.com\/leblogmoto\/2008\/02\/22\/album-du-vend-3-13\/"},"modified":"2012-07-11T15:24:37","modified_gmt":"2012-07-11T15:24:37","slug":"album-du-vend-3-13","status":"publish","type":"post","link":"https:\/\/blogs.thesocialmedia.com\/leblogmoto\/2008\/02\/22\/album-du-vend-3-13\/","title":{"rendered":"Album du vendredi, Vide poche pour un avenir meilleur"},"content":{"rendered":"<p><a href=\"http:\/\/blogs.thesocialmedia.com\/leblogmoto\/files\/2012\/07\/crack.jpg\"><img loading=\"lazy\" decoding=\"async\" width=\"470\" height=\"331\"  src=\"http:\/\/www.leblogmoto.com\/images\/2008\/02\/21\/crack.jpg\" alt=\"Crack\" \/><\/a> <\/p>\n<p>\u00c9clectisme ce vendredi est le mot cl\u00e9. J&rsquo;ai quand m\u00eame fait un effort pour tenter d&rsquo;y mettre un semblant de fil conducteur, m\u00eame s&rsquo;il se brise plus souvent que voulu. Mais maintenant que l&rsquo;on va peut-\u00eatre avoir ce <a href=\"http:\/\/www.science.gouv.fr\/index.php?qcms=article,view,2782,archives,159\">caoutchouc aux propri\u00e9t\u00e9s autocicatrisantes<\/a>, qu&rsquo;importe la brisure tant qu&rsquo;elle se recolle d&rsquo;elle-m\u00eame.<\/p>\n<p><a href=\"http:\/\/clabedan.typepad.com\/.shared\/image.html?\/photos\/uncategorized\/2008\/02\/21\/motosv.jpg\"><img loading=\"lazy\" decoding=\"async\" width=\"470\" height=\"322\"  src=\"http:\/\/www.leblogmoto.com\/images\/2008\/02\/21\/motosv.jpg\" alt=\"Motosv\" \/><\/a> <\/p>\n<p>Aujourd&rsquo;hui s&rsquo;amorce le <a href=\"http:\/\/www.salonmotomontreal.com\/\">Salon de la Moto de Montr\u00e9al<\/a>. J&rsquo;y serai bien \u00e9videmment, alors on s&rsquo;en reparle dans les prochains jours.<\/p>\n<p><a href=\"http:\/\/clabedan.typepad.com\/.shared\/image.html?\/photos\/uncategorized\/2008\/02\/21\/bikepile.jpg\"><img loading=\"lazy\" decoding=\"async\" width=\"470\" height=\"347\"  src=\"http:\/\/www.leblogmoto.com\/images\/2008\/02\/21\/bikepile.jpg\" alt=\"Bikepile\" \/><\/a> <\/p>\n<p><a href=\"http:\/\/blogs.thesocialmedia.com\/leblogmoto\/files\/2012\/07\/34.jpg\"><img loading=\"lazy\" decoding=\"async\" width=\"470\" height=\"319\"  src=\"http:\/\/www.leblogmoto.com\/images\/2008\/02\/21\/34.jpg\" alt=\"34\" \/><\/a> <\/p>\n<p><a href=\"http:\/\/blogs.thesocialmedia.com\/leblogmoto\/files\/2012\/07\/212.jpg\"><img loading=\"lazy\" decoding=\"async\" width=\"470\" height=\"279\"  src=\"http:\/\/www.leblogmoto.com\/images\/2008\/02\/21\/212.jpg\" alt=\"212\" \/><\/a> <\/p>\n<p><a href=\"http:\/\/blogs.thesocialmedia.com\/leblogmoto\/files\/2012\/07\/armed.jpg\"><img loading=\"lazy\" decoding=\"async\" width=\"470\" height=\"322\"  src=\"http:\/\/www.leblogmoto.com\/images\/2008\/02\/21\/armed.jpg\" alt=\"Armed\" \/><\/a> <\/p>\n<p><a href=\"http:\/\/clabedan.typepad.com\/.shared\/image.html?\/photos\/uncategorized\/2008\/02\/21\/bilde.jpeg\"><img loading=\"lazy\" decoding=\"async\" width=\"470\" height=\"312\"  src=\"http:\/\/www.leblogmoto.com\/images\/2008\/02\/21\/bilde.jpeg\" alt=\"Bilde\" \/><\/a> <\/p>\n<p><a href=\"http:\/\/blogs.thesocialmedia.com\/leblogmoto\/files\/2012\/07\/748.jpg\"><img loading=\"lazy\" decoding=\"async\" width=\"470\" height=\"352\"  src=\"http:\/\/www.leblogmoto.com\/images\/2008\/02\/21\/748.jpg\" alt=\"748\" \/><\/a> <\/p>\n<p><a href=\"http:\/\/blogs.thesocialmedia.com\/leblogmoto\/files\/2012\/07\/hayabusa1.jpg\"><img loading=\"lazy\" decoding=\"async\" width=\"470\" height=\"451\"  src=\"http:\/\/www.leblogmoto.com\/images\/2008\/02\/21\/hayabusa.jpg\" alt=\"Hayabusa\" \/><\/a> <\/p>\n<p><a href=\"http:\/\/blogs.thesocialmedia.com\/leblogmoto\/files\/2012\/07\/master.jpg\"><img loading=\"lazy\" decoding=\"async\" width=\"470\" height=\"569\"  src=\"http:\/\/www.leblogmoto.com\/images\/2008\/02\/21\/master.jpg\" alt=\"Master\" \/><\/a> <\/p>\n<p><a href=\"http:\/\/blogs.thesocialmedia.com\/leblogmoto\/files\/2012\/07\/painted.jpg\"><img loading=\"lazy\" decoding=\"async\" width=\"470\" height=\"352\"  src=\"http:\/\/www.leblogmoto.com\/images\/2008\/02\/21\/painted.jpg\" alt=\"Painted\" \/><\/a> <\/p>\n<p><a href=\"http:\/\/blogs.thesocialmedia.com\/leblogmoto\/files\/2012\/07\/vw.jpg\"><img loading=\"lazy\" decoding=\"async\" width=\"470\" height=\"370\"  src=\"http:\/\/www.leblogmoto.com\/images\/2008\/02\/21\/vw.jpg\" alt=\"Vw\" \/><\/a> <\/p>\n","protected":false},"excerpt":{"rendered":"<p>\u00c9clectisme ce vendredi est le mot cl\u00e9. J&rsquo;ai quand m\u00eame fait un effort pour tenter d&rsquo;y mettre un semblant de fil conducteur, m\u00eame s&rsquo;il se brise plus souvent que voulu. Mais maintenant que l&rsquo;on va peut-\u00eatre avoir ce caoutchouc aux propri\u00e9t\u00e9s autocicatrisantes, qu&rsquo;importe la brisure tant qu&rsquo;elle se recolle d&rsquo;elle-m\u00eame. Aujourd&rsquo;hui s&rsquo;amorce le Salon de [&hellip;]<\/p>\n","protected":false},"author":325,"featured_media":0,"comment_status":"open","ping_status":"open","sticky":false,"template":"","format":"standard","meta":{"footnotes":""},"categories":[17],"tags":[],"class_list":["post-888","post","type-post","status-publish","format-standard","hentry","category-divers"],"yoast_head":"<!-- This site is optimized with the Yoast SEO plugin v26.0 - https:\/\/yoast.com\/wordpress\/plugins\/seo\/ -->\n<title>Album du vendredi, Vide poche pour un avenir meilleur - leblogmoto.com<\/title>\n<meta name=\"robots\" content=\"index, follow, max-snippet:-1, max-image-preview:large, max-video-preview:-1\" \/>\n<link rel=\"canonical\" href=\"https:\/\/blogs.thesocialmedia.com\/leblogmoto\/2008\/02\/22\/album-du-vend-3-13\/\" \/>\n<meta name=\"twitter:card\" content=\"summary_large_image\" \/>\n<meta name=\"twitter:title\" content=\"Album du vendredi, Vide poche pour un avenir meilleur - leblogmoto.com\" \/>\n<meta name=\"twitter:description\" content=\"\u00c9clectisme ce vendredi est le mot cl\u00e9. J&rsquo;ai quand m\u00eame fait un effort pour tenter d&rsquo;y mettre un semblant de fil conducteur, m\u00eame s&rsquo;il se brise plus souvent que voulu. Mais maintenant que l&rsquo;on va peut-\u00eatre avoir ce caoutchouc aux propri\u00e9t\u00e9s autocicatrisantes, qu&rsquo;importe la brisure tant qu&rsquo;elle se recolle d&rsquo;elle-m\u00eame. Aujourd&rsquo;hui s&rsquo;amorce le Salon de [&hellip;]\" \/>\n<meta name=\"twitter:image\" content=\"http:\/\/www.leblogmoto.com\/images\/2008\/02\/21\/crack.jpg\" \/>\n<meta name=\"twitter:label1\" content=\"\u00c9crit par\" \/>\n\t<meta name=\"twitter:data1\" content=\"jacques lesage\" \/>\n<script type=\"application\/ld+json\" class=\"yoast-schema-graph\">{\"@context\":\"https:\/\/schema.org\",\"@graph\":[{\"@type\":\"WebPage\",\"@id\":\"https:\/\/blogs.thesocialmedia.com\/leblogmoto\/2008\/02\/22\/album-du-vend-3-13\/\",\"url\":\"https:\/\/blogs.thesocialmedia.com\/leblogmoto\/2008\/02\/22\/album-du-vend-3-13\/\",\"name\":\"Album du vendredi, Vide poche pour un avenir meilleur - leblogmoto.com\",\"isPartOf\":{\"@id\":\"https:\/\/blogs.thesocialmedia.com\/leblogmoto\/#website\"},\"primaryImageOfPage\":{\"@id\":\"https:\/\/blogs.thesocialmedia.com\/leblogmoto\/2008\/02\/22\/album-du-vend-3-13\/#primaryimage\"},\"image\":{\"@id\":\"https:\/\/blogs.thesocialmedia.com\/leblogmoto\/2008\/02\/22\/album-du-vend-3-13\/#primaryimage\"},\"thumbnailUrl\":\"http:\/\/www.leblogmoto.com\/images\/2008\/02\/21\/crack.jpg\",\"datePublished\":\"2008-02-22T02:57:17+00:00\",\"dateModified\":\"2012-07-11T15:24:37+00:00\",\"author\":{\"@id\":\"https:\/\/blogs.thesocialmedia.com\/leblogmoto\/#\/schema\/person\/e82a0ca8a9a63d031586097a3ed58526\"},\"breadcrumb\":{\"@id\":\"https:\/\/blogs.thesocialmedia.com\/leblogmoto\/2008\/02\/22\/album-du-vend-3-13\/#breadcrumb\"},\"inLanguage\":\"fr-FR\",\"potentialAction\":[{\"@type\":\"ReadAction\",\"target\":[\"https:\/\/blogs.thesocialmedia.com\/leblogmoto\/2008\/02\/22\/album-du-vend-3-13\/\"]}]},{\"@type\":\"ImageObject\",\"inLanguage\":\"fr-FR\",\"@id\":\"https:\/\/blogs.thesocialmedia.com\/leblogmoto\/2008\/02\/22\/album-du-vend-3-13\/#primaryimage\",\"url\":\"http:\/\/www.leblogmoto.com\/images\/2008\/02\/21\/crack.jpg\",\"contentUrl\":\"http:\/\/www.leblogmoto.com\/images\/2008\/02\/21\/crack.jpg\"},{\"@type\":\"BreadcrumbList\",\"@id\":\"https:\/\/blogs.thesocialmedia.com\/leblogmoto\/2008\/02\/22\/album-du-vend-3-13\/#breadcrumb\",\"itemListElement\":[{\"@type\":\"ListItem\",\"position\":1,\"name\":\"Accueil\",\"item\":\"https:\/\/blogs.thesocialmedia.com\/leblogmoto\/\"},{\"@type\":\"ListItem\",\"position\":2,\"name\":\"Album du vendredi, Vide poche pour un avenir meilleur\"}]},{\"@type\":\"WebSite\",\"@id\":\"https:\/\/blogs.thesocialmedia.com\/leblogmoto\/#website\",\"url\":\"https:\/\/blogs.thesocialmedia.com\/leblogmoto\/\",\"name\":\"leblogmoto\",\"description\":\"Toute l&#039;actualit\u00e9 des 2 roues\",\"potentialAction\":[{\"@type\":\"SearchAction\",\"target\":{\"@type\":\"EntryPoint\",\"urlTemplate\":\"https:\/\/blogs.thesocialmedia.com\/leblogmoto\/?s={search_term_string}\"},\"query-input\":{\"@type\":\"PropertyValueSpecification\",\"valueRequired\":true,\"valueName\":\"search_term_string\"}}],\"inLanguage\":\"fr-FR\"},{\"@type\":\"Person\",\"@id\":\"https:\/\/blogs.thesocialmedia.com\/leblogmoto\/#\/schema\/person\/e82a0ca8a9a63d031586097a3ed58526\",\"name\":\"jacques lesage\",\"image\":{\"@type\":\"ImageObject\",\"inLanguage\":\"fr-FR\",\"@id\":\"https:\/\/blogs.thesocialmedia.com\/leblogmoto\/#\/schema\/person\/image\/\",\"url\":\"https:\/\/secure.gravatar.com\/avatar\/?s=96&d=mm&r=g\",\"contentUrl\":\"https:\/\/secure.gravatar.com\/avatar\/?s=96&d=mm&r=g\",\"caption\":\"jacques lesage\"},\"url\":\"https:\/\/blogs.thesocialmedia.com\/leblogmoto\/author\/jacques-lesage\/\"}]}<\/script>\n<!-- \/ Yoast SEO plugin. -->","yoast_head_json":{"title":"Album du vendredi, Vide poche pour un avenir meilleur - leblogmoto.com","robots":{"index":"index","follow":"follow","max-snippet":"max-snippet:-1","max-image-preview":"max-image-preview:large","max-video-preview":"max-video-preview:-1"},"canonical":"https:\/\/blogs.thesocialmedia.com\/leblogmoto\/2008\/02\/22\/album-du-vend-3-13\/","twitter_card":"summary_large_image","twitter_title":"Album du vendredi, Vide poche pour un avenir meilleur - leblogmoto.com","twitter_description":"\u00c9clectisme ce vendredi est le mot cl\u00e9. J&rsquo;ai quand m\u00eame fait un effort pour tenter d&rsquo;y mettre un semblant de fil conducteur, m\u00eame s&rsquo;il se brise plus souvent que voulu. Mais maintenant que l&rsquo;on va peut-\u00eatre avoir ce caoutchouc aux propri\u00e9t\u00e9s autocicatrisantes, qu&rsquo;importe la brisure tant qu&rsquo;elle se recolle d&rsquo;elle-m\u00eame. Aujourd&rsquo;hui s&rsquo;amorce le Salon de [&hellip;]","twitter_image":"http:\/\/www.leblogmoto.com\/images\/2008\/02\/21\/crack.jpg","twitter_misc":{"\u00c9crit par":"jacques lesage"},"schema":{"@context":"https:\/\/schema.org","@graph":[{"@type":"WebPage","@id":"https:\/\/blogs.thesocialmedia.com\/leblogmoto\/2008\/02\/22\/album-du-vend-3-13\/","url":"https:\/\/blogs.thesocialmedia.com\/leblogmoto\/2008\/02\/22\/album-du-vend-3-13\/","name":"Album du vendredi, Vide poche pour un avenir meilleur - leblogmoto.com","isPartOf":{"@id":"https:\/\/blogs.thesocialmedia.com\/leblogmoto\/#website"},"primaryImageOfPage":{"@id":"https:\/\/blogs.thesocialmedia.com\/leblogmoto\/2008\/02\/22\/album-du-vend-3-13\/#primaryimage"},"image":{"@id":"https:\/\/blogs.thesocialmedia.com\/leblogmoto\/2008\/02\/22\/album-du-vend-3-13\/#primaryimage"},"thumbnailUrl":"http:\/\/www.leblogmoto.com\/images\/2008\/02\/21\/crack.jpg","datePublished":"2008-02-22T02:57:17+00:00","dateModified":"2012-07-11T15:24:37+00:00","author":{"@id":"https:\/\/blogs.thesocialmedia.com\/leblogmoto\/#\/schema\/person\/e82a0ca8a9a63d031586097a3ed58526"},"breadcrumb":{"@id":"https:\/\/blogs.thesocialmedia.com\/leblogmoto\/2008\/02\/22\/album-du-vend-3-13\/#breadcrumb"},"inLanguage":"fr-FR","potentialAction":[{"@type":"ReadAction","target":["https:\/\/blogs.thesocialmedia.com\/leblogmoto\/2008\/02\/22\/album-du-vend-3-13\/"]}]},{"@type":"ImageObject","inLanguage":"fr-FR","@id":"https:\/\/blogs.thesocialmedia.com\/leblogmoto\/2008\/02\/22\/album-du-vend-3-13\/#primaryimage","url":"http:\/\/www.leblogmoto.com\/images\/2008\/02\/21\/crack.jpg","contentUrl":"http:\/\/www.leblogmoto.com\/images\/2008\/02\/21\/crack.jpg"},{"@type":"BreadcrumbList","@id":"https:\/\/blogs.thesocialmedia.com\/leblogmoto\/2008\/02\/22\/album-du-vend-3-13\/#breadcrumb","itemListElement":[{"@type":"ListItem","position":1,"name":"Accueil","item":"https:\/\/blogs.thesocialmedia.com\/leblogmoto\/"},{"@type":"ListItem","position":2,"name":"Album du vendredi, Vide poche pour un avenir meilleur"}]},{"@type":"WebSite","@id":"https:\/\/blogs.thesocialmedia.com\/leblogmoto\/#website","url":"https:\/\/blogs.thesocialmedia.com\/leblogmoto\/","name":"leblogmoto","description":"Toute l&#039;actualit\u00e9 des 2 roues","potentialAction":[{"@type":"SearchAction","target":{"@type":"EntryPoint","urlTemplate":"https:\/\/blogs.thesocialmedia.com\/leblogmoto\/?s={search_term_string}"},"query-input":{"@type":"PropertyValueSpecification","valueRequired":true,"valueName":"search_term_string"}}],"inLanguage":"fr-FR"},{"@type":"Person","@id":"https:\/\/blogs.thesocialmedia.com\/leblogmoto\/#\/schema\/person\/e82a0ca8a9a63d031586097a3ed58526","name":"jacques lesage","image":{"@type":"ImageObject","inLanguage":"fr-FR","@id":"https:\/\/blogs.thesocialmedia.com\/leblogmoto\/#\/schema\/person\/image\/","url":"https:\/\/secure.gravatar.com\/avatar\/?s=96&d=mm&r=g","contentUrl":"https:\/\/secure.gravatar.com\/avatar\/?s=96&d=mm&r=g","caption":"jacques lesage"},"url":"https:\/\/blogs.thesocialmedia.com\/leblogmoto\/author\/jacques-lesage\/"}]}},"_links":{"self":[{"href":"https:\/\/blogs.thesocialmedia.com\/leblogmoto\/wp-json\/wp\/v2\/posts\/888","targetHints":{"allow":["GET"]}}],"collection":[{"href":"https:\/\/blogs.thesocialmedia.com\/leblogmoto\/wp-json\/wp\/v2\/posts"}],"about":[{"href":"https:\/\/blogs.thesocialmedia.com\/leblogmoto\/wp-json\/wp\/v2\/types\/post"}],"author":[{"embeddable":true,"href":"https:\/\/blogs.thesocialmedia.com\/leblogmoto\/wp-json\/wp\/v2\/users\/325"}],"replies":[{"embeddable":true,"href":"https:\/\/blogs.thesocialmedia.com\/leblogmoto\/wp-json\/wp\/v2\/comments?post=888"}],"version-history":[{"count":2,"href":"https:\/\/blogs.thesocialmedia.com\/leblogmoto\/wp-json\/wp\/v2\/posts\/888\/revisions"}],"predecessor-version":[{"id":10033,"href":"https:\/\/blogs.thesocialmedia.com\/leblogmoto\/wp-json\/wp\/v2\/posts\/888\/revisions\/10033"}],"wp:attachment":[{"href":"https:\/\/blogs.thesocialmedia.com\/leblogmoto\/wp-json\/wp\/v2\/media?parent=888"}],"wp:term":[{"taxonomy":"category","embeddable":true,"href":"https:\/\/blogs.thesocialmedia.com\/leblogmoto\/wp-json\/wp\/v2\/categories?post=888"},{"taxonomy":"post_tag","embeddable":true,"href":"https:\/\/blogs.thesocialmedia.com\/leblogmoto\/wp-json\/wp\/v2\/tags?post=888"}],"curies":[{"name":"wp","href":"https:\/\/api.w.org\/{rel}","templated":true}]}}