{"id":890,"date":"2008-02-20T00:43:24","date_gmt":"2008-02-20T00:43:24","guid":{"rendered":"http:\/\/blogs.thesocialmedia.com\/leblogmoto\/2008\/02\/20\/le-team-serial\/"},"modified":"2012-07-11T15:24:02","modified_gmt":"2012-07-11T15:24:02","slug":"le-team-serial","status":"publish","type":"post","link":"https:\/\/blogs.thesocialmedia.com\/leblogmoto\/2008\/02\/20\/le-team-serial\/","title":{"rendered":"Vid\u00e9os du Team Serial Freestyler \u00e0 l&rsquo;entra\u00eenement"},"content":{"rendered":"<p><a href=\"http:\/\/blogs.thesocialmedia.com\/leblogmoto\/files\/2012\/07\/serial_freestyler.jpg\"><img loading=\"lazy\" decoding=\"async\" width=\"470\" height=\"334\"  src=\"http:\/\/www.leblogmoto.com\/images\/2008\/02\/19\/serial_freestyler.jpg\" alt=\"Serial_freestyler\" style=\"margin: 0px 5px 5px 0px;float: left\" \/><\/a> Premier sur le FMX, le blog moto \u00e9tait pour le premier entra\u00eenement de la saison 2008 du Team Serial Freestyler&#8230;<\/p>\n<p><a href=\"http:\/\/blogs.thesocialmedia.com\/leblogmoto\/files\/2012\/07\/serial_kit_deco.jpg\"><img loading=\"lazy\" decoding=\"async\" width=\"470\" height=\"352\"  alt=\"Serial_kit_deco\" src=\"http:\/\/www.leblogmoto.com\/images\/2008\/02\/19\/serial_kit_deco.jpg\" style=\"margin: 0px 5px 5px 0px;float: left\" \/><\/a><\/p>\n<p>Le spectacle offert aux chanceux spectateurs pr\u00e9sents sous le soleil \u00e9tait d&rsquo;une grande qualit\u00e9 et vraiment impressionnant, \u00e0 la hauteur de leur r\u00e9putation. <\/p>\n<p>Voil\u00e0 une compilation&nbsp; de quelques moments dans la journ\u00e9e. <\/p>\n<p><object width=\"455\" height=\"365\"><param value=\"http:\/\/www.youtube.com\/v\/C4enklqKHvI&amp;rel=1\" name=\"movie\" \/><param value=\"transparent\" name=\"wmode\" \/><embed width=\"455\" height=\"365\" type=\"application\/x-shockwave-flash\" src=\"http:\/\/www.youtube.com\/v\/C4enklqKHvI&amp;rel=1\"><\/embed><\/object> <object width=\"455\" height=\"365\"><param value=\"http:\/\/www.youtube.com\/v\/kOTy1IE-VZU\" name=\"movie\" \/>&nbsp;<embed width=\"455\" height=\"365\" type=\"application\/x-shockwave-flash\" src=\"http:\/\/www.youtube.com\/v\/kOTy1IE-VZU\"><\/embed>&nbsp;<\/object> <object width=\"455\" height=\"365\"><param name=\"movie\" value=\"http:\/\/www.youtube.com\/v\/sBV39JtLDHE\" \/>&nbsp;<embed width=\"455\" height=\"365\" src=\"http:\/\/www.youtube.com\/v\/sBV39JtLDHE\" type=\"application\/x-shockwave-flash\"><\/embed>&nbsp;<\/object> <\/p>\n<p>La premi\u00e8re &quot;cam\u00e9ra embarqu\u00e9e FMX du jour&quot; de 2008 est offerte par Petit Fred<\/p>\n<p><a href=\"http:\/\/blogs.thesocialmedia.com\/leblogmoto\/files\/2012\/07\/serial_freestyler_01.jpg\"><img loading=\"lazy\" decoding=\"async\" width=\"470\" height=\"343\"  src=\"http:\/\/www.leblogmoto.com\/images\/2008\/02\/19\/serial_freestyler_01.jpg\" alt=\"Serial_freestyler_01\" style=\"margin: 0px 5px 5px 0px;float: left\" \/><\/a> <object width=\"455\" height=\"365\"><param name=\"movie\" value=\"http:\/\/www.youtube.com\/v\/BSwdJst71_M\" \/>&nbsp;<embed width=\"455\" height=\"365\" src=\"http:\/\/www.youtube.com\/v\/BSwdJst71_M\" type=\"application\/x-shockwave-flash\"><\/embed>&nbsp;<\/object> <\/p>\n<p>Retrouvez plus de photos et d&rsquo;informations sur le site <a href=\"http:\/\/www.serialfreestyler.com\">Serial Freestyler<\/a><\/p>\n<p> <\/p>\n<div><object width=\"456\" height=\"387\"><param value=\"http:\/\/www.wat.tv\/swf2\/190892zCduGvP744339\" name=\"movie\" \/><param value=\"always\" name=\"allowScriptAccess\" \/><param value=\"true\" name=\"allowFullScreen\" \/><embed width=\"456\" height=\"387\" type=\"application\/x-shockwave-flash\" src=\"http:\/\/www.wat.tv\/swf2\/190892zCduGvP744339\"><\/embed><\/object><br \/><strong><a href=\"http:\/\/www.wat.tv\/video\/teaser-serial-fyc3_f5l2_.html\"><br \/><\/a><\/strong><em>&nbsp;<\/em><\/div>\n<p>A lire \u00e9galement:<\/p>\n<p><a href=\"http:\/\/www.leblogmoto.com\/2008\/01\/du-freestyle-mo.html\">Du Freestyle Motocross dans un centre commercial<\/a><\/p>\n<p><a href=\"http:\/\/www.leblogmoto.com\/2007\/11\/album-du-vend-2.html\">Les enfants d&rsquo;Evel Knievel<\/a><\/p>\n","protected":false},"excerpt":{"rendered":"<p>Premier sur le FMX, le blog moto \u00e9tait pour le premier entra\u00eenement de la saison 2008 du Team Serial Freestyler&#8230; Le spectacle offert aux chanceux spectateurs pr\u00e9sents sous le soleil \u00e9tait d&rsquo;une grande qualit\u00e9 et vraiment impressionnant, \u00e0 la hauteur de leur r\u00e9putation. Voil\u00e0 une compilation&nbsp; de quelques moments dans la journ\u00e9e. &nbsp;&nbsp; &nbsp;&nbsp; La [&hellip;]<\/p>\n","protected":false},"author":323,"featured_media":0,"comment_status":"open","ping_status":"open","sticky":false,"template":"","format":"standard","meta":{"footnotes":""},"categories":[16,58,32,12],"tags":[],"class_list":["post-890","post","type-post","status-publish","format-standard","hentry","category-art-moto","category-insolite","category-sport-moto","category-videos"],"yoast_head":"<!-- This site is optimized with the Yoast SEO plugin v26.0 - https:\/\/yoast.com\/wordpress\/plugins\/seo\/ -->\n<title>Vid\u00e9os du Team Serial Freestyler \u00e0 l&#039;entra\u00eenement - leblogmoto.com<\/title>\n<meta name=\"robots\" content=\"index, follow, max-snippet:-1, max-image-preview:large, max-video-preview:-1\" \/>\n<link rel=\"canonical\" href=\"https:\/\/blogs.thesocialmedia.com\/leblogmoto\/2008\/02\/20\/le-team-serial\/\" \/>\n<meta name=\"twitter:card\" content=\"summary_large_image\" \/>\n<meta name=\"twitter:title\" content=\"Vid\u00e9os du Team Serial Freestyler \u00e0 l&#039;entra\u00eenement - leblogmoto.com\" \/>\n<meta name=\"twitter:description\" content=\"Premier sur le FMX, le blog moto \u00e9tait pour le premier entra\u00eenement de la saison 2008 du Team Serial Freestyler&#8230; Le spectacle offert aux chanceux spectateurs pr\u00e9sents sous le soleil \u00e9tait d&rsquo;une grande qualit\u00e9 et vraiment impressionnant, \u00e0 la hauteur de leur r\u00e9putation. Voil\u00e0 une compilation&nbsp; de quelques moments dans la journ\u00e9e. &nbsp;&nbsp; &nbsp;&nbsp; La [&hellip;]\" \/>\n<meta name=\"twitter:image\" content=\"http:\/\/www.leblogmoto.com\/images\/2008\/02\/19\/serial_freestyler.jpg\" \/>\n<meta name=\"twitter:label1\" content=\"\u00c9crit par\" \/>\n\t<meta name=\"twitter:data1\" content=\"albin le guyader\" \/>\n\t<meta name=\"twitter:label2\" content=\"Dur\u00e9e de lecture estim\u00e9e\" \/>\n\t<meta name=\"twitter:data2\" content=\"1 minute\" \/>\n<script type=\"application\/ld+json\" class=\"yoast-schema-graph\">{\"@context\":\"https:\/\/schema.org\",\"@graph\":[{\"@type\":\"WebPage\",\"@id\":\"https:\/\/blogs.thesocialmedia.com\/leblogmoto\/2008\/02\/20\/le-team-serial\/\",\"url\":\"https:\/\/blogs.thesocialmedia.com\/leblogmoto\/2008\/02\/20\/le-team-serial\/\",\"name\":\"Vid\u00e9os du Team Serial Freestyler \u00e0 l'entra\u00eenement - leblogmoto.com\",\"isPartOf\":{\"@id\":\"https:\/\/blogs.thesocialmedia.com\/leblogmoto\/#website\"},\"primaryImageOfPage\":{\"@id\":\"https:\/\/blogs.thesocialmedia.com\/leblogmoto\/2008\/02\/20\/le-team-serial\/#primaryimage\"},\"image\":{\"@id\":\"https:\/\/blogs.thesocialmedia.com\/leblogmoto\/2008\/02\/20\/le-team-serial\/#primaryimage\"},\"thumbnailUrl\":\"http:\/\/www.leblogmoto.com\/images\/2008\/02\/19\/serial_freestyler.jpg\",\"datePublished\":\"2008-02-20T00:43:24+00:00\",\"dateModified\":\"2012-07-11T15:24:02+00:00\",\"author\":{\"@id\":\"https:\/\/blogs.thesocialmedia.com\/leblogmoto\/#\/schema\/person\/b496d27c898c29a39678e2425cafb9ae\"},\"breadcrumb\":{\"@id\":\"https:\/\/blogs.thesocialmedia.com\/leblogmoto\/2008\/02\/20\/le-team-serial\/#breadcrumb\"},\"inLanguage\":\"fr-FR\",\"potentialAction\":[{\"@type\":\"ReadAction\",\"target\":[\"https:\/\/blogs.thesocialmedia.com\/leblogmoto\/2008\/02\/20\/le-team-serial\/\"]}]},{\"@type\":\"ImageObject\",\"inLanguage\":\"fr-FR\",\"@id\":\"https:\/\/blogs.thesocialmedia.com\/leblogmoto\/2008\/02\/20\/le-team-serial\/#primaryimage\",\"url\":\"http:\/\/www.leblogmoto.com\/images\/2008\/02\/19\/serial_freestyler.jpg\",\"contentUrl\":\"http:\/\/www.leblogmoto.com\/images\/2008\/02\/19\/serial_freestyler.jpg\"},{\"@type\":\"BreadcrumbList\",\"@id\":\"https:\/\/blogs.thesocialmedia.com\/leblogmoto\/2008\/02\/20\/le-team-serial\/#breadcrumb\",\"itemListElement\":[{\"@type\":\"ListItem\",\"position\":1,\"name\":\"Accueil\",\"item\":\"https:\/\/blogs.thesocialmedia.com\/leblogmoto\/\"},{\"@type\":\"ListItem\",\"position\":2,\"name\":\"Vid\u00e9os du Team Serial Freestyler \u00e0 l&rsquo;entra\u00eenement\"}]},{\"@type\":\"WebSite\",\"@id\":\"https:\/\/blogs.thesocialmedia.com\/leblogmoto\/#website\",\"url\":\"https:\/\/blogs.thesocialmedia.com\/leblogmoto\/\",\"name\":\"leblogmoto\",\"description\":\"Toute l&#039;actualit\u00e9 des 2 roues\",\"potentialAction\":[{\"@type\":\"SearchAction\",\"target\":{\"@type\":\"EntryPoint\",\"urlTemplate\":\"https:\/\/blogs.thesocialmedia.com\/leblogmoto\/?s={search_term_string}\"},\"query-input\":{\"@type\":\"PropertyValueSpecification\",\"valueRequired\":true,\"valueName\":\"search_term_string\"}}],\"inLanguage\":\"fr-FR\"},{\"@type\":\"Person\",\"@id\":\"https:\/\/blogs.thesocialmedia.com\/leblogmoto\/#\/schema\/person\/b496d27c898c29a39678e2425cafb9ae\",\"name\":\"albin le guyader\",\"image\":{\"@type\":\"ImageObject\",\"inLanguage\":\"fr-FR\",\"@id\":\"https:\/\/blogs.thesocialmedia.com\/leblogmoto\/#\/schema\/person\/image\/\",\"url\":\"https:\/\/secure.gravatar.com\/avatar\/?s=96&d=mm&r=g\",\"contentUrl\":\"https:\/\/secure.gravatar.com\/avatar\/?s=96&d=mm&r=g\",\"caption\":\"albin le guyader\"},\"url\":\"https:\/\/blogs.thesocialmedia.com\/leblogmoto\/author\/albin-le-guyader\/\"}]}<\/script>\n<!-- \/ Yoast SEO plugin. -->","yoast_head_json":{"title":"Vid\u00e9os du Team Serial Freestyler \u00e0 l'entra\u00eenement - leblogmoto.com","robots":{"index":"index","follow":"follow","max-snippet":"max-snippet:-1","max-image-preview":"max-image-preview:large","max-video-preview":"max-video-preview:-1"},"canonical":"https:\/\/blogs.thesocialmedia.com\/leblogmoto\/2008\/02\/20\/le-team-serial\/","twitter_card":"summary_large_image","twitter_title":"Vid\u00e9os du Team Serial Freestyler \u00e0 l'entra\u00eenement - leblogmoto.com","twitter_description":"Premier sur le FMX, le blog moto \u00e9tait pour le premier entra\u00eenement de la saison 2008 du Team Serial Freestyler&#8230; Le spectacle offert aux chanceux spectateurs pr\u00e9sents sous le soleil \u00e9tait d&rsquo;une grande qualit\u00e9 et vraiment impressionnant, \u00e0 la hauteur de leur r\u00e9putation. Voil\u00e0 une compilation&nbsp; de quelques moments dans la journ\u00e9e. &nbsp;&nbsp; &nbsp;&nbsp; La [&hellip;]","twitter_image":"http:\/\/www.leblogmoto.com\/images\/2008\/02\/19\/serial_freestyler.jpg","twitter_misc":{"\u00c9crit par":"albin le guyader","Dur\u00e9e de lecture estim\u00e9e":"1 minute"},"schema":{"@context":"https:\/\/schema.org","@graph":[{"@type":"WebPage","@id":"https:\/\/blogs.thesocialmedia.com\/leblogmoto\/2008\/02\/20\/le-team-serial\/","url":"https:\/\/blogs.thesocialmedia.com\/leblogmoto\/2008\/02\/20\/le-team-serial\/","name":"Vid\u00e9os du Team Serial Freestyler \u00e0 l'entra\u00eenement - leblogmoto.com","isPartOf":{"@id":"https:\/\/blogs.thesocialmedia.com\/leblogmoto\/#website"},"primaryImageOfPage":{"@id":"https:\/\/blogs.thesocialmedia.com\/leblogmoto\/2008\/02\/20\/le-team-serial\/#primaryimage"},"image":{"@id":"https:\/\/blogs.thesocialmedia.com\/leblogmoto\/2008\/02\/20\/le-team-serial\/#primaryimage"},"thumbnailUrl":"http:\/\/www.leblogmoto.com\/images\/2008\/02\/19\/serial_freestyler.jpg","datePublished":"2008-02-20T00:43:24+00:00","dateModified":"2012-07-11T15:24:02+00:00","author":{"@id":"https:\/\/blogs.thesocialmedia.com\/leblogmoto\/#\/schema\/person\/b496d27c898c29a39678e2425cafb9ae"},"breadcrumb":{"@id":"https:\/\/blogs.thesocialmedia.com\/leblogmoto\/2008\/02\/20\/le-team-serial\/#breadcrumb"},"inLanguage":"fr-FR","potentialAction":[{"@type":"ReadAction","target":["https:\/\/blogs.thesocialmedia.com\/leblogmoto\/2008\/02\/20\/le-team-serial\/"]}]},{"@type":"ImageObject","inLanguage":"fr-FR","@id":"https:\/\/blogs.thesocialmedia.com\/leblogmoto\/2008\/02\/20\/le-team-serial\/#primaryimage","url":"http:\/\/www.leblogmoto.com\/images\/2008\/02\/19\/serial_freestyler.jpg","contentUrl":"http:\/\/www.leblogmoto.com\/images\/2008\/02\/19\/serial_freestyler.jpg"},{"@type":"BreadcrumbList","@id":"https:\/\/blogs.thesocialmedia.com\/leblogmoto\/2008\/02\/20\/le-team-serial\/#breadcrumb","itemListElement":[{"@type":"ListItem","position":1,"name":"Accueil","item":"https:\/\/blogs.thesocialmedia.com\/leblogmoto\/"},{"@type":"ListItem","position":2,"name":"Vid\u00e9os du Team Serial Freestyler \u00e0 l&rsquo;entra\u00eenement"}]},{"@type":"WebSite","@id":"https:\/\/blogs.thesocialmedia.com\/leblogmoto\/#website","url":"https:\/\/blogs.thesocialmedia.com\/leblogmoto\/","name":"leblogmoto","description":"Toute l&#039;actualit\u00e9 des 2 roues","potentialAction":[{"@type":"SearchAction","target":{"@type":"EntryPoint","urlTemplate":"https:\/\/blogs.thesocialmedia.com\/leblogmoto\/?s={search_term_string}"},"query-input":{"@type":"PropertyValueSpecification","valueRequired":true,"valueName":"search_term_string"}}],"inLanguage":"fr-FR"},{"@type":"Person","@id":"https:\/\/blogs.thesocialmedia.com\/leblogmoto\/#\/schema\/person\/b496d27c898c29a39678e2425cafb9ae","name":"albin le guyader","image":{"@type":"ImageObject","inLanguage":"fr-FR","@id":"https:\/\/blogs.thesocialmedia.com\/leblogmoto\/#\/schema\/person\/image\/","url":"https:\/\/secure.gravatar.com\/avatar\/?s=96&d=mm&r=g","contentUrl":"https:\/\/secure.gravatar.com\/avatar\/?s=96&d=mm&r=g","caption":"albin le guyader"},"url":"https:\/\/blogs.thesocialmedia.com\/leblogmoto\/author\/albin-le-guyader\/"}]}},"_links":{"self":[{"href":"https:\/\/blogs.thesocialmedia.com\/leblogmoto\/wp-json\/wp\/v2\/posts\/890","targetHints":{"allow":["GET"]}}],"collection":[{"href":"https:\/\/blogs.thesocialmedia.com\/leblogmoto\/wp-json\/wp\/v2\/posts"}],"about":[{"href":"https:\/\/blogs.thesocialmedia.com\/leblogmoto\/wp-json\/wp\/v2\/types\/post"}],"author":[{"embeddable":true,"href":"https:\/\/blogs.thesocialmedia.com\/leblogmoto\/wp-json\/wp\/v2\/users\/323"}],"replies":[{"embeddable":true,"href":"https:\/\/blogs.thesocialmedia.com\/leblogmoto\/wp-json\/wp\/v2\/comments?post=890"}],"version-history":[{"count":2,"href":"https:\/\/blogs.thesocialmedia.com\/leblogmoto\/wp-json\/wp\/v2\/posts\/890\/revisions"}],"predecessor-version":[{"id":10023,"href":"https:\/\/blogs.thesocialmedia.com\/leblogmoto\/wp-json\/wp\/v2\/posts\/890\/revisions\/10023"}],"wp:attachment":[{"href":"https:\/\/blogs.thesocialmedia.com\/leblogmoto\/wp-json\/wp\/v2\/media?parent=890"}],"wp:term":[{"taxonomy":"category","embeddable":true,"href":"https:\/\/blogs.thesocialmedia.com\/leblogmoto\/wp-json\/wp\/v2\/categories?post=890"},{"taxonomy":"post_tag","embeddable":true,"href":"https:\/\/blogs.thesocialmedia.com\/leblogmoto\/wp-json\/wp\/v2\/tags?post=890"}],"curies":[{"name":"wp","href":"https:\/\/api.w.org\/{rel}","templated":true}]}}