{"id":895,"date":"2008-02-18T23:35:53","date_gmt":"2008-02-18T23:35:53","guid":{"rendered":"http:\/\/blogs.thesocialmedia.com\/leblogmoto\/2008\/02\/18\/d\/"},"modified":"2012-07-11T15:23:09","modified_gmt":"2012-07-11T15:23:09","slug":"d","status":"publish","type":"post","link":"https:\/\/blogs.thesocialmedia.com\/leblogmoto\/2008\/02\/18\/d\/","title":{"rendered":"Photos et vid\u00e9o de la Ducati Desmosedici sur glace."},"content":{"rendered":"<p><a href=\"http:\/\/blogs.thesocialmedia.com\/leblogmoto\/files\/2012\/07\/desmo16_03_b.jpg\"><img loading=\"lazy\" decoding=\"async\" height=\"352\" alt=\"Desmo16_03_b\" src=\"http:\/\/www.leblogmoto.com\/images\/2008\/02\/18\/desmo16_03_b.jpg\" width=\"470\"  \/><\/a><\/p>\n<p>C&rsquo;\u00e9tait il y a un peu plus d&rsquo;un mois, Vittoriano Guareschi pilote essayeur de la marque courait quelques tours au guidon de la Desmosedici sur un lac gel\u00e9 lors du Wroom MotoGP Press Ski Meeting, grande messe m\u00e9diatique \u00e0 Madonna di Campiglio au cours de laquelle fut aussi d\u00e9voil\u00e9e la <a href=\"http:\/\/www.youtube.com\/watch?v=bM29uxevzOk&amp;feature=related\">GP8<\/a> par Casey Stoner et Marco Melandri. <\/p>\n<p>La Desmo qui nous int\u00e9resse \u00e9tait adapt\u00e9e \u00e0 l&rsquo;escapade sur glace, mont\u00e9e de pneus Bridgestone clout\u00e9s (ceux qui connaissent les Ice Road Racing nordiques et ont d\u00e9j\u00e0 vu l&rsquo;Enduro Blanc n&rsquo;en seront pas surpris) ainsi que de disques de frein en acier. Suivez son panache blanc sur ces photos et dans la &#8211; trop &#8211; courte vid\u00e9o de MCN.<\/p>\n<p><a href=\"http:\/\/clabedan.typepad.com\/.shared\/image.html?\/photos\/uncategorized\/2008\/02\/18\/desmo16_01_b.jpg\"><img loading=\"lazy\" decoding=\"async\" height=\"352\" alt=\"Desmo16_01_b\" src=\"http:\/\/www.leblogmoto.com\/images\/2008\/02\/18\/desmo16_01_b.jpg\" width=\"470\"  \/><\/a> <\/p>\n<p><a href=\"http:\/\/blogs.thesocialmedia.com\/leblogmoto\/files\/2012\/07\/desmo16_04_b.jpg\"><img loading=\"lazy\" decoding=\"async\" height=\"352\" alt=\"Desmo16_04_b\" src=\"http:\/\/www.leblogmoto.com\/images\/2008\/02\/18\/desmo16_04_b.jpg\" width=\"470\"  \/><\/a> <\/p>\n<p><a href=\"http:\/\/blogs.thesocialmedia.com\/leblogmoto\/files\/2012\/07\/desmo16_02_b.jpg\"><img loading=\"lazy\" decoding=\"async\" height=\"352\" alt=\"Desmo16_02_b\" src=\"http:\/\/www.leblogmoto.com\/images\/2008\/02\/18\/desmo16_02_b.jpg\" width=\"470\"  \/><\/a> <\/p>\n<p><embed src=\"http:\/\/www.youtube.com\/v\/iZ9M3P_P9_U&amp;rel=1\" width=\"425\" height=\"355\" type=\"application\/x-shockwave-flash\"><\/embed> <\/p>\n","protected":false},"excerpt":{"rendered":"<p>C&rsquo;\u00e9tait il y a un peu plus d&rsquo;un mois, Vittoriano Guareschi pilote essayeur de la marque courait quelques tours au guidon de la Desmosedici sur un lac gel\u00e9 lors du Wroom MotoGP Press Ski Meeting, grande messe m\u00e9diatique \u00e0 Madonna di Campiglio au cours de laquelle fut aussi d\u00e9voil\u00e9e la GP8 par Casey Stoner et [&hellip;]<\/p>\n","protected":false},"author":324,"featured_media":0,"comment_status":"open","ping_status":"open","sticky":false,"template":"","format":"standard","meta":{"footnotes":""},"categories":[41,58,10,22],"tags":[],"class_list":["post-895","post","type-post","status-publish","format-standard","hentry","category-ducati","category-insolite","category-meetings","category-motogp"],"yoast_head":"<!-- This site is optimized with the Yoast SEO plugin v26.0 - https:\/\/yoast.com\/wordpress\/plugins\/seo\/ -->\n<title>Photos et vid\u00e9o de la Ducati Desmosedici sur glace. - leblogmoto.com<\/title>\n<meta name=\"robots\" content=\"index, follow, max-snippet:-1, max-image-preview:large, max-video-preview:-1\" \/>\n<link rel=\"canonical\" href=\"https:\/\/blogs.thesocialmedia.com\/leblogmoto\/2008\/02\/18\/d\/\" \/>\n<meta name=\"twitter:card\" content=\"summary_large_image\" \/>\n<meta name=\"twitter:title\" content=\"Photos et vid\u00e9o de la Ducati Desmosedici sur glace. - leblogmoto.com\" \/>\n<meta name=\"twitter:description\" content=\"C&rsquo;\u00e9tait il y a un peu plus d&rsquo;un mois, Vittoriano Guareschi pilote essayeur de la marque courait quelques tours au guidon de la Desmosedici sur un lac gel\u00e9 lors du Wroom MotoGP Press Ski Meeting, grande messe m\u00e9diatique \u00e0 Madonna di Campiglio au cours de laquelle fut aussi d\u00e9voil\u00e9e la GP8 par Casey Stoner et [&hellip;]\" \/>\n<meta name=\"twitter:image\" content=\"http:\/\/www.leblogmoto.com\/images\/2008\/02\/18\/desmo16_03_b.jpg\" \/>\n<meta name=\"twitter:label1\" content=\"\u00c9crit par\" \/>\n\t<meta name=\"twitter:data1\" content=\"benoit rieu\" \/>\n\t<meta name=\"twitter:label2\" content=\"Dur\u00e9e de lecture estim\u00e9e\" \/>\n\t<meta name=\"twitter:data2\" content=\"1 minute\" \/>\n<script type=\"application\/ld+json\" class=\"yoast-schema-graph\">{\"@context\":\"https:\/\/schema.org\",\"@graph\":[{\"@type\":\"WebPage\",\"@id\":\"https:\/\/blogs.thesocialmedia.com\/leblogmoto\/2008\/02\/18\/d\/\",\"url\":\"https:\/\/blogs.thesocialmedia.com\/leblogmoto\/2008\/02\/18\/d\/\",\"name\":\"Photos et vid\u00e9o de la Ducati Desmosedici sur glace. - leblogmoto.com\",\"isPartOf\":{\"@id\":\"https:\/\/blogs.thesocialmedia.com\/leblogmoto\/#website\"},\"primaryImageOfPage\":{\"@id\":\"https:\/\/blogs.thesocialmedia.com\/leblogmoto\/2008\/02\/18\/d\/#primaryimage\"},\"image\":{\"@id\":\"https:\/\/blogs.thesocialmedia.com\/leblogmoto\/2008\/02\/18\/d\/#primaryimage\"},\"thumbnailUrl\":\"http:\/\/www.leblogmoto.com\/images\/2008\/02\/18\/desmo16_03_b.jpg\",\"datePublished\":\"2008-02-18T23:35:53+00:00\",\"dateModified\":\"2012-07-11T15:23:09+00:00\",\"author\":{\"@id\":\"https:\/\/blogs.thesocialmedia.com\/leblogmoto\/#\/schema\/person\/18bfe773e5725ed6d24f743da805362a\"},\"breadcrumb\":{\"@id\":\"https:\/\/blogs.thesocialmedia.com\/leblogmoto\/2008\/02\/18\/d\/#breadcrumb\"},\"inLanguage\":\"fr-FR\",\"potentialAction\":[{\"@type\":\"ReadAction\",\"target\":[\"https:\/\/blogs.thesocialmedia.com\/leblogmoto\/2008\/02\/18\/d\/\"]}]},{\"@type\":\"ImageObject\",\"inLanguage\":\"fr-FR\",\"@id\":\"https:\/\/blogs.thesocialmedia.com\/leblogmoto\/2008\/02\/18\/d\/#primaryimage\",\"url\":\"http:\/\/www.leblogmoto.com\/images\/2008\/02\/18\/desmo16_03_b.jpg\",\"contentUrl\":\"http:\/\/www.leblogmoto.com\/images\/2008\/02\/18\/desmo16_03_b.jpg\"},{\"@type\":\"BreadcrumbList\",\"@id\":\"https:\/\/blogs.thesocialmedia.com\/leblogmoto\/2008\/02\/18\/d\/#breadcrumb\",\"itemListElement\":[{\"@type\":\"ListItem\",\"position\":1,\"name\":\"Accueil\",\"item\":\"https:\/\/blogs.thesocialmedia.com\/leblogmoto\/\"},{\"@type\":\"ListItem\",\"position\":2,\"name\":\"Photos et vid\u00e9o de la Ducati Desmosedici sur glace.\"}]},{\"@type\":\"WebSite\",\"@id\":\"https:\/\/blogs.thesocialmedia.com\/leblogmoto\/#website\",\"url\":\"https:\/\/blogs.thesocialmedia.com\/leblogmoto\/\",\"name\":\"leblogmoto\",\"description\":\"Toute l&#039;actualit\u00e9 des 2 roues\",\"potentialAction\":[{\"@type\":\"SearchAction\",\"target\":{\"@type\":\"EntryPoint\",\"urlTemplate\":\"https:\/\/blogs.thesocialmedia.com\/leblogmoto\/?s={search_term_string}\"},\"query-input\":{\"@type\":\"PropertyValueSpecification\",\"valueRequired\":true,\"valueName\":\"search_term_string\"}}],\"inLanguage\":\"fr-FR\"},{\"@type\":\"Person\",\"@id\":\"https:\/\/blogs.thesocialmedia.com\/leblogmoto\/#\/schema\/person\/18bfe773e5725ed6d24f743da805362a\",\"name\":\"benoit rieu\",\"image\":{\"@type\":\"ImageObject\",\"inLanguage\":\"fr-FR\",\"@id\":\"https:\/\/blogs.thesocialmedia.com\/leblogmoto\/#\/schema\/person\/image\/\",\"url\":\"https:\/\/secure.gravatar.com\/avatar\/?s=96&d=mm&r=g\",\"contentUrl\":\"https:\/\/secure.gravatar.com\/avatar\/?s=96&d=mm&r=g\",\"caption\":\"benoit rieu\"},\"url\":\"https:\/\/blogs.thesocialmedia.com\/leblogmoto\/author\/benoit-rieu\/\"}]}<\/script>\n<!-- \/ Yoast SEO plugin. -->","yoast_head_json":{"title":"Photos et vid\u00e9o de la Ducati Desmosedici sur glace. - leblogmoto.com","robots":{"index":"index","follow":"follow","max-snippet":"max-snippet:-1","max-image-preview":"max-image-preview:large","max-video-preview":"max-video-preview:-1"},"canonical":"https:\/\/blogs.thesocialmedia.com\/leblogmoto\/2008\/02\/18\/d\/","twitter_card":"summary_large_image","twitter_title":"Photos et vid\u00e9o de la Ducati Desmosedici sur glace. - leblogmoto.com","twitter_description":"C&rsquo;\u00e9tait il y a un peu plus d&rsquo;un mois, Vittoriano Guareschi pilote essayeur de la marque courait quelques tours au guidon de la Desmosedici sur un lac gel\u00e9 lors du Wroom MotoGP Press Ski Meeting, grande messe m\u00e9diatique \u00e0 Madonna di Campiglio au cours de laquelle fut aussi d\u00e9voil\u00e9e la GP8 par Casey Stoner et [&hellip;]","twitter_image":"http:\/\/www.leblogmoto.com\/images\/2008\/02\/18\/desmo16_03_b.jpg","twitter_misc":{"\u00c9crit par":"benoit rieu","Dur\u00e9e de lecture estim\u00e9e":"1 minute"},"schema":{"@context":"https:\/\/schema.org","@graph":[{"@type":"WebPage","@id":"https:\/\/blogs.thesocialmedia.com\/leblogmoto\/2008\/02\/18\/d\/","url":"https:\/\/blogs.thesocialmedia.com\/leblogmoto\/2008\/02\/18\/d\/","name":"Photos et vid\u00e9o de la Ducati Desmosedici sur glace. - leblogmoto.com","isPartOf":{"@id":"https:\/\/blogs.thesocialmedia.com\/leblogmoto\/#website"},"primaryImageOfPage":{"@id":"https:\/\/blogs.thesocialmedia.com\/leblogmoto\/2008\/02\/18\/d\/#primaryimage"},"image":{"@id":"https:\/\/blogs.thesocialmedia.com\/leblogmoto\/2008\/02\/18\/d\/#primaryimage"},"thumbnailUrl":"http:\/\/www.leblogmoto.com\/images\/2008\/02\/18\/desmo16_03_b.jpg","datePublished":"2008-02-18T23:35:53+00:00","dateModified":"2012-07-11T15:23:09+00:00","author":{"@id":"https:\/\/blogs.thesocialmedia.com\/leblogmoto\/#\/schema\/person\/18bfe773e5725ed6d24f743da805362a"},"breadcrumb":{"@id":"https:\/\/blogs.thesocialmedia.com\/leblogmoto\/2008\/02\/18\/d\/#breadcrumb"},"inLanguage":"fr-FR","potentialAction":[{"@type":"ReadAction","target":["https:\/\/blogs.thesocialmedia.com\/leblogmoto\/2008\/02\/18\/d\/"]}]},{"@type":"ImageObject","inLanguage":"fr-FR","@id":"https:\/\/blogs.thesocialmedia.com\/leblogmoto\/2008\/02\/18\/d\/#primaryimage","url":"http:\/\/www.leblogmoto.com\/images\/2008\/02\/18\/desmo16_03_b.jpg","contentUrl":"http:\/\/www.leblogmoto.com\/images\/2008\/02\/18\/desmo16_03_b.jpg"},{"@type":"BreadcrumbList","@id":"https:\/\/blogs.thesocialmedia.com\/leblogmoto\/2008\/02\/18\/d\/#breadcrumb","itemListElement":[{"@type":"ListItem","position":1,"name":"Accueil","item":"https:\/\/blogs.thesocialmedia.com\/leblogmoto\/"},{"@type":"ListItem","position":2,"name":"Photos et vid\u00e9o de la Ducati Desmosedici sur glace."}]},{"@type":"WebSite","@id":"https:\/\/blogs.thesocialmedia.com\/leblogmoto\/#website","url":"https:\/\/blogs.thesocialmedia.com\/leblogmoto\/","name":"leblogmoto","description":"Toute l&#039;actualit\u00e9 des 2 roues","potentialAction":[{"@type":"SearchAction","target":{"@type":"EntryPoint","urlTemplate":"https:\/\/blogs.thesocialmedia.com\/leblogmoto\/?s={search_term_string}"},"query-input":{"@type":"PropertyValueSpecification","valueRequired":true,"valueName":"search_term_string"}}],"inLanguage":"fr-FR"},{"@type":"Person","@id":"https:\/\/blogs.thesocialmedia.com\/leblogmoto\/#\/schema\/person\/18bfe773e5725ed6d24f743da805362a","name":"benoit rieu","image":{"@type":"ImageObject","inLanguage":"fr-FR","@id":"https:\/\/blogs.thesocialmedia.com\/leblogmoto\/#\/schema\/person\/image\/","url":"https:\/\/secure.gravatar.com\/avatar\/?s=96&d=mm&r=g","contentUrl":"https:\/\/secure.gravatar.com\/avatar\/?s=96&d=mm&r=g","caption":"benoit rieu"},"url":"https:\/\/blogs.thesocialmedia.com\/leblogmoto\/author\/benoit-rieu\/"}]}},"_links":{"self":[{"href":"https:\/\/blogs.thesocialmedia.com\/leblogmoto\/wp-json\/wp\/v2\/posts\/895","targetHints":{"allow":["GET"]}}],"collection":[{"href":"https:\/\/blogs.thesocialmedia.com\/leblogmoto\/wp-json\/wp\/v2\/posts"}],"about":[{"href":"https:\/\/blogs.thesocialmedia.com\/leblogmoto\/wp-json\/wp\/v2\/types\/post"}],"author":[{"embeddable":true,"href":"https:\/\/blogs.thesocialmedia.com\/leblogmoto\/wp-json\/wp\/v2\/users\/324"}],"replies":[{"embeddable":true,"href":"https:\/\/blogs.thesocialmedia.com\/leblogmoto\/wp-json\/wp\/v2\/comments?post=895"}],"version-history":[{"count":2,"href":"https:\/\/blogs.thesocialmedia.com\/leblogmoto\/wp-json\/wp\/v2\/posts\/895\/revisions"}],"predecessor-version":[{"id":9998,"href":"https:\/\/blogs.thesocialmedia.com\/leblogmoto\/wp-json\/wp\/v2\/posts\/895\/revisions\/9998"}],"wp:attachment":[{"href":"https:\/\/blogs.thesocialmedia.com\/leblogmoto\/wp-json\/wp\/v2\/media?parent=895"}],"wp:term":[{"taxonomy":"category","embeddable":true,"href":"https:\/\/blogs.thesocialmedia.com\/leblogmoto\/wp-json\/wp\/v2\/categories?post=895"},{"taxonomy":"post_tag","embeddable":true,"href":"https:\/\/blogs.thesocialmedia.com\/leblogmoto\/wp-json\/wp\/v2\/tags?post=895"}],"curies":[{"name":"wp","href":"https:\/\/api.w.org\/{rel}","templated":true}]}}