{"id":899,"date":"2008-02-18T16:58:39","date_gmt":"2008-02-18T16:58:39","guid":{"rendered":"http:\/\/blogs.thesocialmedia.com\/leblogmoto\/2008\/02\/18\/rossi-et-le-fis\/"},"modified":"2012-07-11T15:22:43","modified_gmt":"2012-07-11T15:22:43","slug":"rossi-et-le-fis","status":"publish","type":"post","link":"https:\/\/blogs.thesocialmedia.com\/leblogmoto\/2008\/02\/18\/rossi-et-le-fis\/","title":{"rendered":"Rossi et le fisc italien : \u00e9pilogue ?"},"content":{"rendered":"<p><a href=\"http:\/\/blogs.thesocialmedia.com\/leblogmoto\/files\/2012\/07\/rossi_21.jpg\"><img loading=\"lazy\" decoding=\"async\" width=\"250\" height=\"333\"  alt=\"Rossi_2\" src=\"http:\/\/www.leblogmoto.com\/images\/2008\/02\/18\/rossi_2.jpg\" style=\"margin: 0px 5px 5px 0px;float: left\" \/><\/a>Apr\u00e8s l&rsquo;\u00e9pisode de <a href=\"http:\/\/www.leblogmoto.com\/2007\/08\/rossi-et-capiro.html#more\">l&rsquo;\u00e9t\u00e9 2007<\/a>, voil\u00e0 que <a href=\"http:\/\/valentinorossi.free.fr\/\">Rossi<\/a> s&rsquo;est finalement arrang\u00e9 avec le fisc italien. Il n&rsquo;aura finalement qu&rsquo;\u00e0 payer la modeste somme de 35 millions d&rsquo;euros, soit 19 millions d&rsquo;euros pour la p\u00e9riode 2001-2004 et environ 16 millions pour les ann\u00e9es 2005 et 2006. Apparement, certaines sources auraient estim\u00e9es que le pilote italien devait 112 millions d&rsquo;euros au fisc, il s&rsquo;en sort donc bien avec &quot;seulement&quot; 35 millions&#8230;<br \/>N\u00e9anmoins, avec un salaire de 20 millions d&rsquo;euros par an, \u00e7a risque de faire un peu juste&#8230;.<\/p>\n","protected":false},"excerpt":{"rendered":"<p>Apr\u00e8s l&rsquo;\u00e9pisode de l&rsquo;\u00e9t\u00e9 2007, voil\u00e0 que Rossi s&rsquo;est finalement arrang\u00e9 avec le fisc italien. Il n&rsquo;aura finalement qu&rsquo;\u00e0 payer la modeste somme de 35 millions d&rsquo;euros, soit 19 millions d&rsquo;euros pour la p\u00e9riode 2001-2004 et environ 16 millions pour les ann\u00e9es 2005 et 2006. Apparement, certaines sources auraient estim\u00e9es que le pilote italien devait [&hellip;]<\/p>\n","protected":false},"author":329,"featured_media":0,"comment_status":"open","ping_status":"open","sticky":false,"template":"","format":"standard","meta":{"footnotes":""},"categories":[3],"tags":[],"class_list":["post-899","post","type-post","status-publish","format-standard","hentry","category-actualite"],"yoast_head":"<!-- This site is optimized with the Yoast SEO plugin v26.0 - https:\/\/yoast.com\/wordpress\/plugins\/seo\/ -->\n<title>Rossi et le fisc italien : \u00e9pilogue ? - leblogmoto.com<\/title>\n<meta name=\"robots\" content=\"index, follow, max-snippet:-1, max-image-preview:large, max-video-preview:-1\" \/>\n<link rel=\"canonical\" href=\"https:\/\/blogs.thesocialmedia.com\/leblogmoto\/2008\/02\/18\/rossi-et-le-fis\/\" \/>\n<meta name=\"twitter:card\" content=\"summary_large_image\" \/>\n<meta name=\"twitter:title\" content=\"Rossi et le fisc italien : \u00e9pilogue ? - leblogmoto.com\" \/>\n<meta name=\"twitter:description\" content=\"Apr\u00e8s l&rsquo;\u00e9pisode de l&rsquo;\u00e9t\u00e9 2007, voil\u00e0 que Rossi s&rsquo;est finalement arrang\u00e9 avec le fisc italien. Il n&rsquo;aura finalement qu&rsquo;\u00e0 payer la modeste somme de 35 millions d&rsquo;euros, soit 19 millions d&rsquo;euros pour la p\u00e9riode 2001-2004 et environ 16 millions pour les ann\u00e9es 2005 et 2006. Apparement, certaines sources auraient estim\u00e9es que le pilote italien devait [&hellip;]\" \/>\n<meta name=\"twitter:image\" content=\"http:\/\/www.leblogmoto.com\/images\/2008\/02\/18\/rossi_2.jpg\" \/>\n<meta name=\"twitter:label1\" content=\"\u00c9crit par\" \/>\n\t<meta name=\"twitter:data1\" content=\"gregory boucaud\" \/>\n<script type=\"application\/ld+json\" class=\"yoast-schema-graph\">{\"@context\":\"https:\/\/schema.org\",\"@graph\":[{\"@type\":\"WebPage\",\"@id\":\"https:\/\/blogs.thesocialmedia.com\/leblogmoto\/2008\/02\/18\/rossi-et-le-fis\/\",\"url\":\"https:\/\/blogs.thesocialmedia.com\/leblogmoto\/2008\/02\/18\/rossi-et-le-fis\/\",\"name\":\"Rossi et le fisc italien : \u00e9pilogue ? - leblogmoto.com\",\"isPartOf\":{\"@id\":\"https:\/\/blogs.thesocialmedia.com\/leblogmoto\/#website\"},\"primaryImageOfPage\":{\"@id\":\"https:\/\/blogs.thesocialmedia.com\/leblogmoto\/2008\/02\/18\/rossi-et-le-fis\/#primaryimage\"},\"image\":{\"@id\":\"https:\/\/blogs.thesocialmedia.com\/leblogmoto\/2008\/02\/18\/rossi-et-le-fis\/#primaryimage\"},\"thumbnailUrl\":\"http:\/\/www.leblogmoto.com\/images\/2008\/02\/18\/rossi_2.jpg\",\"datePublished\":\"2008-02-18T16:58:39+00:00\",\"dateModified\":\"2012-07-11T15:22:43+00:00\",\"author\":{\"@id\":\"https:\/\/blogs.thesocialmedia.com\/leblogmoto\/#\/schema\/person\/769623f89741cc3381675029a37764f8\"},\"breadcrumb\":{\"@id\":\"https:\/\/blogs.thesocialmedia.com\/leblogmoto\/2008\/02\/18\/rossi-et-le-fis\/#breadcrumb\"},\"inLanguage\":\"fr-FR\",\"potentialAction\":[{\"@type\":\"ReadAction\",\"target\":[\"https:\/\/blogs.thesocialmedia.com\/leblogmoto\/2008\/02\/18\/rossi-et-le-fis\/\"]}]},{\"@type\":\"ImageObject\",\"inLanguage\":\"fr-FR\",\"@id\":\"https:\/\/blogs.thesocialmedia.com\/leblogmoto\/2008\/02\/18\/rossi-et-le-fis\/#primaryimage\",\"url\":\"http:\/\/www.leblogmoto.com\/images\/2008\/02\/18\/rossi_2.jpg\",\"contentUrl\":\"http:\/\/www.leblogmoto.com\/images\/2008\/02\/18\/rossi_2.jpg\"},{\"@type\":\"BreadcrumbList\",\"@id\":\"https:\/\/blogs.thesocialmedia.com\/leblogmoto\/2008\/02\/18\/rossi-et-le-fis\/#breadcrumb\",\"itemListElement\":[{\"@type\":\"ListItem\",\"position\":1,\"name\":\"Accueil\",\"item\":\"https:\/\/blogs.thesocialmedia.com\/leblogmoto\/\"},{\"@type\":\"ListItem\",\"position\":2,\"name\":\"Rossi et le fisc italien : \u00e9pilogue ?\"}]},{\"@type\":\"WebSite\",\"@id\":\"https:\/\/blogs.thesocialmedia.com\/leblogmoto\/#website\",\"url\":\"https:\/\/blogs.thesocialmedia.com\/leblogmoto\/\",\"name\":\"leblogmoto\",\"description\":\"Toute l&#039;actualit\u00e9 des 2 roues\",\"potentialAction\":[{\"@type\":\"SearchAction\",\"target\":{\"@type\":\"EntryPoint\",\"urlTemplate\":\"https:\/\/blogs.thesocialmedia.com\/leblogmoto\/?s={search_term_string}\"},\"query-input\":{\"@type\":\"PropertyValueSpecification\",\"valueRequired\":true,\"valueName\":\"search_term_string\"}}],\"inLanguage\":\"fr-FR\"},{\"@type\":\"Person\",\"@id\":\"https:\/\/blogs.thesocialmedia.com\/leblogmoto\/#\/schema\/person\/769623f89741cc3381675029a37764f8\",\"name\":\"gregory boucaud\",\"image\":{\"@type\":\"ImageObject\",\"inLanguage\":\"fr-FR\",\"@id\":\"https:\/\/blogs.thesocialmedia.com\/leblogmoto\/#\/schema\/person\/image\/\",\"url\":\"https:\/\/secure.gravatar.com\/avatar\/?s=96&d=mm&r=g\",\"contentUrl\":\"https:\/\/secure.gravatar.com\/avatar\/?s=96&d=mm&r=g\",\"caption\":\"gregory boucaud\"},\"url\":\"https:\/\/blogs.thesocialmedia.com\/leblogmoto\/author\/gregory-boucaud\/\"}]}<\/script>\n<!-- \/ Yoast SEO plugin. -->","yoast_head_json":{"title":"Rossi et le fisc italien : \u00e9pilogue ? - leblogmoto.com","robots":{"index":"index","follow":"follow","max-snippet":"max-snippet:-1","max-image-preview":"max-image-preview:large","max-video-preview":"max-video-preview:-1"},"canonical":"https:\/\/blogs.thesocialmedia.com\/leblogmoto\/2008\/02\/18\/rossi-et-le-fis\/","twitter_card":"summary_large_image","twitter_title":"Rossi et le fisc italien : \u00e9pilogue ? - leblogmoto.com","twitter_description":"Apr\u00e8s l&rsquo;\u00e9pisode de l&rsquo;\u00e9t\u00e9 2007, voil\u00e0 que Rossi s&rsquo;est finalement arrang\u00e9 avec le fisc italien. Il n&rsquo;aura finalement qu&rsquo;\u00e0 payer la modeste somme de 35 millions d&rsquo;euros, soit 19 millions d&rsquo;euros pour la p\u00e9riode 2001-2004 et environ 16 millions pour les ann\u00e9es 2005 et 2006. Apparement, certaines sources auraient estim\u00e9es que le pilote italien devait [&hellip;]","twitter_image":"http:\/\/www.leblogmoto.com\/images\/2008\/02\/18\/rossi_2.jpg","twitter_misc":{"\u00c9crit par":"gregory boucaud"},"schema":{"@context":"https:\/\/schema.org","@graph":[{"@type":"WebPage","@id":"https:\/\/blogs.thesocialmedia.com\/leblogmoto\/2008\/02\/18\/rossi-et-le-fis\/","url":"https:\/\/blogs.thesocialmedia.com\/leblogmoto\/2008\/02\/18\/rossi-et-le-fis\/","name":"Rossi et le fisc italien : \u00e9pilogue ? - leblogmoto.com","isPartOf":{"@id":"https:\/\/blogs.thesocialmedia.com\/leblogmoto\/#website"},"primaryImageOfPage":{"@id":"https:\/\/blogs.thesocialmedia.com\/leblogmoto\/2008\/02\/18\/rossi-et-le-fis\/#primaryimage"},"image":{"@id":"https:\/\/blogs.thesocialmedia.com\/leblogmoto\/2008\/02\/18\/rossi-et-le-fis\/#primaryimage"},"thumbnailUrl":"http:\/\/www.leblogmoto.com\/images\/2008\/02\/18\/rossi_2.jpg","datePublished":"2008-02-18T16:58:39+00:00","dateModified":"2012-07-11T15:22:43+00:00","author":{"@id":"https:\/\/blogs.thesocialmedia.com\/leblogmoto\/#\/schema\/person\/769623f89741cc3381675029a37764f8"},"breadcrumb":{"@id":"https:\/\/blogs.thesocialmedia.com\/leblogmoto\/2008\/02\/18\/rossi-et-le-fis\/#breadcrumb"},"inLanguage":"fr-FR","potentialAction":[{"@type":"ReadAction","target":["https:\/\/blogs.thesocialmedia.com\/leblogmoto\/2008\/02\/18\/rossi-et-le-fis\/"]}]},{"@type":"ImageObject","inLanguage":"fr-FR","@id":"https:\/\/blogs.thesocialmedia.com\/leblogmoto\/2008\/02\/18\/rossi-et-le-fis\/#primaryimage","url":"http:\/\/www.leblogmoto.com\/images\/2008\/02\/18\/rossi_2.jpg","contentUrl":"http:\/\/www.leblogmoto.com\/images\/2008\/02\/18\/rossi_2.jpg"},{"@type":"BreadcrumbList","@id":"https:\/\/blogs.thesocialmedia.com\/leblogmoto\/2008\/02\/18\/rossi-et-le-fis\/#breadcrumb","itemListElement":[{"@type":"ListItem","position":1,"name":"Accueil","item":"https:\/\/blogs.thesocialmedia.com\/leblogmoto\/"},{"@type":"ListItem","position":2,"name":"Rossi et le fisc italien : \u00e9pilogue ?"}]},{"@type":"WebSite","@id":"https:\/\/blogs.thesocialmedia.com\/leblogmoto\/#website","url":"https:\/\/blogs.thesocialmedia.com\/leblogmoto\/","name":"leblogmoto","description":"Toute l&#039;actualit\u00e9 des 2 roues","potentialAction":[{"@type":"SearchAction","target":{"@type":"EntryPoint","urlTemplate":"https:\/\/blogs.thesocialmedia.com\/leblogmoto\/?s={search_term_string}"},"query-input":{"@type":"PropertyValueSpecification","valueRequired":true,"valueName":"search_term_string"}}],"inLanguage":"fr-FR"},{"@type":"Person","@id":"https:\/\/blogs.thesocialmedia.com\/leblogmoto\/#\/schema\/person\/769623f89741cc3381675029a37764f8","name":"gregory boucaud","image":{"@type":"ImageObject","inLanguage":"fr-FR","@id":"https:\/\/blogs.thesocialmedia.com\/leblogmoto\/#\/schema\/person\/image\/","url":"https:\/\/secure.gravatar.com\/avatar\/?s=96&d=mm&r=g","contentUrl":"https:\/\/secure.gravatar.com\/avatar\/?s=96&d=mm&r=g","caption":"gregory boucaud"},"url":"https:\/\/blogs.thesocialmedia.com\/leblogmoto\/author\/gregory-boucaud\/"}]}},"_links":{"self":[{"href":"https:\/\/blogs.thesocialmedia.com\/leblogmoto\/wp-json\/wp\/v2\/posts\/899","targetHints":{"allow":["GET"]}}],"collection":[{"href":"https:\/\/blogs.thesocialmedia.com\/leblogmoto\/wp-json\/wp\/v2\/posts"}],"about":[{"href":"https:\/\/blogs.thesocialmedia.com\/leblogmoto\/wp-json\/wp\/v2\/types\/post"}],"author":[{"embeddable":true,"href":"https:\/\/blogs.thesocialmedia.com\/leblogmoto\/wp-json\/wp\/v2\/users\/329"}],"replies":[{"embeddable":true,"href":"https:\/\/blogs.thesocialmedia.com\/leblogmoto\/wp-json\/wp\/v2\/comments?post=899"}],"version-history":[{"count":2,"href":"https:\/\/blogs.thesocialmedia.com\/leblogmoto\/wp-json\/wp\/v2\/posts\/899\/revisions"}],"predecessor-version":[{"id":9981,"href":"https:\/\/blogs.thesocialmedia.com\/leblogmoto\/wp-json\/wp\/v2\/posts\/899\/revisions\/9981"}],"wp:attachment":[{"href":"https:\/\/blogs.thesocialmedia.com\/leblogmoto\/wp-json\/wp\/v2\/media?parent=899"}],"wp:term":[{"taxonomy":"category","embeddable":true,"href":"https:\/\/blogs.thesocialmedia.com\/leblogmoto\/wp-json\/wp\/v2\/categories?post=899"},{"taxonomy":"post_tag","embeddable":true,"href":"https:\/\/blogs.thesocialmedia.com\/leblogmoto\/wp-json\/wp\/v2\/tags?post=899"}],"curies":[{"name":"wp","href":"https:\/\/api.w.org\/{rel}","templated":true}]}}