{"id":90,"date":"2009-07-02T23:57:47","date_gmt":"2009-07-02T23:57:47","guid":{"rendered":"http:\/\/blogs.thesocialmedia.com\/leblogmoto\/2009\/07\/02\/il-ny-a-plus-un-seul-pilote-japonais-en-motogp\/"},"modified":"2012-07-11T17:33:49","modified_gmt":"2012-07-11T17:33:49","slug":"il-ny-a-plus-un-seul-pilote-japonais-en-motogp","status":"publish","type":"post","link":"https:\/\/blogs.thesocialmedia.com\/leblogmoto\/2009\/07\/02\/il-ny-a-plus-un-seul-pilote-japonais-en-motogp\/","title":{"rendered":"Il n&rsquo;y a d\u00e9sormais plus un seul pilote japonais en MotoGP."},"content":{"rendered":"<p><a href=\"http:\/\/blogs.thesocialmedia.com\/leblogmoto\/files\/2012\/07\/6a00d83451b18369e2011571a58c97970b-popup.png\"><img decoding=\"async\" alt=\"MotoGP Takahashi 2\" class=\"at-xid-6a00d83451b18369e2011571a58c97970b \" src=\"http:\/\/blogs.thesocialmedia.com\/leblogmoto\/files\/2012\/07\/6a00d83451b18369e2011571a58c97970b-500wi.jpg\" \/><\/a><\/p>\n<p>Alors que Noriyuki &quot;Nitro&quot; Haga m\u00e8ne le championnat WSBK, malgr\u00e9 une r\u00e9cente blessure \u00e0 Donington, la cat\u00e9gorie reine des \u00e9preuves vitesse s&#039;appr\u00eate \u00e0 se passer des services de l&#039;unique&#160;pilote nippon du circus, pour des raisons plus \u00e9conomiques que m\u00e9dicales. Selon le <a href=\"http:\/\/www.fim-live.com\/fr\/\">site de la FIM<\/a>, le team Scot Honda Racing met au repos <a href=\"http:\/\/en.wikipedia.org\/wiki\/Yuki_Takahashi\">Yuki Takahashi<\/a> et n&#039;alignera que le Hongrois Gabor Talmacsi, \u00e0 partir de dimanche. Alors que l&#039;\u00e9quipe engageait deux machines depuis l&#039;arriv\u00e9e en cours de saison de Gabor Talmacsi, c&#039;est donc le Hongrois qui &quot;chasse&quot; le pilote du soleil levant. Un jeu de selles musicales, si j&#039;ose dire, que les protagonistes&#160;sur la piste n&#039;avaient sans doute pas&#160;pr\u00e9vu. Mais le fatalisme et la r\u00e9signation d&#039;un de ses compatriotes semblent indiquer qu&#039;il n&#039;en&#160;a rien \u00e9t\u00e9 au niveau des cadres dirigeants. Shuhei Nakamoto, vice-pr\u00e9sident de Honda Racing Corporation, d\u00e9clare ainsi&#160;: <\/p>\n<p>&quot;Takahashi \u00e9tait le seul pilote japonais en MotoGP et bien s\u00fbr nous voulions le voir continuer. Mais l&#039;\u00e9quipe a prouv\u00e9 que c&#039;\u00e9tait impossible et nous respectons cette d\u00e9cision&quot;. On se doute que pour lui&#160;la d\u00e9cision a du \u00eatre difficile d&#039;autant que Takahashi est un pur produit de la fili\u00e8re Honda, et a toujours pilot\u00e9&#160;pour la firme, m\u00eame&#160;quand il a fait des piges en endurance, aux&#160;Huit heures de Suzuka.<\/p>\n<p>Des d\u00e9clarations qui visiblement scellent le sort de Yuki, et qui&#160;vont bien au-del\u00e0 de la diplomatie us\u00e9e par&#160;le <em>team manager<\/em> Cirano Mularoni&#160;qui affirmait auparavant&#160;: &quot;L&#039;\u00e9quipe devrait faire face \u00e0 de nouvelles d\u00e9penses sans l&#039;espoir de voir les r\u00e9sultats de Yuki s&#039;am\u00e9liorer car il a des probl\u00e8mes discaux d\u00fb \u00e0 des chutes \u00e0 r\u00e9p\u00e9tition. Notre \u00e9quipe a donc d\u00e9cid\u00e9 de ne plus faire courir Yuki jusqu&#039;\u00e0 ce qu&#039;il ait totalement r\u00e9cup\u00e9r\u00e9&quot;.<\/p>\n<p>La d\u00e9cision est d&#039;autant plus surprenante que Yuki avait fini juste&#160;devant Gabor \u00e0 Assen, que ce soit aux essais comme en course. Ce qui a&#160;en fait&#160;contribu\u00e9 \u00e0 son \u00e9viction est la configuration actuelle de Scot qui poss\u00e8de deux machines, mais sans mulet. Or Takahashi chute. Souvent. Trop.<\/p>\n<p>Dans la suite, une vid\u00e9o de son &quot;tout-droit&quot;&#160;au Grand Prix de Catalogne, il y a deux semaines, film\u00e9 des tribunes.<\/p>\n<p><object height=\"344\" width=\"470\"><param name=\"movie\" value=\"http:\/\/www.youtube.com\/v\/MKBs4fUjjuk&amp;amp;amp;amp;amp;amp;amp;amp;amp;amp;amp;amp;amp;amp;amp;amp;hl=fr&amp;amp;amp;amp;amp;amp;amp;amp;amp;amp;amp;amp;amp;amp;amp;amp;fs=1&amp;amp;amp;amp;amp;amp;amp;amp;amp;amp;amp;amp;amp;amp;amp;amp;\" \/><param name=\"allowFullScreen\" value=\"true\" \/><param name=\"allowscriptaccess\" value=\"always\" \/><\/object><\/p>\n","protected":false},"excerpt":{"rendered":"<p>Alors que Noriyuki &quot;Nitro&quot; Haga m\u00e8ne le championnat WSBK, malgr\u00e9 une r\u00e9cente blessure \u00e0 Donington, la cat\u00e9gorie reine des \u00e9preuves vitesse s&#039;appr\u00eate \u00e0 se passer des services de l&#039;unique&#160;pilote nippon du circus, pour des raisons plus \u00e9conomiques que m\u00e9dicales. Selon le site de la FIM, le team Scot Honda Racing met au repos Yuki Takahashi [&hellip;]<\/p>\n","protected":false},"author":324,"featured_media":13918,"comment_status":"open","ping_status":"open","sticky":false,"template":"","format":"standard","meta":{"footnotes":""},"categories":[3,22,12],"tags":[],"class_list":["post-90","post","type-post","status-publish","format-standard","has-post-thumbnail","hentry","category-actualite","category-motogp","category-videos"],"yoast_head":"<!-- This site is optimized with the Yoast SEO plugin v26.0 - https:\/\/yoast.com\/wordpress\/plugins\/seo\/ -->\n<title>Il n&#039;y a d\u00e9sormais plus un seul pilote japonais en MotoGP. - leblogmoto.com<\/title>\n<meta name=\"robots\" content=\"index, follow, max-snippet:-1, max-image-preview:large, max-video-preview:-1\" \/>\n<link rel=\"canonical\" href=\"https:\/\/blogs.thesocialmedia.com\/leblogmoto\/2009\/07\/02\/il-ny-a-plus-un-seul-pilote-japonais-en-motogp\/\" \/>\n<meta name=\"twitter:card\" content=\"summary_large_image\" \/>\n<meta name=\"twitter:title\" content=\"Il n&#039;y a d\u00e9sormais plus un seul pilote japonais en MotoGP. - leblogmoto.com\" \/>\n<meta name=\"twitter:description\" content=\"Alors que Noriyuki &quot;Nitro&quot; Haga m\u00e8ne le championnat WSBK, malgr\u00e9 une r\u00e9cente blessure \u00e0 Donington, la cat\u00e9gorie reine des \u00e9preuves vitesse s&#039;appr\u00eate \u00e0 se passer des services de l&#039;unique&#160;pilote nippon du circus, pour des raisons plus \u00e9conomiques que m\u00e9dicales. Selon le site de la FIM, le team Scot Honda Racing met au repos Yuki Takahashi [&hellip;]\" \/>\n<meta name=\"twitter:image\" content=\"https:\/\/blogs.thesocialmedia.com\/leblogmoto\/files\/2012\/07\/6a00d83451b18369e2011571a58c97970b-500wi.jpg\" \/>\n<meta name=\"twitter:label1\" content=\"\u00c9crit par\" \/>\n\t<meta name=\"twitter:data1\" content=\"benoit rieu\" \/>\n\t<meta name=\"twitter:label2\" content=\"Dur\u00e9e de lecture estim\u00e9e\" \/>\n\t<meta name=\"twitter:data2\" content=\"2 minutes\" \/>\n<script type=\"application\/ld+json\" class=\"yoast-schema-graph\">{\"@context\":\"https:\/\/schema.org\",\"@graph\":[{\"@type\":\"WebPage\",\"@id\":\"https:\/\/blogs.thesocialmedia.com\/leblogmoto\/2009\/07\/02\/il-ny-a-plus-un-seul-pilote-japonais-en-motogp\/\",\"url\":\"https:\/\/blogs.thesocialmedia.com\/leblogmoto\/2009\/07\/02\/il-ny-a-plus-un-seul-pilote-japonais-en-motogp\/\",\"name\":\"Il n'y a d\u00e9sormais plus un seul pilote japonais en MotoGP. - leblogmoto.com\",\"isPartOf\":{\"@id\":\"https:\/\/blogs.thesocialmedia.com\/leblogmoto\/#website\"},\"primaryImageOfPage\":{\"@id\":\"https:\/\/blogs.thesocialmedia.com\/leblogmoto\/2009\/07\/02\/il-ny-a-plus-un-seul-pilote-japonais-en-motogp\/#primaryimage\"},\"image\":{\"@id\":\"https:\/\/blogs.thesocialmedia.com\/leblogmoto\/2009\/07\/02\/il-ny-a-plus-un-seul-pilote-japonais-en-motogp\/#primaryimage\"},\"thumbnailUrl\":\"https:\/\/blogs.thesocialmedia.com\/leblogmoto\/files\/2012\/07\/6a00d83451b18369e2011571a58c97970b-500wi.jpg\",\"datePublished\":\"2009-07-02T23:57:47+00:00\",\"dateModified\":\"2012-07-11T17:33:49+00:00\",\"author\":{\"@id\":\"https:\/\/blogs.thesocialmedia.com\/leblogmoto\/#\/schema\/person\/18bfe773e5725ed6d24f743da805362a\"},\"breadcrumb\":{\"@id\":\"https:\/\/blogs.thesocialmedia.com\/leblogmoto\/2009\/07\/02\/il-ny-a-plus-un-seul-pilote-japonais-en-motogp\/#breadcrumb\"},\"inLanguage\":\"fr-FR\",\"potentialAction\":[{\"@type\":\"ReadAction\",\"target\":[\"https:\/\/blogs.thesocialmedia.com\/leblogmoto\/2009\/07\/02\/il-ny-a-plus-un-seul-pilote-japonais-en-motogp\/\"]}]},{\"@type\":\"ImageObject\",\"inLanguage\":\"fr-FR\",\"@id\":\"https:\/\/blogs.thesocialmedia.com\/leblogmoto\/2009\/07\/02\/il-ny-a-plus-un-seul-pilote-japonais-en-motogp\/#primaryimage\",\"url\":\"https:\/\/blogs.thesocialmedia.com\/leblogmoto\/files\/2012\/07\/6a00d83451b18369e2011571a58c97970b-500wi.jpg\",\"contentUrl\":\"https:\/\/blogs.thesocialmedia.com\/leblogmoto\/files\/2012\/07\/6a00d83451b18369e2011571a58c97970b-500wi.jpg\",\"width\":\"500\",\"height\":\"375\"},{\"@type\":\"BreadcrumbList\",\"@id\":\"https:\/\/blogs.thesocialmedia.com\/leblogmoto\/2009\/07\/02\/il-ny-a-plus-un-seul-pilote-japonais-en-motogp\/#breadcrumb\",\"itemListElement\":[{\"@type\":\"ListItem\",\"position\":1,\"name\":\"Accueil\",\"item\":\"https:\/\/blogs.thesocialmedia.com\/leblogmoto\/\"},{\"@type\":\"ListItem\",\"position\":2,\"name\":\"Il n&rsquo;y a d\u00e9sormais plus un seul pilote japonais en MotoGP.\"}]},{\"@type\":\"WebSite\",\"@id\":\"https:\/\/blogs.thesocialmedia.com\/leblogmoto\/#website\",\"url\":\"https:\/\/blogs.thesocialmedia.com\/leblogmoto\/\",\"name\":\"leblogmoto\",\"description\":\"Toute l&#039;actualit\u00e9 des 2 roues\",\"potentialAction\":[{\"@type\":\"SearchAction\",\"target\":{\"@type\":\"EntryPoint\",\"urlTemplate\":\"https:\/\/blogs.thesocialmedia.com\/leblogmoto\/?s={search_term_string}\"},\"query-input\":{\"@type\":\"PropertyValueSpecification\",\"valueRequired\":true,\"valueName\":\"search_term_string\"}}],\"inLanguage\":\"fr-FR\"},{\"@type\":\"Person\",\"@id\":\"https:\/\/blogs.thesocialmedia.com\/leblogmoto\/#\/schema\/person\/18bfe773e5725ed6d24f743da805362a\",\"name\":\"benoit rieu\",\"image\":{\"@type\":\"ImageObject\",\"inLanguage\":\"fr-FR\",\"@id\":\"https:\/\/blogs.thesocialmedia.com\/leblogmoto\/#\/schema\/person\/image\/\",\"url\":\"https:\/\/secure.gravatar.com\/avatar\/?s=96&d=mm&r=g\",\"contentUrl\":\"https:\/\/secure.gravatar.com\/avatar\/?s=96&d=mm&r=g\",\"caption\":\"benoit rieu\"},\"url\":\"https:\/\/blogs.thesocialmedia.com\/leblogmoto\/author\/benoit-rieu\/\"}]}<\/script>\n<!-- \/ Yoast SEO plugin. -->","yoast_head_json":{"title":"Il n'y a d\u00e9sormais plus un seul pilote japonais en MotoGP. - leblogmoto.com","robots":{"index":"index","follow":"follow","max-snippet":"max-snippet:-1","max-image-preview":"max-image-preview:large","max-video-preview":"max-video-preview:-1"},"canonical":"https:\/\/blogs.thesocialmedia.com\/leblogmoto\/2009\/07\/02\/il-ny-a-plus-un-seul-pilote-japonais-en-motogp\/","twitter_card":"summary_large_image","twitter_title":"Il n'y a d\u00e9sormais plus un seul pilote japonais en MotoGP. - leblogmoto.com","twitter_description":"Alors que Noriyuki &quot;Nitro&quot; Haga m\u00e8ne le championnat WSBK, malgr\u00e9 une r\u00e9cente blessure \u00e0 Donington, la cat\u00e9gorie reine des \u00e9preuves vitesse s&#039;appr\u00eate \u00e0 se passer des services de l&#039;unique&#160;pilote nippon du circus, pour des raisons plus \u00e9conomiques que m\u00e9dicales. Selon le site de la FIM, le team Scot Honda Racing met au repos Yuki Takahashi [&hellip;]","twitter_image":"https:\/\/blogs.thesocialmedia.com\/leblogmoto\/files\/2012\/07\/6a00d83451b18369e2011571a58c97970b-500wi.jpg","twitter_misc":{"\u00c9crit par":"benoit rieu","Dur\u00e9e de lecture estim\u00e9e":"2 minutes"},"schema":{"@context":"https:\/\/schema.org","@graph":[{"@type":"WebPage","@id":"https:\/\/blogs.thesocialmedia.com\/leblogmoto\/2009\/07\/02\/il-ny-a-plus-un-seul-pilote-japonais-en-motogp\/","url":"https:\/\/blogs.thesocialmedia.com\/leblogmoto\/2009\/07\/02\/il-ny-a-plus-un-seul-pilote-japonais-en-motogp\/","name":"Il n'y a d\u00e9sormais plus un seul pilote japonais en MotoGP. - leblogmoto.com","isPartOf":{"@id":"https:\/\/blogs.thesocialmedia.com\/leblogmoto\/#website"},"primaryImageOfPage":{"@id":"https:\/\/blogs.thesocialmedia.com\/leblogmoto\/2009\/07\/02\/il-ny-a-plus-un-seul-pilote-japonais-en-motogp\/#primaryimage"},"image":{"@id":"https:\/\/blogs.thesocialmedia.com\/leblogmoto\/2009\/07\/02\/il-ny-a-plus-un-seul-pilote-japonais-en-motogp\/#primaryimage"},"thumbnailUrl":"https:\/\/blogs.thesocialmedia.com\/leblogmoto\/files\/2012\/07\/6a00d83451b18369e2011571a58c97970b-500wi.jpg","datePublished":"2009-07-02T23:57:47+00:00","dateModified":"2012-07-11T17:33:49+00:00","author":{"@id":"https:\/\/blogs.thesocialmedia.com\/leblogmoto\/#\/schema\/person\/18bfe773e5725ed6d24f743da805362a"},"breadcrumb":{"@id":"https:\/\/blogs.thesocialmedia.com\/leblogmoto\/2009\/07\/02\/il-ny-a-plus-un-seul-pilote-japonais-en-motogp\/#breadcrumb"},"inLanguage":"fr-FR","potentialAction":[{"@type":"ReadAction","target":["https:\/\/blogs.thesocialmedia.com\/leblogmoto\/2009\/07\/02\/il-ny-a-plus-un-seul-pilote-japonais-en-motogp\/"]}]},{"@type":"ImageObject","inLanguage":"fr-FR","@id":"https:\/\/blogs.thesocialmedia.com\/leblogmoto\/2009\/07\/02\/il-ny-a-plus-un-seul-pilote-japonais-en-motogp\/#primaryimage","url":"https:\/\/blogs.thesocialmedia.com\/leblogmoto\/files\/2012\/07\/6a00d83451b18369e2011571a58c97970b-500wi.jpg","contentUrl":"https:\/\/blogs.thesocialmedia.com\/leblogmoto\/files\/2012\/07\/6a00d83451b18369e2011571a58c97970b-500wi.jpg","width":"500","height":"375"},{"@type":"BreadcrumbList","@id":"https:\/\/blogs.thesocialmedia.com\/leblogmoto\/2009\/07\/02\/il-ny-a-plus-un-seul-pilote-japonais-en-motogp\/#breadcrumb","itemListElement":[{"@type":"ListItem","position":1,"name":"Accueil","item":"https:\/\/blogs.thesocialmedia.com\/leblogmoto\/"},{"@type":"ListItem","position":2,"name":"Il n&rsquo;y a d\u00e9sormais plus un seul pilote japonais en MotoGP."}]},{"@type":"WebSite","@id":"https:\/\/blogs.thesocialmedia.com\/leblogmoto\/#website","url":"https:\/\/blogs.thesocialmedia.com\/leblogmoto\/","name":"leblogmoto","description":"Toute l&#039;actualit\u00e9 des 2 roues","potentialAction":[{"@type":"SearchAction","target":{"@type":"EntryPoint","urlTemplate":"https:\/\/blogs.thesocialmedia.com\/leblogmoto\/?s={search_term_string}"},"query-input":{"@type":"PropertyValueSpecification","valueRequired":true,"valueName":"search_term_string"}}],"inLanguage":"fr-FR"},{"@type":"Person","@id":"https:\/\/blogs.thesocialmedia.com\/leblogmoto\/#\/schema\/person\/18bfe773e5725ed6d24f743da805362a","name":"benoit rieu","image":{"@type":"ImageObject","inLanguage":"fr-FR","@id":"https:\/\/blogs.thesocialmedia.com\/leblogmoto\/#\/schema\/person\/image\/","url":"https:\/\/secure.gravatar.com\/avatar\/?s=96&d=mm&r=g","contentUrl":"https:\/\/secure.gravatar.com\/avatar\/?s=96&d=mm&r=g","caption":"benoit rieu"},"url":"https:\/\/blogs.thesocialmedia.com\/leblogmoto\/author\/benoit-rieu\/"}]}},"_links":{"self":[{"href":"https:\/\/blogs.thesocialmedia.com\/leblogmoto\/wp-json\/wp\/v2\/posts\/90","targetHints":{"allow":["GET"]}}],"collection":[{"href":"https:\/\/blogs.thesocialmedia.com\/leblogmoto\/wp-json\/wp\/v2\/posts"}],"about":[{"href":"https:\/\/blogs.thesocialmedia.com\/leblogmoto\/wp-json\/wp\/v2\/types\/post"}],"author":[{"embeddable":true,"href":"https:\/\/blogs.thesocialmedia.com\/leblogmoto\/wp-json\/wp\/v2\/users\/324"}],"replies":[{"embeddable":true,"href":"https:\/\/blogs.thesocialmedia.com\/leblogmoto\/wp-json\/wp\/v2\/comments?post=90"}],"version-history":[{"count":2,"href":"https:\/\/blogs.thesocialmedia.com\/leblogmoto\/wp-json\/wp\/v2\/posts\/90\/revisions"}],"predecessor-version":[{"id":13920,"href":"https:\/\/blogs.thesocialmedia.com\/leblogmoto\/wp-json\/wp\/v2\/posts\/90\/revisions\/13920"}],"wp:featuredmedia":[{"embeddable":true,"href":"https:\/\/blogs.thesocialmedia.com\/leblogmoto\/wp-json\/wp\/v2\/media\/13918"}],"wp:attachment":[{"href":"https:\/\/blogs.thesocialmedia.com\/leblogmoto\/wp-json\/wp\/v2\/media?parent=90"}],"wp:term":[{"taxonomy":"category","embeddable":true,"href":"https:\/\/blogs.thesocialmedia.com\/leblogmoto\/wp-json\/wp\/v2\/categories?post=90"},{"taxonomy":"post_tag","embeddable":true,"href":"https:\/\/blogs.thesocialmedia.com\/leblogmoto\/wp-json\/wp\/v2\/tags?post=90"}],"curies":[{"name":"wp","href":"https:\/\/api.w.org\/{rel}","templated":true}]}}