{"id":900,"date":"2008-02-18T14:31:33","date_gmt":"2008-02-18T14:31:33","guid":{"rendered":"http:\/\/blogs.thesocialmedia.com\/leblogmoto\/2008\/02\/18\/dakar-2009-dire\/"},"modified":"2012-07-11T15:22:41","modified_gmt":"2012-07-11T15:22:41","slug":"dakar-2009-dire","status":"publish","type":"post","link":"https:\/\/blogs.thesocialmedia.com\/leblogmoto\/2008\/02\/18\/dakar-2009-dire\/","title":{"rendered":"Dakar 2009 : Direction l&rsquo;Am\u00e9rique du Sud"},"content":{"rendered":"<p><a href=\"http:\/\/blogs.thesocialmedia.com\/leblogmoto\/files\/2012\/07\/photo_dakar_2009.jpg\"><img loading=\"lazy\" decoding=\"async\" width=\"250\" height=\"187\"  src=\"http:\/\/www.leblogmoto.com\/images\/2008\/02\/18\/photo_dakar_2009.jpg\" alt=\"Photo_dakar_2009\" style=\"margin: 0px 5px 5px 0px;float: left\" \/><\/a>Ca y est c&rsquo;est maintenant d\u00e9finitif, le <a href=\"http:\/\/www.dakar.com\">Dakar<\/a> 2009 aura lieu en Am\u00e9rique du Sud et plus pr\u00e9cis\u00e9ment en <a href=\"http:\/\/fr.wikipedia.org\/wiki\/Argentine\">Argentine<\/a> et au <a href=\"http:\/\/fr.wikipedia.org\/wiki\/Chili\">Chili<\/a> du 3 au 18 janvier 2009. En tout, pas moins de 9 000 km dont 6 000 de sp\u00e9ciales entre Valparaiso et Buenos Aires.<br \/>Mais pourquoi l&rsquo;Argentine et le Chili ? Tout simplement parce qu&rsquo;ils remplissent toutes les conditions d&rsquo;un Dakar tant au niveau de la topographie que des infrastructures disponibles&#8230;<\/p>\n<p>Les inscriptions vont d\u00e9buter le 15 mai 2008 et sachez aussi que les engag\u00e9s 2008 seront prioritaires pendant un mois et \u00e0 un tarif identique \u00e0 celui de l&rsquo;inscription 2008.<\/p>\n<p>En tous cas, cela sera un Dakar tr\u00e8s sp\u00e9cial&#8230;<\/p>\n<p>Source : <a href=\"http:\/\/www.dakar.com\">Dakar<\/a><\/p>\n","protected":false},"excerpt":{"rendered":"<p>Ca y est c&rsquo;est maintenant d\u00e9finitif, le Dakar 2009 aura lieu en Am\u00e9rique du Sud et plus pr\u00e9cis\u00e9ment en Argentine et au Chili du 3 au 18 janvier 2009. En tout, pas moins de 9 000 km dont 6 000 de sp\u00e9ciales entre Valparaiso et Buenos Aires.Mais pourquoi l&rsquo;Argentine et le Chili ? Tout simplement [&hellip;]<\/p>\n","protected":false},"author":329,"featured_media":0,"comment_status":"open","ping_status":"open","sticky":false,"template":"","format":"standard","meta":{"footnotes":""},"categories":[3,13,59],"tags":[],"class_list":["post-900","post","type-post","status-publish","format-standard","hentry","category-actualite","category-aventure","category-dakar"],"yoast_head":"<!-- This site is optimized with the Yoast SEO plugin v26.0 - https:\/\/yoast.com\/wordpress\/plugins\/seo\/ -->\n<title>Dakar 2009 : Direction l&#039;Am\u00e9rique du Sud - leblogmoto.com<\/title>\n<meta name=\"robots\" content=\"index, follow, max-snippet:-1, max-image-preview:large, max-video-preview:-1\" \/>\n<link rel=\"canonical\" href=\"https:\/\/blogs.thesocialmedia.com\/leblogmoto\/2008\/02\/18\/dakar-2009-dire\/\" \/>\n<meta name=\"twitter:card\" content=\"summary_large_image\" \/>\n<meta name=\"twitter:title\" content=\"Dakar 2009 : Direction l&#039;Am\u00e9rique du Sud - leblogmoto.com\" \/>\n<meta name=\"twitter:description\" content=\"Ca y est c&rsquo;est maintenant d\u00e9finitif, le Dakar 2009 aura lieu en Am\u00e9rique du Sud et plus pr\u00e9cis\u00e9ment en Argentine et au Chili du 3 au 18 janvier 2009. En tout, pas moins de 9 000 km dont 6 000 de sp\u00e9ciales entre Valparaiso et Buenos Aires.Mais pourquoi l&rsquo;Argentine et le Chili ? Tout simplement [&hellip;]\" \/>\n<meta name=\"twitter:image\" content=\"http:\/\/www.leblogmoto.com\/images\/2008\/02\/18\/photo_dakar_2009.jpg\" \/>\n<meta name=\"twitter:label1\" content=\"\u00c9crit par\" \/>\n\t<meta name=\"twitter:data1\" content=\"gregory boucaud\" \/>\n\t<meta name=\"twitter:label2\" content=\"Dur\u00e9e de lecture estim\u00e9e\" \/>\n\t<meta name=\"twitter:data2\" content=\"1 minute\" \/>\n<script type=\"application\/ld+json\" class=\"yoast-schema-graph\">{\"@context\":\"https:\/\/schema.org\",\"@graph\":[{\"@type\":\"WebPage\",\"@id\":\"https:\/\/blogs.thesocialmedia.com\/leblogmoto\/2008\/02\/18\/dakar-2009-dire\/\",\"url\":\"https:\/\/blogs.thesocialmedia.com\/leblogmoto\/2008\/02\/18\/dakar-2009-dire\/\",\"name\":\"Dakar 2009 : Direction l'Am\u00e9rique du Sud - leblogmoto.com\",\"isPartOf\":{\"@id\":\"https:\/\/blogs.thesocialmedia.com\/leblogmoto\/#website\"},\"primaryImageOfPage\":{\"@id\":\"https:\/\/blogs.thesocialmedia.com\/leblogmoto\/2008\/02\/18\/dakar-2009-dire\/#primaryimage\"},\"image\":{\"@id\":\"https:\/\/blogs.thesocialmedia.com\/leblogmoto\/2008\/02\/18\/dakar-2009-dire\/#primaryimage\"},\"thumbnailUrl\":\"http:\/\/www.leblogmoto.com\/images\/2008\/02\/18\/photo_dakar_2009.jpg\",\"datePublished\":\"2008-02-18T14:31:33+00:00\",\"dateModified\":\"2012-07-11T15:22:41+00:00\",\"author\":{\"@id\":\"https:\/\/blogs.thesocialmedia.com\/leblogmoto\/#\/schema\/person\/769623f89741cc3381675029a37764f8\"},\"breadcrumb\":{\"@id\":\"https:\/\/blogs.thesocialmedia.com\/leblogmoto\/2008\/02\/18\/dakar-2009-dire\/#breadcrumb\"},\"inLanguage\":\"fr-FR\",\"potentialAction\":[{\"@type\":\"ReadAction\",\"target\":[\"https:\/\/blogs.thesocialmedia.com\/leblogmoto\/2008\/02\/18\/dakar-2009-dire\/\"]}]},{\"@type\":\"ImageObject\",\"inLanguage\":\"fr-FR\",\"@id\":\"https:\/\/blogs.thesocialmedia.com\/leblogmoto\/2008\/02\/18\/dakar-2009-dire\/#primaryimage\",\"url\":\"http:\/\/www.leblogmoto.com\/images\/2008\/02\/18\/photo_dakar_2009.jpg\",\"contentUrl\":\"http:\/\/www.leblogmoto.com\/images\/2008\/02\/18\/photo_dakar_2009.jpg\"},{\"@type\":\"BreadcrumbList\",\"@id\":\"https:\/\/blogs.thesocialmedia.com\/leblogmoto\/2008\/02\/18\/dakar-2009-dire\/#breadcrumb\",\"itemListElement\":[{\"@type\":\"ListItem\",\"position\":1,\"name\":\"Accueil\",\"item\":\"https:\/\/blogs.thesocialmedia.com\/leblogmoto\/\"},{\"@type\":\"ListItem\",\"position\":2,\"name\":\"Dakar 2009 : Direction l&rsquo;Am\u00e9rique du Sud\"}]},{\"@type\":\"WebSite\",\"@id\":\"https:\/\/blogs.thesocialmedia.com\/leblogmoto\/#website\",\"url\":\"https:\/\/blogs.thesocialmedia.com\/leblogmoto\/\",\"name\":\"leblogmoto\",\"description\":\"Toute l&#039;actualit\u00e9 des 2 roues\",\"potentialAction\":[{\"@type\":\"SearchAction\",\"target\":{\"@type\":\"EntryPoint\",\"urlTemplate\":\"https:\/\/blogs.thesocialmedia.com\/leblogmoto\/?s={search_term_string}\"},\"query-input\":{\"@type\":\"PropertyValueSpecification\",\"valueRequired\":true,\"valueName\":\"search_term_string\"}}],\"inLanguage\":\"fr-FR\"},{\"@type\":\"Person\",\"@id\":\"https:\/\/blogs.thesocialmedia.com\/leblogmoto\/#\/schema\/person\/769623f89741cc3381675029a37764f8\",\"name\":\"gregory boucaud\",\"image\":{\"@type\":\"ImageObject\",\"inLanguage\":\"fr-FR\",\"@id\":\"https:\/\/blogs.thesocialmedia.com\/leblogmoto\/#\/schema\/person\/image\/\",\"url\":\"https:\/\/secure.gravatar.com\/avatar\/?s=96&d=mm&r=g\",\"contentUrl\":\"https:\/\/secure.gravatar.com\/avatar\/?s=96&d=mm&r=g\",\"caption\":\"gregory boucaud\"},\"url\":\"https:\/\/blogs.thesocialmedia.com\/leblogmoto\/author\/gregory-boucaud\/\"}]}<\/script>\n<!-- \/ Yoast SEO plugin. -->","yoast_head_json":{"title":"Dakar 2009 : Direction l'Am\u00e9rique du Sud - leblogmoto.com","robots":{"index":"index","follow":"follow","max-snippet":"max-snippet:-1","max-image-preview":"max-image-preview:large","max-video-preview":"max-video-preview:-1"},"canonical":"https:\/\/blogs.thesocialmedia.com\/leblogmoto\/2008\/02\/18\/dakar-2009-dire\/","twitter_card":"summary_large_image","twitter_title":"Dakar 2009 : Direction l'Am\u00e9rique du Sud - leblogmoto.com","twitter_description":"Ca y est c&rsquo;est maintenant d\u00e9finitif, le Dakar 2009 aura lieu en Am\u00e9rique du Sud et plus pr\u00e9cis\u00e9ment en Argentine et au Chili du 3 au 18 janvier 2009. En tout, pas moins de 9 000 km dont 6 000 de sp\u00e9ciales entre Valparaiso et Buenos Aires.Mais pourquoi l&rsquo;Argentine et le Chili ? Tout simplement [&hellip;]","twitter_image":"http:\/\/www.leblogmoto.com\/images\/2008\/02\/18\/photo_dakar_2009.jpg","twitter_misc":{"\u00c9crit par":"gregory boucaud","Dur\u00e9e de lecture estim\u00e9e":"1 minute"},"schema":{"@context":"https:\/\/schema.org","@graph":[{"@type":"WebPage","@id":"https:\/\/blogs.thesocialmedia.com\/leblogmoto\/2008\/02\/18\/dakar-2009-dire\/","url":"https:\/\/blogs.thesocialmedia.com\/leblogmoto\/2008\/02\/18\/dakar-2009-dire\/","name":"Dakar 2009 : Direction l'Am\u00e9rique du Sud - leblogmoto.com","isPartOf":{"@id":"https:\/\/blogs.thesocialmedia.com\/leblogmoto\/#website"},"primaryImageOfPage":{"@id":"https:\/\/blogs.thesocialmedia.com\/leblogmoto\/2008\/02\/18\/dakar-2009-dire\/#primaryimage"},"image":{"@id":"https:\/\/blogs.thesocialmedia.com\/leblogmoto\/2008\/02\/18\/dakar-2009-dire\/#primaryimage"},"thumbnailUrl":"http:\/\/www.leblogmoto.com\/images\/2008\/02\/18\/photo_dakar_2009.jpg","datePublished":"2008-02-18T14:31:33+00:00","dateModified":"2012-07-11T15:22:41+00:00","author":{"@id":"https:\/\/blogs.thesocialmedia.com\/leblogmoto\/#\/schema\/person\/769623f89741cc3381675029a37764f8"},"breadcrumb":{"@id":"https:\/\/blogs.thesocialmedia.com\/leblogmoto\/2008\/02\/18\/dakar-2009-dire\/#breadcrumb"},"inLanguage":"fr-FR","potentialAction":[{"@type":"ReadAction","target":["https:\/\/blogs.thesocialmedia.com\/leblogmoto\/2008\/02\/18\/dakar-2009-dire\/"]}]},{"@type":"ImageObject","inLanguage":"fr-FR","@id":"https:\/\/blogs.thesocialmedia.com\/leblogmoto\/2008\/02\/18\/dakar-2009-dire\/#primaryimage","url":"http:\/\/www.leblogmoto.com\/images\/2008\/02\/18\/photo_dakar_2009.jpg","contentUrl":"http:\/\/www.leblogmoto.com\/images\/2008\/02\/18\/photo_dakar_2009.jpg"},{"@type":"BreadcrumbList","@id":"https:\/\/blogs.thesocialmedia.com\/leblogmoto\/2008\/02\/18\/dakar-2009-dire\/#breadcrumb","itemListElement":[{"@type":"ListItem","position":1,"name":"Accueil","item":"https:\/\/blogs.thesocialmedia.com\/leblogmoto\/"},{"@type":"ListItem","position":2,"name":"Dakar 2009 : Direction l&rsquo;Am\u00e9rique du Sud"}]},{"@type":"WebSite","@id":"https:\/\/blogs.thesocialmedia.com\/leblogmoto\/#website","url":"https:\/\/blogs.thesocialmedia.com\/leblogmoto\/","name":"leblogmoto","description":"Toute l&#039;actualit\u00e9 des 2 roues","potentialAction":[{"@type":"SearchAction","target":{"@type":"EntryPoint","urlTemplate":"https:\/\/blogs.thesocialmedia.com\/leblogmoto\/?s={search_term_string}"},"query-input":{"@type":"PropertyValueSpecification","valueRequired":true,"valueName":"search_term_string"}}],"inLanguage":"fr-FR"},{"@type":"Person","@id":"https:\/\/blogs.thesocialmedia.com\/leblogmoto\/#\/schema\/person\/769623f89741cc3381675029a37764f8","name":"gregory boucaud","image":{"@type":"ImageObject","inLanguage":"fr-FR","@id":"https:\/\/blogs.thesocialmedia.com\/leblogmoto\/#\/schema\/person\/image\/","url":"https:\/\/secure.gravatar.com\/avatar\/?s=96&d=mm&r=g","contentUrl":"https:\/\/secure.gravatar.com\/avatar\/?s=96&d=mm&r=g","caption":"gregory boucaud"},"url":"https:\/\/blogs.thesocialmedia.com\/leblogmoto\/author\/gregory-boucaud\/"}]}},"_links":{"self":[{"href":"https:\/\/blogs.thesocialmedia.com\/leblogmoto\/wp-json\/wp\/v2\/posts\/900","targetHints":{"allow":["GET"]}}],"collection":[{"href":"https:\/\/blogs.thesocialmedia.com\/leblogmoto\/wp-json\/wp\/v2\/posts"}],"about":[{"href":"https:\/\/blogs.thesocialmedia.com\/leblogmoto\/wp-json\/wp\/v2\/types\/post"}],"author":[{"embeddable":true,"href":"https:\/\/blogs.thesocialmedia.com\/leblogmoto\/wp-json\/wp\/v2\/users\/329"}],"replies":[{"embeddable":true,"href":"https:\/\/blogs.thesocialmedia.com\/leblogmoto\/wp-json\/wp\/v2\/comments?post=900"}],"version-history":[{"count":2,"href":"https:\/\/blogs.thesocialmedia.com\/leblogmoto\/wp-json\/wp\/v2\/posts\/900\/revisions"}],"predecessor-version":[{"id":9979,"href":"https:\/\/blogs.thesocialmedia.com\/leblogmoto\/wp-json\/wp\/v2\/posts\/900\/revisions\/9979"}],"wp:attachment":[{"href":"https:\/\/blogs.thesocialmedia.com\/leblogmoto\/wp-json\/wp\/v2\/media?parent=900"}],"wp:term":[{"taxonomy":"category","embeddable":true,"href":"https:\/\/blogs.thesocialmedia.com\/leblogmoto\/wp-json\/wp\/v2\/categories?post=900"},{"taxonomy":"post_tag","embeddable":true,"href":"https:\/\/blogs.thesocialmedia.com\/leblogmoto\/wp-json\/wp\/v2\/tags?post=900"}],"curies":[{"name":"wp","href":"https:\/\/api.w.org\/{rel}","templated":true}]}}