{"id":901,"date":"2008-02-16T04:52:05","date_gmt":"2008-02-16T04:52:05","guid":{"rendered":"http:\/\/blogs.thesocialmedia.com\/leblogmoto\/2008\/02\/16\/brp-ski-doo-les\/"},"modified":"2012-07-11T15:22:40","modified_gmt":"2012-07-11T15:22:40","slug":"brp-ski-doo-les","status":"publish","type":"post","link":"https:\/\/blogs.thesocialmedia.com\/leblogmoto\/2008\/02\/16\/brp-ski-doo-les\/","title":{"rendered":"BRP Ski-Doo, les prix fondent plus vite au sud"},"content":{"rendered":"<p><a href=\"http:\/\/blogs.thesocialmedia.com\/leblogmoto\/files\/2012\/07\/bkg_01.jpg\"><img loading=\"lazy\" decoding=\"async\" width=\"470\" height=\"174\"  src=\"http:\/\/www.leblogmoto.com\/images\/2008\/02\/15\/bkg_01.jpg\" alt=\"Bkg_01\" \/><\/a> <\/p>\n<p>Le <a href=\"http:\/\/www.ski-doo.com\/fr-CA\/Index.htm\">Ski-Doo<\/a> a d\u00e9j\u00e0 50 ans, si l&rsquo;on compte l&rsquo;ann\u00e9e de d\u00e9veloppement, puisque la premi\u00e8re motoneige de <a href=\"http:\/\/www.museebombardier.com\/fr\/content\/jab\/biographie1907_1925.htm\">Joseph-Armand Bombardier<\/a> verra sa production d\u00e9marr\u00e9e en 1949. Mais les r\u00e9jouissances ne seront peut-\u00eatre pas pour tout de suite. En effet, la grogne des amateurs se fait de plus en plus persistante devant la politique de prix mise de l&rsquo;avant par BRP envers ses clients canadiens et qu\u00e9b\u00e9cois.<\/p>\n<p>Depuis des d\u00e9cennies que notre devise \u00e9tait d\u00e9valu\u00e9e face \u00e0 celle de nos voisins du sud, on s&rsquo;\u00e9tait fait \u00e0 l&rsquo;id\u00e9e de payer plus cher la majorit\u00e9 de nos biens de consommation import\u00e9s. Mais voil\u00e0 que la conjecture politique et \u00e9conomique aidant, notre dollar canadien est maintenant \u00e0 parit\u00e9 avec le dollar \u00e9tasunien, plus d&rsquo;excuses donc pour payer plus cher notre Chevrolet, construite m\u00eame au Canada. \u00c9tait-il na\u00eff de croire qu&rsquo;ils allaient renoncer \u00e0 leurs beaux profits juste pour les beaux yeux de leur client\u00e8le? Oui!<\/p>\n<p>Et ce qui ajoute l&rsquo;insulte au m\u00e9pris, dans le cas qui nous int\u00e9resse, est que BRP,une entreprise qu\u00e9b\u00e9coise, vend ses produits plus cher \u00e0 sa famille qu&rsquo;aux voisins. Par exemple, un d\u00e9taillant Ski-Doo ayant pignon sur rue tout pr\u00e8s de l&rsquo;usine de BRP, trouverait plus profitable d&rsquo;acheter les motoneiges chez un commer\u00e7ant des \u00c9tats-Unis plut\u00f4t que de l&rsquo;usine dont il voit la chemin\u00e9e de sa fen\u00eatre.<\/p>\n<p><a href=\"http:\/\/clabedan.typepad.com\/.shared\/image.html?\/photos\/uncategorized\/2008\/02\/15\/bkg_02.jpg\"><img loading=\"lazy\" decoding=\"async\" width=\"470\" height=\"262\"  src=\"http:\/\/www.leblogmoto.com\/images\/2008\/02\/15\/bkg_02.jpg\" alt=\"Bkg_02\" \/><\/a> <\/p>\n<p>BRP r\u00e9pond aux accusations en signifiant que sa strat\u00e9gie est \u00e9tablie en fonction du march\u00e9 de l&rsquo;offre et de la demande, et non celle du taux de change. Pourtant, le logo Ski-Doo appara\u00eet sur plus de 70% des motoneiges sur les sentiers du Qu\u00e9bec, il serait donc temps que l&rsquo;offre s&rsquo;apparente \u00e0 la demande.<\/p>\n<p>Le constructeur de Valcourt annonce du m\u00eame souffle que sa nouvelle politique de prix sera d\u00e9voil\u00e9e sous peu&#8230; en Floride. Les motoneigistes canadiens en ont d\u00e9j\u00e0 des frissons.<\/p>\n<p><a href=\"http:\/\/blogs.thesocialmedia.com\/leblogmoto\/files\/2012\/07\/bkg_03.jpg\"><img loading=\"lazy\" decoding=\"async\" width=\"470\" height=\"262\"  src=\"http:\/\/www.leblogmoto.com\/images\/2008\/02\/15\/bkg_03.jpg\" alt=\"Bkg_03\" \/><\/a> <\/p>\n<p><a href=\"http:\/\/blogs.thesocialmedia.com\/leblogmoto\/files\/2012\/07\/bkg_04.jpg\"><img loading=\"lazy\" decoding=\"async\" width=\"470\" height=\"270\"  src=\"http:\/\/www.leblogmoto.com\/images\/2008\/02\/15\/bkg_04.jpg\" alt=\"Bkg_04\" \/><\/a> <\/p>\n<p><a href=\"http:\/\/blogs.thesocialmedia.com\/leblogmoto\/files\/2012\/07\/bkg_05.jpg\"><img loading=\"lazy\" decoding=\"async\" width=\"470\" height=\"241\"  src=\"http:\/\/www.leblogmoto.com\/images\/2008\/02\/15\/bkg_05.jpg\" alt=\"Bkg_05\" \/><\/a> <\/p>\n","protected":false},"excerpt":{"rendered":"<p>Le Ski-Doo a d\u00e9j\u00e0 50 ans, si l&rsquo;on compte l&rsquo;ann\u00e9e de d\u00e9veloppement, puisque la premi\u00e8re motoneige de Joseph-Armand Bombardier verra sa production d\u00e9marr\u00e9e en 1949. Mais les r\u00e9jouissances ne seront peut-\u00eatre pas pour tout de suite. En effet, la grogne des amateurs se fait de plus en plus persistante devant la politique de prix mise [&hellip;]<\/p>\n","protected":false},"author":325,"featured_media":0,"comment_status":"open","ping_status":"open","sticky":false,"template":"","format":"standard","meta":{"footnotes":""},"categories":[3,67,68],"tags":[],"class_list":["post-901","post","type-post","status-publish","format-standard","hentry","category-actualite","category-brp","category-rotax"],"yoast_head":"<!-- This site is optimized with the Yoast SEO plugin v26.0 - https:\/\/yoast.com\/wordpress\/plugins\/seo\/ -->\n<title>BRP Ski-Doo, les prix fondent plus vite au sud - leblogmoto.com<\/title>\n<meta name=\"robots\" content=\"index, follow, max-snippet:-1, max-image-preview:large, max-video-preview:-1\" \/>\n<link rel=\"canonical\" href=\"https:\/\/blogs.thesocialmedia.com\/leblogmoto\/2008\/02\/16\/brp-ski-doo-les\/\" \/>\n<meta name=\"twitter:card\" content=\"summary_large_image\" \/>\n<meta name=\"twitter:title\" content=\"BRP Ski-Doo, les prix fondent plus vite au sud - leblogmoto.com\" \/>\n<meta name=\"twitter:description\" content=\"Le Ski-Doo a d\u00e9j\u00e0 50 ans, si l&rsquo;on compte l&rsquo;ann\u00e9e de d\u00e9veloppement, puisque la premi\u00e8re motoneige de Joseph-Armand Bombardier verra sa production d\u00e9marr\u00e9e en 1949. Mais les r\u00e9jouissances ne seront peut-\u00eatre pas pour tout de suite. En effet, la grogne des amateurs se fait de plus en plus persistante devant la politique de prix mise [&hellip;]\" \/>\n<meta name=\"twitter:image\" content=\"http:\/\/www.leblogmoto.com\/images\/2008\/02\/15\/bkg_01.jpg\" \/>\n<meta name=\"twitter:label1\" content=\"\u00c9crit par\" \/>\n\t<meta name=\"twitter:data1\" content=\"jacques lesage\" \/>\n\t<meta name=\"twitter:label2\" content=\"Dur\u00e9e de lecture estim\u00e9e\" \/>\n\t<meta name=\"twitter:data2\" content=\"2 minutes\" \/>\n<script type=\"application\/ld+json\" class=\"yoast-schema-graph\">{\"@context\":\"https:\/\/schema.org\",\"@graph\":[{\"@type\":\"WebPage\",\"@id\":\"https:\/\/blogs.thesocialmedia.com\/leblogmoto\/2008\/02\/16\/brp-ski-doo-les\/\",\"url\":\"https:\/\/blogs.thesocialmedia.com\/leblogmoto\/2008\/02\/16\/brp-ski-doo-les\/\",\"name\":\"BRP Ski-Doo, les prix fondent plus vite au sud - leblogmoto.com\",\"isPartOf\":{\"@id\":\"https:\/\/blogs.thesocialmedia.com\/leblogmoto\/#website\"},\"primaryImageOfPage\":{\"@id\":\"https:\/\/blogs.thesocialmedia.com\/leblogmoto\/2008\/02\/16\/brp-ski-doo-les\/#primaryimage\"},\"image\":{\"@id\":\"https:\/\/blogs.thesocialmedia.com\/leblogmoto\/2008\/02\/16\/brp-ski-doo-les\/#primaryimage\"},\"thumbnailUrl\":\"http:\/\/www.leblogmoto.com\/images\/2008\/02\/15\/bkg_01.jpg\",\"datePublished\":\"2008-02-16T04:52:05+00:00\",\"dateModified\":\"2012-07-11T15:22:40+00:00\",\"author\":{\"@id\":\"https:\/\/blogs.thesocialmedia.com\/leblogmoto\/#\/schema\/person\/e82a0ca8a9a63d031586097a3ed58526\"},\"breadcrumb\":{\"@id\":\"https:\/\/blogs.thesocialmedia.com\/leblogmoto\/2008\/02\/16\/brp-ski-doo-les\/#breadcrumb\"},\"inLanguage\":\"fr-FR\",\"potentialAction\":[{\"@type\":\"ReadAction\",\"target\":[\"https:\/\/blogs.thesocialmedia.com\/leblogmoto\/2008\/02\/16\/brp-ski-doo-les\/\"]}]},{\"@type\":\"ImageObject\",\"inLanguage\":\"fr-FR\",\"@id\":\"https:\/\/blogs.thesocialmedia.com\/leblogmoto\/2008\/02\/16\/brp-ski-doo-les\/#primaryimage\",\"url\":\"http:\/\/www.leblogmoto.com\/images\/2008\/02\/15\/bkg_01.jpg\",\"contentUrl\":\"http:\/\/www.leblogmoto.com\/images\/2008\/02\/15\/bkg_01.jpg\"},{\"@type\":\"BreadcrumbList\",\"@id\":\"https:\/\/blogs.thesocialmedia.com\/leblogmoto\/2008\/02\/16\/brp-ski-doo-les\/#breadcrumb\",\"itemListElement\":[{\"@type\":\"ListItem\",\"position\":1,\"name\":\"Accueil\",\"item\":\"https:\/\/blogs.thesocialmedia.com\/leblogmoto\/\"},{\"@type\":\"ListItem\",\"position\":2,\"name\":\"BRP Ski-Doo, les prix fondent plus vite au sud\"}]},{\"@type\":\"WebSite\",\"@id\":\"https:\/\/blogs.thesocialmedia.com\/leblogmoto\/#website\",\"url\":\"https:\/\/blogs.thesocialmedia.com\/leblogmoto\/\",\"name\":\"leblogmoto\",\"description\":\"Toute l&#039;actualit\u00e9 des 2 roues\",\"potentialAction\":[{\"@type\":\"SearchAction\",\"target\":{\"@type\":\"EntryPoint\",\"urlTemplate\":\"https:\/\/blogs.thesocialmedia.com\/leblogmoto\/?s={search_term_string}\"},\"query-input\":{\"@type\":\"PropertyValueSpecification\",\"valueRequired\":true,\"valueName\":\"search_term_string\"}}],\"inLanguage\":\"fr-FR\"},{\"@type\":\"Person\",\"@id\":\"https:\/\/blogs.thesocialmedia.com\/leblogmoto\/#\/schema\/person\/e82a0ca8a9a63d031586097a3ed58526\",\"name\":\"jacques lesage\",\"image\":{\"@type\":\"ImageObject\",\"inLanguage\":\"fr-FR\",\"@id\":\"https:\/\/blogs.thesocialmedia.com\/leblogmoto\/#\/schema\/person\/image\/\",\"url\":\"https:\/\/secure.gravatar.com\/avatar\/?s=96&d=mm&r=g\",\"contentUrl\":\"https:\/\/secure.gravatar.com\/avatar\/?s=96&d=mm&r=g\",\"caption\":\"jacques lesage\"},\"url\":\"https:\/\/blogs.thesocialmedia.com\/leblogmoto\/author\/jacques-lesage\/\"}]}<\/script>\n<!-- \/ Yoast SEO plugin. -->","yoast_head_json":{"title":"BRP Ski-Doo, les prix fondent plus vite au sud - leblogmoto.com","robots":{"index":"index","follow":"follow","max-snippet":"max-snippet:-1","max-image-preview":"max-image-preview:large","max-video-preview":"max-video-preview:-1"},"canonical":"https:\/\/blogs.thesocialmedia.com\/leblogmoto\/2008\/02\/16\/brp-ski-doo-les\/","twitter_card":"summary_large_image","twitter_title":"BRP Ski-Doo, les prix fondent plus vite au sud - leblogmoto.com","twitter_description":"Le Ski-Doo a d\u00e9j\u00e0 50 ans, si l&rsquo;on compte l&rsquo;ann\u00e9e de d\u00e9veloppement, puisque la premi\u00e8re motoneige de Joseph-Armand Bombardier verra sa production d\u00e9marr\u00e9e en 1949. Mais les r\u00e9jouissances ne seront peut-\u00eatre pas pour tout de suite. En effet, la grogne des amateurs se fait de plus en plus persistante devant la politique de prix mise [&hellip;]","twitter_image":"http:\/\/www.leblogmoto.com\/images\/2008\/02\/15\/bkg_01.jpg","twitter_misc":{"\u00c9crit par":"jacques lesage","Dur\u00e9e de lecture estim\u00e9e":"2 minutes"},"schema":{"@context":"https:\/\/schema.org","@graph":[{"@type":"WebPage","@id":"https:\/\/blogs.thesocialmedia.com\/leblogmoto\/2008\/02\/16\/brp-ski-doo-les\/","url":"https:\/\/blogs.thesocialmedia.com\/leblogmoto\/2008\/02\/16\/brp-ski-doo-les\/","name":"BRP Ski-Doo, les prix fondent plus vite au sud - leblogmoto.com","isPartOf":{"@id":"https:\/\/blogs.thesocialmedia.com\/leblogmoto\/#website"},"primaryImageOfPage":{"@id":"https:\/\/blogs.thesocialmedia.com\/leblogmoto\/2008\/02\/16\/brp-ski-doo-les\/#primaryimage"},"image":{"@id":"https:\/\/blogs.thesocialmedia.com\/leblogmoto\/2008\/02\/16\/brp-ski-doo-les\/#primaryimage"},"thumbnailUrl":"http:\/\/www.leblogmoto.com\/images\/2008\/02\/15\/bkg_01.jpg","datePublished":"2008-02-16T04:52:05+00:00","dateModified":"2012-07-11T15:22:40+00:00","author":{"@id":"https:\/\/blogs.thesocialmedia.com\/leblogmoto\/#\/schema\/person\/e82a0ca8a9a63d031586097a3ed58526"},"breadcrumb":{"@id":"https:\/\/blogs.thesocialmedia.com\/leblogmoto\/2008\/02\/16\/brp-ski-doo-les\/#breadcrumb"},"inLanguage":"fr-FR","potentialAction":[{"@type":"ReadAction","target":["https:\/\/blogs.thesocialmedia.com\/leblogmoto\/2008\/02\/16\/brp-ski-doo-les\/"]}]},{"@type":"ImageObject","inLanguage":"fr-FR","@id":"https:\/\/blogs.thesocialmedia.com\/leblogmoto\/2008\/02\/16\/brp-ski-doo-les\/#primaryimage","url":"http:\/\/www.leblogmoto.com\/images\/2008\/02\/15\/bkg_01.jpg","contentUrl":"http:\/\/www.leblogmoto.com\/images\/2008\/02\/15\/bkg_01.jpg"},{"@type":"BreadcrumbList","@id":"https:\/\/blogs.thesocialmedia.com\/leblogmoto\/2008\/02\/16\/brp-ski-doo-les\/#breadcrumb","itemListElement":[{"@type":"ListItem","position":1,"name":"Accueil","item":"https:\/\/blogs.thesocialmedia.com\/leblogmoto\/"},{"@type":"ListItem","position":2,"name":"BRP Ski-Doo, les prix fondent plus vite au sud"}]},{"@type":"WebSite","@id":"https:\/\/blogs.thesocialmedia.com\/leblogmoto\/#website","url":"https:\/\/blogs.thesocialmedia.com\/leblogmoto\/","name":"leblogmoto","description":"Toute l&#039;actualit\u00e9 des 2 roues","potentialAction":[{"@type":"SearchAction","target":{"@type":"EntryPoint","urlTemplate":"https:\/\/blogs.thesocialmedia.com\/leblogmoto\/?s={search_term_string}"},"query-input":{"@type":"PropertyValueSpecification","valueRequired":true,"valueName":"search_term_string"}}],"inLanguage":"fr-FR"},{"@type":"Person","@id":"https:\/\/blogs.thesocialmedia.com\/leblogmoto\/#\/schema\/person\/e82a0ca8a9a63d031586097a3ed58526","name":"jacques lesage","image":{"@type":"ImageObject","inLanguage":"fr-FR","@id":"https:\/\/blogs.thesocialmedia.com\/leblogmoto\/#\/schema\/person\/image\/","url":"https:\/\/secure.gravatar.com\/avatar\/?s=96&d=mm&r=g","contentUrl":"https:\/\/secure.gravatar.com\/avatar\/?s=96&d=mm&r=g","caption":"jacques lesage"},"url":"https:\/\/blogs.thesocialmedia.com\/leblogmoto\/author\/jacques-lesage\/"}]}},"_links":{"self":[{"href":"https:\/\/blogs.thesocialmedia.com\/leblogmoto\/wp-json\/wp\/v2\/posts\/901","targetHints":{"allow":["GET"]}}],"collection":[{"href":"https:\/\/blogs.thesocialmedia.com\/leblogmoto\/wp-json\/wp\/v2\/posts"}],"about":[{"href":"https:\/\/blogs.thesocialmedia.com\/leblogmoto\/wp-json\/wp\/v2\/types\/post"}],"author":[{"embeddable":true,"href":"https:\/\/blogs.thesocialmedia.com\/leblogmoto\/wp-json\/wp\/v2\/users\/325"}],"replies":[{"embeddable":true,"href":"https:\/\/blogs.thesocialmedia.com\/leblogmoto\/wp-json\/wp\/v2\/comments?post=901"}],"version-history":[{"count":2,"href":"https:\/\/blogs.thesocialmedia.com\/leblogmoto\/wp-json\/wp\/v2\/posts\/901\/revisions"}],"predecessor-version":[{"id":9977,"href":"https:\/\/blogs.thesocialmedia.com\/leblogmoto\/wp-json\/wp\/v2\/posts\/901\/revisions\/9977"}],"wp:attachment":[{"href":"https:\/\/blogs.thesocialmedia.com\/leblogmoto\/wp-json\/wp\/v2\/media?parent=901"}],"wp:term":[{"taxonomy":"category","embeddable":true,"href":"https:\/\/blogs.thesocialmedia.com\/leblogmoto\/wp-json\/wp\/v2\/categories?post=901"},{"taxonomy":"post_tag","embeddable":true,"href":"https:\/\/blogs.thesocialmedia.com\/leblogmoto\/wp-json\/wp\/v2\/tags?post=901"}],"curies":[{"name":"wp","href":"https:\/\/api.w.org\/{rel}","templated":true}]}}