{"id":903,"date":"2008-02-14T03:10:30","date_gmt":"2008-02-14T03:10:30","guid":{"rendered":"http:\/\/blogs.thesocialmedia.com\/leblogmoto\/2008\/02\/14\/album-du-vend-2-13\/"},"modified":"2012-07-11T15:22:18","modified_gmt":"2012-07-11T15:22:18","slug":"album-du-vend-2-13","status":"publish","type":"post","link":"https:\/\/blogs.thesocialmedia.com\/leblogmoto\/2008\/02\/14\/album-du-vend-2-13\/","title":{"rendered":"Album du vendredi, Brangelina"},"content":{"rendered":"<p><em><a href=\"http:\/\/blogs.thesocialmedia.com\/leblogmoto\/files\/2012\/07\/brangelina.jpg\"><img loading=\"lazy\" decoding=\"async\" width=\"470\" height=\"287\"  alt=\"Brangelina\" src=\"http:\/\/www.leblogmoto.com\/images\/2008\/02\/13\/brangelina.jpg\" \/><\/a> <br \/>photos <a href=\"http:\/\/www.acegallery.net\/artistmenu.php?pageNum_ACE=0&amp;totalRows_ACE=113&amp;Artist=41\">Martin Schoeller<\/a> <\/em><\/p>\n<p>Non, l&rsquo;espace temps ne vous joue pas de vilains tours, c&rsquo;est bien l&rsquo;album du vendredi un jeudi. C&rsquo;est la Saint-Valentin alors, qu&rsquo;est-ce qu&rsquo;on ne ferait pas pour la f\u00eate de l&rsquo;amour? Et qui de mieux pour la c\u00e9l\u00e9brer que le couple le plus c\u00e9l\u00e8bre de la plan\u00e8te?<br \/>Heureusement pour nous, non seulement Brad et Angelina sont amoureux l&rsquo;un de l&rsquo;autre, mais ils sont \u00e9galement fous des 2 roues. Les couples de motards ne sont pas rares, mais d&rsquo;aussi c\u00e9l\u00e8bres se permettant m\u00eame de faire leurs courses en moto, c&rsquo;est moins fr\u00e9quent. D&rsquo;ailleurs, les Britanniques ont sacr\u00e9 Angelina Jolie comme <a href=\"http:\/\/www.motorcyclenews.com\/MCN\/News\/newsresults\/mcn\/2008\/February-1-3\/4-10\/feb0508angelinajolievotedfavouritepillion\/?&amp;R=EPI-98422\">co\u00e9quipi\u00e8re r\u00eav\u00e9e<\/a> lors d&rsquo;un sondage r\u00e9alis\u00e9 lors de leur Salon de la moto il y a quelques semaines. Et en tant que sujet de sa Majest\u00e9 moi-m\u00eame, je ne peux qu&rsquo;\u00eatre d&rsquo;accord avec eux, pour une fois.<\/p>\n<p><a href=\"http:\/\/clabedan.typepad.com\/.shared\/image.html?\/photos\/uncategorized\/2008\/02\/13\/brangelina4.jpg\"><img loading=\"lazy\" decoding=\"async\" width=\"470\" height=\"322\"  alt=\"Brangelina4\" src=\"http:\/\/www.leblogmoto.com\/images\/2008\/02\/13\/brangelina4.jpg\" \/><\/a> <\/p>\n<p><a href=\"http:\/\/blogs.thesocialmedia.com\/leblogmoto\/files\/2012\/07\/brangelina3.jpg\"><img loading=\"lazy\" decoding=\"async\" width=\"470\" height=\"319\"  alt=\"Brangelina3\" src=\"http:\/\/www.leblogmoto.com\/images\/2008\/02\/13\/brangelina3.jpg\" \/><\/a> <\/p>\n<p><a href=\"http:\/\/blogs.thesocialmedia.com\/leblogmoto\/files\/2012\/07\/brangelina2.jpg\"><img loading=\"lazy\" decoding=\"async\" width=\"470\" height=\"171\"  alt=\"Brangelina2\" src=\"http:\/\/www.leblogmoto.com\/images\/2008\/02\/13\/brangelina2.jpg\" \/><\/a> <\/p>\n<p><a href=\"http:\/\/blogs.thesocialmedia.com\/leblogmoto\/files\/2012\/07\/brangelina1.jpg\"><img loading=\"lazy\" decoding=\"async\" width=\"470\" height=\"289\"  alt=\"Brangelina1\" src=\"http:\/\/www.leblogmoto.com\/images\/2008\/02\/13\/brangelina1.jpg\" \/><\/a> <\/p>\n<p>Dans la vie comme au cin\u00e9ma, le couple n&rsquo;arr\u00eate pas de rouler. Ici dans \u00ab<a href=\"http:\/\/www.tombraidermovie.com\/\">Lara Croft<\/a>\u00bb bien s\u00fbr, et dans \u00ab<a href=\"http:\/\/benjamin-button-trailer.blogspot.com\/\">The curious case of Benjamin<\/a><a href=\"http:\/\/benjamin-button-trailer.blogspot.com\/\"> Button<\/a>\u00bb pour Brad Pitt.<\/p>\n<p><a href=\"http:\/\/clabedan.typepad.com\/.shared\/image.html?\/photos\/uncategorized\/2008\/02\/13\/brangelina5.jpg\"><img loading=\"lazy\" decoding=\"async\" width=\"470\" height=\"191\"  alt=\"Brangelina5\" src=\"http:\/\/www.leblogmoto.com\/images\/2008\/02\/13\/brangelina5.jpg\" \/><\/a> <\/p>\n<p>Et admettons en terminant que Brad Pitt fait un sans-faute dans ses choix de montures. Alors, notre Valentin 2008 est <a href=\"http:\/\/brangelina.net\/\">Brangelina<\/a>.<\/p>\n<p><a href=\"http:\/\/clabedan.typepad.com\/.shared\/image.html?\/photos\/uncategorized\/2008\/02\/13\/brad8.jpg\"><img loading=\"lazy\" decoding=\"async\" width=\"470\" height=\"226\"  alt=\"Brad8\" src=\"http:\/\/www.leblogmoto.com\/images\/2008\/02\/13\/brad8.jpg\" \/><\/a> <\/p>\n<p><a href=\"http:\/\/blogs.thesocialmedia.com\/leblogmoto\/files\/2012\/07\/brad5.jpg\"><img loading=\"lazy\" decoding=\"async\" width=\"470\" height=\"593\"  alt=\"Brad5\" src=\"http:\/\/www.leblogmoto.com\/images\/2008\/02\/13\/brad5.jpg\" \/><\/a> <\/p>\n<p><a href=\"http:\/\/blogs.thesocialmedia.com\/leblogmoto\/files\/2012\/07\/brad4.jpg\"><img loading=\"lazy\" decoding=\"async\" width=\"470\" height=\"405\"  alt=\"Brad4\" src=\"http:\/\/www.leblogmoto.com\/images\/2008\/02\/13\/brad4.jpg\" \/><\/a> <\/p>\n<p><a href=\"http:\/\/blogs.thesocialmedia.com\/leblogmoto\/files\/2012\/07\/brad3.jpg\"><img loading=\"lazy\" decoding=\"async\" width=\"470\" height=\"299\"  alt=\"Brad3\" src=\"http:\/\/www.leblogmoto.com\/images\/2008\/02\/13\/brad3.jpg\" \/><\/a> <\/p>\n<p><a href=\"http:\/\/blogs.thesocialmedia.com\/leblogmoto\/files\/2012\/07\/brad1.jpg\"><img loading=\"lazy\" decoding=\"async\" width=\"470\" height=\"305\"  alt=\"Brad1\" src=\"http:\/\/www.leblogmoto.com\/images\/2008\/02\/13\/brad1.jpg\" \/><\/a> <\/p>\n","protected":false},"excerpt":{"rendered":"<p>photos Martin Schoeller Non, l&rsquo;espace temps ne vous joue pas de vilains tours, c&rsquo;est bien l&rsquo;album du vendredi un jeudi. C&rsquo;est la Saint-Valentin alors, qu&rsquo;est-ce qu&rsquo;on ne ferait pas pour la f\u00eate de l&rsquo;amour? Et qui de mieux pour la c\u00e9l\u00e9brer que le couple le plus c\u00e9l\u00e8bre de la plan\u00e8te?Heureusement pour nous, non seulement Brad [&hellip;]<\/p>\n","protected":false},"author":325,"featured_media":0,"comment_status":"open","ping_status":"open","sticky":false,"template":"","format":"standard","meta":{"footnotes":""},"categories":[17],"tags":[],"class_list":["post-903","post","type-post","status-publish","format-standard","hentry","category-divers"],"yoast_head":"<!-- This site is optimized with the Yoast SEO plugin v26.0 - https:\/\/yoast.com\/wordpress\/plugins\/seo\/ -->\n<title>Album du vendredi, Brangelina - leblogmoto.com<\/title>\n<meta name=\"robots\" content=\"index, follow, max-snippet:-1, max-image-preview:large, max-video-preview:-1\" \/>\n<link rel=\"canonical\" href=\"https:\/\/blogs.thesocialmedia.com\/leblogmoto\/2008\/02\/14\/album-du-vend-2-13\/\" \/>\n<meta name=\"twitter:card\" content=\"summary_large_image\" \/>\n<meta name=\"twitter:title\" content=\"Album du vendredi, Brangelina - leblogmoto.com\" \/>\n<meta name=\"twitter:description\" content=\"photos Martin Schoeller Non, l&rsquo;espace temps ne vous joue pas de vilains tours, c&rsquo;est bien l&rsquo;album du vendredi un jeudi. C&rsquo;est la Saint-Valentin alors, qu&rsquo;est-ce qu&rsquo;on ne ferait pas pour la f\u00eate de l&rsquo;amour? Et qui de mieux pour la c\u00e9l\u00e9brer que le couple le plus c\u00e9l\u00e8bre de la plan\u00e8te?Heureusement pour nous, non seulement Brad [&hellip;]\" \/>\n<meta name=\"twitter:image\" content=\"http:\/\/www.leblogmoto.com\/images\/2008\/02\/13\/brangelina.jpg\" \/>\n<meta name=\"twitter:label1\" content=\"\u00c9crit par\" \/>\n\t<meta name=\"twitter:data1\" content=\"jacques lesage\" \/>\n\t<meta name=\"twitter:label2\" content=\"Dur\u00e9e de lecture estim\u00e9e\" \/>\n\t<meta name=\"twitter:data2\" content=\"1 minute\" \/>\n<script type=\"application\/ld+json\" class=\"yoast-schema-graph\">{\"@context\":\"https:\/\/schema.org\",\"@graph\":[{\"@type\":\"WebPage\",\"@id\":\"https:\/\/blogs.thesocialmedia.com\/leblogmoto\/2008\/02\/14\/album-du-vend-2-13\/\",\"url\":\"https:\/\/blogs.thesocialmedia.com\/leblogmoto\/2008\/02\/14\/album-du-vend-2-13\/\",\"name\":\"Album du vendredi, Brangelina - leblogmoto.com\",\"isPartOf\":{\"@id\":\"https:\/\/blogs.thesocialmedia.com\/leblogmoto\/#website\"},\"primaryImageOfPage\":{\"@id\":\"https:\/\/blogs.thesocialmedia.com\/leblogmoto\/2008\/02\/14\/album-du-vend-2-13\/#primaryimage\"},\"image\":{\"@id\":\"https:\/\/blogs.thesocialmedia.com\/leblogmoto\/2008\/02\/14\/album-du-vend-2-13\/#primaryimage\"},\"thumbnailUrl\":\"http:\/\/www.leblogmoto.com\/images\/2008\/02\/13\/brangelina.jpg\",\"datePublished\":\"2008-02-14T03:10:30+00:00\",\"dateModified\":\"2012-07-11T15:22:18+00:00\",\"author\":{\"@id\":\"https:\/\/blogs.thesocialmedia.com\/leblogmoto\/#\/schema\/person\/e82a0ca8a9a63d031586097a3ed58526\"},\"breadcrumb\":{\"@id\":\"https:\/\/blogs.thesocialmedia.com\/leblogmoto\/2008\/02\/14\/album-du-vend-2-13\/#breadcrumb\"},\"inLanguage\":\"fr-FR\",\"potentialAction\":[{\"@type\":\"ReadAction\",\"target\":[\"https:\/\/blogs.thesocialmedia.com\/leblogmoto\/2008\/02\/14\/album-du-vend-2-13\/\"]}]},{\"@type\":\"ImageObject\",\"inLanguage\":\"fr-FR\",\"@id\":\"https:\/\/blogs.thesocialmedia.com\/leblogmoto\/2008\/02\/14\/album-du-vend-2-13\/#primaryimage\",\"url\":\"http:\/\/www.leblogmoto.com\/images\/2008\/02\/13\/brangelina.jpg\",\"contentUrl\":\"http:\/\/www.leblogmoto.com\/images\/2008\/02\/13\/brangelina.jpg\"},{\"@type\":\"BreadcrumbList\",\"@id\":\"https:\/\/blogs.thesocialmedia.com\/leblogmoto\/2008\/02\/14\/album-du-vend-2-13\/#breadcrumb\",\"itemListElement\":[{\"@type\":\"ListItem\",\"position\":1,\"name\":\"Accueil\",\"item\":\"https:\/\/blogs.thesocialmedia.com\/leblogmoto\/\"},{\"@type\":\"ListItem\",\"position\":2,\"name\":\"Album du vendredi, Brangelina\"}]},{\"@type\":\"WebSite\",\"@id\":\"https:\/\/blogs.thesocialmedia.com\/leblogmoto\/#website\",\"url\":\"https:\/\/blogs.thesocialmedia.com\/leblogmoto\/\",\"name\":\"leblogmoto\",\"description\":\"Toute l&#039;actualit\u00e9 des 2 roues\",\"potentialAction\":[{\"@type\":\"SearchAction\",\"target\":{\"@type\":\"EntryPoint\",\"urlTemplate\":\"https:\/\/blogs.thesocialmedia.com\/leblogmoto\/?s={search_term_string}\"},\"query-input\":{\"@type\":\"PropertyValueSpecification\",\"valueRequired\":true,\"valueName\":\"search_term_string\"}}],\"inLanguage\":\"fr-FR\"},{\"@type\":\"Person\",\"@id\":\"https:\/\/blogs.thesocialmedia.com\/leblogmoto\/#\/schema\/person\/e82a0ca8a9a63d031586097a3ed58526\",\"name\":\"jacques lesage\",\"image\":{\"@type\":\"ImageObject\",\"inLanguage\":\"fr-FR\",\"@id\":\"https:\/\/blogs.thesocialmedia.com\/leblogmoto\/#\/schema\/person\/image\/\",\"url\":\"https:\/\/secure.gravatar.com\/avatar\/?s=96&d=mm&r=g\",\"contentUrl\":\"https:\/\/secure.gravatar.com\/avatar\/?s=96&d=mm&r=g\",\"caption\":\"jacques lesage\"},\"url\":\"https:\/\/blogs.thesocialmedia.com\/leblogmoto\/author\/jacques-lesage\/\"}]}<\/script>\n<!-- \/ Yoast SEO plugin. -->","yoast_head_json":{"title":"Album du vendredi, Brangelina - leblogmoto.com","robots":{"index":"index","follow":"follow","max-snippet":"max-snippet:-1","max-image-preview":"max-image-preview:large","max-video-preview":"max-video-preview:-1"},"canonical":"https:\/\/blogs.thesocialmedia.com\/leblogmoto\/2008\/02\/14\/album-du-vend-2-13\/","twitter_card":"summary_large_image","twitter_title":"Album du vendredi, Brangelina - leblogmoto.com","twitter_description":"photos Martin Schoeller Non, l&rsquo;espace temps ne vous joue pas de vilains tours, c&rsquo;est bien l&rsquo;album du vendredi un jeudi. C&rsquo;est la Saint-Valentin alors, qu&rsquo;est-ce qu&rsquo;on ne ferait pas pour la f\u00eate de l&rsquo;amour? Et qui de mieux pour la c\u00e9l\u00e9brer que le couple le plus c\u00e9l\u00e8bre de la plan\u00e8te?Heureusement pour nous, non seulement Brad [&hellip;]","twitter_image":"http:\/\/www.leblogmoto.com\/images\/2008\/02\/13\/brangelina.jpg","twitter_misc":{"\u00c9crit par":"jacques lesage","Dur\u00e9e de lecture estim\u00e9e":"1 minute"},"schema":{"@context":"https:\/\/schema.org","@graph":[{"@type":"WebPage","@id":"https:\/\/blogs.thesocialmedia.com\/leblogmoto\/2008\/02\/14\/album-du-vend-2-13\/","url":"https:\/\/blogs.thesocialmedia.com\/leblogmoto\/2008\/02\/14\/album-du-vend-2-13\/","name":"Album du vendredi, Brangelina - leblogmoto.com","isPartOf":{"@id":"https:\/\/blogs.thesocialmedia.com\/leblogmoto\/#website"},"primaryImageOfPage":{"@id":"https:\/\/blogs.thesocialmedia.com\/leblogmoto\/2008\/02\/14\/album-du-vend-2-13\/#primaryimage"},"image":{"@id":"https:\/\/blogs.thesocialmedia.com\/leblogmoto\/2008\/02\/14\/album-du-vend-2-13\/#primaryimage"},"thumbnailUrl":"http:\/\/www.leblogmoto.com\/images\/2008\/02\/13\/brangelina.jpg","datePublished":"2008-02-14T03:10:30+00:00","dateModified":"2012-07-11T15:22:18+00:00","author":{"@id":"https:\/\/blogs.thesocialmedia.com\/leblogmoto\/#\/schema\/person\/e82a0ca8a9a63d031586097a3ed58526"},"breadcrumb":{"@id":"https:\/\/blogs.thesocialmedia.com\/leblogmoto\/2008\/02\/14\/album-du-vend-2-13\/#breadcrumb"},"inLanguage":"fr-FR","potentialAction":[{"@type":"ReadAction","target":["https:\/\/blogs.thesocialmedia.com\/leblogmoto\/2008\/02\/14\/album-du-vend-2-13\/"]}]},{"@type":"ImageObject","inLanguage":"fr-FR","@id":"https:\/\/blogs.thesocialmedia.com\/leblogmoto\/2008\/02\/14\/album-du-vend-2-13\/#primaryimage","url":"http:\/\/www.leblogmoto.com\/images\/2008\/02\/13\/brangelina.jpg","contentUrl":"http:\/\/www.leblogmoto.com\/images\/2008\/02\/13\/brangelina.jpg"},{"@type":"BreadcrumbList","@id":"https:\/\/blogs.thesocialmedia.com\/leblogmoto\/2008\/02\/14\/album-du-vend-2-13\/#breadcrumb","itemListElement":[{"@type":"ListItem","position":1,"name":"Accueil","item":"https:\/\/blogs.thesocialmedia.com\/leblogmoto\/"},{"@type":"ListItem","position":2,"name":"Album du vendredi, Brangelina"}]},{"@type":"WebSite","@id":"https:\/\/blogs.thesocialmedia.com\/leblogmoto\/#website","url":"https:\/\/blogs.thesocialmedia.com\/leblogmoto\/","name":"leblogmoto","description":"Toute l&#039;actualit\u00e9 des 2 roues","potentialAction":[{"@type":"SearchAction","target":{"@type":"EntryPoint","urlTemplate":"https:\/\/blogs.thesocialmedia.com\/leblogmoto\/?s={search_term_string}"},"query-input":{"@type":"PropertyValueSpecification","valueRequired":true,"valueName":"search_term_string"}}],"inLanguage":"fr-FR"},{"@type":"Person","@id":"https:\/\/blogs.thesocialmedia.com\/leblogmoto\/#\/schema\/person\/e82a0ca8a9a63d031586097a3ed58526","name":"jacques lesage","image":{"@type":"ImageObject","inLanguage":"fr-FR","@id":"https:\/\/blogs.thesocialmedia.com\/leblogmoto\/#\/schema\/person\/image\/","url":"https:\/\/secure.gravatar.com\/avatar\/?s=96&d=mm&r=g","contentUrl":"https:\/\/secure.gravatar.com\/avatar\/?s=96&d=mm&r=g","caption":"jacques lesage"},"url":"https:\/\/blogs.thesocialmedia.com\/leblogmoto\/author\/jacques-lesage\/"}]}},"_links":{"self":[{"href":"https:\/\/blogs.thesocialmedia.com\/leblogmoto\/wp-json\/wp\/v2\/posts\/903","targetHints":{"allow":["GET"]}}],"collection":[{"href":"https:\/\/blogs.thesocialmedia.com\/leblogmoto\/wp-json\/wp\/v2\/posts"}],"about":[{"href":"https:\/\/blogs.thesocialmedia.com\/leblogmoto\/wp-json\/wp\/v2\/types\/post"}],"author":[{"embeddable":true,"href":"https:\/\/blogs.thesocialmedia.com\/leblogmoto\/wp-json\/wp\/v2\/users\/325"}],"replies":[{"embeddable":true,"href":"https:\/\/blogs.thesocialmedia.com\/leblogmoto\/wp-json\/wp\/v2\/comments?post=903"}],"version-history":[{"count":2,"href":"https:\/\/blogs.thesocialmedia.com\/leblogmoto\/wp-json\/wp\/v2\/posts\/903\/revisions"}],"predecessor-version":[{"id":9965,"href":"https:\/\/blogs.thesocialmedia.com\/leblogmoto\/wp-json\/wp\/v2\/posts\/903\/revisions\/9965"}],"wp:attachment":[{"href":"https:\/\/blogs.thesocialmedia.com\/leblogmoto\/wp-json\/wp\/v2\/media?parent=903"}],"wp:term":[{"taxonomy":"category","embeddable":true,"href":"https:\/\/blogs.thesocialmedia.com\/leblogmoto\/wp-json\/wp\/v2\/categories?post=903"},{"taxonomy":"post_tag","embeddable":true,"href":"https:\/\/blogs.thesocialmedia.com\/leblogmoto\/wp-json\/wp\/v2\/tags?post=903"}],"curies":[{"name":"wp","href":"https:\/\/api.w.org\/{rel}","templated":true}]}}