{"id":906,"date":"2008-02-12T21:40:28","date_gmt":"2008-02-12T21:40:28","guid":{"rendered":"http:\/\/blogs.thesocialmedia.com\/leblogmoto\/2008\/02\/12\/dtails-de-lopra\/"},"modified":"2012-07-11T15:21:52","modified_gmt":"2012-07-11T15:21:52","slug":"dtails-de-lopra","status":"publish","type":"post","link":"https:\/\/blogs.thesocialmedia.com\/leblogmoto\/2008\/02\/12\/dtails-de-lopra\/","title":{"rendered":"D\u00e9tails de l&rsquo;Op\u00e9ration portes ouvertes circuits 2008."},"content":{"rendered":"<p><a href=\"http:\/\/blogs.thesocialmedia.com\/leblogmoto\/files\/2012\/07\/gsx_r_1000_p.jpg\"><img loading=\"lazy\" decoding=\"async\" width=\"470\" height=\"309\"  src=\"http:\/\/www.leblogmoto.com\/images\/2008\/02\/12\/gsx_r_1000_p.jpg\" alt=\"Gsx_r_1000_p\" \/><\/a><\/p>\n<p>Une bonne nouvelle pour tous ceux qui poss\u00e8dent une moto d\u00e9brid\u00e9e, oups pardon excusez moi on la refait: une bonne nouvelle pour ceux qui am\u00e8nent en remorque leur machine d\u00e9brid\u00e9e sur circuit pour la piloter* (vous avez dit absurde ?), la <a href=\"http:\/\/www.ffmoto.org\/\">F\u00e9d\u00e9ration Fran\u00e7aise de Motocyclisme<\/a> renouvelle son op\u00e9ration &quot;portes ouvertes circuits&quot;. Qui plus est en raison de son succ\u00e8s et de l&rsquo;accueil favorable des motards, elle l&rsquo;\u00e9tend, avec cinq dates suppl\u00e9mentaires, portant le total \u00e0 27 journ\u00e9es, contre 22 en 2007.<\/p>\n<p>Cela ne vous emp\u00eachera pas de vous acquitter de droits d&rsquo;acc\u00e8s \u00e0 la piste (\u00e0 partir de 25 \u20ac) d&rsquo;autant que vous serez encadr\u00e9s par un personnel d&rsquo;\u00e9ducateur dipl\u00f4m\u00e9s d&rsquo;Etat. Pr\u00e9voyez \u00e9galement l&rsquo;int\u00e9gral, gants, bottes, et tenue cuir (blouson et pantalon, ou combinaison). Et une dorsale on pourrait ajouter. Que les d\u00e9butants se rassurent, les motards sont r\u00e9partis en plusieurs sessions selon leur niveau.<\/p>\n<p>Pour cela il faudra vous inscrire sur <a href=\"http:\/\/www.ffmoto.org\/\">le site de la F\u00e9d\u00e9<\/a> \u00e0 partir du 6 mars prochain. Qui dit 27 journ\u00e9es sur 16 circuits, dit circuits r\u00e9serv\u00e9s pour plusieurs dates: deux \u00e0 Nogaro et deux \u00e9galement \u00e0 Albi-Le S\u00e9questre (son nom officiel), pour parler des circuits qui me tiennent \u00e0 c\u0153ur, et trois fois \u00e0 Carole, par exemple.<\/p>\n<p>A part \u00e7a, j&rsquo;irais bien essayer la piste de Biltzheim (L&rsquo;Anneau du Rhin), construit sur un ancien domaine de chasse et qui est para\u00eet-il superbe, autant pour son circuit que pour l&rsquo;ambiance qui le baigne. <\/p>\n<p>Tous \u00e0 vos <em>slicks<\/em> !<\/p>\n<p><em>*de toute fa\u00e7on m\u00eame si ces journ\u00e9es-l\u00e0 sont ouvertes \u00e0 toutes les cylindr\u00e9es, seules les motos et \u00e9chappement homologu\u00e9s routes sont accept\u00e9s: Ils ont pr\u00e9vu un banc pour tester le nombres de canassons des machines ?<\/em><\/p>\n<p>Les dates, donc:<em><\/em><\/p>\n<p> Vendredi 11 Avril: Carole (93)<\/p>\n<p>Vendredi 25 Avril: Carole (93)<\/p>\n<p>Vendredi 16 Mai: Croix en Ternois (62)<\/p>\n<p>Vendredi 23 Mai: Beuvarde (02)<\/p>\n<p>Samedi 7 Juin: Pau-Arnos (64)<\/p>\n<p>Dimanche 8 Juin: Albi (81)<\/p>\n<p>Lundi 9 Juin: Nogaro (32)<\/p>\n<p>Lundi 30 Juin: Al\u00e8s (30)<\/p>\n<p>Vendredi 4 Juillet: Anneau du Rhin (68)<\/p>\n<p>Mardi 15 Juillet: Carole (93)<\/p>\n<p>Jeudi 17 Juillet: La Bresse (71)<\/p>\n<p>Vendredi 18 Juillet: Crois en Ternois (62)<\/p>\n<p>Vendredi 25 Juillet: Nevers Magny-Cours (58)<\/p>\n<p>Lundi 28 Juillet: Fay de Bretagne (44)<\/p>\n<p>Vendredi 1 Ao\u00fbt: Lurcy-Levis (03)<\/p>\n<p>Vendredi 29 Ao\u00fbt: Mans-Maison Blanche (72)<\/p>\n<p>Dimanche 31 Ao\u00fbt: Beuvardes (02)<\/p>\n<p>Vendredi 5 Septembre: Croix en Ternois (62)<\/p>\n<p>Lundi 8 Septembre: Nogaro (32)<\/p>\n<p>Vendredi 12 Septembre: Val de Vienne (86)<\/p>\n<p>Vendredi 19 Septembre: Albi (81)<\/p>\n<p>Mercredi 24 Septembre: Carole (93)<\/p>\n<p>Dimanche 28 Septembre: Folembay (02)<\/p>\n<p>Vendredi 3 Octobre: Al\u00e8s (30)<\/p>\n<p>Lundi 13 Octobre: Pau-Arnos (64)<\/p>\n<p>Lundi 27 Octobre: Al\u00e8s (30)<\/p>\n","protected":false},"excerpt":{"rendered":"<p>Une bonne nouvelle pour tous ceux qui poss\u00e8dent une moto d\u00e9brid\u00e9e, oups pardon excusez moi on la refait: une bonne nouvelle pour ceux qui am\u00e8nent en remorque leur machine d\u00e9brid\u00e9e sur circuit pour la piloter* (vous avez dit absurde ?), la F\u00e9d\u00e9ration Fran\u00e7aise de Motocyclisme renouvelle son op\u00e9ration &quot;portes ouvertes circuits&quot;. Qui plus est en [&hellip;]<\/p>\n","protected":false},"author":324,"featured_media":0,"comment_status":"open","ping_status":"open","sticky":false,"template":"","format":"standard","meta":{"footnotes":""},"categories":[3,10,27,32],"tags":[],"class_list":["post-906","post","type-post","status-publish","format-standard","hentry","category-actualite","category-meetings","category-securite","category-sport-moto"],"yoast_head":"<!-- This site is optimized with the Yoast SEO plugin v26.0 - https:\/\/yoast.com\/wordpress\/plugins\/seo\/ -->\n<title>D\u00e9tails de l&#039;Op\u00e9ration portes ouvertes circuits 2008. - leblogmoto.com<\/title>\n<meta name=\"robots\" content=\"index, follow, max-snippet:-1, max-image-preview:large, max-video-preview:-1\" \/>\n<link rel=\"canonical\" href=\"https:\/\/blogs.thesocialmedia.com\/leblogmoto\/2008\/02\/12\/dtails-de-lopra\/\" \/>\n<meta name=\"twitter:card\" content=\"summary_large_image\" \/>\n<meta name=\"twitter:title\" content=\"D\u00e9tails de l&#039;Op\u00e9ration portes ouvertes circuits 2008. - leblogmoto.com\" \/>\n<meta name=\"twitter:description\" content=\"Une bonne nouvelle pour tous ceux qui poss\u00e8dent une moto d\u00e9brid\u00e9e, oups pardon excusez moi on la refait: une bonne nouvelle pour ceux qui am\u00e8nent en remorque leur machine d\u00e9brid\u00e9e sur circuit pour la piloter* (vous avez dit absurde ?), la F\u00e9d\u00e9ration Fran\u00e7aise de Motocyclisme renouvelle son op\u00e9ration &quot;portes ouvertes circuits&quot;. Qui plus est en [&hellip;]\" \/>\n<meta name=\"twitter:image\" content=\"http:\/\/www.leblogmoto.com\/images\/2008\/02\/12\/gsx_r_1000_p.jpg\" \/>\n<meta name=\"twitter:label1\" content=\"\u00c9crit par\" \/>\n\t<meta name=\"twitter:data1\" content=\"benoit rieu\" \/>\n\t<meta name=\"twitter:label2\" content=\"Dur\u00e9e de lecture estim\u00e9e\" \/>\n\t<meta name=\"twitter:data2\" content=\"2 minutes\" \/>\n<script type=\"application\/ld+json\" class=\"yoast-schema-graph\">{\"@context\":\"https:\/\/schema.org\",\"@graph\":[{\"@type\":\"WebPage\",\"@id\":\"https:\/\/blogs.thesocialmedia.com\/leblogmoto\/2008\/02\/12\/dtails-de-lopra\/\",\"url\":\"https:\/\/blogs.thesocialmedia.com\/leblogmoto\/2008\/02\/12\/dtails-de-lopra\/\",\"name\":\"D\u00e9tails de l'Op\u00e9ration portes ouvertes circuits 2008. - leblogmoto.com\",\"isPartOf\":{\"@id\":\"https:\/\/blogs.thesocialmedia.com\/leblogmoto\/#website\"},\"primaryImageOfPage\":{\"@id\":\"https:\/\/blogs.thesocialmedia.com\/leblogmoto\/2008\/02\/12\/dtails-de-lopra\/#primaryimage\"},\"image\":{\"@id\":\"https:\/\/blogs.thesocialmedia.com\/leblogmoto\/2008\/02\/12\/dtails-de-lopra\/#primaryimage\"},\"thumbnailUrl\":\"http:\/\/www.leblogmoto.com\/images\/2008\/02\/12\/gsx_r_1000_p.jpg\",\"datePublished\":\"2008-02-12T21:40:28+00:00\",\"dateModified\":\"2012-07-11T15:21:52+00:00\",\"author\":{\"@id\":\"https:\/\/blogs.thesocialmedia.com\/leblogmoto\/#\/schema\/person\/18bfe773e5725ed6d24f743da805362a\"},\"breadcrumb\":{\"@id\":\"https:\/\/blogs.thesocialmedia.com\/leblogmoto\/2008\/02\/12\/dtails-de-lopra\/#breadcrumb\"},\"inLanguage\":\"fr-FR\",\"potentialAction\":[{\"@type\":\"ReadAction\",\"target\":[\"https:\/\/blogs.thesocialmedia.com\/leblogmoto\/2008\/02\/12\/dtails-de-lopra\/\"]}]},{\"@type\":\"ImageObject\",\"inLanguage\":\"fr-FR\",\"@id\":\"https:\/\/blogs.thesocialmedia.com\/leblogmoto\/2008\/02\/12\/dtails-de-lopra\/#primaryimage\",\"url\":\"http:\/\/www.leblogmoto.com\/images\/2008\/02\/12\/gsx_r_1000_p.jpg\",\"contentUrl\":\"http:\/\/www.leblogmoto.com\/images\/2008\/02\/12\/gsx_r_1000_p.jpg\"},{\"@type\":\"BreadcrumbList\",\"@id\":\"https:\/\/blogs.thesocialmedia.com\/leblogmoto\/2008\/02\/12\/dtails-de-lopra\/#breadcrumb\",\"itemListElement\":[{\"@type\":\"ListItem\",\"position\":1,\"name\":\"Accueil\",\"item\":\"https:\/\/blogs.thesocialmedia.com\/leblogmoto\/\"},{\"@type\":\"ListItem\",\"position\":2,\"name\":\"D\u00e9tails de l&rsquo;Op\u00e9ration portes ouvertes circuits 2008.\"}]},{\"@type\":\"WebSite\",\"@id\":\"https:\/\/blogs.thesocialmedia.com\/leblogmoto\/#website\",\"url\":\"https:\/\/blogs.thesocialmedia.com\/leblogmoto\/\",\"name\":\"leblogmoto\",\"description\":\"Toute l&#039;actualit\u00e9 des 2 roues\",\"potentialAction\":[{\"@type\":\"SearchAction\",\"target\":{\"@type\":\"EntryPoint\",\"urlTemplate\":\"https:\/\/blogs.thesocialmedia.com\/leblogmoto\/?s={search_term_string}\"},\"query-input\":{\"@type\":\"PropertyValueSpecification\",\"valueRequired\":true,\"valueName\":\"search_term_string\"}}],\"inLanguage\":\"fr-FR\"},{\"@type\":\"Person\",\"@id\":\"https:\/\/blogs.thesocialmedia.com\/leblogmoto\/#\/schema\/person\/18bfe773e5725ed6d24f743da805362a\",\"name\":\"benoit rieu\",\"image\":{\"@type\":\"ImageObject\",\"inLanguage\":\"fr-FR\",\"@id\":\"https:\/\/blogs.thesocialmedia.com\/leblogmoto\/#\/schema\/person\/image\/\",\"url\":\"https:\/\/secure.gravatar.com\/avatar\/?s=96&d=mm&r=g\",\"contentUrl\":\"https:\/\/secure.gravatar.com\/avatar\/?s=96&d=mm&r=g\",\"caption\":\"benoit rieu\"},\"url\":\"https:\/\/blogs.thesocialmedia.com\/leblogmoto\/author\/benoit-rieu\/\"}]}<\/script>\n<!-- \/ Yoast SEO plugin. -->","yoast_head_json":{"title":"D\u00e9tails de l'Op\u00e9ration portes ouvertes circuits 2008. - leblogmoto.com","robots":{"index":"index","follow":"follow","max-snippet":"max-snippet:-1","max-image-preview":"max-image-preview:large","max-video-preview":"max-video-preview:-1"},"canonical":"https:\/\/blogs.thesocialmedia.com\/leblogmoto\/2008\/02\/12\/dtails-de-lopra\/","twitter_card":"summary_large_image","twitter_title":"D\u00e9tails de l'Op\u00e9ration portes ouvertes circuits 2008. - leblogmoto.com","twitter_description":"Une bonne nouvelle pour tous ceux qui poss\u00e8dent une moto d\u00e9brid\u00e9e, oups pardon excusez moi on la refait: une bonne nouvelle pour ceux qui am\u00e8nent en remorque leur machine d\u00e9brid\u00e9e sur circuit pour la piloter* (vous avez dit absurde ?), la F\u00e9d\u00e9ration Fran\u00e7aise de Motocyclisme renouvelle son op\u00e9ration &quot;portes ouvertes circuits&quot;. Qui plus est en [&hellip;]","twitter_image":"http:\/\/www.leblogmoto.com\/images\/2008\/02\/12\/gsx_r_1000_p.jpg","twitter_misc":{"\u00c9crit par":"benoit rieu","Dur\u00e9e de lecture estim\u00e9e":"2 minutes"},"schema":{"@context":"https:\/\/schema.org","@graph":[{"@type":"WebPage","@id":"https:\/\/blogs.thesocialmedia.com\/leblogmoto\/2008\/02\/12\/dtails-de-lopra\/","url":"https:\/\/blogs.thesocialmedia.com\/leblogmoto\/2008\/02\/12\/dtails-de-lopra\/","name":"D\u00e9tails de l'Op\u00e9ration portes ouvertes circuits 2008. - leblogmoto.com","isPartOf":{"@id":"https:\/\/blogs.thesocialmedia.com\/leblogmoto\/#website"},"primaryImageOfPage":{"@id":"https:\/\/blogs.thesocialmedia.com\/leblogmoto\/2008\/02\/12\/dtails-de-lopra\/#primaryimage"},"image":{"@id":"https:\/\/blogs.thesocialmedia.com\/leblogmoto\/2008\/02\/12\/dtails-de-lopra\/#primaryimage"},"thumbnailUrl":"http:\/\/www.leblogmoto.com\/images\/2008\/02\/12\/gsx_r_1000_p.jpg","datePublished":"2008-02-12T21:40:28+00:00","dateModified":"2012-07-11T15:21:52+00:00","author":{"@id":"https:\/\/blogs.thesocialmedia.com\/leblogmoto\/#\/schema\/person\/18bfe773e5725ed6d24f743da805362a"},"breadcrumb":{"@id":"https:\/\/blogs.thesocialmedia.com\/leblogmoto\/2008\/02\/12\/dtails-de-lopra\/#breadcrumb"},"inLanguage":"fr-FR","potentialAction":[{"@type":"ReadAction","target":["https:\/\/blogs.thesocialmedia.com\/leblogmoto\/2008\/02\/12\/dtails-de-lopra\/"]}]},{"@type":"ImageObject","inLanguage":"fr-FR","@id":"https:\/\/blogs.thesocialmedia.com\/leblogmoto\/2008\/02\/12\/dtails-de-lopra\/#primaryimage","url":"http:\/\/www.leblogmoto.com\/images\/2008\/02\/12\/gsx_r_1000_p.jpg","contentUrl":"http:\/\/www.leblogmoto.com\/images\/2008\/02\/12\/gsx_r_1000_p.jpg"},{"@type":"BreadcrumbList","@id":"https:\/\/blogs.thesocialmedia.com\/leblogmoto\/2008\/02\/12\/dtails-de-lopra\/#breadcrumb","itemListElement":[{"@type":"ListItem","position":1,"name":"Accueil","item":"https:\/\/blogs.thesocialmedia.com\/leblogmoto\/"},{"@type":"ListItem","position":2,"name":"D\u00e9tails de l&rsquo;Op\u00e9ration portes ouvertes circuits 2008."}]},{"@type":"WebSite","@id":"https:\/\/blogs.thesocialmedia.com\/leblogmoto\/#website","url":"https:\/\/blogs.thesocialmedia.com\/leblogmoto\/","name":"leblogmoto","description":"Toute l&#039;actualit\u00e9 des 2 roues","potentialAction":[{"@type":"SearchAction","target":{"@type":"EntryPoint","urlTemplate":"https:\/\/blogs.thesocialmedia.com\/leblogmoto\/?s={search_term_string}"},"query-input":{"@type":"PropertyValueSpecification","valueRequired":true,"valueName":"search_term_string"}}],"inLanguage":"fr-FR"},{"@type":"Person","@id":"https:\/\/blogs.thesocialmedia.com\/leblogmoto\/#\/schema\/person\/18bfe773e5725ed6d24f743da805362a","name":"benoit rieu","image":{"@type":"ImageObject","inLanguage":"fr-FR","@id":"https:\/\/blogs.thesocialmedia.com\/leblogmoto\/#\/schema\/person\/image\/","url":"https:\/\/secure.gravatar.com\/avatar\/?s=96&d=mm&r=g","contentUrl":"https:\/\/secure.gravatar.com\/avatar\/?s=96&d=mm&r=g","caption":"benoit rieu"},"url":"https:\/\/blogs.thesocialmedia.com\/leblogmoto\/author\/benoit-rieu\/"}]}},"_links":{"self":[{"href":"https:\/\/blogs.thesocialmedia.com\/leblogmoto\/wp-json\/wp\/v2\/posts\/906","targetHints":{"allow":["GET"]}}],"collection":[{"href":"https:\/\/blogs.thesocialmedia.com\/leblogmoto\/wp-json\/wp\/v2\/posts"}],"about":[{"href":"https:\/\/blogs.thesocialmedia.com\/leblogmoto\/wp-json\/wp\/v2\/types\/post"}],"author":[{"embeddable":true,"href":"https:\/\/blogs.thesocialmedia.com\/leblogmoto\/wp-json\/wp\/v2\/users\/324"}],"replies":[{"embeddable":true,"href":"https:\/\/blogs.thesocialmedia.com\/leblogmoto\/wp-json\/wp\/v2\/comments?post=906"}],"version-history":[{"count":2,"href":"https:\/\/blogs.thesocialmedia.com\/leblogmoto\/wp-json\/wp\/v2\/posts\/906\/revisions"}],"predecessor-version":[{"id":9947,"href":"https:\/\/blogs.thesocialmedia.com\/leblogmoto\/wp-json\/wp\/v2\/posts\/906\/revisions\/9947"}],"wp:attachment":[{"href":"https:\/\/blogs.thesocialmedia.com\/leblogmoto\/wp-json\/wp\/v2\/media?parent=906"}],"wp:term":[{"taxonomy":"category","embeddable":true,"href":"https:\/\/blogs.thesocialmedia.com\/leblogmoto\/wp-json\/wp\/v2\/categories?post=906"},{"taxonomy":"post_tag","embeddable":true,"href":"https:\/\/blogs.thesocialmedia.com\/leblogmoto\/wp-json\/wp\/v2\/tags?post=906"}],"curies":[{"name":"wp","href":"https:\/\/api.w.org\/{rel}","templated":true}]}}