{"id":907,"date":"2008-02-12T07:18:14","date_gmt":"2008-02-12T07:18:14","guid":{"rendered":"http:\/\/blogs.thesocialmedia.com\/leblogmoto\/2008\/02\/12\/prsentation-off\/"},"modified":"2012-07-11T15:21:50","modified_gmt":"2012-07-11T15:21:50","slug":"prsentation-off","status":"publish","type":"post","link":"https:\/\/blogs.thesocialmedia.com\/leblogmoto\/2008\/02\/12\/prsentation-off\/","title":{"rendered":"Pr\u00e9sentation officielle de la nouvelle Suzuki GSV-R."},"content":{"rendered":"<p><a href=\"http:\/\/blogs.thesocialmedia.com\/leblogmoto\/files\/2012\/07\/suzuki_gsvr_2008_capirossi.jpg\"><img loading=\"lazy\" decoding=\"async\" width=\"470\" height=\"358\"  src=\"http:\/\/www.leblogmoto.com\/images\/2008\/02\/11\/suzuki_gsvr_2008_capirossi.jpg\" alt=\"Suzuki_gsvr_2008_capirossi\" \/><\/a><\/p>\n<p>Apr\u00e8s la <a href=\"http:\/\/blogs.thesocialmedia.com\/leblogmoto\/files\/2012\/07\/prsentation-off.html_.png\">YZR-M1 du team Fiat-Yamaha<\/a>, c&rsquo;est une surprenante MotoGP taill\u00e9e \u00e0 la serpe qu&rsquo;a pr\u00e9sent\u00e9 Suzuki hier. Plus ramass\u00e9e, une bulle plus abrupte, elle est dite plus maniable et moins gourmande selon ses concepteurs, avec toujours cette conduite d&rsquo;air forc\u00e9e caract\u00e9ristique en forme de losange, refroidissant le V4. Et une nouveaut\u00e9: ce d\u00e9flecteur c\u00f4t\u00e9 droit. Apparemment entre l&rsquo;option tuyauterie sous la selle ou sur le c\u00f4t\u00e9, la firme d&rsquo;Hamamatsu&#8230; n&rsquo;a toujours pas choisi, comme en 2007.<\/p>\n<p>A son guidon, une nouvelle recrue: le n\u00b065 Loris Capirossi (tr\u00e8s amaigri sur ces photos je trouve) est venu remplacer John Hopkins parti chez Kawa*. Et une confirmation: Chris Vermeulen qui \u00e9trenne son nouveau num\u00e9ro 7, \u00e0 la place du n\u00b071 l&rsquo;ann\u00e9e derni\u00e8re. Paul Denning, le team manager anglais, a t&rsquo;il des raisons d&rsquo;esp\u00e9rer ?<\/p>\n<p>Le triple champion du monde italien Capirex (deux fois en 125 et une fois en 250) est sur une pente descendante que sa flamboyante tourn\u00e9e asiatique 2007 pour Ducati n&rsquo;a pas r\u00e9ussi \u00e0 masquer, l&rsquo;ombre de Stoner sans doute. Et son nouveau co\u00e9quipier, un autre Australien, n&rsquo;a jamais vraiment r\u00e9ussi \u00e0 confirmer son titre de champion du monde Supersport 2003, malgr\u00e9 une belle victoire au Mans la saison derni\u00e8re qui nous ferait (presque) mentir.<\/p>\n<p>Il semble en tout cas que ce qui faisait la force de la Suz&rsquo; l&rsquo;ann\u00e9e pr\u00e9c\u00e9dente, sa stabilit\u00e9 au freinage (peut-\u00eatre la meilleure du plateau), ait \u00e9t\u00e9 sauvegard\u00e9e, et ses d\u00e9fauts (maniabilit\u00e9, caract\u00e8re moteur, gestion \u00e9lectronique) partiellement gomm\u00e9s. <\/p>\n<p>C&rsquo;est du moins ce qui ressort du communiqu\u00e9 de presse consensuel, mais aussi du <em>feedback<\/em> des pilotes, que l&rsquo;on voit ici \u00e0 Sepang lors des test hivernaux, alors que la GSV-R arborait encore une livr\u00e9e noire** et un garde-boue (d\u00e9j\u00e0) bleu. Ajoutez \u00e0 cela pour compl\u00e9ter <em>le package<\/em>, les montes Bridgestone&#8230;<\/p>\n<p>Encore une fois je vous conseille le site de <a href=\"http:\/\/www.rizla-suzuki-motogp.co.uk\/index.aspx\">Rizla+ Suzuki MotoGP<\/a>, \u00e0 mon avis le site web de team le plus r\u00e9ussi, qui pr\u00e9sente les photos que vous voyez ici \u00e0 t\u00e9l\u00e9charger en haute r\u00e9solution, bien plus qu&rsquo;il n&rsquo;en faut pour un \u00e9cran d&rsquo;ordi, m\u00eame tr\u00e8s confortable.<br \/><em><br \/>*et victime d&rsquo;une d\u00e9chirure des adducteurs il y a une dizaine de jours lors des essais \u00e0 Philip Island.<\/em><\/p>\n<p><em>**en fait le car\u00e9nage et le r\u00e9servoir \u00e0 l&rsquo;\u00e9tat brut, sans la d\u00e9co. De pr\u00e8s on peut m\u00eame apercevoir la trame des fibres de carbones sur les panneaux de la moto qui lui conf\u00e8re ce rendu si particulier.<br \/><\/em><\/p>\n<p><a href=\"http:\/\/clabedan.typepad.com\/.shared\/image.html?\/photos\/uncategorized\/2008\/02\/11\/suzuki_gsvr_2008_capirossi_b.jpg\"><img loading=\"lazy\" decoding=\"async\" width=\"470\" height=\"358\"  src=\"http:\/\/www.leblogmoto.com\/images\/2008\/02\/11\/suzuki_gsvr_2008_capirossi_b.jpg\" alt=\"Suzuki_gsvr_2008_capirossi_b\" \/><\/a><\/p>\n<p><a href=\"http:\/\/blogs.thesocialmedia.com\/leblogmoto\/files\/2012\/07\/suzuki_gsvr_2008_vermeulen.jpg\"><img loading=\"lazy\" decoding=\"async\" width=\"470\" height=\"358\"  src=\"http:\/\/www.leblogmoto.com\/images\/2008\/02\/11\/suzuki_gsvr_2008_vermeulen.jpg\" alt=\"Suzuki_gsvr_2008_vermeulen\" \/><\/a> <br \/><a href=\"http:\/\/blogs.thesocialmedia.com\/leblogmoto\/files\/2012\/07\/suzuki_gsvr_2008_vermeulen_b.jpg\"><img loading=\"lazy\" decoding=\"async\" width=\"470\" height=\"358\"  src=\"http:\/\/www.leblogmoto.com\/images\/2008\/02\/11\/suzuki_gsvr_2008_vermeulen_b.jpg\" alt=\"Suzuki_gsvr_2008_vermeulen_b\" \/><\/a> <br \/><a href=\"http:\/\/blogs.thesocialmedia.com\/leblogmoto\/files\/2012\/07\/dg_30364.jpg\"><img loading=\"lazy\" decoding=\"async\" width=\"470\" height=\"313\"  src=\"http:\/\/www.leblogmoto.com\/images\/2008\/02\/11\/dg_30364.jpg\" alt=\"Dg_30364\" \/><\/a><\/p>\n<p><a href=\"http:\/\/blogs.thesocialmedia.com\/leblogmoto\/files\/2012\/07\/dg_30376.jpg\"><img loading=\"lazy\" decoding=\"async\" width=\"470\" height=\"313\"  src=\"http:\/\/www.leblogmoto.com\/images\/2008\/02\/11\/dg_30376.jpg\" alt=\"Dg_30376\" \/><\/a> <\/p>\n<p><a href=\"http:\/\/blogs.thesocialmedia.com\/leblogmoto\/files\/2012\/07\/dg_30293.jpg\"><img loading=\"lazy\" decoding=\"async\" width=\"470\" height=\"313\"  src=\"http:\/\/www.leblogmoto.com\/images\/2008\/02\/11\/dg_30293.jpg\" alt=\"Dg_30293\" \/><\/a> <\/p>\n<p><a href=\"http:\/\/blogs.thesocialmedia.com\/leblogmoto\/files\/2012\/07\/dg_30128_2.jpg\"><img loading=\"lazy\" decoding=\"async\" width=\"470\" height=\"313\"  src=\"http:\/\/www.leblogmoto.com\/images\/2008\/02\/11\/dg_30128_2.jpg\" alt=\"Dg_30128_2\" \/><\/a> <\/p>\n<p><a href=\"http:\/\/blogs.thesocialmedia.com\/leblogmoto\/files\/2012\/07\/motogp_suzuki_vermeulen_sepang_test.jpg\"><img loading=\"lazy\" decoding=\"async\" width=\"470\" height=\"313\"  src=\"http:\/\/www.leblogmoto.com\/images\/2008\/02\/11\/motogp_suzuki_vermeulen_sepang_test.jpg\" alt=\"Motogp_suzuki_vermeulen_sepang_test\" \/><\/a> <\/p>\n<p><a href=\"http:\/\/blogs.thesocialmedia.com\/leblogmoto\/files\/2012\/07\/motogp_suzuki_capirossi_sepang_test.jpg\"><img loading=\"lazy\" decoding=\"async\" width=\"470\" height=\"313\"  src=\"http:\/\/www.leblogmoto.com\/images\/2008\/02\/11\/motogp_suzuki_capirossi_sepang_test.jpg\" alt=\"Motogp_suzuki_capirossi_sepang_test\" \/><\/a> <\/p>\n<p><a href=\"http:\/\/blogs.thesocialmedia.com\/leblogmoto\/files\/2012\/07\/motogp_suzuki_capirossi_sepang_te_2.jpg\"><img loading=\"lazy\" decoding=\"async\" width=\"470\" height=\"313\"  src=\"http:\/\/www.leblogmoto.com\/images\/2008\/02\/11\/motogp_suzuki_capirossi_sepang_te_2.jpg\" alt=\"Motogp_suzuki_capirossi_sepang_te_2\" \/><\/a> <\/p>\n","protected":false},"excerpt":{"rendered":"<p>Apr\u00e8s la YZR-M1 du team Fiat-Yamaha, c&rsquo;est une surprenante MotoGP taill\u00e9e \u00e0 la serpe qu&rsquo;a pr\u00e9sent\u00e9 Suzuki hier. Plus ramass\u00e9e, une bulle plus abrupte, elle est dite plus maniable et moins gourmande selon ses concepteurs, avec toujours cette conduite d&rsquo;air forc\u00e9e caract\u00e9ristique en forme de losange, refroidissant le V4. Et une nouveaut\u00e9: ce d\u00e9flecteur c\u00f4t\u00e9 [&hellip;]<\/p>\n","protected":false},"author":324,"featured_media":0,"comment_status":"open","ping_status":"open","sticky":false,"template":"","format":"standard","meta":{"footnotes":""},"categories":[3,22,32,51],"tags":[],"class_list":["post-907","post","type-post","status-publish","format-standard","hentry","category-actualite","category-motogp","category-sport-moto","category-suzuki"],"yoast_head":"<!-- This site is optimized with the Yoast SEO plugin v26.0 - https:\/\/yoast.com\/wordpress\/plugins\/seo\/ -->\n<title>Pr\u00e9sentation officielle de la nouvelle Suzuki GSV-R. - leblogmoto.com<\/title>\n<meta name=\"robots\" content=\"index, follow, max-snippet:-1, max-image-preview:large, max-video-preview:-1\" \/>\n<link rel=\"canonical\" href=\"https:\/\/blogs.thesocialmedia.com\/leblogmoto\/2008\/02\/12\/prsentation-off\/\" \/>\n<meta name=\"twitter:card\" content=\"summary_large_image\" \/>\n<meta name=\"twitter:title\" content=\"Pr\u00e9sentation officielle de la nouvelle Suzuki GSV-R. - leblogmoto.com\" \/>\n<meta name=\"twitter:description\" content=\"Apr\u00e8s la YZR-M1 du team Fiat-Yamaha, c&rsquo;est une surprenante MotoGP taill\u00e9e \u00e0 la serpe qu&rsquo;a pr\u00e9sent\u00e9 Suzuki hier. Plus ramass\u00e9e, une bulle plus abrupte, elle est dite plus maniable et moins gourmande selon ses concepteurs, avec toujours cette conduite d&rsquo;air forc\u00e9e caract\u00e9ristique en forme de losange, refroidissant le V4. Et une nouveaut\u00e9: ce d\u00e9flecteur c\u00f4t\u00e9 [&hellip;]\" \/>\n<meta name=\"twitter:image\" content=\"http:\/\/www.leblogmoto.com\/images\/2008\/02\/11\/suzuki_gsvr_2008_capirossi.jpg\" \/>\n<meta name=\"twitter:label1\" content=\"\u00c9crit par\" \/>\n\t<meta name=\"twitter:data1\" content=\"benoit rieu\" \/>\n\t<meta name=\"twitter:label2\" content=\"Dur\u00e9e de lecture estim\u00e9e\" \/>\n\t<meta name=\"twitter:data2\" content=\"2 minutes\" \/>\n<script type=\"application\/ld+json\" class=\"yoast-schema-graph\">{\"@context\":\"https:\/\/schema.org\",\"@graph\":[{\"@type\":\"WebPage\",\"@id\":\"https:\/\/blogs.thesocialmedia.com\/leblogmoto\/2008\/02\/12\/prsentation-off\/\",\"url\":\"https:\/\/blogs.thesocialmedia.com\/leblogmoto\/2008\/02\/12\/prsentation-off\/\",\"name\":\"Pr\u00e9sentation officielle de la nouvelle Suzuki GSV-R. - leblogmoto.com\",\"isPartOf\":{\"@id\":\"https:\/\/blogs.thesocialmedia.com\/leblogmoto\/#website\"},\"primaryImageOfPage\":{\"@id\":\"https:\/\/blogs.thesocialmedia.com\/leblogmoto\/2008\/02\/12\/prsentation-off\/#primaryimage\"},\"image\":{\"@id\":\"https:\/\/blogs.thesocialmedia.com\/leblogmoto\/2008\/02\/12\/prsentation-off\/#primaryimage\"},\"thumbnailUrl\":\"http:\/\/www.leblogmoto.com\/images\/2008\/02\/11\/suzuki_gsvr_2008_capirossi.jpg\",\"datePublished\":\"2008-02-12T07:18:14+00:00\",\"dateModified\":\"2012-07-11T15:21:50+00:00\",\"author\":{\"@id\":\"https:\/\/blogs.thesocialmedia.com\/leblogmoto\/#\/schema\/person\/18bfe773e5725ed6d24f743da805362a\"},\"breadcrumb\":{\"@id\":\"https:\/\/blogs.thesocialmedia.com\/leblogmoto\/2008\/02\/12\/prsentation-off\/#breadcrumb\"},\"inLanguage\":\"fr-FR\",\"potentialAction\":[{\"@type\":\"ReadAction\",\"target\":[\"https:\/\/blogs.thesocialmedia.com\/leblogmoto\/2008\/02\/12\/prsentation-off\/\"]}]},{\"@type\":\"ImageObject\",\"inLanguage\":\"fr-FR\",\"@id\":\"https:\/\/blogs.thesocialmedia.com\/leblogmoto\/2008\/02\/12\/prsentation-off\/#primaryimage\",\"url\":\"http:\/\/www.leblogmoto.com\/images\/2008\/02\/11\/suzuki_gsvr_2008_capirossi.jpg\",\"contentUrl\":\"http:\/\/www.leblogmoto.com\/images\/2008\/02\/11\/suzuki_gsvr_2008_capirossi.jpg\"},{\"@type\":\"BreadcrumbList\",\"@id\":\"https:\/\/blogs.thesocialmedia.com\/leblogmoto\/2008\/02\/12\/prsentation-off\/#breadcrumb\",\"itemListElement\":[{\"@type\":\"ListItem\",\"position\":1,\"name\":\"Accueil\",\"item\":\"https:\/\/blogs.thesocialmedia.com\/leblogmoto\/\"},{\"@type\":\"ListItem\",\"position\":2,\"name\":\"Pr\u00e9sentation officielle de la nouvelle Suzuki GSV-R.\"}]},{\"@type\":\"WebSite\",\"@id\":\"https:\/\/blogs.thesocialmedia.com\/leblogmoto\/#website\",\"url\":\"https:\/\/blogs.thesocialmedia.com\/leblogmoto\/\",\"name\":\"leblogmoto\",\"description\":\"Toute l&#039;actualit\u00e9 des 2 roues\",\"potentialAction\":[{\"@type\":\"SearchAction\",\"target\":{\"@type\":\"EntryPoint\",\"urlTemplate\":\"https:\/\/blogs.thesocialmedia.com\/leblogmoto\/?s={search_term_string}\"},\"query-input\":{\"@type\":\"PropertyValueSpecification\",\"valueRequired\":true,\"valueName\":\"search_term_string\"}}],\"inLanguage\":\"fr-FR\"},{\"@type\":\"Person\",\"@id\":\"https:\/\/blogs.thesocialmedia.com\/leblogmoto\/#\/schema\/person\/18bfe773e5725ed6d24f743da805362a\",\"name\":\"benoit rieu\",\"image\":{\"@type\":\"ImageObject\",\"inLanguage\":\"fr-FR\",\"@id\":\"https:\/\/blogs.thesocialmedia.com\/leblogmoto\/#\/schema\/person\/image\/\",\"url\":\"https:\/\/secure.gravatar.com\/avatar\/?s=96&d=mm&r=g\",\"contentUrl\":\"https:\/\/secure.gravatar.com\/avatar\/?s=96&d=mm&r=g\",\"caption\":\"benoit rieu\"},\"url\":\"https:\/\/blogs.thesocialmedia.com\/leblogmoto\/author\/benoit-rieu\/\"}]}<\/script>\n<!-- \/ Yoast SEO plugin. -->","yoast_head_json":{"title":"Pr\u00e9sentation officielle de la nouvelle Suzuki GSV-R. - leblogmoto.com","robots":{"index":"index","follow":"follow","max-snippet":"max-snippet:-1","max-image-preview":"max-image-preview:large","max-video-preview":"max-video-preview:-1"},"canonical":"https:\/\/blogs.thesocialmedia.com\/leblogmoto\/2008\/02\/12\/prsentation-off\/","twitter_card":"summary_large_image","twitter_title":"Pr\u00e9sentation officielle de la nouvelle Suzuki GSV-R. - leblogmoto.com","twitter_description":"Apr\u00e8s la YZR-M1 du team Fiat-Yamaha, c&rsquo;est une surprenante MotoGP taill\u00e9e \u00e0 la serpe qu&rsquo;a pr\u00e9sent\u00e9 Suzuki hier. Plus ramass\u00e9e, une bulle plus abrupte, elle est dite plus maniable et moins gourmande selon ses concepteurs, avec toujours cette conduite d&rsquo;air forc\u00e9e caract\u00e9ristique en forme de losange, refroidissant le V4. Et une nouveaut\u00e9: ce d\u00e9flecteur c\u00f4t\u00e9 [&hellip;]","twitter_image":"http:\/\/www.leblogmoto.com\/images\/2008\/02\/11\/suzuki_gsvr_2008_capirossi.jpg","twitter_misc":{"\u00c9crit par":"benoit rieu","Dur\u00e9e de lecture estim\u00e9e":"2 minutes"},"schema":{"@context":"https:\/\/schema.org","@graph":[{"@type":"WebPage","@id":"https:\/\/blogs.thesocialmedia.com\/leblogmoto\/2008\/02\/12\/prsentation-off\/","url":"https:\/\/blogs.thesocialmedia.com\/leblogmoto\/2008\/02\/12\/prsentation-off\/","name":"Pr\u00e9sentation officielle de la nouvelle Suzuki GSV-R. - leblogmoto.com","isPartOf":{"@id":"https:\/\/blogs.thesocialmedia.com\/leblogmoto\/#website"},"primaryImageOfPage":{"@id":"https:\/\/blogs.thesocialmedia.com\/leblogmoto\/2008\/02\/12\/prsentation-off\/#primaryimage"},"image":{"@id":"https:\/\/blogs.thesocialmedia.com\/leblogmoto\/2008\/02\/12\/prsentation-off\/#primaryimage"},"thumbnailUrl":"http:\/\/www.leblogmoto.com\/images\/2008\/02\/11\/suzuki_gsvr_2008_capirossi.jpg","datePublished":"2008-02-12T07:18:14+00:00","dateModified":"2012-07-11T15:21:50+00:00","author":{"@id":"https:\/\/blogs.thesocialmedia.com\/leblogmoto\/#\/schema\/person\/18bfe773e5725ed6d24f743da805362a"},"breadcrumb":{"@id":"https:\/\/blogs.thesocialmedia.com\/leblogmoto\/2008\/02\/12\/prsentation-off\/#breadcrumb"},"inLanguage":"fr-FR","potentialAction":[{"@type":"ReadAction","target":["https:\/\/blogs.thesocialmedia.com\/leblogmoto\/2008\/02\/12\/prsentation-off\/"]}]},{"@type":"ImageObject","inLanguage":"fr-FR","@id":"https:\/\/blogs.thesocialmedia.com\/leblogmoto\/2008\/02\/12\/prsentation-off\/#primaryimage","url":"http:\/\/www.leblogmoto.com\/images\/2008\/02\/11\/suzuki_gsvr_2008_capirossi.jpg","contentUrl":"http:\/\/www.leblogmoto.com\/images\/2008\/02\/11\/suzuki_gsvr_2008_capirossi.jpg"},{"@type":"BreadcrumbList","@id":"https:\/\/blogs.thesocialmedia.com\/leblogmoto\/2008\/02\/12\/prsentation-off\/#breadcrumb","itemListElement":[{"@type":"ListItem","position":1,"name":"Accueil","item":"https:\/\/blogs.thesocialmedia.com\/leblogmoto\/"},{"@type":"ListItem","position":2,"name":"Pr\u00e9sentation officielle de la nouvelle Suzuki GSV-R."}]},{"@type":"WebSite","@id":"https:\/\/blogs.thesocialmedia.com\/leblogmoto\/#website","url":"https:\/\/blogs.thesocialmedia.com\/leblogmoto\/","name":"leblogmoto","description":"Toute l&#039;actualit\u00e9 des 2 roues","potentialAction":[{"@type":"SearchAction","target":{"@type":"EntryPoint","urlTemplate":"https:\/\/blogs.thesocialmedia.com\/leblogmoto\/?s={search_term_string}"},"query-input":{"@type":"PropertyValueSpecification","valueRequired":true,"valueName":"search_term_string"}}],"inLanguage":"fr-FR"},{"@type":"Person","@id":"https:\/\/blogs.thesocialmedia.com\/leblogmoto\/#\/schema\/person\/18bfe773e5725ed6d24f743da805362a","name":"benoit rieu","image":{"@type":"ImageObject","inLanguage":"fr-FR","@id":"https:\/\/blogs.thesocialmedia.com\/leblogmoto\/#\/schema\/person\/image\/","url":"https:\/\/secure.gravatar.com\/avatar\/?s=96&d=mm&r=g","contentUrl":"https:\/\/secure.gravatar.com\/avatar\/?s=96&d=mm&r=g","caption":"benoit rieu"},"url":"https:\/\/blogs.thesocialmedia.com\/leblogmoto\/author\/benoit-rieu\/"}]}},"_links":{"self":[{"href":"https:\/\/blogs.thesocialmedia.com\/leblogmoto\/wp-json\/wp\/v2\/posts\/907","targetHints":{"allow":["GET"]}}],"collection":[{"href":"https:\/\/blogs.thesocialmedia.com\/leblogmoto\/wp-json\/wp\/v2\/posts"}],"about":[{"href":"https:\/\/blogs.thesocialmedia.com\/leblogmoto\/wp-json\/wp\/v2\/types\/post"}],"author":[{"embeddable":true,"href":"https:\/\/blogs.thesocialmedia.com\/leblogmoto\/wp-json\/wp\/v2\/users\/324"}],"replies":[{"embeddable":true,"href":"https:\/\/blogs.thesocialmedia.com\/leblogmoto\/wp-json\/wp\/v2\/comments?post=907"}],"version-history":[{"count":2,"href":"https:\/\/blogs.thesocialmedia.com\/leblogmoto\/wp-json\/wp\/v2\/posts\/907\/revisions"}],"predecessor-version":[{"id":9945,"href":"https:\/\/blogs.thesocialmedia.com\/leblogmoto\/wp-json\/wp\/v2\/posts\/907\/revisions\/9945"}],"wp:attachment":[{"href":"https:\/\/blogs.thesocialmedia.com\/leblogmoto\/wp-json\/wp\/v2\/media?parent=907"}],"wp:term":[{"taxonomy":"category","embeddable":true,"href":"https:\/\/blogs.thesocialmedia.com\/leblogmoto\/wp-json\/wp\/v2\/categories?post=907"},{"taxonomy":"post_tag","embeddable":true,"href":"https:\/\/blogs.thesocialmedia.com\/leblogmoto\/wp-json\/wp\/v2\/tags?post=907"}],"curies":[{"name":"wp","href":"https:\/\/api.w.org\/{rel}","templated":true}]}}