{"id":908,"date":"2008-02-11T22:40:59","date_gmt":"2008-02-11T22:40:59","guid":{"rendered":"http:\/\/blogs.thesocialmedia.com\/leblogmoto\/2008\/02\/11\/pub-sur-les-cha\/"},"modified":"2012-07-11T13:22:32","modified_gmt":"2012-07-11T13:22:32","slug":"pub-sur-les-cha","status":"publish","type":"post","link":"https:\/\/blogs.thesocialmedia.com\/leblogmoto\/2008\/02\/11\/pub-sur-les-cha\/","title":{"rendered":"Pub sur les charmes respectifs des cyclos et autos."},"content":{"rendered":"<p><object width=\"425\" height=\"355\">Se tenait \u00e0 Paris la semaine derni\u00e8re le prestigieux <a href=\"http:\/\/www.festivalautomobile.com\/fr\/index.php\">Festival Automobile International<\/a>. Parmi les nomm\u00e9s pour l&rsquo;ann\u00e9e 2008 dans les diff\u00e9rentes cat\u00e9gories, impossible de vous d\u00e9nicher un quelconque petit <em>trike<\/em>, <em>quad<\/em>, ou m\u00eame une de ces autos avec pilotage au guidon dont les designers sont parfois friands. <\/p>\n<p><a href=\"http:\/\/clabedan.typepad.com\/.shared\/image.html?\/photos\/uncategorized\/2008\/02\/11\/moto_salon_festival_automobile_inte.jpg\"><img loading=\"lazy\" decoding=\"async\" width=\"470\" height=\"38\"  alt=\"Moto_salon_festival_automobile_inte\" src=\"http:\/\/www.leblogmoto.com\/images\/2008\/02\/11\/moto_salon_festival_automobile_inte.jpg\" \/><\/a> <\/p>\n<p>Reste que dans <a href=\"http:\/\/www.festivalautomobile.com\/fr\/grands-prix\/les-nommes.php\">la cat\u00e9gorie publicit\u00e9s<\/a>, un spot isra\u00e9lien pour Renault jaugeait avec humour les charmes d&rsquo;un cyclo face \u00e0 ceux d&rsquo;une petite voiture citadine, le tout dans une ambiance parisienne un peu surann\u00e9e et &quot;clich\u00e9&quot; (plaques d&rsquo;immatriculations 75, jeunes adultes qui se b\u00e9cotent, discoth\u00e8que au nom franchement ridicule, et Tour Eiffel illumin\u00e9e en plan final). <\/p>\n<p>Une page de pub qui prend un autre relief, depuis que le constructeur indien Tata avec sa nouvelle automobile \u00e0 tr\u00e8s bas prix (2500 $), la <a href=\"http:\/\/www.leblogauto.com\/2008\/01\/tata-nano-voiture-de-l%E2%80%99annee-2008.html\">Nano<\/a>, semble vouloir <a href=\"http:\/\/in.reuters.com\/article\/specialEvents\/idINIndia-31358120080111\">directement concurrencer<\/a> les deux-roues asiatiques.<\/object><\/p>\n<p><object width=\"425\" height=\"355\"><param name=\"movie\" value=\"http:\/\/www.youtube.com\/v\/qR_cJr7Elj4&amp;rel=1\" \/><param name=\"wmode\" value=\"transparent\" \/><embed width=\"425\" height=\"355\" src=\"http:\/\/www.youtube.com\/v\/qR_cJr7Elj4&amp;rel=1\" type=\"application\/x-shockwave-flash\"><\/embed><\/object> <\/p>\n","protected":false},"excerpt":{"rendered":"<p>Se tenait \u00e0 Paris la semaine derni\u00e8re le prestigieux Festival Automobile International. Parmi les nomm\u00e9s pour l&rsquo;ann\u00e9e 2008 dans les diff\u00e9rentes cat\u00e9gories, impossible de vous d\u00e9nicher un quelconque petit trike, quad, ou m\u00eame une de ces autos avec pilotage au guidon dont les designers sont parfois friands. Reste que dans la cat\u00e9gorie publicit\u00e9s, un spot [&hellip;]<\/p>\n","protected":false},"author":324,"featured_media":0,"comment_status":"open","ping_status":"open","sticky":false,"template":"","format":"standard","meta":{"footnotes":""},"categories":[36,12],"tags":[],"class_list":["post-908","post","type-post","status-publish","format-standard","hentry","category-salons","category-videos"],"yoast_head":"<!-- This site is optimized with the Yoast SEO plugin v26.0 - https:\/\/yoast.com\/wordpress\/plugins\/seo\/ -->\n<title>Pub sur les charmes respectifs des cyclos et autos. - leblogmoto.com<\/title>\n<meta name=\"robots\" content=\"index, follow, max-snippet:-1, max-image-preview:large, max-video-preview:-1\" \/>\n<link rel=\"canonical\" href=\"https:\/\/blogs.thesocialmedia.com\/leblogmoto\/2008\/02\/11\/pub-sur-les-cha\/\" \/>\n<meta name=\"twitter:card\" content=\"summary_large_image\" \/>\n<meta name=\"twitter:title\" content=\"Pub sur les charmes respectifs des cyclos et autos. - leblogmoto.com\" \/>\n<meta name=\"twitter:description\" content=\"Se tenait \u00e0 Paris la semaine derni\u00e8re le prestigieux Festival Automobile International. Parmi les nomm\u00e9s pour l&rsquo;ann\u00e9e 2008 dans les diff\u00e9rentes cat\u00e9gories, impossible de vous d\u00e9nicher un quelconque petit trike, quad, ou m\u00eame une de ces autos avec pilotage au guidon dont les designers sont parfois friands. Reste que dans la cat\u00e9gorie publicit\u00e9s, un spot [&hellip;]\" \/>\n<meta name=\"twitter:image\" content=\"http:\/\/www.leblogmoto.com\/images\/2008\/02\/11\/moto_salon_festival_automobile_inte.jpg\" \/>\n<meta name=\"twitter:label1\" content=\"\u00c9crit par\" \/>\n\t<meta name=\"twitter:data1\" content=\"benoit rieu\" \/>\n\t<meta name=\"twitter:label2\" content=\"Dur\u00e9e de lecture estim\u00e9e\" \/>\n\t<meta name=\"twitter:data2\" content=\"1 minute\" \/>\n<script type=\"application\/ld+json\" class=\"yoast-schema-graph\">{\"@context\":\"https:\/\/schema.org\",\"@graph\":[{\"@type\":\"WebPage\",\"@id\":\"https:\/\/blogs.thesocialmedia.com\/leblogmoto\/2008\/02\/11\/pub-sur-les-cha\/\",\"url\":\"https:\/\/blogs.thesocialmedia.com\/leblogmoto\/2008\/02\/11\/pub-sur-les-cha\/\",\"name\":\"Pub sur les charmes respectifs des cyclos et autos. - leblogmoto.com\",\"isPartOf\":{\"@id\":\"https:\/\/blogs.thesocialmedia.com\/leblogmoto\/#website\"},\"primaryImageOfPage\":{\"@id\":\"https:\/\/blogs.thesocialmedia.com\/leblogmoto\/2008\/02\/11\/pub-sur-les-cha\/#primaryimage\"},\"image\":{\"@id\":\"https:\/\/blogs.thesocialmedia.com\/leblogmoto\/2008\/02\/11\/pub-sur-les-cha\/#primaryimage\"},\"thumbnailUrl\":\"http:\/\/www.leblogmoto.com\/images\/2008\/02\/11\/moto_salon_festival_automobile_inte.jpg\",\"datePublished\":\"2008-02-11T22:40:59+00:00\",\"dateModified\":\"2012-07-11T13:22:32+00:00\",\"author\":{\"@id\":\"https:\/\/blogs.thesocialmedia.com\/leblogmoto\/#\/schema\/person\/18bfe773e5725ed6d24f743da805362a\"},\"breadcrumb\":{\"@id\":\"https:\/\/blogs.thesocialmedia.com\/leblogmoto\/2008\/02\/11\/pub-sur-les-cha\/#breadcrumb\"},\"inLanguage\":\"fr-FR\",\"potentialAction\":[{\"@type\":\"ReadAction\",\"target\":[\"https:\/\/blogs.thesocialmedia.com\/leblogmoto\/2008\/02\/11\/pub-sur-les-cha\/\"]}]},{\"@type\":\"ImageObject\",\"inLanguage\":\"fr-FR\",\"@id\":\"https:\/\/blogs.thesocialmedia.com\/leblogmoto\/2008\/02\/11\/pub-sur-les-cha\/#primaryimage\",\"url\":\"http:\/\/www.leblogmoto.com\/images\/2008\/02\/11\/moto_salon_festival_automobile_inte.jpg\",\"contentUrl\":\"http:\/\/www.leblogmoto.com\/images\/2008\/02\/11\/moto_salon_festival_automobile_inte.jpg\"},{\"@type\":\"BreadcrumbList\",\"@id\":\"https:\/\/blogs.thesocialmedia.com\/leblogmoto\/2008\/02\/11\/pub-sur-les-cha\/#breadcrumb\",\"itemListElement\":[{\"@type\":\"ListItem\",\"position\":1,\"name\":\"Accueil\",\"item\":\"https:\/\/blogs.thesocialmedia.com\/leblogmoto\/\"},{\"@type\":\"ListItem\",\"position\":2,\"name\":\"Pub sur les charmes respectifs des cyclos et autos.\"}]},{\"@type\":\"WebSite\",\"@id\":\"https:\/\/blogs.thesocialmedia.com\/leblogmoto\/#website\",\"url\":\"https:\/\/blogs.thesocialmedia.com\/leblogmoto\/\",\"name\":\"leblogmoto\",\"description\":\"Toute l&#039;actualit\u00e9 des 2 roues\",\"potentialAction\":[{\"@type\":\"SearchAction\",\"target\":{\"@type\":\"EntryPoint\",\"urlTemplate\":\"https:\/\/blogs.thesocialmedia.com\/leblogmoto\/?s={search_term_string}\"},\"query-input\":{\"@type\":\"PropertyValueSpecification\",\"valueRequired\":true,\"valueName\":\"search_term_string\"}}],\"inLanguage\":\"fr-FR\"},{\"@type\":\"Person\",\"@id\":\"https:\/\/blogs.thesocialmedia.com\/leblogmoto\/#\/schema\/person\/18bfe773e5725ed6d24f743da805362a\",\"name\":\"benoit rieu\",\"image\":{\"@type\":\"ImageObject\",\"inLanguage\":\"fr-FR\",\"@id\":\"https:\/\/blogs.thesocialmedia.com\/leblogmoto\/#\/schema\/person\/image\/\",\"url\":\"https:\/\/secure.gravatar.com\/avatar\/?s=96&d=mm&r=g\",\"contentUrl\":\"https:\/\/secure.gravatar.com\/avatar\/?s=96&d=mm&r=g\",\"caption\":\"benoit rieu\"},\"url\":\"https:\/\/blogs.thesocialmedia.com\/leblogmoto\/author\/benoit-rieu\/\"}]}<\/script>\n<!-- \/ Yoast SEO plugin. -->","yoast_head_json":{"title":"Pub sur les charmes respectifs des cyclos et autos. - leblogmoto.com","robots":{"index":"index","follow":"follow","max-snippet":"max-snippet:-1","max-image-preview":"max-image-preview:large","max-video-preview":"max-video-preview:-1"},"canonical":"https:\/\/blogs.thesocialmedia.com\/leblogmoto\/2008\/02\/11\/pub-sur-les-cha\/","twitter_card":"summary_large_image","twitter_title":"Pub sur les charmes respectifs des cyclos et autos. - leblogmoto.com","twitter_description":"Se tenait \u00e0 Paris la semaine derni\u00e8re le prestigieux Festival Automobile International. Parmi les nomm\u00e9s pour l&rsquo;ann\u00e9e 2008 dans les diff\u00e9rentes cat\u00e9gories, impossible de vous d\u00e9nicher un quelconque petit trike, quad, ou m\u00eame une de ces autos avec pilotage au guidon dont les designers sont parfois friands. Reste que dans la cat\u00e9gorie publicit\u00e9s, un spot [&hellip;]","twitter_image":"http:\/\/www.leblogmoto.com\/images\/2008\/02\/11\/moto_salon_festival_automobile_inte.jpg","twitter_misc":{"\u00c9crit par":"benoit rieu","Dur\u00e9e de lecture estim\u00e9e":"1 minute"},"schema":{"@context":"https:\/\/schema.org","@graph":[{"@type":"WebPage","@id":"https:\/\/blogs.thesocialmedia.com\/leblogmoto\/2008\/02\/11\/pub-sur-les-cha\/","url":"https:\/\/blogs.thesocialmedia.com\/leblogmoto\/2008\/02\/11\/pub-sur-les-cha\/","name":"Pub sur les charmes respectifs des cyclos et autos. - leblogmoto.com","isPartOf":{"@id":"https:\/\/blogs.thesocialmedia.com\/leblogmoto\/#website"},"primaryImageOfPage":{"@id":"https:\/\/blogs.thesocialmedia.com\/leblogmoto\/2008\/02\/11\/pub-sur-les-cha\/#primaryimage"},"image":{"@id":"https:\/\/blogs.thesocialmedia.com\/leblogmoto\/2008\/02\/11\/pub-sur-les-cha\/#primaryimage"},"thumbnailUrl":"http:\/\/www.leblogmoto.com\/images\/2008\/02\/11\/moto_salon_festival_automobile_inte.jpg","datePublished":"2008-02-11T22:40:59+00:00","dateModified":"2012-07-11T13:22:32+00:00","author":{"@id":"https:\/\/blogs.thesocialmedia.com\/leblogmoto\/#\/schema\/person\/18bfe773e5725ed6d24f743da805362a"},"breadcrumb":{"@id":"https:\/\/blogs.thesocialmedia.com\/leblogmoto\/2008\/02\/11\/pub-sur-les-cha\/#breadcrumb"},"inLanguage":"fr-FR","potentialAction":[{"@type":"ReadAction","target":["https:\/\/blogs.thesocialmedia.com\/leblogmoto\/2008\/02\/11\/pub-sur-les-cha\/"]}]},{"@type":"ImageObject","inLanguage":"fr-FR","@id":"https:\/\/blogs.thesocialmedia.com\/leblogmoto\/2008\/02\/11\/pub-sur-les-cha\/#primaryimage","url":"http:\/\/www.leblogmoto.com\/images\/2008\/02\/11\/moto_salon_festival_automobile_inte.jpg","contentUrl":"http:\/\/www.leblogmoto.com\/images\/2008\/02\/11\/moto_salon_festival_automobile_inte.jpg"},{"@type":"BreadcrumbList","@id":"https:\/\/blogs.thesocialmedia.com\/leblogmoto\/2008\/02\/11\/pub-sur-les-cha\/#breadcrumb","itemListElement":[{"@type":"ListItem","position":1,"name":"Accueil","item":"https:\/\/blogs.thesocialmedia.com\/leblogmoto\/"},{"@type":"ListItem","position":2,"name":"Pub sur les charmes respectifs des cyclos et autos."}]},{"@type":"WebSite","@id":"https:\/\/blogs.thesocialmedia.com\/leblogmoto\/#website","url":"https:\/\/blogs.thesocialmedia.com\/leblogmoto\/","name":"leblogmoto","description":"Toute l&#039;actualit\u00e9 des 2 roues","potentialAction":[{"@type":"SearchAction","target":{"@type":"EntryPoint","urlTemplate":"https:\/\/blogs.thesocialmedia.com\/leblogmoto\/?s={search_term_string}"},"query-input":{"@type":"PropertyValueSpecification","valueRequired":true,"valueName":"search_term_string"}}],"inLanguage":"fr-FR"},{"@type":"Person","@id":"https:\/\/blogs.thesocialmedia.com\/leblogmoto\/#\/schema\/person\/18bfe773e5725ed6d24f743da805362a","name":"benoit rieu","image":{"@type":"ImageObject","inLanguage":"fr-FR","@id":"https:\/\/blogs.thesocialmedia.com\/leblogmoto\/#\/schema\/person\/image\/","url":"https:\/\/secure.gravatar.com\/avatar\/?s=96&d=mm&r=g","contentUrl":"https:\/\/secure.gravatar.com\/avatar\/?s=96&d=mm&r=g","caption":"benoit rieu"},"url":"https:\/\/blogs.thesocialmedia.com\/leblogmoto\/author\/benoit-rieu\/"}]}},"_links":{"self":[{"href":"https:\/\/blogs.thesocialmedia.com\/leblogmoto\/wp-json\/wp\/v2\/posts\/908","targetHints":{"allow":["GET"]}}],"collection":[{"href":"https:\/\/blogs.thesocialmedia.com\/leblogmoto\/wp-json\/wp\/v2\/posts"}],"about":[{"href":"https:\/\/blogs.thesocialmedia.com\/leblogmoto\/wp-json\/wp\/v2\/types\/post"}],"author":[{"embeddable":true,"href":"https:\/\/blogs.thesocialmedia.com\/leblogmoto\/wp-json\/wp\/v2\/users\/324"}],"replies":[{"embeddable":true,"href":"https:\/\/blogs.thesocialmedia.com\/leblogmoto\/wp-json\/wp\/v2\/comments?post=908"}],"version-history":[{"count":1,"href":"https:\/\/blogs.thesocialmedia.com\/leblogmoto\/wp-json\/wp\/v2\/posts\/908\/revisions"}],"predecessor-version":[{"id":4312,"href":"https:\/\/blogs.thesocialmedia.com\/leblogmoto\/wp-json\/wp\/v2\/posts\/908\/revisions\/4312"}],"wp:attachment":[{"href":"https:\/\/blogs.thesocialmedia.com\/leblogmoto\/wp-json\/wp\/v2\/media?parent=908"}],"wp:term":[{"taxonomy":"category","embeddable":true,"href":"https:\/\/blogs.thesocialmedia.com\/leblogmoto\/wp-json\/wp\/v2\/categories?post=908"},{"taxonomy":"post_tag","embeddable":true,"href":"https:\/\/blogs.thesocialmedia.com\/leblogmoto\/wp-json\/wp\/v2\/tags?post=908"}],"curies":[{"name":"wp","href":"https:\/\/api.w.org\/{rel}","templated":true}]}}