{"id":909,"date":"2008-02-10T18:36:06","date_gmt":"2008-02-10T18:36:06","guid":{"rendered":"http:\/\/blogs.thesocialmedia.com\/leblogmoto\/2008\/02\/10\/hellcat-sen-va\/"},"modified":"2012-07-11T15:21:32","modified_gmt":"2012-07-11T15:21:32","slug":"hellcat-sen-va","status":"publish","type":"post","link":"https:\/\/blogs.thesocialmedia.com\/leblogmoto\/2008\/02\/10\/hellcat-sen-va\/","title":{"rendered":"Hellcat s&rsquo;en va t&rsquo;en guerre"},"content":{"rendered":"<p><a href=\"http:\/\/blogs.thesocialmedia.com\/leblogmoto\/files\/2012\/07\/poster_3.jpg\"><img loading=\"lazy\" decoding=\"async\" width=\"175\" height=\"259\"  src=\"http:\/\/www.leblogmoto.com\/images\/2008\/02\/10\/poster_3.jpg\" alt=\"Poster_3\" style=\"margin: 0px 5px 5px 0px;float: left\" \/><\/a> Dans ce film d&rsquo;action qu&rsquo;est \u00ab<a href=\"http:\/\/www.warthefilm.com\/\">War<\/a>\u00bb avec des vedettes de s\u00e9rie B comme Jet li et Jason Statham, quand un cameo aux allures de grandes vedettes d\u00e9barque, toute l&rsquo;attention est sur lui.<br \/>C&rsquo;est ce qui est arriv\u00e9 quand le Hellcat de <a href=\"http:\/\/www.confederate.com\/\">Confederate Motorcycle<\/a> est arriv\u00e9 sur le plateau du film. Alors que la douzaine de \u00abcrotch rocket\u00bb japonais attendais patiemment leur tour, dont deux se sachant d\u00e9sign\u00e9 comme kamikaze, le chat de l&rsquo;enfer se laissait admirer sur sa remorque personnelle.<\/p>\n<p>\u00c0 pr\u00e8s de 70,000 $ et des proprios c\u00e9l\u00e8bres comme Tom Cruise et Brad Pitt, la b\u00eate peut bien attirer les foules et se laisser d\u00e9sirer. Puis, un \u00abburnout\u00bb plus tard, une petite promenade de sant\u00e9 pour attirer les m\u00e9chants dans un guet-apens et un baroud d&rsquo;honneur pour mettre la patte sur le dernier des vilains, le Hellcat pouvait alors retourner dans sa vitrine faire baver d&rsquo;envie les badauds.<\/p>\n<p><a href=\"http:\/\/clabedan.typepad.com\/.shared\/image.html?\/photos\/uncategorized\/2008\/02\/10\/war_hellcat.jpg\"><img loading=\"lazy\" decoding=\"async\" width=\"470\" height=\"212\"  src=\"http:\/\/www.leblogmoto.com\/images\/2008\/02\/10\/war_hellcat.jpg\" alt=\"War_hellcat\" \/><\/a> <\/p>\n<p>Dans les extras du DVD, on glisse un mot sur le son donn\u00e9 au Hellcat. D\u00e9j\u00e0 que la machine&nbsp; a un son tr\u00e8s distinctif, ils en ont accentu\u00e9 la rondeur pour le rendre un peu plus agressif, \u00abenormous\u00bb comme ils disent. Son arriv\u00e9e dans la sc\u00e8ne est toute en douceur, mais comme juste sa pr\u00e9sence en impose, elle attire l&rsquo;attention, et puis comme elle ajoute alors <a href=\"http:\/\/www.radio-canada.ca\/radio\/francaismicro\/description.asp?ID=577&amp;CAT=I&amp;leid=809&amp;lacat=r\">l&rsquo;insulte \u00e0 l&rsquo;injure<\/a> pour, litt\u00e9ralement rugir, l&rsquo;effet est garantie.<\/p>\n<p><a href=\"http:\/\/clabedan.typepad.com\/.shared\/image.html?\/photos\/uncategorized\/2008\/02\/10\/war_hellcat1.jpg\"><img loading=\"lazy\" decoding=\"async\" width=\"470\" height=\"197\"  src=\"http:\/\/www.leblogmoto.com\/images\/2008\/02\/10\/war_hellcat1.jpg\" alt=\"War_hellcat1\" \/><\/a> <\/p>\n<p><a href=\"http:\/\/blogs.thesocialmedia.com\/leblogmoto\/files\/2012\/07\/war_hellcat2.jpg\"><img loading=\"lazy\" decoding=\"async\" width=\"470\" height=\"195\"  src=\"http:\/\/www.leblogmoto.com\/images\/2008\/02\/10\/war_hellcat2.jpg\" alt=\"War_hellcat2\" \/><\/a> <\/p>\n<p><a href=\"http:\/\/blogs.thesocialmedia.com\/leblogmoto\/files\/2012\/07\/war_hellcat3.jpg\"><img loading=\"lazy\" decoding=\"async\" width=\"470\" height=\"198\"  src=\"http:\/\/www.leblogmoto.com\/images\/2008\/02\/10\/war_hellcat3.jpg\" alt=\"War_hellcat3\" \/><\/a> <\/p>\n<p><a href=\"http:\/\/blogs.thesocialmedia.com\/leblogmoto\/files\/2012\/07\/war_hellcat4.jpg\"><img loading=\"lazy\" decoding=\"async\" width=\"470\" height=\"198\"  src=\"http:\/\/www.leblogmoto.com\/images\/2008\/02\/10\/war_hellcat4.jpg\" alt=\"War_hellcat4\" \/><\/a> <\/p>\n<p><a href=\"http:\/\/blogs.thesocialmedia.com\/leblogmoto\/files\/2012\/07\/war_hellcat5.jpg\"><img loading=\"lazy\" decoding=\"async\" width=\"470\" height=\"198\"  src=\"http:\/\/www.leblogmoto.com\/images\/2008\/02\/10\/war_hellcat5.jpg\" alt=\"War_hellcat5\" \/><\/a> <\/p>\n","protected":false},"excerpt":{"rendered":"<p>Dans ce film d&rsquo;action qu&rsquo;est \u00abWar\u00bb avec des vedettes de s\u00e9rie B comme Jet li et Jason Statham, quand un cameo aux allures de grandes vedettes d\u00e9barque, toute l&rsquo;attention est sur lui.C&rsquo;est ce qui est arriv\u00e9 quand le Hellcat de Confederate Motorcycle est arriv\u00e9 sur le plateau du film. Alors que la douzaine de \u00abcrotch [&hellip;]<\/p>\n","protected":false},"author":325,"featured_media":0,"comment_status":"open","ping_status":"open","sticky":false,"template":"","format":"standard","meta":{"footnotes":""},"categories":[8,17],"tags":[],"class_list":["post-909","post","type-post","status-publish","format-standard","hentry","category-chaines-et-cuirs","category-divers"],"yoast_head":"<!-- This site is optimized with the Yoast SEO plugin v26.0 - https:\/\/yoast.com\/wordpress\/plugins\/seo\/ -->\n<title>Hellcat s&#039;en va t&#039;en guerre - leblogmoto.com<\/title>\n<meta name=\"robots\" content=\"index, follow, max-snippet:-1, max-image-preview:large, max-video-preview:-1\" \/>\n<link rel=\"canonical\" href=\"https:\/\/blogs.thesocialmedia.com\/leblogmoto\/2008\/02\/10\/hellcat-sen-va\/\" \/>\n<meta name=\"twitter:card\" content=\"summary_large_image\" \/>\n<meta name=\"twitter:title\" content=\"Hellcat s&#039;en va t&#039;en guerre - leblogmoto.com\" \/>\n<meta name=\"twitter:description\" content=\"Dans ce film d&rsquo;action qu&rsquo;est \u00abWar\u00bb avec des vedettes de s\u00e9rie B comme Jet li et Jason Statham, quand un cameo aux allures de grandes vedettes d\u00e9barque, toute l&rsquo;attention est sur lui.C&rsquo;est ce qui est arriv\u00e9 quand le Hellcat de Confederate Motorcycle est arriv\u00e9 sur le plateau du film. Alors que la douzaine de \u00abcrotch [&hellip;]\" \/>\n<meta name=\"twitter:image\" content=\"http:\/\/www.leblogmoto.com\/images\/2008\/02\/10\/poster_3.jpg\" \/>\n<meta name=\"twitter:label1\" content=\"\u00c9crit par\" \/>\n\t<meta name=\"twitter:data1\" content=\"jacques lesage\" \/>\n\t<meta name=\"twitter:label2\" content=\"Dur\u00e9e de lecture estim\u00e9e\" \/>\n\t<meta name=\"twitter:data2\" content=\"1 minute\" \/>\n<script type=\"application\/ld+json\" class=\"yoast-schema-graph\">{\"@context\":\"https:\/\/schema.org\",\"@graph\":[{\"@type\":\"WebPage\",\"@id\":\"https:\/\/blogs.thesocialmedia.com\/leblogmoto\/2008\/02\/10\/hellcat-sen-va\/\",\"url\":\"https:\/\/blogs.thesocialmedia.com\/leblogmoto\/2008\/02\/10\/hellcat-sen-va\/\",\"name\":\"Hellcat s'en va t'en guerre - leblogmoto.com\",\"isPartOf\":{\"@id\":\"https:\/\/blogs.thesocialmedia.com\/leblogmoto\/#website\"},\"primaryImageOfPage\":{\"@id\":\"https:\/\/blogs.thesocialmedia.com\/leblogmoto\/2008\/02\/10\/hellcat-sen-va\/#primaryimage\"},\"image\":{\"@id\":\"https:\/\/blogs.thesocialmedia.com\/leblogmoto\/2008\/02\/10\/hellcat-sen-va\/#primaryimage\"},\"thumbnailUrl\":\"http:\/\/www.leblogmoto.com\/images\/2008\/02\/10\/poster_3.jpg\",\"datePublished\":\"2008-02-10T18:36:06+00:00\",\"dateModified\":\"2012-07-11T15:21:32+00:00\",\"author\":{\"@id\":\"https:\/\/blogs.thesocialmedia.com\/leblogmoto\/#\/schema\/person\/e82a0ca8a9a63d031586097a3ed58526\"},\"breadcrumb\":{\"@id\":\"https:\/\/blogs.thesocialmedia.com\/leblogmoto\/2008\/02\/10\/hellcat-sen-va\/#breadcrumb\"},\"inLanguage\":\"fr-FR\",\"potentialAction\":[{\"@type\":\"ReadAction\",\"target\":[\"https:\/\/blogs.thesocialmedia.com\/leblogmoto\/2008\/02\/10\/hellcat-sen-va\/\"]}]},{\"@type\":\"ImageObject\",\"inLanguage\":\"fr-FR\",\"@id\":\"https:\/\/blogs.thesocialmedia.com\/leblogmoto\/2008\/02\/10\/hellcat-sen-va\/#primaryimage\",\"url\":\"http:\/\/www.leblogmoto.com\/images\/2008\/02\/10\/poster_3.jpg\",\"contentUrl\":\"http:\/\/www.leblogmoto.com\/images\/2008\/02\/10\/poster_3.jpg\"},{\"@type\":\"BreadcrumbList\",\"@id\":\"https:\/\/blogs.thesocialmedia.com\/leblogmoto\/2008\/02\/10\/hellcat-sen-va\/#breadcrumb\",\"itemListElement\":[{\"@type\":\"ListItem\",\"position\":1,\"name\":\"Accueil\",\"item\":\"https:\/\/blogs.thesocialmedia.com\/leblogmoto\/\"},{\"@type\":\"ListItem\",\"position\":2,\"name\":\"Hellcat s&rsquo;en va t&rsquo;en guerre\"}]},{\"@type\":\"WebSite\",\"@id\":\"https:\/\/blogs.thesocialmedia.com\/leblogmoto\/#website\",\"url\":\"https:\/\/blogs.thesocialmedia.com\/leblogmoto\/\",\"name\":\"leblogmoto\",\"description\":\"Toute l&#039;actualit\u00e9 des 2 roues\",\"potentialAction\":[{\"@type\":\"SearchAction\",\"target\":{\"@type\":\"EntryPoint\",\"urlTemplate\":\"https:\/\/blogs.thesocialmedia.com\/leblogmoto\/?s={search_term_string}\"},\"query-input\":{\"@type\":\"PropertyValueSpecification\",\"valueRequired\":true,\"valueName\":\"search_term_string\"}}],\"inLanguage\":\"fr-FR\"},{\"@type\":\"Person\",\"@id\":\"https:\/\/blogs.thesocialmedia.com\/leblogmoto\/#\/schema\/person\/e82a0ca8a9a63d031586097a3ed58526\",\"name\":\"jacques lesage\",\"image\":{\"@type\":\"ImageObject\",\"inLanguage\":\"fr-FR\",\"@id\":\"https:\/\/blogs.thesocialmedia.com\/leblogmoto\/#\/schema\/person\/image\/\",\"url\":\"https:\/\/secure.gravatar.com\/avatar\/?s=96&d=mm&r=g\",\"contentUrl\":\"https:\/\/secure.gravatar.com\/avatar\/?s=96&d=mm&r=g\",\"caption\":\"jacques lesage\"},\"url\":\"https:\/\/blogs.thesocialmedia.com\/leblogmoto\/author\/jacques-lesage\/\"}]}<\/script>\n<!-- \/ Yoast SEO plugin. -->","yoast_head_json":{"title":"Hellcat s'en va t'en guerre - leblogmoto.com","robots":{"index":"index","follow":"follow","max-snippet":"max-snippet:-1","max-image-preview":"max-image-preview:large","max-video-preview":"max-video-preview:-1"},"canonical":"https:\/\/blogs.thesocialmedia.com\/leblogmoto\/2008\/02\/10\/hellcat-sen-va\/","twitter_card":"summary_large_image","twitter_title":"Hellcat s'en va t'en guerre - leblogmoto.com","twitter_description":"Dans ce film d&rsquo;action qu&rsquo;est \u00abWar\u00bb avec des vedettes de s\u00e9rie B comme Jet li et Jason Statham, quand un cameo aux allures de grandes vedettes d\u00e9barque, toute l&rsquo;attention est sur lui.C&rsquo;est ce qui est arriv\u00e9 quand le Hellcat de Confederate Motorcycle est arriv\u00e9 sur le plateau du film. Alors que la douzaine de \u00abcrotch [&hellip;]","twitter_image":"http:\/\/www.leblogmoto.com\/images\/2008\/02\/10\/poster_3.jpg","twitter_misc":{"\u00c9crit par":"jacques lesage","Dur\u00e9e de lecture estim\u00e9e":"1 minute"},"schema":{"@context":"https:\/\/schema.org","@graph":[{"@type":"WebPage","@id":"https:\/\/blogs.thesocialmedia.com\/leblogmoto\/2008\/02\/10\/hellcat-sen-va\/","url":"https:\/\/blogs.thesocialmedia.com\/leblogmoto\/2008\/02\/10\/hellcat-sen-va\/","name":"Hellcat s'en va t'en guerre - leblogmoto.com","isPartOf":{"@id":"https:\/\/blogs.thesocialmedia.com\/leblogmoto\/#website"},"primaryImageOfPage":{"@id":"https:\/\/blogs.thesocialmedia.com\/leblogmoto\/2008\/02\/10\/hellcat-sen-va\/#primaryimage"},"image":{"@id":"https:\/\/blogs.thesocialmedia.com\/leblogmoto\/2008\/02\/10\/hellcat-sen-va\/#primaryimage"},"thumbnailUrl":"http:\/\/www.leblogmoto.com\/images\/2008\/02\/10\/poster_3.jpg","datePublished":"2008-02-10T18:36:06+00:00","dateModified":"2012-07-11T15:21:32+00:00","author":{"@id":"https:\/\/blogs.thesocialmedia.com\/leblogmoto\/#\/schema\/person\/e82a0ca8a9a63d031586097a3ed58526"},"breadcrumb":{"@id":"https:\/\/blogs.thesocialmedia.com\/leblogmoto\/2008\/02\/10\/hellcat-sen-va\/#breadcrumb"},"inLanguage":"fr-FR","potentialAction":[{"@type":"ReadAction","target":["https:\/\/blogs.thesocialmedia.com\/leblogmoto\/2008\/02\/10\/hellcat-sen-va\/"]}]},{"@type":"ImageObject","inLanguage":"fr-FR","@id":"https:\/\/blogs.thesocialmedia.com\/leblogmoto\/2008\/02\/10\/hellcat-sen-va\/#primaryimage","url":"http:\/\/www.leblogmoto.com\/images\/2008\/02\/10\/poster_3.jpg","contentUrl":"http:\/\/www.leblogmoto.com\/images\/2008\/02\/10\/poster_3.jpg"},{"@type":"BreadcrumbList","@id":"https:\/\/blogs.thesocialmedia.com\/leblogmoto\/2008\/02\/10\/hellcat-sen-va\/#breadcrumb","itemListElement":[{"@type":"ListItem","position":1,"name":"Accueil","item":"https:\/\/blogs.thesocialmedia.com\/leblogmoto\/"},{"@type":"ListItem","position":2,"name":"Hellcat s&rsquo;en va t&rsquo;en guerre"}]},{"@type":"WebSite","@id":"https:\/\/blogs.thesocialmedia.com\/leblogmoto\/#website","url":"https:\/\/blogs.thesocialmedia.com\/leblogmoto\/","name":"leblogmoto","description":"Toute l&#039;actualit\u00e9 des 2 roues","potentialAction":[{"@type":"SearchAction","target":{"@type":"EntryPoint","urlTemplate":"https:\/\/blogs.thesocialmedia.com\/leblogmoto\/?s={search_term_string}"},"query-input":{"@type":"PropertyValueSpecification","valueRequired":true,"valueName":"search_term_string"}}],"inLanguage":"fr-FR"},{"@type":"Person","@id":"https:\/\/blogs.thesocialmedia.com\/leblogmoto\/#\/schema\/person\/e82a0ca8a9a63d031586097a3ed58526","name":"jacques lesage","image":{"@type":"ImageObject","inLanguage":"fr-FR","@id":"https:\/\/blogs.thesocialmedia.com\/leblogmoto\/#\/schema\/person\/image\/","url":"https:\/\/secure.gravatar.com\/avatar\/?s=96&d=mm&r=g","contentUrl":"https:\/\/secure.gravatar.com\/avatar\/?s=96&d=mm&r=g","caption":"jacques lesage"},"url":"https:\/\/blogs.thesocialmedia.com\/leblogmoto\/author\/jacques-lesage\/"}]}},"_links":{"self":[{"href":"https:\/\/blogs.thesocialmedia.com\/leblogmoto\/wp-json\/wp\/v2\/posts\/909","targetHints":{"allow":["GET"]}}],"collection":[{"href":"https:\/\/blogs.thesocialmedia.com\/leblogmoto\/wp-json\/wp\/v2\/posts"}],"about":[{"href":"https:\/\/blogs.thesocialmedia.com\/leblogmoto\/wp-json\/wp\/v2\/types\/post"}],"author":[{"embeddable":true,"href":"https:\/\/blogs.thesocialmedia.com\/leblogmoto\/wp-json\/wp\/v2\/users\/325"}],"replies":[{"embeddable":true,"href":"https:\/\/blogs.thesocialmedia.com\/leblogmoto\/wp-json\/wp\/v2\/comments?post=909"}],"version-history":[{"count":2,"href":"https:\/\/blogs.thesocialmedia.com\/leblogmoto\/wp-json\/wp\/v2\/posts\/909\/revisions"}],"predecessor-version":[{"id":9934,"href":"https:\/\/blogs.thesocialmedia.com\/leblogmoto\/wp-json\/wp\/v2\/posts\/909\/revisions\/9934"}],"wp:attachment":[{"href":"https:\/\/blogs.thesocialmedia.com\/leblogmoto\/wp-json\/wp\/v2\/media?parent=909"}],"wp:term":[{"taxonomy":"category","embeddable":true,"href":"https:\/\/blogs.thesocialmedia.com\/leblogmoto\/wp-json\/wp\/v2\/categories?post=909"},{"taxonomy":"post_tag","embeddable":true,"href":"https:\/\/blogs.thesocialmedia.com\/leblogmoto\/wp-json\/wp\/v2\/tags?post=909"}],"curies":[{"name":"wp","href":"https:\/\/api.w.org\/{rel}","templated":true}]}}