{"id":910,"date":"2008-02-08T04:51:18","date_gmt":"2008-02-08T04:51:18","guid":{"rendered":"http:\/\/blogs.thesocialmedia.com\/leblogmoto\/2008\/02\/08\/album-du-vend-1-14\/"},"modified":"2012-07-11T15:21:26","modified_gmt":"2012-07-11T15:21:26","slug":"album-du-vend-1-14","status":"publish","type":"post","link":"https:\/\/blogs.thesocialmedia.com\/leblogmoto\/2008\/02\/08\/album-du-vend-1-14\/","title":{"rendered":"Album du vendredi, Avoir le bras long"},"content":{"rendered":"<p><a href=\"http:\/\/blogs.thesocialmedia.com\/leblogmoto\/files\/2012\/07\/neracar.jpg\"><img loading=\"lazy\" decoding=\"async\" width=\"470\" height=\"219\"  src=\"http:\/\/www.leblogmoto.com\/images\/2008\/02\/07\/neracar.jpg\" alt=\"Neracar\" \/><\/a> <\/p>\n<p>Pour une technologie presque centenaire, en fait, 90 ans cette ann\u00e9e, on ne peut pas dire que le bras oscillant avec direction par moyeu est un franc succ\u00e8s.<br \/>Et pourtant, on y arrive, un peu comme pour le moteur \u00e9lectrique. Ce sont de ces id\u00e9es qui, rapides \u00e0 la gestation, sont plut\u00f4t lentes \u00e0 l&rsquo;\u00e9closion.<br \/>Je ne m&rsquo;\u00e9tendrai pas sur les d\u00e9tails de la chose, ce sera pour plus tard, l&rsquo;album est pour les images, et j&rsquo;en ai. Du premier, le <a href=\"http:\/\/www.realclassic.co.uk\/neracar05121600.html\">Ner-a-Car<\/a> en 1918, jusqu&rsquo;\u00e0 la flop\u00e9e de prototypes et de dessins futuristes en passant par sa seule application accessible du principe, pour qui en a les moyens, la <a href=\"http:\/\/www.bimota.it\/\">Bimota<\/a> Tesi.<br \/>Les puristes regretteront l&rsquo;absence dans cet album de pi\u00e8ces ma\u00eetresses dans l&rsquo;illustration historique de cette technologie, mais ce n&rsquo;est pas \u00e7a non plus, ce sera pour plus tard, patience.<\/p>\n<p><a href=\"http:\/\/clabedan.typepad.com\/.shared\/image.html?\/photos\/uncategorized\/2008\/02\/07\/hub2.jpg\"><img loading=\"lazy\" decoding=\"async\" width=\"470\" height=\"176\"  src=\"http:\/\/www.leblogmoto.com\/images\/2008\/02\/07\/hub2.jpg\" alt=\"Hub2\" \/><\/a> <\/p>\n<p><a href=\"http:\/\/blogs.thesocialmedia.com\/leblogmoto\/files\/2012\/07\/moto_1.jpg\"><img loading=\"lazy\" decoding=\"async\" width=\"470\" height=\"127\"  src=\"http:\/\/www.leblogmoto.com\/images\/2008\/02\/07\/moto_1.jpg\" alt=\"Moto_1\" \/><\/a> <\/p>\n<p><a href=\"http:\/\/blogs.thesocialmedia.com\/leblogmoto\/files\/2012\/07\/moto_22.jpg\"><img loading=\"lazy\" decoding=\"async\" width=\"470\" height=\"179\"  src=\"http:\/\/www.leblogmoto.com\/images\/2008\/02\/07\/moto_2.jpg\" alt=\"Moto_2\" \/><\/a> <\/p>\n<p><a href=\"http:\/\/blogs.thesocialmedia.com\/leblogmoto\/files\/2012\/07\/moto_3.jpg\"><img loading=\"lazy\" decoding=\"async\" width=\"470\" height=\"196\"  src=\"http:\/\/www.leblogmoto.com\/images\/2008\/02\/07\/moto_3.jpg\" alt=\"Moto_3\" \/><\/a> <\/p>\n<p><a href=\"http:\/\/blogs.thesocialmedia.com\/leblogmoto\/files\/2012\/07\/moto_41.jpg\"><img loading=\"lazy\" decoding=\"async\" width=\"470\" height=\"259\"  src=\"http:\/\/www.leblogmoto.com\/images\/2008\/02\/07\/moto_4.jpg\" alt=\"Moto_4\" \/><\/a> <\/p>\n<p><a href=\"http:\/\/blogs.thesocialmedia.com\/leblogmoto\/files\/2012\/07\/moto_51.jpg\"><img loading=\"lazy\" decoding=\"async\" width=\"470\" height=\"142\"  src=\"http:\/\/www.leblogmoto.com\/images\/2008\/02\/07\/moto_5.jpg\" alt=\"Moto_5\" \/><\/a> <\/p>\n<p><a href=\"http:\/\/blogs.thesocialmedia.com\/leblogmoto\/files\/2012\/07\/moto_61.jpg\"><img loading=\"lazy\" decoding=\"async\" width=\"470\" height=\"157\"  src=\"http:\/\/www.leblogmoto.com\/images\/2008\/02\/07\/moto_6.jpg\" alt=\"Moto_6\" \/><\/a> <\/p>\n<p><a href=\"http:\/\/blogs.thesocialmedia.com\/leblogmoto\/files\/2012\/07\/7824.jpg\"><img loading=\"lazy\" decoding=\"async\" width=\"470\" height=\"323\"  src=\"http:\/\/www.leblogmoto.com\/images\/2008\/02\/07\/7824.jpg\" alt=\"7824\" \/><\/a> <\/p>\n<p><a href=\"http:\/\/blogs.thesocialmedia.com\/leblogmoto\/files\/2012\/07\/ariel.jpg\"><img loading=\"lazy\" decoding=\"async\" width=\"470\" height=\"293\"  src=\"http:\/\/www.leblogmoto.com\/images\/2008\/02\/07\/ariel.jpg\" alt=\"Ariel\" \/><\/a> <\/p>\n<p><a href=\"http:\/\/blogs.thesocialmedia.com\/leblogmoto\/files\/2012\/07\/bully01.jpg\"><img loading=\"lazy\" decoding=\"async\" width=\"470\" height=\"345\"  src=\"http:\/\/www.leblogmoto.com\/images\/2008\/02\/07\/bully01.jpg\" alt=\"Bully01\" \/><\/a> <\/p>\n<p><a href=\"http:\/\/blogs.thesocialmedia.com\/leblogmoto\/files\/2012\/07\/kuroshachi_03.jpg\"><img loading=\"lazy\" decoding=\"async\" width=\"470\" height=\"225\"  src=\"http:\/\/www.leblogmoto.com\/images\/2008\/02\/07\/kuroshachi_03.jpg\" alt=\"Kuroshachi_03\" \/><\/a> <\/p>\n<p><a href=\"http:\/\/blogs.thesocialmedia.com\/leblogmoto\/files\/2012\/07\/snake_1.jpg\"><img loading=\"lazy\" decoding=\"async\" width=\"470\" height=\"272\"  src=\"http:\/\/www.leblogmoto.com\/images\/2008\/02\/07\/snake_1.jpg\" alt=\"Snake_1\" \/><\/a> <\/p>\n<p><a href=\"http:\/\/blogs.thesocialmedia.com\/leblogmoto\/files\/2012\/07\/cloud_fenrir.jpg\"><img loading=\"lazy\" decoding=\"async\" width=\"470\" height=\"265\"  src=\"http:\/\/www.leblogmoto.com\/images\/2008\/02\/07\/cloud_fenrir.jpg\" alt=\"Cloud_fenrir\" \/><\/a> <\/p>\n<p><a href=\"http:\/\/blogs.thesocialmedia.com\/leblogmoto\/files\/2012\/07\/a906.jpg\"><img loading=\"lazy\" decoding=\"async\" width=\"470\" height=\"301\"  src=\"http:\/\/www.leblogmoto.com\/images\/2008\/02\/07\/a906.jpg\" alt=\"A906\" \/><\/a> <\/p>\n<p>Le Finlandais <a href=\"http:\/\/www.naulapaa.com\/index.html\">Heikki Naulap\u00e4\u00e4 et ses v\u00e9hicules futuristes<\/a> <\/p>\n<p><a href=\"http:\/\/www.danielsimon.net\/artdata\/mopped\/mopped.html\">Daniel Simon et son Detonator<\/a><\/p>\n<p><a href=\"http:\/\/fr.wikipedia.org\/wiki\/Dodge_Tomahawk\">Le Dodge Tomahawk<\/a> <\/p>\n<p><a href=\"http:\/\/www.timcamerondesign.com.au\/TCDgall1.html\">Tim Cameron Design<\/a><\/p>\n<p><a href=\"http:\/\/www.dotsondesign.com\/\">Dotson Design<\/a> <\/p>\n<p><a href=\"http:\/\/showyomoto.com\/\">Showyo Moto<\/a><\/p>\n<p><a href=\"http:\/\/www.tryphonos.com\/\">Tryphonos<\/a> <\/p>\n<p><a href=\"http:\/\/www.vyrus.it\/it\/motorcycle\/motorcycle.asp\">Vyrus<\/a><\/p>\n","protected":false},"excerpt":{"rendered":"<p>Pour une technologie presque centenaire, en fait, 90 ans cette ann\u00e9e, on ne peut pas dire que le bras oscillant avec direction par moyeu est un franc succ\u00e8s.Et pourtant, on y arrive, un peu comme pour le moteur \u00e9lectrique. Ce sont de ces id\u00e9es qui, rapides \u00e0 la gestation, sont plut\u00f4t lentes \u00e0 l&rsquo;\u00e9closion.Je ne [&hellip;]<\/p>\n","protected":false},"author":325,"featured_media":0,"comment_status":"open","ping_status":"open","sticky":false,"template":"","format":"standard","meta":{"footnotes":""},"categories":[16,33,58],"tags":[],"class_list":["post-910","post","type-post","status-publish","format-standard","hentry","category-art-moto","category-concept-bike","category-insolite"],"yoast_head":"<!-- This site is optimized with the Yoast SEO plugin v26.0 - https:\/\/yoast.com\/wordpress\/plugins\/seo\/ -->\n<title>Album du vendredi, Avoir le bras long - leblogmoto.com<\/title>\n<meta name=\"robots\" content=\"index, follow, max-snippet:-1, max-image-preview:large, max-video-preview:-1\" \/>\n<link rel=\"canonical\" href=\"https:\/\/blogs.thesocialmedia.com\/leblogmoto\/2008\/02\/08\/album-du-vend-1-14\/\" \/>\n<meta name=\"twitter:card\" content=\"summary_large_image\" \/>\n<meta name=\"twitter:title\" content=\"Album du vendredi, Avoir le bras long - leblogmoto.com\" \/>\n<meta name=\"twitter:description\" content=\"Pour une technologie presque centenaire, en fait, 90 ans cette ann\u00e9e, on ne peut pas dire que le bras oscillant avec direction par moyeu est un franc succ\u00e8s.Et pourtant, on y arrive, un peu comme pour le moteur \u00e9lectrique. Ce sont de ces id\u00e9es qui, rapides \u00e0 la gestation, sont plut\u00f4t lentes \u00e0 l&rsquo;\u00e9closion.Je ne [&hellip;]\" \/>\n<meta name=\"twitter:image\" content=\"http:\/\/www.leblogmoto.com\/images\/2008\/02\/07\/neracar.jpg\" \/>\n<meta name=\"twitter:label1\" content=\"\u00c9crit par\" \/>\n\t<meta name=\"twitter:data1\" content=\"jacques lesage\" \/>\n\t<meta name=\"twitter:label2\" content=\"Dur\u00e9e de lecture estim\u00e9e\" \/>\n\t<meta name=\"twitter:data2\" content=\"1 minute\" \/>\n<script type=\"application\/ld+json\" class=\"yoast-schema-graph\">{\"@context\":\"https:\/\/schema.org\",\"@graph\":[{\"@type\":\"WebPage\",\"@id\":\"https:\/\/blogs.thesocialmedia.com\/leblogmoto\/2008\/02\/08\/album-du-vend-1-14\/\",\"url\":\"https:\/\/blogs.thesocialmedia.com\/leblogmoto\/2008\/02\/08\/album-du-vend-1-14\/\",\"name\":\"Album du vendredi, Avoir le bras long - leblogmoto.com\",\"isPartOf\":{\"@id\":\"https:\/\/blogs.thesocialmedia.com\/leblogmoto\/#website\"},\"primaryImageOfPage\":{\"@id\":\"https:\/\/blogs.thesocialmedia.com\/leblogmoto\/2008\/02\/08\/album-du-vend-1-14\/#primaryimage\"},\"image\":{\"@id\":\"https:\/\/blogs.thesocialmedia.com\/leblogmoto\/2008\/02\/08\/album-du-vend-1-14\/#primaryimage\"},\"thumbnailUrl\":\"http:\/\/www.leblogmoto.com\/images\/2008\/02\/07\/neracar.jpg\",\"datePublished\":\"2008-02-08T04:51:18+00:00\",\"dateModified\":\"2012-07-11T15:21:26+00:00\",\"author\":{\"@id\":\"https:\/\/blogs.thesocialmedia.com\/leblogmoto\/#\/schema\/person\/e82a0ca8a9a63d031586097a3ed58526\"},\"breadcrumb\":{\"@id\":\"https:\/\/blogs.thesocialmedia.com\/leblogmoto\/2008\/02\/08\/album-du-vend-1-14\/#breadcrumb\"},\"inLanguage\":\"fr-FR\",\"potentialAction\":[{\"@type\":\"ReadAction\",\"target\":[\"https:\/\/blogs.thesocialmedia.com\/leblogmoto\/2008\/02\/08\/album-du-vend-1-14\/\"]}]},{\"@type\":\"ImageObject\",\"inLanguage\":\"fr-FR\",\"@id\":\"https:\/\/blogs.thesocialmedia.com\/leblogmoto\/2008\/02\/08\/album-du-vend-1-14\/#primaryimage\",\"url\":\"http:\/\/www.leblogmoto.com\/images\/2008\/02\/07\/neracar.jpg\",\"contentUrl\":\"http:\/\/www.leblogmoto.com\/images\/2008\/02\/07\/neracar.jpg\"},{\"@type\":\"BreadcrumbList\",\"@id\":\"https:\/\/blogs.thesocialmedia.com\/leblogmoto\/2008\/02\/08\/album-du-vend-1-14\/#breadcrumb\",\"itemListElement\":[{\"@type\":\"ListItem\",\"position\":1,\"name\":\"Accueil\",\"item\":\"https:\/\/blogs.thesocialmedia.com\/leblogmoto\/\"},{\"@type\":\"ListItem\",\"position\":2,\"name\":\"Album du vendredi, Avoir le bras long\"}]},{\"@type\":\"WebSite\",\"@id\":\"https:\/\/blogs.thesocialmedia.com\/leblogmoto\/#website\",\"url\":\"https:\/\/blogs.thesocialmedia.com\/leblogmoto\/\",\"name\":\"leblogmoto\",\"description\":\"Toute l&#039;actualit\u00e9 des 2 roues\",\"potentialAction\":[{\"@type\":\"SearchAction\",\"target\":{\"@type\":\"EntryPoint\",\"urlTemplate\":\"https:\/\/blogs.thesocialmedia.com\/leblogmoto\/?s={search_term_string}\"},\"query-input\":{\"@type\":\"PropertyValueSpecification\",\"valueRequired\":true,\"valueName\":\"search_term_string\"}}],\"inLanguage\":\"fr-FR\"},{\"@type\":\"Person\",\"@id\":\"https:\/\/blogs.thesocialmedia.com\/leblogmoto\/#\/schema\/person\/e82a0ca8a9a63d031586097a3ed58526\",\"name\":\"jacques lesage\",\"image\":{\"@type\":\"ImageObject\",\"inLanguage\":\"fr-FR\",\"@id\":\"https:\/\/blogs.thesocialmedia.com\/leblogmoto\/#\/schema\/person\/image\/\",\"url\":\"https:\/\/secure.gravatar.com\/avatar\/?s=96&d=mm&r=g\",\"contentUrl\":\"https:\/\/secure.gravatar.com\/avatar\/?s=96&d=mm&r=g\",\"caption\":\"jacques lesage\"},\"url\":\"https:\/\/blogs.thesocialmedia.com\/leblogmoto\/author\/jacques-lesage\/\"}]}<\/script>\n<!-- \/ Yoast SEO plugin. -->","yoast_head_json":{"title":"Album du vendredi, Avoir le bras long - leblogmoto.com","robots":{"index":"index","follow":"follow","max-snippet":"max-snippet:-1","max-image-preview":"max-image-preview:large","max-video-preview":"max-video-preview:-1"},"canonical":"https:\/\/blogs.thesocialmedia.com\/leblogmoto\/2008\/02\/08\/album-du-vend-1-14\/","twitter_card":"summary_large_image","twitter_title":"Album du vendredi, Avoir le bras long - leblogmoto.com","twitter_description":"Pour une technologie presque centenaire, en fait, 90 ans cette ann\u00e9e, on ne peut pas dire que le bras oscillant avec direction par moyeu est un franc succ\u00e8s.Et pourtant, on y arrive, un peu comme pour le moteur \u00e9lectrique. Ce sont de ces id\u00e9es qui, rapides \u00e0 la gestation, sont plut\u00f4t lentes \u00e0 l&rsquo;\u00e9closion.Je ne [&hellip;]","twitter_image":"http:\/\/www.leblogmoto.com\/images\/2008\/02\/07\/neracar.jpg","twitter_misc":{"\u00c9crit par":"jacques lesage","Dur\u00e9e de lecture estim\u00e9e":"1 minute"},"schema":{"@context":"https:\/\/schema.org","@graph":[{"@type":"WebPage","@id":"https:\/\/blogs.thesocialmedia.com\/leblogmoto\/2008\/02\/08\/album-du-vend-1-14\/","url":"https:\/\/blogs.thesocialmedia.com\/leblogmoto\/2008\/02\/08\/album-du-vend-1-14\/","name":"Album du vendredi, Avoir le bras long - leblogmoto.com","isPartOf":{"@id":"https:\/\/blogs.thesocialmedia.com\/leblogmoto\/#website"},"primaryImageOfPage":{"@id":"https:\/\/blogs.thesocialmedia.com\/leblogmoto\/2008\/02\/08\/album-du-vend-1-14\/#primaryimage"},"image":{"@id":"https:\/\/blogs.thesocialmedia.com\/leblogmoto\/2008\/02\/08\/album-du-vend-1-14\/#primaryimage"},"thumbnailUrl":"http:\/\/www.leblogmoto.com\/images\/2008\/02\/07\/neracar.jpg","datePublished":"2008-02-08T04:51:18+00:00","dateModified":"2012-07-11T15:21:26+00:00","author":{"@id":"https:\/\/blogs.thesocialmedia.com\/leblogmoto\/#\/schema\/person\/e82a0ca8a9a63d031586097a3ed58526"},"breadcrumb":{"@id":"https:\/\/blogs.thesocialmedia.com\/leblogmoto\/2008\/02\/08\/album-du-vend-1-14\/#breadcrumb"},"inLanguage":"fr-FR","potentialAction":[{"@type":"ReadAction","target":["https:\/\/blogs.thesocialmedia.com\/leblogmoto\/2008\/02\/08\/album-du-vend-1-14\/"]}]},{"@type":"ImageObject","inLanguage":"fr-FR","@id":"https:\/\/blogs.thesocialmedia.com\/leblogmoto\/2008\/02\/08\/album-du-vend-1-14\/#primaryimage","url":"http:\/\/www.leblogmoto.com\/images\/2008\/02\/07\/neracar.jpg","contentUrl":"http:\/\/www.leblogmoto.com\/images\/2008\/02\/07\/neracar.jpg"},{"@type":"BreadcrumbList","@id":"https:\/\/blogs.thesocialmedia.com\/leblogmoto\/2008\/02\/08\/album-du-vend-1-14\/#breadcrumb","itemListElement":[{"@type":"ListItem","position":1,"name":"Accueil","item":"https:\/\/blogs.thesocialmedia.com\/leblogmoto\/"},{"@type":"ListItem","position":2,"name":"Album du vendredi, Avoir le bras long"}]},{"@type":"WebSite","@id":"https:\/\/blogs.thesocialmedia.com\/leblogmoto\/#website","url":"https:\/\/blogs.thesocialmedia.com\/leblogmoto\/","name":"leblogmoto","description":"Toute l&#039;actualit\u00e9 des 2 roues","potentialAction":[{"@type":"SearchAction","target":{"@type":"EntryPoint","urlTemplate":"https:\/\/blogs.thesocialmedia.com\/leblogmoto\/?s={search_term_string}"},"query-input":{"@type":"PropertyValueSpecification","valueRequired":true,"valueName":"search_term_string"}}],"inLanguage":"fr-FR"},{"@type":"Person","@id":"https:\/\/blogs.thesocialmedia.com\/leblogmoto\/#\/schema\/person\/e82a0ca8a9a63d031586097a3ed58526","name":"jacques lesage","image":{"@type":"ImageObject","inLanguage":"fr-FR","@id":"https:\/\/blogs.thesocialmedia.com\/leblogmoto\/#\/schema\/person\/image\/","url":"https:\/\/secure.gravatar.com\/avatar\/?s=96&d=mm&r=g","contentUrl":"https:\/\/secure.gravatar.com\/avatar\/?s=96&d=mm&r=g","caption":"jacques lesage"},"url":"https:\/\/blogs.thesocialmedia.com\/leblogmoto\/author\/jacques-lesage\/"}]}},"_links":{"self":[{"href":"https:\/\/blogs.thesocialmedia.com\/leblogmoto\/wp-json\/wp\/v2\/posts\/910","targetHints":{"allow":["GET"]}}],"collection":[{"href":"https:\/\/blogs.thesocialmedia.com\/leblogmoto\/wp-json\/wp\/v2\/posts"}],"about":[{"href":"https:\/\/blogs.thesocialmedia.com\/leblogmoto\/wp-json\/wp\/v2\/types\/post"}],"author":[{"embeddable":true,"href":"https:\/\/blogs.thesocialmedia.com\/leblogmoto\/wp-json\/wp\/v2\/users\/325"}],"replies":[{"embeddable":true,"href":"https:\/\/blogs.thesocialmedia.com\/leblogmoto\/wp-json\/wp\/v2\/comments?post=910"}],"version-history":[{"count":2,"href":"https:\/\/blogs.thesocialmedia.com\/leblogmoto\/wp-json\/wp\/v2\/posts\/910\/revisions"}],"predecessor-version":[{"id":9928,"href":"https:\/\/blogs.thesocialmedia.com\/leblogmoto\/wp-json\/wp\/v2\/posts\/910\/revisions\/9928"}],"wp:attachment":[{"href":"https:\/\/blogs.thesocialmedia.com\/leblogmoto\/wp-json\/wp\/v2\/media?parent=910"}],"wp:term":[{"taxonomy":"category","embeddable":true,"href":"https:\/\/blogs.thesocialmedia.com\/leblogmoto\/wp-json\/wp\/v2\/categories?post=910"},{"taxonomy":"post_tag","embeddable":true,"href":"https:\/\/blogs.thesocialmedia.com\/leblogmoto\/wp-json\/wp\/v2\/tags?post=910"}],"curies":[{"name":"wp","href":"https:\/\/api.w.org\/{rel}","templated":true}]}}