{"id":911,"date":"2008-02-06T23:58:13","date_gmt":"2008-02-06T23:58:13","guid":{"rendered":"http:\/\/blogs.thesocialmedia.com\/leblogmoto\/2008\/02\/06\/session-de-ratt-2\/"},"modified":"2012-07-11T15:21:03","modified_gmt":"2012-07-11T15:21:03","slug":"session-de-ratt-2","status":"publish","type":"post","link":"https:\/\/blogs.thesocialmedia.com\/leblogmoto\/2008\/02\/06\/session-de-ratt-2\/","title":{"rendered":"Session de rattrapage: photos du salon de Bruxelles."},"content":{"rendered":"<p><a href=\"http:\/\/blogs.thesocialmedia.com\/leblogmoto\/files\/2012\/07\/bruxelles_bmw.jpg\"><img loading=\"lazy\" decoding=\"async\" width=\"469\" height=\"352\"  src=\"http:\/\/www.leblogmoto.com\/images\/2008\/02\/06\/bruxelles_bmw.jpg\" alt=\"Bruxelles_bmw\" \/><\/a><\/p>\n<p>Nos voisins d&rsquo;outre-Qui\u00e9vrain (oui j&rsquo;adore cette expression, mes excuses) du site <a href=\"http:\/\/www.vroom.be\/fr\/dossiers\/salon-auto-moto-bruxelles-2008\/actu-5188,evenements-salon-auto-moto-2008.html\">vroom.be<\/a> proposent une revue du Salon de Bruxelles, manifestation essentiellement consacr\u00e9e \u00e0 la reine automobile, mais qui comporte aussi des morceaux de choix sur deux roues. L&rsquo;on y a retrouv\u00e9 avec plaisir la <a href=\"http:\/\/www.leblogmoto.com\/2007\/10\/la-bmw-1200-hp2.html\">HP2 Sport<\/a> de BMW, le prototype de la prochaine Yamaha V-Max, le KTM X-bow, la (toute) petite Ninja 250 pour vous les jeunes (h\u00e9 h\u00e9), la Ducati 848, les constructeurs Aprilia et Guzzi, la Honda NH-01, la Suzuki GSX-F 650 ainsi que l&rsquo;<a href=\"http:\/\/www.lesolex.com\/esolex.htm\">eSolex<\/a>.<\/p>\n<p><a href=\"http:\/\/clabedan.typepad.com\/.shared\/image.html?\/photos\/uncategorized\/2008\/02\/06\/bruxelles_yamaha_2.jpg\"><img loading=\"lazy\" decoding=\"async\" width=\"469\" height=\"352\"  src=\"http:\/\/www.leblogmoto.com\/images\/2008\/02\/06\/bruxelles_yamaha_2.jpg\" alt=\"Bruxelles_yamaha_2\" \/><\/a><\/p>\n<p><a href=\"http:\/\/blogs.thesocialmedia.com\/leblogmoto\/files\/2012\/07\/bruxelles_ktm.jpg\"><img loading=\"lazy\" decoding=\"async\" width=\"469\" height=\"352\"  src=\"http:\/\/www.leblogmoto.com\/images\/2008\/02\/06\/bruxelles_ktm.jpg\" alt=\"Bruxelles_ktm\" \/><\/a> <\/p>\n<p><a href=\"http:\/\/blogs.thesocialmedia.com\/leblogmoto\/files\/2012\/07\/bruxelles_kawasaki.jpg\"><img loading=\"lazy\" decoding=\"async\" width=\"469\" height=\"352\"  src=\"http:\/\/www.leblogmoto.com\/images\/2008\/02\/06\/bruxelles_kawasaki.jpg\" alt=\"Bruxelles_kawasaki\" \/><\/a> <\/p>\n<p><a href=\"http:\/\/blogs.thesocialmedia.com\/leblogmoto\/files\/2012\/07\/bruxelles_ducati.jpg\"><img loading=\"lazy\" decoding=\"async\" width=\"469\" height=\"352\"  src=\"http:\/\/www.leblogmoto.com\/images\/2008\/02\/06\/bruxelles_ducati.jpg\" alt=\"Bruxelles_ducati\" \/><\/a> <\/p>\n<p><a href=\"http:\/\/blogs.thesocialmedia.com\/leblogmoto\/files\/2012\/07\/bruxelles_aprilia.jpg\"><img loading=\"lazy\" decoding=\"async\" width=\"469\" height=\"352\"  src=\"http:\/\/www.leblogmoto.com\/images\/2008\/02\/06\/bruxelles_aprilia.jpg\" alt=\"Bruxelles_aprilia\" \/><\/a> <\/p>\n<p><a href=\"http:\/\/blogs.thesocialmedia.com\/leblogmoto\/files\/2012\/07\/bruxelles_guzzi.jpg\"><img loading=\"lazy\" decoding=\"async\" width=\"469\" height=\"352\"  src=\"http:\/\/www.leblogmoto.com\/images\/2008\/02\/06\/bruxelles_guzzi.jpg\" alt=\"Bruxelles_guzzi\" \/><\/a> <\/p>\n<p><a href=\"http:\/\/blogs.thesocialmedia.com\/leblogmoto\/files\/2012\/07\/bruxelles_honda.jpg\"><img loading=\"lazy\" decoding=\"async\" width=\"469\" height=\"352\"  src=\"http:\/\/www.leblogmoto.com\/images\/2008\/02\/06\/bruxelles_honda.jpg\" alt=\"Bruxelles_honda\" \/><\/a><\/p>\n<p><a href=\"http:\/\/blogs.thesocialmedia.com\/leblogmoto\/files\/2012\/07\/bruxelles_suzuki.jpg\"><img loading=\"lazy\" decoding=\"async\" width=\"469\" height=\"352\"  src=\"http:\/\/www.leblogmoto.com\/images\/2008\/02\/06\/bruxelles_suzuki.jpg\" alt=\"Bruxelles_suzuki\" \/><\/a> <\/p>\n<p><a href=\"http:\/\/blogs.thesocialmedia.com\/leblogmoto\/files\/2012\/07\/bruxelles_esolex.jpg\"><img loading=\"lazy\" decoding=\"async\" width=\"469\" height=\"352\"  src=\"http:\/\/www.leblogmoto.com\/images\/2008\/02\/06\/bruxelles_esolex.jpg\" alt=\"Bruxelles_esolex\" \/><\/a> <\/p>\n","protected":false},"excerpt":{"rendered":"<p>Nos voisins d&rsquo;outre-Qui\u00e9vrain (oui j&rsquo;adore cette expression, mes excuses) du site vroom.be proposent une revue du Salon de Bruxelles, manifestation essentiellement consacr\u00e9e \u00e0 la reine automobile, mais qui comporte aussi des morceaux de choix sur deux roues. L&rsquo;on y a retrouv\u00e9 avec plaisir la HP2 Sport de BMW, le prototype de la prochaine Yamaha V-Max, [&hellip;]<\/p>\n","protected":false},"author":324,"featured_media":0,"comment_status":"open","ping_status":"open","sticky":false,"template":"","format":"standard","meta":{"footnotes":""},"categories":[3,36],"tags":[],"class_list":["post-911","post","type-post","status-publish","format-standard","hentry","category-actualite","category-salons"],"yoast_head":"<!-- This site is optimized with the Yoast SEO plugin v26.0 - https:\/\/yoast.com\/wordpress\/plugins\/seo\/ -->\n<title>Session de rattrapage: photos du salon de Bruxelles. - leblogmoto.com<\/title>\n<meta name=\"robots\" content=\"index, follow, max-snippet:-1, max-image-preview:large, max-video-preview:-1\" \/>\n<link rel=\"canonical\" href=\"https:\/\/blogs.thesocialmedia.com\/leblogmoto\/2008\/02\/06\/session-de-ratt-2\/\" \/>\n<meta name=\"twitter:card\" content=\"summary_large_image\" \/>\n<meta name=\"twitter:title\" content=\"Session de rattrapage: photos du salon de Bruxelles. - leblogmoto.com\" \/>\n<meta name=\"twitter:description\" content=\"Nos voisins d&rsquo;outre-Qui\u00e9vrain (oui j&rsquo;adore cette expression, mes excuses) du site vroom.be proposent une revue du Salon de Bruxelles, manifestation essentiellement consacr\u00e9e \u00e0 la reine automobile, mais qui comporte aussi des morceaux de choix sur deux roues. L&rsquo;on y a retrouv\u00e9 avec plaisir la HP2 Sport de BMW, le prototype de la prochaine Yamaha V-Max, [&hellip;]\" \/>\n<meta name=\"twitter:image\" content=\"http:\/\/www.leblogmoto.com\/images\/2008\/02\/06\/bruxelles_bmw.jpg\" \/>\n<meta name=\"twitter:label1\" content=\"\u00c9crit par\" \/>\n\t<meta name=\"twitter:data1\" content=\"benoit rieu\" \/>\n<script type=\"application\/ld+json\" class=\"yoast-schema-graph\">{\"@context\":\"https:\/\/schema.org\",\"@graph\":[{\"@type\":\"WebPage\",\"@id\":\"https:\/\/blogs.thesocialmedia.com\/leblogmoto\/2008\/02\/06\/session-de-ratt-2\/\",\"url\":\"https:\/\/blogs.thesocialmedia.com\/leblogmoto\/2008\/02\/06\/session-de-ratt-2\/\",\"name\":\"Session de rattrapage: photos du salon de Bruxelles. - leblogmoto.com\",\"isPartOf\":{\"@id\":\"https:\/\/blogs.thesocialmedia.com\/leblogmoto\/#website\"},\"primaryImageOfPage\":{\"@id\":\"https:\/\/blogs.thesocialmedia.com\/leblogmoto\/2008\/02\/06\/session-de-ratt-2\/#primaryimage\"},\"image\":{\"@id\":\"https:\/\/blogs.thesocialmedia.com\/leblogmoto\/2008\/02\/06\/session-de-ratt-2\/#primaryimage\"},\"thumbnailUrl\":\"http:\/\/www.leblogmoto.com\/images\/2008\/02\/06\/bruxelles_bmw.jpg\",\"datePublished\":\"2008-02-06T23:58:13+00:00\",\"dateModified\":\"2012-07-11T15:21:03+00:00\",\"author\":{\"@id\":\"https:\/\/blogs.thesocialmedia.com\/leblogmoto\/#\/schema\/person\/18bfe773e5725ed6d24f743da805362a\"},\"breadcrumb\":{\"@id\":\"https:\/\/blogs.thesocialmedia.com\/leblogmoto\/2008\/02\/06\/session-de-ratt-2\/#breadcrumb\"},\"inLanguage\":\"fr-FR\",\"potentialAction\":[{\"@type\":\"ReadAction\",\"target\":[\"https:\/\/blogs.thesocialmedia.com\/leblogmoto\/2008\/02\/06\/session-de-ratt-2\/\"]}]},{\"@type\":\"ImageObject\",\"inLanguage\":\"fr-FR\",\"@id\":\"https:\/\/blogs.thesocialmedia.com\/leblogmoto\/2008\/02\/06\/session-de-ratt-2\/#primaryimage\",\"url\":\"http:\/\/www.leblogmoto.com\/images\/2008\/02\/06\/bruxelles_bmw.jpg\",\"contentUrl\":\"http:\/\/www.leblogmoto.com\/images\/2008\/02\/06\/bruxelles_bmw.jpg\"},{\"@type\":\"BreadcrumbList\",\"@id\":\"https:\/\/blogs.thesocialmedia.com\/leblogmoto\/2008\/02\/06\/session-de-ratt-2\/#breadcrumb\",\"itemListElement\":[{\"@type\":\"ListItem\",\"position\":1,\"name\":\"Accueil\",\"item\":\"https:\/\/blogs.thesocialmedia.com\/leblogmoto\/\"},{\"@type\":\"ListItem\",\"position\":2,\"name\":\"Session de rattrapage: photos du salon de Bruxelles.\"}]},{\"@type\":\"WebSite\",\"@id\":\"https:\/\/blogs.thesocialmedia.com\/leblogmoto\/#website\",\"url\":\"https:\/\/blogs.thesocialmedia.com\/leblogmoto\/\",\"name\":\"leblogmoto\",\"description\":\"Toute l&#039;actualit\u00e9 des 2 roues\",\"potentialAction\":[{\"@type\":\"SearchAction\",\"target\":{\"@type\":\"EntryPoint\",\"urlTemplate\":\"https:\/\/blogs.thesocialmedia.com\/leblogmoto\/?s={search_term_string}\"},\"query-input\":{\"@type\":\"PropertyValueSpecification\",\"valueRequired\":true,\"valueName\":\"search_term_string\"}}],\"inLanguage\":\"fr-FR\"},{\"@type\":\"Person\",\"@id\":\"https:\/\/blogs.thesocialmedia.com\/leblogmoto\/#\/schema\/person\/18bfe773e5725ed6d24f743da805362a\",\"name\":\"benoit rieu\",\"image\":{\"@type\":\"ImageObject\",\"inLanguage\":\"fr-FR\",\"@id\":\"https:\/\/blogs.thesocialmedia.com\/leblogmoto\/#\/schema\/person\/image\/\",\"url\":\"https:\/\/secure.gravatar.com\/avatar\/?s=96&d=mm&r=g\",\"contentUrl\":\"https:\/\/secure.gravatar.com\/avatar\/?s=96&d=mm&r=g\",\"caption\":\"benoit rieu\"},\"url\":\"https:\/\/blogs.thesocialmedia.com\/leblogmoto\/author\/benoit-rieu\/\"}]}<\/script>\n<!-- \/ Yoast SEO plugin. -->","yoast_head_json":{"title":"Session de rattrapage: photos du salon de Bruxelles. - leblogmoto.com","robots":{"index":"index","follow":"follow","max-snippet":"max-snippet:-1","max-image-preview":"max-image-preview:large","max-video-preview":"max-video-preview:-1"},"canonical":"https:\/\/blogs.thesocialmedia.com\/leblogmoto\/2008\/02\/06\/session-de-ratt-2\/","twitter_card":"summary_large_image","twitter_title":"Session de rattrapage: photos du salon de Bruxelles. - leblogmoto.com","twitter_description":"Nos voisins d&rsquo;outre-Qui\u00e9vrain (oui j&rsquo;adore cette expression, mes excuses) du site vroom.be proposent une revue du Salon de Bruxelles, manifestation essentiellement consacr\u00e9e \u00e0 la reine automobile, mais qui comporte aussi des morceaux de choix sur deux roues. L&rsquo;on y a retrouv\u00e9 avec plaisir la HP2 Sport de BMW, le prototype de la prochaine Yamaha V-Max, [&hellip;]","twitter_image":"http:\/\/www.leblogmoto.com\/images\/2008\/02\/06\/bruxelles_bmw.jpg","twitter_misc":{"\u00c9crit par":"benoit rieu"},"schema":{"@context":"https:\/\/schema.org","@graph":[{"@type":"WebPage","@id":"https:\/\/blogs.thesocialmedia.com\/leblogmoto\/2008\/02\/06\/session-de-ratt-2\/","url":"https:\/\/blogs.thesocialmedia.com\/leblogmoto\/2008\/02\/06\/session-de-ratt-2\/","name":"Session de rattrapage: photos du salon de Bruxelles. - leblogmoto.com","isPartOf":{"@id":"https:\/\/blogs.thesocialmedia.com\/leblogmoto\/#website"},"primaryImageOfPage":{"@id":"https:\/\/blogs.thesocialmedia.com\/leblogmoto\/2008\/02\/06\/session-de-ratt-2\/#primaryimage"},"image":{"@id":"https:\/\/blogs.thesocialmedia.com\/leblogmoto\/2008\/02\/06\/session-de-ratt-2\/#primaryimage"},"thumbnailUrl":"http:\/\/www.leblogmoto.com\/images\/2008\/02\/06\/bruxelles_bmw.jpg","datePublished":"2008-02-06T23:58:13+00:00","dateModified":"2012-07-11T15:21:03+00:00","author":{"@id":"https:\/\/blogs.thesocialmedia.com\/leblogmoto\/#\/schema\/person\/18bfe773e5725ed6d24f743da805362a"},"breadcrumb":{"@id":"https:\/\/blogs.thesocialmedia.com\/leblogmoto\/2008\/02\/06\/session-de-ratt-2\/#breadcrumb"},"inLanguage":"fr-FR","potentialAction":[{"@type":"ReadAction","target":["https:\/\/blogs.thesocialmedia.com\/leblogmoto\/2008\/02\/06\/session-de-ratt-2\/"]}]},{"@type":"ImageObject","inLanguage":"fr-FR","@id":"https:\/\/blogs.thesocialmedia.com\/leblogmoto\/2008\/02\/06\/session-de-ratt-2\/#primaryimage","url":"http:\/\/www.leblogmoto.com\/images\/2008\/02\/06\/bruxelles_bmw.jpg","contentUrl":"http:\/\/www.leblogmoto.com\/images\/2008\/02\/06\/bruxelles_bmw.jpg"},{"@type":"BreadcrumbList","@id":"https:\/\/blogs.thesocialmedia.com\/leblogmoto\/2008\/02\/06\/session-de-ratt-2\/#breadcrumb","itemListElement":[{"@type":"ListItem","position":1,"name":"Accueil","item":"https:\/\/blogs.thesocialmedia.com\/leblogmoto\/"},{"@type":"ListItem","position":2,"name":"Session de rattrapage: photos du salon de Bruxelles."}]},{"@type":"WebSite","@id":"https:\/\/blogs.thesocialmedia.com\/leblogmoto\/#website","url":"https:\/\/blogs.thesocialmedia.com\/leblogmoto\/","name":"leblogmoto","description":"Toute l&#039;actualit\u00e9 des 2 roues","potentialAction":[{"@type":"SearchAction","target":{"@type":"EntryPoint","urlTemplate":"https:\/\/blogs.thesocialmedia.com\/leblogmoto\/?s={search_term_string}"},"query-input":{"@type":"PropertyValueSpecification","valueRequired":true,"valueName":"search_term_string"}}],"inLanguage":"fr-FR"},{"@type":"Person","@id":"https:\/\/blogs.thesocialmedia.com\/leblogmoto\/#\/schema\/person\/18bfe773e5725ed6d24f743da805362a","name":"benoit rieu","image":{"@type":"ImageObject","inLanguage":"fr-FR","@id":"https:\/\/blogs.thesocialmedia.com\/leblogmoto\/#\/schema\/person\/image\/","url":"https:\/\/secure.gravatar.com\/avatar\/?s=96&d=mm&r=g","contentUrl":"https:\/\/secure.gravatar.com\/avatar\/?s=96&d=mm&r=g","caption":"benoit rieu"},"url":"https:\/\/blogs.thesocialmedia.com\/leblogmoto\/author\/benoit-rieu\/"}]}},"_links":{"self":[{"href":"https:\/\/blogs.thesocialmedia.com\/leblogmoto\/wp-json\/wp\/v2\/posts\/911","targetHints":{"allow":["GET"]}}],"collection":[{"href":"https:\/\/blogs.thesocialmedia.com\/leblogmoto\/wp-json\/wp\/v2\/posts"}],"about":[{"href":"https:\/\/blogs.thesocialmedia.com\/leblogmoto\/wp-json\/wp\/v2\/types\/post"}],"author":[{"embeddable":true,"href":"https:\/\/blogs.thesocialmedia.com\/leblogmoto\/wp-json\/wp\/v2\/users\/324"}],"replies":[{"embeddable":true,"href":"https:\/\/blogs.thesocialmedia.com\/leblogmoto\/wp-json\/wp\/v2\/comments?post=911"}],"version-history":[{"count":2,"href":"https:\/\/blogs.thesocialmedia.com\/leblogmoto\/wp-json\/wp\/v2\/posts\/911\/revisions"}],"predecessor-version":[{"id":9913,"href":"https:\/\/blogs.thesocialmedia.com\/leblogmoto\/wp-json\/wp\/v2\/posts\/911\/revisions\/9913"}],"wp:attachment":[{"href":"https:\/\/blogs.thesocialmedia.com\/leblogmoto\/wp-json\/wp\/v2\/media?parent=911"}],"wp:term":[{"taxonomy":"category","embeddable":true,"href":"https:\/\/blogs.thesocialmedia.com\/leblogmoto\/wp-json\/wp\/v2\/categories?post=911"},{"taxonomy":"post_tag","embeddable":true,"href":"https:\/\/blogs.thesocialmedia.com\/leblogmoto\/wp-json\/wp\/v2\/tags?post=911"}],"curies":[{"name":"wp","href":"https:\/\/api.w.org\/{rel}","templated":true}]}}