{"id":912,"date":"2008-02-06T07:39:30","date_gmt":"2008-02-06T07:39:30","guid":{"rendered":"http:\/\/blogs.thesocialmedia.com\/leblogmoto\/2008\/02\/06\/la-lgende-du-fm\/"},"modified":"2012-07-11T13:22:32","modified_gmt":"2012-07-11T13:22:32","slug":"la-lgende-du-fm","status":"publish","type":"post","link":"https:\/\/blogs.thesocialmedia.com\/leblogmoto\/2008\/02\/06\/la-lgende-du-fm\/","title":{"rendered":"La l\u00e9gende du FMX Pastrana heurte un cerf en Rally."},"content":{"rendered":"<p><object width=\"425\" height=\"355\">La l\u00e9gende du Freestyle Motocross, l&rsquo;am\u00e9ricain Travis Pastrana, dont je vous parlais incidemment <a href=\"http:\/\/www.leblogmoto.com\/2008\/01\/du-freestyle-mo.html\">ici<\/a>, l&rsquo;inventeur d&rsquo;un grand nombre de figures de son sport, champion du monde \u00e0 14 ans dans une discipline d&rsquo;adultes, auteur d&rsquo;un double backflip irr\u00e9el en comp\u00e9tition, a connu le 26 janvier dernier une frayeur dont il se souviendra longtemps. Engag\u00e9 avec son copilote Christian Edstrom dans le Snodrift Rally, \u00e9preuve dont il remporta les deux derni\u00e8res \u00e9ditions&#8230;<\/object><\/p>\n<p><object width=\"425\" height=\"355\"><param name=\"movie\" value=\"http:\/\/www.youtube.com\/v\/pdxmAq3TOjI&amp;rel=1\" \/><param name=\"wmode\" value=\"transparent\" \/><embed width=\"425\" height=\"355\" src=\"http:\/\/www.youtube.com\/v\/pdxmAq3TOjI&amp;rel=1\" type=\"application\/x-shockwave-flash\"><\/embed><\/object><\/p>\n<p>&#8230;il est en t\u00eate de la comp\u00e9tition sur sa Subaru Impreza n\u00b0199, un num\u00e9ro auquel il est rest\u00e9 fid\u00e8le depuis ses b\u00e9canes Suzuki tout au long de sa carri\u00e8re en FMX et SX. Mais alors qu&rsquo;il ne leur restait que 11 miles (autour de 17 Km) \u00e0 parcourir avant l&rsquo;arriv\u00e9e, leur WRX heurta un cerf ou une biche qui traversait la piste enneig\u00e9e. <\/p>\n<p>Les deux comp\u00e9titeurs s&rsquo;en sortirent sans dommage corporel, mais durent abandonner. L&rsquo;animal n&rsquo;eut visiblement pas cette chance, comme le montre cette cam\u00e9ra embarqu\u00e9e.<\/p>\n","protected":false},"excerpt":{"rendered":"<p>La l\u00e9gende du Freestyle Motocross, l&rsquo;am\u00e9ricain Travis Pastrana, dont je vous parlais incidemment ici, l&rsquo;inventeur d&rsquo;un grand nombre de figures de son sport, champion du monde \u00e0 14 ans dans une discipline d&rsquo;adultes, auteur d&rsquo;un double backflip irr\u00e9el en comp\u00e9tition, a connu le 26 janvier dernier une frayeur dont il se souviendra longtemps. Engag\u00e9 avec [&hellip;]<\/p>\n","protected":false},"author":324,"featured_media":0,"comment_status":"open","ping_status":"open","sticky":false,"template":"","format":"standard","meta":{"footnotes":""},"categories":[3,17,58,66,32,51],"tags":[],"class_list":["post-912","post","type-post","status-publish","format-standard","hentry","category-actualite","category-divers","category-insolite","category-moto-cross","category-sport-moto","category-suzuki"],"yoast_head":"<!-- This site is optimized with the Yoast SEO plugin v26.0 - https:\/\/yoast.com\/wordpress\/plugins\/seo\/ -->\n<title>La l\u00e9gende du FMX Pastrana heurte un cerf en Rally. - leblogmoto.com<\/title>\n<meta name=\"robots\" content=\"index, follow, max-snippet:-1, max-image-preview:large, max-video-preview:-1\" \/>\n<link rel=\"canonical\" href=\"https:\/\/blogs.thesocialmedia.com\/leblogmoto\/2008\/02\/06\/la-lgende-du-fm\/\" \/>\n<meta name=\"twitter:card\" content=\"summary_large_image\" \/>\n<meta name=\"twitter:title\" content=\"La l\u00e9gende du FMX Pastrana heurte un cerf en Rally. - leblogmoto.com\" \/>\n<meta name=\"twitter:description\" content=\"La l\u00e9gende du Freestyle Motocross, l&rsquo;am\u00e9ricain Travis Pastrana, dont je vous parlais incidemment ici, l&rsquo;inventeur d&rsquo;un grand nombre de figures de son sport, champion du monde \u00e0 14 ans dans une discipline d&rsquo;adultes, auteur d&rsquo;un double backflip irr\u00e9el en comp\u00e9tition, a connu le 26 janvier dernier une frayeur dont il se souviendra longtemps. Engag\u00e9 avec [&hellip;]\" \/>\n<meta name=\"twitter:label1\" content=\"\u00c9crit par\" \/>\n\t<meta name=\"twitter:data1\" content=\"benoit rieu\" \/>\n\t<meta name=\"twitter:label2\" content=\"Dur\u00e9e de lecture estim\u00e9e\" \/>\n\t<meta name=\"twitter:data2\" content=\"1 minute\" \/>\n<script type=\"application\/ld+json\" class=\"yoast-schema-graph\">{\"@context\":\"https:\/\/schema.org\",\"@graph\":[{\"@type\":\"WebPage\",\"@id\":\"https:\/\/blogs.thesocialmedia.com\/leblogmoto\/2008\/02\/06\/la-lgende-du-fm\/\",\"url\":\"https:\/\/blogs.thesocialmedia.com\/leblogmoto\/2008\/02\/06\/la-lgende-du-fm\/\",\"name\":\"La l\u00e9gende du FMX Pastrana heurte un cerf en Rally. - leblogmoto.com\",\"isPartOf\":{\"@id\":\"https:\/\/blogs.thesocialmedia.com\/leblogmoto\/#website\"},\"datePublished\":\"2008-02-06T07:39:30+00:00\",\"dateModified\":\"2012-07-11T13:22:32+00:00\",\"author\":{\"@id\":\"https:\/\/blogs.thesocialmedia.com\/leblogmoto\/#\/schema\/person\/18bfe773e5725ed6d24f743da805362a\"},\"breadcrumb\":{\"@id\":\"https:\/\/blogs.thesocialmedia.com\/leblogmoto\/2008\/02\/06\/la-lgende-du-fm\/#breadcrumb\"},\"inLanguage\":\"fr-FR\",\"potentialAction\":[{\"@type\":\"ReadAction\",\"target\":[\"https:\/\/blogs.thesocialmedia.com\/leblogmoto\/2008\/02\/06\/la-lgende-du-fm\/\"]}]},{\"@type\":\"BreadcrumbList\",\"@id\":\"https:\/\/blogs.thesocialmedia.com\/leblogmoto\/2008\/02\/06\/la-lgende-du-fm\/#breadcrumb\",\"itemListElement\":[{\"@type\":\"ListItem\",\"position\":1,\"name\":\"Accueil\",\"item\":\"https:\/\/blogs.thesocialmedia.com\/leblogmoto\/\"},{\"@type\":\"ListItem\",\"position\":2,\"name\":\"La l\u00e9gende du FMX Pastrana heurte un cerf en Rally.\"}]},{\"@type\":\"WebSite\",\"@id\":\"https:\/\/blogs.thesocialmedia.com\/leblogmoto\/#website\",\"url\":\"https:\/\/blogs.thesocialmedia.com\/leblogmoto\/\",\"name\":\"leblogmoto\",\"description\":\"Toute l&#039;actualit\u00e9 des 2 roues\",\"potentialAction\":[{\"@type\":\"SearchAction\",\"target\":{\"@type\":\"EntryPoint\",\"urlTemplate\":\"https:\/\/blogs.thesocialmedia.com\/leblogmoto\/?s={search_term_string}\"},\"query-input\":{\"@type\":\"PropertyValueSpecification\",\"valueRequired\":true,\"valueName\":\"search_term_string\"}}],\"inLanguage\":\"fr-FR\"},{\"@type\":\"Person\",\"@id\":\"https:\/\/blogs.thesocialmedia.com\/leblogmoto\/#\/schema\/person\/18bfe773e5725ed6d24f743da805362a\",\"name\":\"benoit rieu\",\"image\":{\"@type\":\"ImageObject\",\"inLanguage\":\"fr-FR\",\"@id\":\"https:\/\/blogs.thesocialmedia.com\/leblogmoto\/#\/schema\/person\/image\/\",\"url\":\"https:\/\/secure.gravatar.com\/avatar\/?s=96&d=mm&r=g\",\"contentUrl\":\"https:\/\/secure.gravatar.com\/avatar\/?s=96&d=mm&r=g\",\"caption\":\"benoit rieu\"},\"url\":\"https:\/\/blogs.thesocialmedia.com\/leblogmoto\/author\/benoit-rieu\/\"}]}<\/script>\n<!-- \/ Yoast SEO plugin. -->","yoast_head_json":{"title":"La l\u00e9gende du FMX Pastrana heurte un cerf en Rally. - leblogmoto.com","robots":{"index":"index","follow":"follow","max-snippet":"max-snippet:-1","max-image-preview":"max-image-preview:large","max-video-preview":"max-video-preview:-1"},"canonical":"https:\/\/blogs.thesocialmedia.com\/leblogmoto\/2008\/02\/06\/la-lgende-du-fm\/","twitter_card":"summary_large_image","twitter_title":"La l\u00e9gende du FMX Pastrana heurte un cerf en Rally. - leblogmoto.com","twitter_description":"La l\u00e9gende du Freestyle Motocross, l&rsquo;am\u00e9ricain Travis Pastrana, dont je vous parlais incidemment ici, l&rsquo;inventeur d&rsquo;un grand nombre de figures de son sport, champion du monde \u00e0 14 ans dans une discipline d&rsquo;adultes, auteur d&rsquo;un double backflip irr\u00e9el en comp\u00e9tition, a connu le 26 janvier dernier une frayeur dont il se souviendra longtemps. Engag\u00e9 avec [&hellip;]","twitter_misc":{"\u00c9crit par":"benoit rieu","Dur\u00e9e de lecture estim\u00e9e":"1 minute"},"schema":{"@context":"https:\/\/schema.org","@graph":[{"@type":"WebPage","@id":"https:\/\/blogs.thesocialmedia.com\/leblogmoto\/2008\/02\/06\/la-lgende-du-fm\/","url":"https:\/\/blogs.thesocialmedia.com\/leblogmoto\/2008\/02\/06\/la-lgende-du-fm\/","name":"La l\u00e9gende du FMX Pastrana heurte un cerf en Rally. - leblogmoto.com","isPartOf":{"@id":"https:\/\/blogs.thesocialmedia.com\/leblogmoto\/#website"},"datePublished":"2008-02-06T07:39:30+00:00","dateModified":"2012-07-11T13:22:32+00:00","author":{"@id":"https:\/\/blogs.thesocialmedia.com\/leblogmoto\/#\/schema\/person\/18bfe773e5725ed6d24f743da805362a"},"breadcrumb":{"@id":"https:\/\/blogs.thesocialmedia.com\/leblogmoto\/2008\/02\/06\/la-lgende-du-fm\/#breadcrumb"},"inLanguage":"fr-FR","potentialAction":[{"@type":"ReadAction","target":["https:\/\/blogs.thesocialmedia.com\/leblogmoto\/2008\/02\/06\/la-lgende-du-fm\/"]}]},{"@type":"BreadcrumbList","@id":"https:\/\/blogs.thesocialmedia.com\/leblogmoto\/2008\/02\/06\/la-lgende-du-fm\/#breadcrumb","itemListElement":[{"@type":"ListItem","position":1,"name":"Accueil","item":"https:\/\/blogs.thesocialmedia.com\/leblogmoto\/"},{"@type":"ListItem","position":2,"name":"La l\u00e9gende du FMX Pastrana heurte un cerf en Rally."}]},{"@type":"WebSite","@id":"https:\/\/blogs.thesocialmedia.com\/leblogmoto\/#website","url":"https:\/\/blogs.thesocialmedia.com\/leblogmoto\/","name":"leblogmoto","description":"Toute l&#039;actualit\u00e9 des 2 roues","potentialAction":[{"@type":"SearchAction","target":{"@type":"EntryPoint","urlTemplate":"https:\/\/blogs.thesocialmedia.com\/leblogmoto\/?s={search_term_string}"},"query-input":{"@type":"PropertyValueSpecification","valueRequired":true,"valueName":"search_term_string"}}],"inLanguage":"fr-FR"},{"@type":"Person","@id":"https:\/\/blogs.thesocialmedia.com\/leblogmoto\/#\/schema\/person\/18bfe773e5725ed6d24f743da805362a","name":"benoit rieu","image":{"@type":"ImageObject","inLanguage":"fr-FR","@id":"https:\/\/blogs.thesocialmedia.com\/leblogmoto\/#\/schema\/person\/image\/","url":"https:\/\/secure.gravatar.com\/avatar\/?s=96&d=mm&r=g","contentUrl":"https:\/\/secure.gravatar.com\/avatar\/?s=96&d=mm&r=g","caption":"benoit rieu"},"url":"https:\/\/blogs.thesocialmedia.com\/leblogmoto\/author\/benoit-rieu\/"}]}},"_links":{"self":[{"href":"https:\/\/blogs.thesocialmedia.com\/leblogmoto\/wp-json\/wp\/v2\/posts\/912","targetHints":{"allow":["GET"]}}],"collection":[{"href":"https:\/\/blogs.thesocialmedia.com\/leblogmoto\/wp-json\/wp\/v2\/posts"}],"about":[{"href":"https:\/\/blogs.thesocialmedia.com\/leblogmoto\/wp-json\/wp\/v2\/types\/post"}],"author":[{"embeddable":true,"href":"https:\/\/blogs.thesocialmedia.com\/leblogmoto\/wp-json\/wp\/v2\/users\/324"}],"replies":[{"embeddable":true,"href":"https:\/\/blogs.thesocialmedia.com\/leblogmoto\/wp-json\/wp\/v2\/comments?post=912"}],"version-history":[{"count":1,"href":"https:\/\/blogs.thesocialmedia.com\/leblogmoto\/wp-json\/wp\/v2\/posts\/912\/revisions"}],"predecessor-version":[{"id":4308,"href":"https:\/\/blogs.thesocialmedia.com\/leblogmoto\/wp-json\/wp\/v2\/posts\/912\/revisions\/4308"}],"wp:attachment":[{"href":"https:\/\/blogs.thesocialmedia.com\/leblogmoto\/wp-json\/wp\/v2\/media?parent=912"}],"wp:term":[{"taxonomy":"category","embeddable":true,"href":"https:\/\/blogs.thesocialmedia.com\/leblogmoto\/wp-json\/wp\/v2\/categories?post=912"},{"taxonomy":"post_tag","embeddable":true,"href":"https:\/\/blogs.thesocialmedia.com\/leblogmoto\/wp-json\/wp\/v2\/tags?post=912"}],"curies":[{"name":"wp","href":"https:\/\/api.w.org\/{rel}","templated":true}]}}