{"id":913,"date":"2008-02-05T23:44:44","date_gmt":"2008-02-05T23:44:44","guid":{"rendered":"http:\/\/blogs.thesocialmedia.com\/leblogmoto\/2008\/02\/05\/un-avant-got-de\/"},"modified":"2012-07-11T15:20:47","modified_gmt":"2012-07-11T15:20:47","slug":"un-avant-got-de","status":"publish","type":"post","link":"https:\/\/blogs.thesocialmedia.com\/leblogmoto\/2008\/02\/05\/un-avant-got-de\/","title":{"rendered":"Un avant-go\u00fbt de ce qui nous attend ?"},"content":{"rendered":"<p><a href=\"http:\/\/blogs.thesocialmedia.com\/leblogmoto\/files\/2012\/07\/moto_insolite_atv_quad.jpg\"><img loading=\"lazy\" decoding=\"async\" width=\"470\" height=\"626\"  alt=\"Moto_insolite_atv_quad\" src=\"http:\/\/www.leblogmoto.com\/images\/2008\/02\/05\/moto_insolite_atv_quad.jpg\" \/><\/a><\/p>\n<p>Apr\u00e8s de graves accidents, les USA obligent d&rsquo;apposer cet avertissement sur les quads (appel\u00e9s chez eux <em>ATV<\/em> pour <em>All Terrain Vehicle<\/em>), interdisant leur conduite au moins de 16 ans. Ce clich\u00e9 fait partie des photos que l&rsquo;on stocke compulsivement sur son disque dur. Cependant <a href=\"http:\/\/www.leblogmoto.com\/2008\/02\/la-loi-sur-les.html\">l&rsquo;examen de la loi<\/a> pr\u00e9voyant d&rsquo;interdire la vente de mini-motos* (comprenant <em>pit bikes<\/em>, <em>dirt bikes<\/em> et <em>pocket bikes<\/em>) aux mineurs et de prohiber leur utilisation en dessous de 14 ans, m&rsquo;am\u00e8ne \u00e0 la ressortir du tiroir. <\/p>\n<p>La traduction de cette mise en garde, qui s&rsquo;apparente \u00e0 ce qui existe sur tous les paquets de cigarettes occidentales (le fameux &quot;surgeon general warning&quot;) donne \u00e0 peu pr\u00e8s ceci: <\/p>\n<p>&quot;Utiliser ce quad si vous \u00eates \u00e2g\u00e9 de moins de 16 ans augmente vos risques de blessure s\u00e9rieuse ou de mort&quot; &quot;N&rsquo;utilisez jamais ce quad si vous avez moins de 16 ans&quot;.<\/p>\n<p>Cette photo est tir\u00e9e d&rsquo;un article de l&rsquo;ann\u00e9e derni\u00e8re sur l&rsquo;excellent blog <em><a href=\"http:\/\/www.undermyhelmet.com\/\">Under My Helmet<\/a><\/em>. Blog dont je vous avais touch\u00e9 un mot lors des incendies qui avaient ravag\u00e9 la Californie en novembre dernier, au sujet d&rsquo;un <a href=\"http:\/\/www.leblogmoto.com\/2007\/11\/quad-ravag-par-.html\">quad br\u00fbl\u00e9 et du destin tragique de ses propri\u00e9taires<\/a>. <\/p>\n<p><em>*ainsi que les miniquads et v\u00e9hicules assimil\u00e9s.<\/em><\/p>\n","protected":false},"excerpt":{"rendered":"<p>Apr\u00e8s de graves accidents, les USA obligent d&rsquo;apposer cet avertissement sur les quads (appel\u00e9s chez eux ATV pour All Terrain Vehicle), interdisant leur conduite au moins de 16 ans. Ce clich\u00e9 fait partie des photos que l&rsquo;on stocke compulsivement sur son disque dur. Cependant l&rsquo;examen de la loi pr\u00e9voyant d&rsquo;interdire la vente de mini-motos* (comprenant [&hellip;]<\/p>\n","protected":false},"author":324,"featured_media":0,"comment_status":"open","ping_status":"open","sticky":false,"template":"","format":"standard","meta":{"footnotes":""},"categories":[3,79,70,27],"tags":[],"class_list":["post-913","post","type-post","status-publish","format-standard","hentry","category-actualite","category-pocket-bike","category-quad","category-securite"],"yoast_head":"<!-- This site is optimized with the Yoast SEO plugin v26.0 - https:\/\/yoast.com\/wordpress\/plugins\/seo\/ -->\n<title>Un avant-go\u00fbt de ce qui nous attend ? - leblogmoto.com<\/title>\n<meta name=\"robots\" content=\"index, follow, max-snippet:-1, max-image-preview:large, max-video-preview:-1\" \/>\n<link rel=\"canonical\" href=\"https:\/\/blogs.thesocialmedia.com\/leblogmoto\/2008\/02\/05\/un-avant-got-de\/\" \/>\n<meta name=\"twitter:card\" content=\"summary_large_image\" \/>\n<meta name=\"twitter:title\" content=\"Un avant-go\u00fbt de ce qui nous attend ? - leblogmoto.com\" \/>\n<meta name=\"twitter:description\" content=\"Apr\u00e8s de graves accidents, les USA obligent d&rsquo;apposer cet avertissement sur les quads (appel\u00e9s chez eux ATV pour All Terrain Vehicle), interdisant leur conduite au moins de 16 ans. Ce clich\u00e9 fait partie des photos que l&rsquo;on stocke compulsivement sur son disque dur. Cependant l&rsquo;examen de la loi pr\u00e9voyant d&rsquo;interdire la vente de mini-motos* (comprenant [&hellip;]\" \/>\n<meta name=\"twitter:image\" content=\"http:\/\/www.leblogmoto.com\/images\/2008\/02\/05\/moto_insolite_atv_quad.jpg\" \/>\n<meta name=\"twitter:label1\" content=\"\u00c9crit par\" \/>\n\t<meta name=\"twitter:data1\" content=\"benoit rieu\" \/>\n\t<meta name=\"twitter:label2\" content=\"Dur\u00e9e de lecture estim\u00e9e\" \/>\n\t<meta name=\"twitter:data2\" content=\"1 minute\" \/>\n<script type=\"application\/ld+json\" class=\"yoast-schema-graph\">{\"@context\":\"https:\/\/schema.org\",\"@graph\":[{\"@type\":\"WebPage\",\"@id\":\"https:\/\/blogs.thesocialmedia.com\/leblogmoto\/2008\/02\/05\/un-avant-got-de\/\",\"url\":\"https:\/\/blogs.thesocialmedia.com\/leblogmoto\/2008\/02\/05\/un-avant-got-de\/\",\"name\":\"Un avant-go\u00fbt de ce qui nous attend ? - leblogmoto.com\",\"isPartOf\":{\"@id\":\"https:\/\/blogs.thesocialmedia.com\/leblogmoto\/#website\"},\"primaryImageOfPage\":{\"@id\":\"https:\/\/blogs.thesocialmedia.com\/leblogmoto\/2008\/02\/05\/un-avant-got-de\/#primaryimage\"},\"image\":{\"@id\":\"https:\/\/blogs.thesocialmedia.com\/leblogmoto\/2008\/02\/05\/un-avant-got-de\/#primaryimage\"},\"thumbnailUrl\":\"http:\/\/www.leblogmoto.com\/images\/2008\/02\/05\/moto_insolite_atv_quad.jpg\",\"datePublished\":\"2008-02-05T23:44:44+00:00\",\"dateModified\":\"2012-07-11T15:20:47+00:00\",\"author\":{\"@id\":\"https:\/\/blogs.thesocialmedia.com\/leblogmoto\/#\/schema\/person\/18bfe773e5725ed6d24f743da805362a\"},\"breadcrumb\":{\"@id\":\"https:\/\/blogs.thesocialmedia.com\/leblogmoto\/2008\/02\/05\/un-avant-got-de\/#breadcrumb\"},\"inLanguage\":\"fr-FR\",\"potentialAction\":[{\"@type\":\"ReadAction\",\"target\":[\"https:\/\/blogs.thesocialmedia.com\/leblogmoto\/2008\/02\/05\/un-avant-got-de\/\"]}]},{\"@type\":\"ImageObject\",\"inLanguage\":\"fr-FR\",\"@id\":\"https:\/\/blogs.thesocialmedia.com\/leblogmoto\/2008\/02\/05\/un-avant-got-de\/#primaryimage\",\"url\":\"http:\/\/www.leblogmoto.com\/images\/2008\/02\/05\/moto_insolite_atv_quad.jpg\",\"contentUrl\":\"http:\/\/www.leblogmoto.com\/images\/2008\/02\/05\/moto_insolite_atv_quad.jpg\"},{\"@type\":\"BreadcrumbList\",\"@id\":\"https:\/\/blogs.thesocialmedia.com\/leblogmoto\/2008\/02\/05\/un-avant-got-de\/#breadcrumb\",\"itemListElement\":[{\"@type\":\"ListItem\",\"position\":1,\"name\":\"Accueil\",\"item\":\"https:\/\/blogs.thesocialmedia.com\/leblogmoto\/\"},{\"@type\":\"ListItem\",\"position\":2,\"name\":\"Un avant-go\u00fbt de ce qui nous attend ?\"}]},{\"@type\":\"WebSite\",\"@id\":\"https:\/\/blogs.thesocialmedia.com\/leblogmoto\/#website\",\"url\":\"https:\/\/blogs.thesocialmedia.com\/leblogmoto\/\",\"name\":\"leblogmoto\",\"description\":\"Toute l&#039;actualit\u00e9 des 2 roues\",\"potentialAction\":[{\"@type\":\"SearchAction\",\"target\":{\"@type\":\"EntryPoint\",\"urlTemplate\":\"https:\/\/blogs.thesocialmedia.com\/leblogmoto\/?s={search_term_string}\"},\"query-input\":{\"@type\":\"PropertyValueSpecification\",\"valueRequired\":true,\"valueName\":\"search_term_string\"}}],\"inLanguage\":\"fr-FR\"},{\"@type\":\"Person\",\"@id\":\"https:\/\/blogs.thesocialmedia.com\/leblogmoto\/#\/schema\/person\/18bfe773e5725ed6d24f743da805362a\",\"name\":\"benoit rieu\",\"image\":{\"@type\":\"ImageObject\",\"inLanguage\":\"fr-FR\",\"@id\":\"https:\/\/blogs.thesocialmedia.com\/leblogmoto\/#\/schema\/person\/image\/\",\"url\":\"https:\/\/secure.gravatar.com\/avatar\/?s=96&d=mm&r=g\",\"contentUrl\":\"https:\/\/secure.gravatar.com\/avatar\/?s=96&d=mm&r=g\",\"caption\":\"benoit rieu\"},\"url\":\"https:\/\/blogs.thesocialmedia.com\/leblogmoto\/author\/benoit-rieu\/\"}]}<\/script>\n<!-- \/ Yoast SEO plugin. -->","yoast_head_json":{"title":"Un avant-go\u00fbt de ce qui nous attend ? - leblogmoto.com","robots":{"index":"index","follow":"follow","max-snippet":"max-snippet:-1","max-image-preview":"max-image-preview:large","max-video-preview":"max-video-preview:-1"},"canonical":"https:\/\/blogs.thesocialmedia.com\/leblogmoto\/2008\/02\/05\/un-avant-got-de\/","twitter_card":"summary_large_image","twitter_title":"Un avant-go\u00fbt de ce qui nous attend ? - leblogmoto.com","twitter_description":"Apr\u00e8s de graves accidents, les USA obligent d&rsquo;apposer cet avertissement sur les quads (appel\u00e9s chez eux ATV pour All Terrain Vehicle), interdisant leur conduite au moins de 16 ans. Ce clich\u00e9 fait partie des photos que l&rsquo;on stocke compulsivement sur son disque dur. Cependant l&rsquo;examen de la loi pr\u00e9voyant d&rsquo;interdire la vente de mini-motos* (comprenant [&hellip;]","twitter_image":"http:\/\/www.leblogmoto.com\/images\/2008\/02\/05\/moto_insolite_atv_quad.jpg","twitter_misc":{"\u00c9crit par":"benoit rieu","Dur\u00e9e de lecture estim\u00e9e":"1 minute"},"schema":{"@context":"https:\/\/schema.org","@graph":[{"@type":"WebPage","@id":"https:\/\/blogs.thesocialmedia.com\/leblogmoto\/2008\/02\/05\/un-avant-got-de\/","url":"https:\/\/blogs.thesocialmedia.com\/leblogmoto\/2008\/02\/05\/un-avant-got-de\/","name":"Un avant-go\u00fbt de ce qui nous attend ? - leblogmoto.com","isPartOf":{"@id":"https:\/\/blogs.thesocialmedia.com\/leblogmoto\/#website"},"primaryImageOfPage":{"@id":"https:\/\/blogs.thesocialmedia.com\/leblogmoto\/2008\/02\/05\/un-avant-got-de\/#primaryimage"},"image":{"@id":"https:\/\/blogs.thesocialmedia.com\/leblogmoto\/2008\/02\/05\/un-avant-got-de\/#primaryimage"},"thumbnailUrl":"http:\/\/www.leblogmoto.com\/images\/2008\/02\/05\/moto_insolite_atv_quad.jpg","datePublished":"2008-02-05T23:44:44+00:00","dateModified":"2012-07-11T15:20:47+00:00","author":{"@id":"https:\/\/blogs.thesocialmedia.com\/leblogmoto\/#\/schema\/person\/18bfe773e5725ed6d24f743da805362a"},"breadcrumb":{"@id":"https:\/\/blogs.thesocialmedia.com\/leblogmoto\/2008\/02\/05\/un-avant-got-de\/#breadcrumb"},"inLanguage":"fr-FR","potentialAction":[{"@type":"ReadAction","target":["https:\/\/blogs.thesocialmedia.com\/leblogmoto\/2008\/02\/05\/un-avant-got-de\/"]}]},{"@type":"ImageObject","inLanguage":"fr-FR","@id":"https:\/\/blogs.thesocialmedia.com\/leblogmoto\/2008\/02\/05\/un-avant-got-de\/#primaryimage","url":"http:\/\/www.leblogmoto.com\/images\/2008\/02\/05\/moto_insolite_atv_quad.jpg","contentUrl":"http:\/\/www.leblogmoto.com\/images\/2008\/02\/05\/moto_insolite_atv_quad.jpg"},{"@type":"BreadcrumbList","@id":"https:\/\/blogs.thesocialmedia.com\/leblogmoto\/2008\/02\/05\/un-avant-got-de\/#breadcrumb","itemListElement":[{"@type":"ListItem","position":1,"name":"Accueil","item":"https:\/\/blogs.thesocialmedia.com\/leblogmoto\/"},{"@type":"ListItem","position":2,"name":"Un avant-go\u00fbt de ce qui nous attend ?"}]},{"@type":"WebSite","@id":"https:\/\/blogs.thesocialmedia.com\/leblogmoto\/#website","url":"https:\/\/blogs.thesocialmedia.com\/leblogmoto\/","name":"leblogmoto","description":"Toute l&#039;actualit\u00e9 des 2 roues","potentialAction":[{"@type":"SearchAction","target":{"@type":"EntryPoint","urlTemplate":"https:\/\/blogs.thesocialmedia.com\/leblogmoto\/?s={search_term_string}"},"query-input":{"@type":"PropertyValueSpecification","valueRequired":true,"valueName":"search_term_string"}}],"inLanguage":"fr-FR"},{"@type":"Person","@id":"https:\/\/blogs.thesocialmedia.com\/leblogmoto\/#\/schema\/person\/18bfe773e5725ed6d24f743da805362a","name":"benoit rieu","image":{"@type":"ImageObject","inLanguage":"fr-FR","@id":"https:\/\/blogs.thesocialmedia.com\/leblogmoto\/#\/schema\/person\/image\/","url":"https:\/\/secure.gravatar.com\/avatar\/?s=96&d=mm&r=g","contentUrl":"https:\/\/secure.gravatar.com\/avatar\/?s=96&d=mm&r=g","caption":"benoit rieu"},"url":"https:\/\/blogs.thesocialmedia.com\/leblogmoto\/author\/benoit-rieu\/"}]}},"_links":{"self":[{"href":"https:\/\/blogs.thesocialmedia.com\/leblogmoto\/wp-json\/wp\/v2\/posts\/913","targetHints":{"allow":["GET"]}}],"collection":[{"href":"https:\/\/blogs.thesocialmedia.com\/leblogmoto\/wp-json\/wp\/v2\/posts"}],"about":[{"href":"https:\/\/blogs.thesocialmedia.com\/leblogmoto\/wp-json\/wp\/v2\/types\/post"}],"author":[{"embeddable":true,"href":"https:\/\/blogs.thesocialmedia.com\/leblogmoto\/wp-json\/wp\/v2\/users\/324"}],"replies":[{"embeddable":true,"href":"https:\/\/blogs.thesocialmedia.com\/leblogmoto\/wp-json\/wp\/v2\/comments?post=913"}],"version-history":[{"count":2,"href":"https:\/\/blogs.thesocialmedia.com\/leblogmoto\/wp-json\/wp\/v2\/posts\/913\/revisions"}],"predecessor-version":[{"id":9903,"href":"https:\/\/blogs.thesocialmedia.com\/leblogmoto\/wp-json\/wp\/v2\/posts\/913\/revisions\/9903"}],"wp:attachment":[{"href":"https:\/\/blogs.thesocialmedia.com\/leblogmoto\/wp-json\/wp\/v2\/media?parent=913"}],"wp:term":[{"taxonomy":"category","embeddable":true,"href":"https:\/\/blogs.thesocialmedia.com\/leblogmoto\/wp-json\/wp\/v2\/categories?post=913"},{"taxonomy":"post_tag","embeddable":true,"href":"https:\/\/blogs.thesocialmedia.com\/leblogmoto\/wp-json\/wp\/v2\/tags?post=913"}],"curies":[{"name":"wp","href":"https:\/\/api.w.org\/{rel}","templated":true}]}}