{"id":914,"date":"2008-02-05T23:11:55","date_gmt":"2008-02-05T23:11:55","guid":{"rendered":"http:\/\/blogs.thesocialmedia.com\/leblogmoto\/2008\/02\/05\/un-concours-pou\/"},"modified":"2012-07-11T15:20:41","modified_gmt":"2012-07-11T15:20:41","slug":"un-concours-pou","status":"publish","type":"post","link":"https:\/\/blogs.thesocialmedia.com\/leblogmoto\/2008\/02\/05\/un-concours-pou\/","title":{"rendered":"Un concours pour marquer les 10 ans de la s\u00e9rie R."},"content":{"rendered":"<p><a href=\"http:\/\/blogs.thesocialmedia.com\/leblogmoto\/files\/2012\/07\/moto_sportive_yamaha_r1_legacy.jpg\"><img loading=\"lazy\" decoding=\"async\" width=\"470\" height=\"313\"  src=\"http:\/\/www.leblogmoto.com\/images\/2008\/02\/05\/moto_sportive_yamaha_r1_legacy.jpg\" alt=\"Moto_sportive_yamaha_r1_legacy\" \/><\/a><\/p>\n<p>&#8230;et les 30 ans de l&rsquo;h\u00e9ritage de course, pourrions nous ajouter \u00e0 la vue de cette photographie o\u00f9 la R1 pose avec la glorieuse YZR 500 de 1978. Nous vous avions d\u00e9j\u00e0 parl\u00e9 de la <a href=\"http:\/\/www.leblogmoto.com\/2007\/11\/une-haga-race-r.html\">Haga Race Replica<\/a> sens\u00e9e d\u00e9j\u00e0 c\u00e9l\u00e9brer cet anniversaire mais Yamaha n&rsquo;en reste pas l\u00e0. La firme organise <a href=\"http:\/\/www.yamaha-motor.fr\/rseries-10\/register\/\">un concours<\/a> durant ses journ\u00e9es portes ouvertes nationales du 12 au 15 mars prochains, concours dont les bulletins de participations sont disponibles chez les concessionnaires et \u00e0 d\u00e9poser dans l&rsquo;urne idoine chez eux.&nbsp; <\/p>\n<p>Il vous permettra peut-\u00eatre de remporter un voyage \u00e0 la Yamaha Race Academy \u00e0 Ascari en Espagne, pour un stage de pr\u00e8s de deux jours au guidon de la nouvelle R6 et de la R1, tout en b\u00e9n\u00e9ficiant des conseils de pros du team Yamaha pour am\u00e9liorer votre pilotage sur circuit. Et ce n&rsquo;est pas tout, puisque vous pourrez \u00e9galement assister au Grand Prix de Catalogne<\/p>\n<p>Ah le GP de Catalogne, les fans de MotoGP doivent d&rsquo;autant plus appr\u00e9cier ce Grand Prix quand on sait que son trac\u00e9 n&rsquo;a pas \u00e9t\u00e9 retouch\u00e9, contrairement au circuit F1 compl\u00e8tement transform\u00e9 dans le dernier virage avant la longue ligne droite des stands pour \u00eatre homologu\u00e9 par la FIA. Triste&#8230;<\/p>\n<p>Mais rassurez vous si vous ne remportez pas le premier prix tant d\u00e9sir\u00e9, vous repartirez quand m\u00eame au cours de votre visite avec un exemplaire du mag officiel de Yamaha &quot;Insider&quot;, ainsi qu&rsquo;avec un DVD de Valentino Rossi et ses 10 conseils pour am\u00e9liorer sa conduite su circuit offert gracieusement par Yam (10 steps to improve track driving). <\/p>\n<p>D\u00e9licate attention, pour une fois que vous n&rsquo;aurez pas \u00e0 marchander avec un concess&rsquo; pour &quot;gratter&quot; quelque chose&#8230;<\/p>\n","protected":false},"excerpt":{"rendered":"<p>&#8230;et les 30 ans de l&rsquo;h\u00e9ritage de course, pourrions nous ajouter \u00e0 la vue de cette photographie o\u00f9 la R1 pose avec la glorieuse YZR 500 de 1978. Nous vous avions d\u00e9j\u00e0 parl\u00e9 de la Haga Race Replica sens\u00e9e d\u00e9j\u00e0 c\u00e9l\u00e9brer cet anniversaire mais Yamaha n&rsquo;en reste pas l\u00e0. La firme organise un concours durant [&hellip;]<\/p>\n","protected":false},"author":324,"featured_media":0,"comment_status":"open","ping_status":"open","sticky":false,"template":"","format":"standard","meta":{"footnotes":""},"categories":[49,46,44],"tags":[],"class_list":["post-914","post","type-post","status-publish","format-standard","hentry","category-actualites-entreprise","category-superbike","category-yamaha"],"yoast_head":"<!-- This site is optimized with the Yoast SEO plugin v26.0 - https:\/\/yoast.com\/wordpress\/plugins\/seo\/ -->\n<title>Un concours pour marquer les 10 ans de la s\u00e9rie R. - leblogmoto.com<\/title>\n<meta name=\"robots\" content=\"index, follow, max-snippet:-1, max-image-preview:large, max-video-preview:-1\" \/>\n<link rel=\"canonical\" href=\"https:\/\/blogs.thesocialmedia.com\/leblogmoto\/2008\/02\/05\/un-concours-pou\/\" \/>\n<meta name=\"twitter:card\" content=\"summary_large_image\" \/>\n<meta name=\"twitter:title\" content=\"Un concours pour marquer les 10 ans de la s\u00e9rie R. - leblogmoto.com\" \/>\n<meta name=\"twitter:description\" content=\"&#8230;et les 30 ans de l&rsquo;h\u00e9ritage de course, pourrions nous ajouter \u00e0 la vue de cette photographie o\u00f9 la R1 pose avec la glorieuse YZR 500 de 1978. Nous vous avions d\u00e9j\u00e0 parl\u00e9 de la Haga Race Replica sens\u00e9e d\u00e9j\u00e0 c\u00e9l\u00e9brer cet anniversaire mais Yamaha n&rsquo;en reste pas l\u00e0. La firme organise un concours durant [&hellip;]\" \/>\n<meta name=\"twitter:image\" content=\"http:\/\/www.leblogmoto.com\/images\/2008\/02\/05\/moto_sportive_yamaha_r1_legacy.jpg\" \/>\n<meta name=\"twitter:label1\" content=\"\u00c9crit par\" \/>\n\t<meta name=\"twitter:data1\" content=\"benoit rieu\" \/>\n\t<meta name=\"twitter:label2\" content=\"Dur\u00e9e de lecture estim\u00e9e\" \/>\n\t<meta name=\"twitter:data2\" content=\"1 minute\" \/>\n<script type=\"application\/ld+json\" class=\"yoast-schema-graph\">{\"@context\":\"https:\/\/schema.org\",\"@graph\":[{\"@type\":\"WebPage\",\"@id\":\"https:\/\/blogs.thesocialmedia.com\/leblogmoto\/2008\/02\/05\/un-concours-pou\/\",\"url\":\"https:\/\/blogs.thesocialmedia.com\/leblogmoto\/2008\/02\/05\/un-concours-pou\/\",\"name\":\"Un concours pour marquer les 10 ans de la s\u00e9rie R. - leblogmoto.com\",\"isPartOf\":{\"@id\":\"https:\/\/blogs.thesocialmedia.com\/leblogmoto\/#website\"},\"primaryImageOfPage\":{\"@id\":\"https:\/\/blogs.thesocialmedia.com\/leblogmoto\/2008\/02\/05\/un-concours-pou\/#primaryimage\"},\"image\":{\"@id\":\"https:\/\/blogs.thesocialmedia.com\/leblogmoto\/2008\/02\/05\/un-concours-pou\/#primaryimage\"},\"thumbnailUrl\":\"http:\/\/www.leblogmoto.com\/images\/2008\/02\/05\/moto_sportive_yamaha_r1_legacy.jpg\",\"datePublished\":\"2008-02-05T23:11:55+00:00\",\"dateModified\":\"2012-07-11T15:20:41+00:00\",\"author\":{\"@id\":\"https:\/\/blogs.thesocialmedia.com\/leblogmoto\/#\/schema\/person\/18bfe773e5725ed6d24f743da805362a\"},\"breadcrumb\":{\"@id\":\"https:\/\/blogs.thesocialmedia.com\/leblogmoto\/2008\/02\/05\/un-concours-pou\/#breadcrumb\"},\"inLanguage\":\"fr-FR\",\"potentialAction\":[{\"@type\":\"ReadAction\",\"target\":[\"https:\/\/blogs.thesocialmedia.com\/leblogmoto\/2008\/02\/05\/un-concours-pou\/\"]}]},{\"@type\":\"ImageObject\",\"inLanguage\":\"fr-FR\",\"@id\":\"https:\/\/blogs.thesocialmedia.com\/leblogmoto\/2008\/02\/05\/un-concours-pou\/#primaryimage\",\"url\":\"http:\/\/www.leblogmoto.com\/images\/2008\/02\/05\/moto_sportive_yamaha_r1_legacy.jpg\",\"contentUrl\":\"http:\/\/www.leblogmoto.com\/images\/2008\/02\/05\/moto_sportive_yamaha_r1_legacy.jpg\"},{\"@type\":\"BreadcrumbList\",\"@id\":\"https:\/\/blogs.thesocialmedia.com\/leblogmoto\/2008\/02\/05\/un-concours-pou\/#breadcrumb\",\"itemListElement\":[{\"@type\":\"ListItem\",\"position\":1,\"name\":\"Accueil\",\"item\":\"https:\/\/blogs.thesocialmedia.com\/leblogmoto\/\"},{\"@type\":\"ListItem\",\"position\":2,\"name\":\"Un concours pour marquer les 10 ans de la s\u00e9rie R.\"}]},{\"@type\":\"WebSite\",\"@id\":\"https:\/\/blogs.thesocialmedia.com\/leblogmoto\/#website\",\"url\":\"https:\/\/blogs.thesocialmedia.com\/leblogmoto\/\",\"name\":\"leblogmoto\",\"description\":\"Toute l&#039;actualit\u00e9 des 2 roues\",\"potentialAction\":[{\"@type\":\"SearchAction\",\"target\":{\"@type\":\"EntryPoint\",\"urlTemplate\":\"https:\/\/blogs.thesocialmedia.com\/leblogmoto\/?s={search_term_string}\"},\"query-input\":{\"@type\":\"PropertyValueSpecification\",\"valueRequired\":true,\"valueName\":\"search_term_string\"}}],\"inLanguage\":\"fr-FR\"},{\"@type\":\"Person\",\"@id\":\"https:\/\/blogs.thesocialmedia.com\/leblogmoto\/#\/schema\/person\/18bfe773e5725ed6d24f743da805362a\",\"name\":\"benoit rieu\",\"image\":{\"@type\":\"ImageObject\",\"inLanguage\":\"fr-FR\",\"@id\":\"https:\/\/blogs.thesocialmedia.com\/leblogmoto\/#\/schema\/person\/image\/\",\"url\":\"https:\/\/secure.gravatar.com\/avatar\/?s=96&d=mm&r=g\",\"contentUrl\":\"https:\/\/secure.gravatar.com\/avatar\/?s=96&d=mm&r=g\",\"caption\":\"benoit rieu\"},\"url\":\"https:\/\/blogs.thesocialmedia.com\/leblogmoto\/author\/benoit-rieu\/\"}]}<\/script>\n<!-- \/ Yoast SEO plugin. -->","yoast_head_json":{"title":"Un concours pour marquer les 10 ans de la s\u00e9rie R. - leblogmoto.com","robots":{"index":"index","follow":"follow","max-snippet":"max-snippet:-1","max-image-preview":"max-image-preview:large","max-video-preview":"max-video-preview:-1"},"canonical":"https:\/\/blogs.thesocialmedia.com\/leblogmoto\/2008\/02\/05\/un-concours-pou\/","twitter_card":"summary_large_image","twitter_title":"Un concours pour marquer les 10 ans de la s\u00e9rie R. - leblogmoto.com","twitter_description":"&#8230;et les 30 ans de l&rsquo;h\u00e9ritage de course, pourrions nous ajouter \u00e0 la vue de cette photographie o\u00f9 la R1 pose avec la glorieuse YZR 500 de 1978. Nous vous avions d\u00e9j\u00e0 parl\u00e9 de la Haga Race Replica sens\u00e9e d\u00e9j\u00e0 c\u00e9l\u00e9brer cet anniversaire mais Yamaha n&rsquo;en reste pas l\u00e0. La firme organise un concours durant [&hellip;]","twitter_image":"http:\/\/www.leblogmoto.com\/images\/2008\/02\/05\/moto_sportive_yamaha_r1_legacy.jpg","twitter_misc":{"\u00c9crit par":"benoit rieu","Dur\u00e9e de lecture estim\u00e9e":"1 minute"},"schema":{"@context":"https:\/\/schema.org","@graph":[{"@type":"WebPage","@id":"https:\/\/blogs.thesocialmedia.com\/leblogmoto\/2008\/02\/05\/un-concours-pou\/","url":"https:\/\/blogs.thesocialmedia.com\/leblogmoto\/2008\/02\/05\/un-concours-pou\/","name":"Un concours pour marquer les 10 ans de la s\u00e9rie R. - leblogmoto.com","isPartOf":{"@id":"https:\/\/blogs.thesocialmedia.com\/leblogmoto\/#website"},"primaryImageOfPage":{"@id":"https:\/\/blogs.thesocialmedia.com\/leblogmoto\/2008\/02\/05\/un-concours-pou\/#primaryimage"},"image":{"@id":"https:\/\/blogs.thesocialmedia.com\/leblogmoto\/2008\/02\/05\/un-concours-pou\/#primaryimage"},"thumbnailUrl":"http:\/\/www.leblogmoto.com\/images\/2008\/02\/05\/moto_sportive_yamaha_r1_legacy.jpg","datePublished":"2008-02-05T23:11:55+00:00","dateModified":"2012-07-11T15:20:41+00:00","author":{"@id":"https:\/\/blogs.thesocialmedia.com\/leblogmoto\/#\/schema\/person\/18bfe773e5725ed6d24f743da805362a"},"breadcrumb":{"@id":"https:\/\/blogs.thesocialmedia.com\/leblogmoto\/2008\/02\/05\/un-concours-pou\/#breadcrumb"},"inLanguage":"fr-FR","potentialAction":[{"@type":"ReadAction","target":["https:\/\/blogs.thesocialmedia.com\/leblogmoto\/2008\/02\/05\/un-concours-pou\/"]}]},{"@type":"ImageObject","inLanguage":"fr-FR","@id":"https:\/\/blogs.thesocialmedia.com\/leblogmoto\/2008\/02\/05\/un-concours-pou\/#primaryimage","url":"http:\/\/www.leblogmoto.com\/images\/2008\/02\/05\/moto_sportive_yamaha_r1_legacy.jpg","contentUrl":"http:\/\/www.leblogmoto.com\/images\/2008\/02\/05\/moto_sportive_yamaha_r1_legacy.jpg"},{"@type":"BreadcrumbList","@id":"https:\/\/blogs.thesocialmedia.com\/leblogmoto\/2008\/02\/05\/un-concours-pou\/#breadcrumb","itemListElement":[{"@type":"ListItem","position":1,"name":"Accueil","item":"https:\/\/blogs.thesocialmedia.com\/leblogmoto\/"},{"@type":"ListItem","position":2,"name":"Un concours pour marquer les 10 ans de la s\u00e9rie R."}]},{"@type":"WebSite","@id":"https:\/\/blogs.thesocialmedia.com\/leblogmoto\/#website","url":"https:\/\/blogs.thesocialmedia.com\/leblogmoto\/","name":"leblogmoto","description":"Toute l&#039;actualit\u00e9 des 2 roues","potentialAction":[{"@type":"SearchAction","target":{"@type":"EntryPoint","urlTemplate":"https:\/\/blogs.thesocialmedia.com\/leblogmoto\/?s={search_term_string}"},"query-input":{"@type":"PropertyValueSpecification","valueRequired":true,"valueName":"search_term_string"}}],"inLanguage":"fr-FR"},{"@type":"Person","@id":"https:\/\/blogs.thesocialmedia.com\/leblogmoto\/#\/schema\/person\/18bfe773e5725ed6d24f743da805362a","name":"benoit rieu","image":{"@type":"ImageObject","inLanguage":"fr-FR","@id":"https:\/\/blogs.thesocialmedia.com\/leblogmoto\/#\/schema\/person\/image\/","url":"https:\/\/secure.gravatar.com\/avatar\/?s=96&d=mm&r=g","contentUrl":"https:\/\/secure.gravatar.com\/avatar\/?s=96&d=mm&r=g","caption":"benoit rieu"},"url":"https:\/\/blogs.thesocialmedia.com\/leblogmoto\/author\/benoit-rieu\/"}]}},"_links":{"self":[{"href":"https:\/\/blogs.thesocialmedia.com\/leblogmoto\/wp-json\/wp\/v2\/posts\/914","targetHints":{"allow":["GET"]}}],"collection":[{"href":"https:\/\/blogs.thesocialmedia.com\/leblogmoto\/wp-json\/wp\/v2\/posts"}],"about":[{"href":"https:\/\/blogs.thesocialmedia.com\/leblogmoto\/wp-json\/wp\/v2\/types\/post"}],"author":[{"embeddable":true,"href":"https:\/\/blogs.thesocialmedia.com\/leblogmoto\/wp-json\/wp\/v2\/users\/324"}],"replies":[{"embeddable":true,"href":"https:\/\/blogs.thesocialmedia.com\/leblogmoto\/wp-json\/wp\/v2\/comments?post=914"}],"version-history":[{"count":2,"href":"https:\/\/blogs.thesocialmedia.com\/leblogmoto\/wp-json\/wp\/v2\/posts\/914\/revisions"}],"predecessor-version":[{"id":9901,"href":"https:\/\/blogs.thesocialmedia.com\/leblogmoto\/wp-json\/wp\/v2\/posts\/914\/revisions\/9901"}],"wp:attachment":[{"href":"https:\/\/blogs.thesocialmedia.com\/leblogmoto\/wp-json\/wp\/v2\/media?parent=914"}],"wp:term":[{"taxonomy":"category","embeddable":true,"href":"https:\/\/blogs.thesocialmedia.com\/leblogmoto\/wp-json\/wp\/v2\/categories?post=914"},{"taxonomy":"post_tag","embeddable":true,"href":"https:\/\/blogs.thesocialmedia.com\/leblogmoto\/wp-json\/wp\/v2\/tags?post=914"}],"curies":[{"name":"wp","href":"https:\/\/api.w.org\/{rel}","templated":true}]}}