{"id":915,"date":"2008-02-05T06:06:22","date_gmt":"2008-02-05T06:06:22","guid":{"rendered":"http:\/\/blogs.thesocialmedia.com\/leblogmoto\/2008\/02\/05\/la-loi-sur-les\/"},"modified":"2012-07-11T15:20:39","modified_gmt":"2012-07-11T15:20:39","slug":"la-loi-sur-les","status":"publish","type":"post","link":"https:\/\/blogs.thesocialmedia.com\/leblogmoto\/2008\/02\/05\/la-loi-sur-les\/","title":{"rendered":"La loi \u00ab\u00a0mini-motos\u00a0\u00bb objet d&rsquo;une course Droite-Gauche."},"content":{"rendered":"<p><a href=\"http:\/\/blogs.thesocialmedia.com\/leblogmoto\/files\/2012\/07\/moto_pocket_bike_wikipedia.jpg\"><img loading=\"lazy\" decoding=\"async\" width=\"470\" height=\"352\"  src=\"http:\/\/www.leblogmoto.com\/images\/2008\/02\/04\/moto_pocket_bike_wikipedia.jpg\" alt=\"Moto_pocket_bike_wikipedia\" \/><\/a> <\/p>\n<p>Une proposition* de loi visant \u00e0 mieux encadrer la vente et l&rsquo;usage des mini motos sera d\u00e9pos\u00e9e dans le courant de la journ\u00e9e. Mais c&rsquo;est un point de vue diff\u00e9rent de ce que proposent les sites motos que nous invitent \u00e0 explorer deux d\u00e9p\u00eaches de l&rsquo;AFP et Reuters dat\u00e9es de ce week-end. Une perspective qui, avec le dialogue de sourds FFMC\/d\u00e9put\u00e9 Mariani (photo) sur le contr\u00f4le technique, en dit long sur la d\u00e9connexion entre politiques et motards**, et ceci dans un march\u00e9 des deux-roues en hausse.<\/p>\n<p>Oh, ce n&rsquo;est pas que je porte les mini-motos dans mon c\u0153ur. Et vous savez, si vous nous lisez r\u00e9guli\u00e8rement, que <a href=\"http:\/\/blogs.thesocialmedia.com\/leblogmoto\/files\/2012\/07\/les-douanes-dtr.html_.png\">la r\u00e9cente destruction par les Douanes de 280 de ses dangereuses cons\u0153urs<\/a> <em>made in China<\/em> ne m&rsquo;a pas \u00e9mu plus que \u00e7a. Et plut\u00f4t satisfait m\u00eame, notamment en raison de leur fabrication honteusement <em>cheap<\/em>. <\/p>\n<p>Pour ce qui est du texte lui-m\u00eame, on ne va pas tirer de plan sur la com\u00e8te. On va se la jouer &quot;juriste positiviste&quot; en se contentant de ce qu&rsquo;il en ressortira. Mais l&rsquo;on peut tout de m\u00eame apporter un \u00e9clairage sur la gen\u00e8se de cette loi, qui est r\u00e9v\u00e9latrice du climat ambiant, et du peu de cas qui est fait de l&rsquo;avis des utilisateurs des deux-roues.<\/p>\n<p><a href=\"http:\/\/clabedan.typepad.com\/.shared\/image.html?\/photos\/uncategorized\/2008\/02\/04\/moto_politique_thierry_mariani.jpg\"><img loading=\"lazy\" decoding=\"async\" width=\"470\" height=\"313\"  alt=\"Moto_politique_thierry_mariani\" src=\"http:\/\/www.leblogmoto.com\/images\/2008\/02\/04\/moto_politique_thierry_mariani.jpg\" \/><\/a>  <\/p>\n<p>C&rsquo;est donc dans une ambiance marqu\u00e9e par la campagne des municipales, que ce qui ne devait \u00eatre qu&rsquo;un d\u00e9bat de plus au sein du pouvoir l\u00e9gislatif, a fait l&rsquo;objet d&rsquo;une course \u00e0 l&rsquo;\u00e9chalote entre groupes UMP et PS \u00e0 l&rsquo;Assembl\u00e9e Nationale. <\/p>\n<p>Le groupe socialiste avait d\u00e9pos\u00e9 d\u00e8s le 7 novembre d\u00e9j\u00e0, un texte ayant pour objectif de contr\u00f4ler &quot;la vente des mini-quads, mini-motos et&nbsp; engins assimilables&quot;. Ceci \u00e0 l&rsquo;initiative de l&rsquo;ancienne Garde-des-Sceaux Elisabeth Guigou (photo) et de Daniel Goldberg.<\/p>\n<p>Le groupe UMP quant \u00e0 lui, avait dans l&rsquo;intervalle charg\u00e9 quatre de ses membres de travailler sur ces m\u00eames sujets. Permettant au groupe de d\u00e9poser le 29 janvier, soit \u00e0 sept semaines des scrutins locaux, un texte sur les &quot;conditions de commercialisation et d&rsquo;utilisation de certains engins motoris\u00e9s&quot;.<\/p>\n<p>La proposition de loi (\u00e9manant de d\u00e9put\u00e9s UMP) a \u00e9t\u00e9 inscrite \u00e0 l&rsquo;ordre du jour de ce mardi 5 f\u00e9vrier pour un examen dans l&rsquo;h\u00e9micycle. Or en fin de semaine derni\u00e8re, et donc \u00e0 un peu plus d&rsquo;un mois de l&rsquo;\u00e9ch\u00e9ance pr\u00e9cit\u00e9e, le groupe socialiste, ceci de fa\u00e7on opportuniste (comme ses adversaires d&rsquo;ailleurs hein, pas de jaloux), proteste vivement.<\/p>\n<p><a href=\"http:\/\/blogs.thesocialmedia.com\/leblogmoto\/files\/2012\/07\/moto_politique_elisabeth_guigou.jpg\"><img loading=\"lazy\" decoding=\"async\" width=\"470\" height=\"264\"  alt=\"Moto_politique_elisabeth_guigou\" src=\"http:\/\/www.leblogmoto.com\/images\/2008\/02\/04\/moto_politique_elisabeth_guigou.jpg\" \/><\/a> <\/p>\n<p>La commission des Lois &quot;tranche&quot; alors et se prononce pour une proposition de loi commune (celle qui sera examin\u00e9e aujourd&rsquo;hui), mais en nommant comme rapporteur S\u00e9bastien Huyghe&#8230; fa\u00e7on de mettre en avant ce d\u00e9put\u00e9 qui briguera dans quelques jours la mairie de Lille face \u00e0 la sortante Martine Aubry.<strong><\/p>\n<p>R\u00e9sultat<\/strong>: aucun grand parti ne prendra la d\u00e9fense des propri\u00e9taires et utilisateurs de ces v\u00e9hicules puisque les mini motos et les textes devant r\u00e9gir leur utilisation se retrouvent sous un feu crois\u00e9 de la Droite et de la Gauche. Comptez sur les Verts pour enfoncer le clou. <\/p>\n<p>Tout \u00e7a pour quelques voix de plus. Le tout dans un climat qui assimile le motard au fauteur de trouble et la possession de mini-moto \u00e0 un style de conduite irresponsable. Faut-il rappeler qu&rsquo;\u00e0 Villiers-le-Bel la pocket bike avait \u00e9t\u00e9 vol\u00e9e, et que ce n&rsquo;est pas son propri\u00e9taire qui \u00e9tait en cause ? <\/p>\n<p><em>*une proposition de loi \u00e9mane du Parlement (assez souvent en sous-main du Gouvernement), alors qu&rsquo;un projet de loi \u00e9mane, lui, du Gouvernement. Je vous \u00e9pargne le moyen mn\u00e9motechnique que tout jeune \u00e9tudiant en Droit utilise pour se souvenir de ce qui est devenu, pour les anciens de la Fac, une \u00e9vidence.<\/em><\/p>\n<p><em>**je me revois encore \u00e0 l&rsquo;annonce du gouvernement Fillon me r\u00e9jouir d&rsquo;y savoir pr\u00e9sent Xavier Bertrand, motard tr\u00e8s &quot;roule-toujours&quot;. L&rsquo;aurait juste fallu le nommer au bon poste&#8230;<\/em><\/p>\n<p><em>cr\u00e9dits photos: <a href=\"http:\/\/fr.wikipedia.org\">Wikipedia<\/a>, Lefigaro.fr, Liberation.fr<\/em><\/p>\n","protected":false},"excerpt":{"rendered":"<p>Une proposition* de loi visant \u00e0 mieux encadrer la vente et l&rsquo;usage des mini motos sera d\u00e9pos\u00e9e dans le courant de la journ\u00e9e. Mais c&rsquo;est un point de vue diff\u00e9rent de ce que proposent les sites motos que nous invitent \u00e0 explorer deux d\u00e9p\u00eaches de l&rsquo;AFP et Reuters dat\u00e9es de ce week-end. Une perspective qui, [&hellip;]<\/p>\n","protected":false},"author":324,"featured_media":0,"comment_status":"open","ping_status":"open","sticky":false,"template":"","format":"standard","meta":{"footnotes":""},"categories":[3,79,27],"tags":[],"class_list":["post-915","post","type-post","status-publish","format-standard","hentry","category-actualite","category-pocket-bike","category-securite"],"yoast_head":"<!-- This site is optimized with the Yoast SEO plugin v26.0 - https:\/\/yoast.com\/wordpress\/plugins\/seo\/ -->\n<title>La loi &quot;mini-motos&quot; objet d&#039;une course Droite-Gauche. - leblogmoto.com<\/title>\n<meta name=\"robots\" content=\"index, follow, max-snippet:-1, max-image-preview:large, max-video-preview:-1\" \/>\n<link rel=\"canonical\" href=\"https:\/\/blogs.thesocialmedia.com\/leblogmoto\/2008\/02\/05\/la-loi-sur-les\/\" \/>\n<meta name=\"twitter:card\" content=\"summary_large_image\" \/>\n<meta name=\"twitter:title\" content=\"La loi &quot;mini-motos&quot; objet d&#039;une course Droite-Gauche. - leblogmoto.com\" \/>\n<meta name=\"twitter:description\" content=\"Une proposition* de loi visant \u00e0 mieux encadrer la vente et l&rsquo;usage des mini motos sera d\u00e9pos\u00e9e dans le courant de la journ\u00e9e. Mais c&rsquo;est un point de vue diff\u00e9rent de ce que proposent les sites motos que nous invitent \u00e0 explorer deux d\u00e9p\u00eaches de l&rsquo;AFP et Reuters dat\u00e9es de ce week-end. Une perspective qui, [&hellip;]\" \/>\n<meta name=\"twitter:image\" content=\"http:\/\/www.leblogmoto.com\/images\/2008\/02\/04\/moto_pocket_bike_wikipedia.jpg\" \/>\n<meta name=\"twitter:label1\" content=\"\u00c9crit par\" \/>\n\t<meta name=\"twitter:data1\" content=\"benoit rieu\" \/>\n\t<meta name=\"twitter:label2\" content=\"Dur\u00e9e de lecture estim\u00e9e\" \/>\n\t<meta name=\"twitter:data2\" content=\"3 minutes\" \/>\n<script type=\"application\/ld+json\" class=\"yoast-schema-graph\">{\"@context\":\"https:\/\/schema.org\",\"@graph\":[{\"@type\":\"WebPage\",\"@id\":\"https:\/\/blogs.thesocialmedia.com\/leblogmoto\/2008\/02\/05\/la-loi-sur-les\/\",\"url\":\"https:\/\/blogs.thesocialmedia.com\/leblogmoto\/2008\/02\/05\/la-loi-sur-les\/\",\"name\":\"La loi \\\"mini-motos\\\" objet d'une course Droite-Gauche. - leblogmoto.com\",\"isPartOf\":{\"@id\":\"https:\/\/blogs.thesocialmedia.com\/leblogmoto\/#website\"},\"primaryImageOfPage\":{\"@id\":\"https:\/\/blogs.thesocialmedia.com\/leblogmoto\/2008\/02\/05\/la-loi-sur-les\/#primaryimage\"},\"image\":{\"@id\":\"https:\/\/blogs.thesocialmedia.com\/leblogmoto\/2008\/02\/05\/la-loi-sur-les\/#primaryimage\"},\"thumbnailUrl\":\"http:\/\/www.leblogmoto.com\/images\/2008\/02\/04\/moto_pocket_bike_wikipedia.jpg\",\"datePublished\":\"2008-02-05T06:06:22+00:00\",\"dateModified\":\"2012-07-11T15:20:39+00:00\",\"author\":{\"@id\":\"https:\/\/blogs.thesocialmedia.com\/leblogmoto\/#\/schema\/person\/18bfe773e5725ed6d24f743da805362a\"},\"breadcrumb\":{\"@id\":\"https:\/\/blogs.thesocialmedia.com\/leblogmoto\/2008\/02\/05\/la-loi-sur-les\/#breadcrumb\"},\"inLanguage\":\"fr-FR\",\"potentialAction\":[{\"@type\":\"ReadAction\",\"target\":[\"https:\/\/blogs.thesocialmedia.com\/leblogmoto\/2008\/02\/05\/la-loi-sur-les\/\"]}]},{\"@type\":\"ImageObject\",\"inLanguage\":\"fr-FR\",\"@id\":\"https:\/\/blogs.thesocialmedia.com\/leblogmoto\/2008\/02\/05\/la-loi-sur-les\/#primaryimage\",\"url\":\"http:\/\/www.leblogmoto.com\/images\/2008\/02\/04\/moto_pocket_bike_wikipedia.jpg\",\"contentUrl\":\"http:\/\/www.leblogmoto.com\/images\/2008\/02\/04\/moto_pocket_bike_wikipedia.jpg\"},{\"@type\":\"BreadcrumbList\",\"@id\":\"https:\/\/blogs.thesocialmedia.com\/leblogmoto\/2008\/02\/05\/la-loi-sur-les\/#breadcrumb\",\"itemListElement\":[{\"@type\":\"ListItem\",\"position\":1,\"name\":\"Accueil\",\"item\":\"https:\/\/blogs.thesocialmedia.com\/leblogmoto\/\"},{\"@type\":\"ListItem\",\"position\":2,\"name\":\"La loi \u00ab\u00a0mini-motos\u00a0\u00bb objet d&rsquo;une course Droite-Gauche.\"}]},{\"@type\":\"WebSite\",\"@id\":\"https:\/\/blogs.thesocialmedia.com\/leblogmoto\/#website\",\"url\":\"https:\/\/blogs.thesocialmedia.com\/leblogmoto\/\",\"name\":\"leblogmoto\",\"description\":\"Toute l&#039;actualit\u00e9 des 2 roues\",\"potentialAction\":[{\"@type\":\"SearchAction\",\"target\":{\"@type\":\"EntryPoint\",\"urlTemplate\":\"https:\/\/blogs.thesocialmedia.com\/leblogmoto\/?s={search_term_string}\"},\"query-input\":{\"@type\":\"PropertyValueSpecification\",\"valueRequired\":true,\"valueName\":\"search_term_string\"}}],\"inLanguage\":\"fr-FR\"},{\"@type\":\"Person\",\"@id\":\"https:\/\/blogs.thesocialmedia.com\/leblogmoto\/#\/schema\/person\/18bfe773e5725ed6d24f743da805362a\",\"name\":\"benoit rieu\",\"image\":{\"@type\":\"ImageObject\",\"inLanguage\":\"fr-FR\",\"@id\":\"https:\/\/blogs.thesocialmedia.com\/leblogmoto\/#\/schema\/person\/image\/\",\"url\":\"https:\/\/secure.gravatar.com\/avatar\/?s=96&d=mm&r=g\",\"contentUrl\":\"https:\/\/secure.gravatar.com\/avatar\/?s=96&d=mm&r=g\",\"caption\":\"benoit rieu\"},\"url\":\"https:\/\/blogs.thesocialmedia.com\/leblogmoto\/author\/benoit-rieu\/\"}]}<\/script>\n<!-- \/ Yoast SEO plugin. -->","yoast_head_json":{"title":"La loi \"mini-motos\" objet d'une course Droite-Gauche. - leblogmoto.com","robots":{"index":"index","follow":"follow","max-snippet":"max-snippet:-1","max-image-preview":"max-image-preview:large","max-video-preview":"max-video-preview:-1"},"canonical":"https:\/\/blogs.thesocialmedia.com\/leblogmoto\/2008\/02\/05\/la-loi-sur-les\/","twitter_card":"summary_large_image","twitter_title":"La loi \"mini-motos\" objet d'une course Droite-Gauche. - leblogmoto.com","twitter_description":"Une proposition* de loi visant \u00e0 mieux encadrer la vente et l&rsquo;usage des mini motos sera d\u00e9pos\u00e9e dans le courant de la journ\u00e9e. Mais c&rsquo;est un point de vue diff\u00e9rent de ce que proposent les sites motos que nous invitent \u00e0 explorer deux d\u00e9p\u00eaches de l&rsquo;AFP et Reuters dat\u00e9es de ce week-end. Une perspective qui, [&hellip;]","twitter_image":"http:\/\/www.leblogmoto.com\/images\/2008\/02\/04\/moto_pocket_bike_wikipedia.jpg","twitter_misc":{"\u00c9crit par":"benoit rieu","Dur\u00e9e de lecture estim\u00e9e":"3 minutes"},"schema":{"@context":"https:\/\/schema.org","@graph":[{"@type":"WebPage","@id":"https:\/\/blogs.thesocialmedia.com\/leblogmoto\/2008\/02\/05\/la-loi-sur-les\/","url":"https:\/\/blogs.thesocialmedia.com\/leblogmoto\/2008\/02\/05\/la-loi-sur-les\/","name":"La loi \"mini-motos\" objet d'une course Droite-Gauche. - leblogmoto.com","isPartOf":{"@id":"https:\/\/blogs.thesocialmedia.com\/leblogmoto\/#website"},"primaryImageOfPage":{"@id":"https:\/\/blogs.thesocialmedia.com\/leblogmoto\/2008\/02\/05\/la-loi-sur-les\/#primaryimage"},"image":{"@id":"https:\/\/blogs.thesocialmedia.com\/leblogmoto\/2008\/02\/05\/la-loi-sur-les\/#primaryimage"},"thumbnailUrl":"http:\/\/www.leblogmoto.com\/images\/2008\/02\/04\/moto_pocket_bike_wikipedia.jpg","datePublished":"2008-02-05T06:06:22+00:00","dateModified":"2012-07-11T15:20:39+00:00","author":{"@id":"https:\/\/blogs.thesocialmedia.com\/leblogmoto\/#\/schema\/person\/18bfe773e5725ed6d24f743da805362a"},"breadcrumb":{"@id":"https:\/\/blogs.thesocialmedia.com\/leblogmoto\/2008\/02\/05\/la-loi-sur-les\/#breadcrumb"},"inLanguage":"fr-FR","potentialAction":[{"@type":"ReadAction","target":["https:\/\/blogs.thesocialmedia.com\/leblogmoto\/2008\/02\/05\/la-loi-sur-les\/"]}]},{"@type":"ImageObject","inLanguage":"fr-FR","@id":"https:\/\/blogs.thesocialmedia.com\/leblogmoto\/2008\/02\/05\/la-loi-sur-les\/#primaryimage","url":"http:\/\/www.leblogmoto.com\/images\/2008\/02\/04\/moto_pocket_bike_wikipedia.jpg","contentUrl":"http:\/\/www.leblogmoto.com\/images\/2008\/02\/04\/moto_pocket_bike_wikipedia.jpg"},{"@type":"BreadcrumbList","@id":"https:\/\/blogs.thesocialmedia.com\/leblogmoto\/2008\/02\/05\/la-loi-sur-les\/#breadcrumb","itemListElement":[{"@type":"ListItem","position":1,"name":"Accueil","item":"https:\/\/blogs.thesocialmedia.com\/leblogmoto\/"},{"@type":"ListItem","position":2,"name":"La loi \u00ab\u00a0mini-motos\u00a0\u00bb objet d&rsquo;une course Droite-Gauche."}]},{"@type":"WebSite","@id":"https:\/\/blogs.thesocialmedia.com\/leblogmoto\/#website","url":"https:\/\/blogs.thesocialmedia.com\/leblogmoto\/","name":"leblogmoto","description":"Toute l&#039;actualit\u00e9 des 2 roues","potentialAction":[{"@type":"SearchAction","target":{"@type":"EntryPoint","urlTemplate":"https:\/\/blogs.thesocialmedia.com\/leblogmoto\/?s={search_term_string}"},"query-input":{"@type":"PropertyValueSpecification","valueRequired":true,"valueName":"search_term_string"}}],"inLanguage":"fr-FR"},{"@type":"Person","@id":"https:\/\/blogs.thesocialmedia.com\/leblogmoto\/#\/schema\/person\/18bfe773e5725ed6d24f743da805362a","name":"benoit rieu","image":{"@type":"ImageObject","inLanguage":"fr-FR","@id":"https:\/\/blogs.thesocialmedia.com\/leblogmoto\/#\/schema\/person\/image\/","url":"https:\/\/secure.gravatar.com\/avatar\/?s=96&d=mm&r=g","contentUrl":"https:\/\/secure.gravatar.com\/avatar\/?s=96&d=mm&r=g","caption":"benoit rieu"},"url":"https:\/\/blogs.thesocialmedia.com\/leblogmoto\/author\/benoit-rieu\/"}]}},"_links":{"self":[{"href":"https:\/\/blogs.thesocialmedia.com\/leblogmoto\/wp-json\/wp\/v2\/posts\/915","targetHints":{"allow":["GET"]}}],"collection":[{"href":"https:\/\/blogs.thesocialmedia.com\/leblogmoto\/wp-json\/wp\/v2\/posts"}],"about":[{"href":"https:\/\/blogs.thesocialmedia.com\/leblogmoto\/wp-json\/wp\/v2\/types\/post"}],"author":[{"embeddable":true,"href":"https:\/\/blogs.thesocialmedia.com\/leblogmoto\/wp-json\/wp\/v2\/users\/324"}],"replies":[{"embeddable":true,"href":"https:\/\/blogs.thesocialmedia.com\/leblogmoto\/wp-json\/wp\/v2\/comments?post=915"}],"version-history":[{"count":2,"href":"https:\/\/blogs.thesocialmedia.com\/leblogmoto\/wp-json\/wp\/v2\/posts\/915\/revisions"}],"predecessor-version":[{"id":9899,"href":"https:\/\/blogs.thesocialmedia.com\/leblogmoto\/wp-json\/wp\/v2\/posts\/915\/revisions\/9899"}],"wp:attachment":[{"href":"https:\/\/blogs.thesocialmedia.com\/leblogmoto\/wp-json\/wp\/v2\/media?parent=915"}],"wp:term":[{"taxonomy":"category","embeddable":true,"href":"https:\/\/blogs.thesocialmedia.com\/leblogmoto\/wp-json\/wp\/v2\/categories?post=915"},{"taxonomy":"post_tag","embeddable":true,"href":"https:\/\/blogs.thesocialmedia.com\/leblogmoto\/wp-json\/wp\/v2\/tags?post=915"}],"curies":[{"name":"wp","href":"https:\/\/api.w.org\/{rel}","templated":true}]}}