{"id":92,"date":"2009-07-01T23:35:34","date_gmt":"2009-07-01T23:35:34","guid":{"rendered":"http:\/\/blogs.thesocialmedia.com\/leblogmoto\/2009\/07\/01\/luc-alphand-grave-chute-en-ktm-rallye\/"},"modified":"2012-07-11T17:33:04","modified_gmt":"2012-07-11T17:33:04","slug":"luc-alphand-grave-chute-en-ktm-rallye","status":"publish","type":"post","link":"https:\/\/blogs.thesocialmedia.com\/leblogmoto\/2009\/07\/01\/luc-alphand-grave-chute-en-ktm-rallye\/","title":{"rendered":"Op\u00e9r\u00e9 apr\u00e8s sa lourde chute en KTM, Luc Alphand \u00ab\u00a0va mieux\u00a0\u00bb."},"content":{"rendered":"<p><a href=\"http:\/\/blogs.thesocialmedia.com\/leblogmoto\/files\/2012\/07\/6a00d83451b18369e20115719adef0970b-popup.png\"><img decoding=\"async\" alt=\"Moto Rallye-raid Dakar 2009 Alphand et Peterhansel\" class=\"at-xid-6a00d83451b18369e20115719adef0970b \" src=\"http:\/\/blogs.thesocialmedia.com\/leblogmoto\/files\/2012\/07\/6a00d83451b18369e20115719adef0970b-500wi.jpg\" \/><\/a><\/p>\n<p>Apr\u00e8s avoir \u00e9t\u00e9 op\u00e9r\u00e9 avec succ\u00e8s lundi du rachis suite \u00e0 son grave accident de moto le week-end dernier lors de l&#039;Enduro Rand&#039;Auvergne, son ami Christian Lavieille, triple vainqueur du Bol d&#039;Or, \u00e9tait l&#039;invit\u00e9 du Club Sport de la radio <a href=\"http:\/\/www.europe1.fr\/\">Europe1<\/a>. Emission durant laquelle il a donn\u00e9 des nouvelles rassurantes du rallyman et&#160;ancien champion de ski alpin, que l&#039;on voit ici,&#160;aux c\u00f4t\u00e9s&#160;de Stephane Peterhansel: &quot;Depuis aujourd&#039;hui (mardi) il va beaucoup mieux. L&#039;op\u00e9ration s&#039;est tr\u00e8s bien pass\u00e9e. Il avait beaucoup d&#039;appr\u00e9hension. Il avait peur de ne pas r\u00e9ussir \u00e0 remarcher, malgr\u00e9 la mobilit\u00e9 de ses jambes. Comme il a r\u00e9ussi \u00e0 faire quelques pas, il \u00e9tait rassur\u00e9&quot;. Selon cette news de la station, le champion d&#039;endurance est \u00e9galement revenu sur les circonstances de l&#039;accident, une chute dont il a \u00e9t\u00e9 le t\u00e9moin direct: &quot;Il \u00e9tait tomb\u00e9 une premi\u00e8re fois, puis il est reparti, et en voulant doubler un <em>attard\u00e9<\/em> <em>(sic)<\/em>&#160;sur un saut, il est arriv\u00e9 avec un peu trop de vitesse et s&#039;est fait \u00e9jecter de la moto. Il est retomb\u00e9 sur la t\u00eate de tout son poids.&quot;<\/p>\n","protected":false},"excerpt":{"rendered":"<p>Apr\u00e8s avoir \u00e9t\u00e9 op\u00e9r\u00e9 avec succ\u00e8s lundi du rachis suite \u00e0 son grave accident de moto le week-end dernier lors de l&#039;Enduro Rand&#039;Auvergne, son ami Christian Lavieille, triple vainqueur du Bol d&#039;Or, \u00e9tait l&#039;invit\u00e9 du Club Sport de la radio Europe1. Emission durant laquelle il a donn\u00e9 des nouvelles rassurantes du rallyman et&#160;ancien champion de [&hellip;]<\/p>\n","protected":false},"author":324,"featured_media":13883,"comment_status":"open","ping_status":"open","sticky":false,"template":"","format":"standard","meta":{"footnotes":""},"categories":[3,59,60,61,32,55],"tags":[],"class_list":["post-92","post","type-post","status-publish","format-standard","has-post-thumbnail","hentry","category-actualite","category-dakar","category-enduro","category-rallye-raid","category-sport-moto","category-sports"],"yoast_head":"<!-- This site is optimized with the Yoast SEO plugin v26.0 - https:\/\/yoast.com\/wordpress\/plugins\/seo\/ -->\n<title>Op\u00e9r\u00e9 apr\u00e8s sa lourde chute en KTM, Luc Alphand &quot;va mieux&quot;. - leblogmoto.com<\/title>\n<meta name=\"robots\" content=\"index, follow, max-snippet:-1, max-image-preview:large, max-video-preview:-1\" \/>\n<link rel=\"canonical\" href=\"https:\/\/blogs.thesocialmedia.com\/leblogmoto\/2009\/07\/01\/luc-alphand-grave-chute-en-ktm-rallye\/\" \/>\n<meta name=\"twitter:card\" content=\"summary_large_image\" \/>\n<meta name=\"twitter:title\" content=\"Op\u00e9r\u00e9 apr\u00e8s sa lourde chute en KTM, Luc Alphand &quot;va mieux&quot;. - leblogmoto.com\" \/>\n<meta name=\"twitter:description\" content=\"Apr\u00e8s avoir \u00e9t\u00e9 op\u00e9r\u00e9 avec succ\u00e8s lundi du rachis suite \u00e0 son grave accident de moto le week-end dernier lors de l&#039;Enduro Rand&#039;Auvergne, son ami Christian Lavieille, triple vainqueur du Bol d&#039;Or, \u00e9tait l&#039;invit\u00e9 du Club Sport de la radio Europe1. Emission durant laquelle il a donn\u00e9 des nouvelles rassurantes du rallyman et&#160;ancien champion de [&hellip;]\" \/>\n<meta name=\"twitter:image\" content=\"https:\/\/blogs.thesocialmedia.com\/leblogmoto\/files\/2012\/07\/6a00d83451b18369e20115719adef0970b-500wi.jpg\" \/>\n<meta name=\"twitter:label1\" content=\"\u00c9crit par\" \/>\n\t<meta name=\"twitter:data1\" content=\"benoit rieu\" \/>\n\t<meta name=\"twitter:label2\" content=\"Dur\u00e9e de lecture estim\u00e9e\" \/>\n\t<meta name=\"twitter:data2\" content=\"1 minute\" \/>\n<script type=\"application\/ld+json\" class=\"yoast-schema-graph\">{\"@context\":\"https:\/\/schema.org\",\"@graph\":[{\"@type\":\"WebPage\",\"@id\":\"https:\/\/blogs.thesocialmedia.com\/leblogmoto\/2009\/07\/01\/luc-alphand-grave-chute-en-ktm-rallye\/\",\"url\":\"https:\/\/blogs.thesocialmedia.com\/leblogmoto\/2009\/07\/01\/luc-alphand-grave-chute-en-ktm-rallye\/\",\"name\":\"Op\u00e9r\u00e9 apr\u00e8s sa lourde chute en KTM, Luc Alphand \\\"va mieux\\\". - leblogmoto.com\",\"isPartOf\":{\"@id\":\"https:\/\/blogs.thesocialmedia.com\/leblogmoto\/#website\"},\"primaryImageOfPage\":{\"@id\":\"https:\/\/blogs.thesocialmedia.com\/leblogmoto\/2009\/07\/01\/luc-alphand-grave-chute-en-ktm-rallye\/#primaryimage\"},\"image\":{\"@id\":\"https:\/\/blogs.thesocialmedia.com\/leblogmoto\/2009\/07\/01\/luc-alphand-grave-chute-en-ktm-rallye\/#primaryimage\"},\"thumbnailUrl\":\"https:\/\/blogs.thesocialmedia.com\/leblogmoto\/files\/2012\/07\/6a00d83451b18369e20115719adef0970b-500wi.jpg\",\"datePublished\":\"2009-07-01T23:35:34+00:00\",\"dateModified\":\"2012-07-11T17:33:04+00:00\",\"author\":{\"@id\":\"https:\/\/blogs.thesocialmedia.com\/leblogmoto\/#\/schema\/person\/18bfe773e5725ed6d24f743da805362a\"},\"breadcrumb\":{\"@id\":\"https:\/\/blogs.thesocialmedia.com\/leblogmoto\/2009\/07\/01\/luc-alphand-grave-chute-en-ktm-rallye\/#breadcrumb\"},\"inLanguage\":\"fr-FR\",\"potentialAction\":[{\"@type\":\"ReadAction\",\"target\":[\"https:\/\/blogs.thesocialmedia.com\/leblogmoto\/2009\/07\/01\/luc-alphand-grave-chute-en-ktm-rallye\/\"]}]},{\"@type\":\"ImageObject\",\"inLanguage\":\"fr-FR\",\"@id\":\"https:\/\/blogs.thesocialmedia.com\/leblogmoto\/2009\/07\/01\/luc-alphand-grave-chute-en-ktm-rallye\/#primaryimage\",\"url\":\"https:\/\/blogs.thesocialmedia.com\/leblogmoto\/files\/2012\/07\/6a00d83451b18369e20115719adef0970b-500wi.jpg\",\"contentUrl\":\"https:\/\/blogs.thesocialmedia.com\/leblogmoto\/files\/2012\/07\/6a00d83451b18369e20115719adef0970b-500wi.jpg\",\"width\":\"500\",\"height\":\"381\"},{\"@type\":\"BreadcrumbList\",\"@id\":\"https:\/\/blogs.thesocialmedia.com\/leblogmoto\/2009\/07\/01\/luc-alphand-grave-chute-en-ktm-rallye\/#breadcrumb\",\"itemListElement\":[{\"@type\":\"ListItem\",\"position\":1,\"name\":\"Accueil\",\"item\":\"https:\/\/blogs.thesocialmedia.com\/leblogmoto\/\"},{\"@type\":\"ListItem\",\"position\":2,\"name\":\"Op\u00e9r\u00e9 apr\u00e8s sa lourde chute en KTM, Luc Alphand \u00ab\u00a0va mieux\u00a0\u00bb.\"}]},{\"@type\":\"WebSite\",\"@id\":\"https:\/\/blogs.thesocialmedia.com\/leblogmoto\/#website\",\"url\":\"https:\/\/blogs.thesocialmedia.com\/leblogmoto\/\",\"name\":\"leblogmoto\",\"description\":\"Toute l&#039;actualit\u00e9 des 2 roues\",\"potentialAction\":[{\"@type\":\"SearchAction\",\"target\":{\"@type\":\"EntryPoint\",\"urlTemplate\":\"https:\/\/blogs.thesocialmedia.com\/leblogmoto\/?s={search_term_string}\"},\"query-input\":{\"@type\":\"PropertyValueSpecification\",\"valueRequired\":true,\"valueName\":\"search_term_string\"}}],\"inLanguage\":\"fr-FR\"},{\"@type\":\"Person\",\"@id\":\"https:\/\/blogs.thesocialmedia.com\/leblogmoto\/#\/schema\/person\/18bfe773e5725ed6d24f743da805362a\",\"name\":\"benoit rieu\",\"image\":{\"@type\":\"ImageObject\",\"inLanguage\":\"fr-FR\",\"@id\":\"https:\/\/blogs.thesocialmedia.com\/leblogmoto\/#\/schema\/person\/image\/\",\"url\":\"https:\/\/secure.gravatar.com\/avatar\/?s=96&d=mm&r=g\",\"contentUrl\":\"https:\/\/secure.gravatar.com\/avatar\/?s=96&d=mm&r=g\",\"caption\":\"benoit rieu\"},\"url\":\"https:\/\/blogs.thesocialmedia.com\/leblogmoto\/author\/benoit-rieu\/\"}]}<\/script>\n<!-- \/ Yoast SEO plugin. -->","yoast_head_json":{"title":"Op\u00e9r\u00e9 apr\u00e8s sa lourde chute en KTM, Luc Alphand \"va mieux\". - leblogmoto.com","robots":{"index":"index","follow":"follow","max-snippet":"max-snippet:-1","max-image-preview":"max-image-preview:large","max-video-preview":"max-video-preview:-1"},"canonical":"https:\/\/blogs.thesocialmedia.com\/leblogmoto\/2009\/07\/01\/luc-alphand-grave-chute-en-ktm-rallye\/","twitter_card":"summary_large_image","twitter_title":"Op\u00e9r\u00e9 apr\u00e8s sa lourde chute en KTM, Luc Alphand \"va mieux\". - leblogmoto.com","twitter_description":"Apr\u00e8s avoir \u00e9t\u00e9 op\u00e9r\u00e9 avec succ\u00e8s lundi du rachis suite \u00e0 son grave accident de moto le week-end dernier lors de l&#039;Enduro Rand&#039;Auvergne, son ami Christian Lavieille, triple vainqueur du Bol d&#039;Or, \u00e9tait l&#039;invit\u00e9 du Club Sport de la radio Europe1. Emission durant laquelle il a donn\u00e9 des nouvelles rassurantes du rallyman et&#160;ancien champion de [&hellip;]","twitter_image":"https:\/\/blogs.thesocialmedia.com\/leblogmoto\/files\/2012\/07\/6a00d83451b18369e20115719adef0970b-500wi.jpg","twitter_misc":{"\u00c9crit par":"benoit rieu","Dur\u00e9e de lecture estim\u00e9e":"1 minute"},"schema":{"@context":"https:\/\/schema.org","@graph":[{"@type":"WebPage","@id":"https:\/\/blogs.thesocialmedia.com\/leblogmoto\/2009\/07\/01\/luc-alphand-grave-chute-en-ktm-rallye\/","url":"https:\/\/blogs.thesocialmedia.com\/leblogmoto\/2009\/07\/01\/luc-alphand-grave-chute-en-ktm-rallye\/","name":"Op\u00e9r\u00e9 apr\u00e8s sa lourde chute en KTM, Luc Alphand \"va mieux\". - leblogmoto.com","isPartOf":{"@id":"https:\/\/blogs.thesocialmedia.com\/leblogmoto\/#website"},"primaryImageOfPage":{"@id":"https:\/\/blogs.thesocialmedia.com\/leblogmoto\/2009\/07\/01\/luc-alphand-grave-chute-en-ktm-rallye\/#primaryimage"},"image":{"@id":"https:\/\/blogs.thesocialmedia.com\/leblogmoto\/2009\/07\/01\/luc-alphand-grave-chute-en-ktm-rallye\/#primaryimage"},"thumbnailUrl":"https:\/\/blogs.thesocialmedia.com\/leblogmoto\/files\/2012\/07\/6a00d83451b18369e20115719adef0970b-500wi.jpg","datePublished":"2009-07-01T23:35:34+00:00","dateModified":"2012-07-11T17:33:04+00:00","author":{"@id":"https:\/\/blogs.thesocialmedia.com\/leblogmoto\/#\/schema\/person\/18bfe773e5725ed6d24f743da805362a"},"breadcrumb":{"@id":"https:\/\/blogs.thesocialmedia.com\/leblogmoto\/2009\/07\/01\/luc-alphand-grave-chute-en-ktm-rallye\/#breadcrumb"},"inLanguage":"fr-FR","potentialAction":[{"@type":"ReadAction","target":["https:\/\/blogs.thesocialmedia.com\/leblogmoto\/2009\/07\/01\/luc-alphand-grave-chute-en-ktm-rallye\/"]}]},{"@type":"ImageObject","inLanguage":"fr-FR","@id":"https:\/\/blogs.thesocialmedia.com\/leblogmoto\/2009\/07\/01\/luc-alphand-grave-chute-en-ktm-rallye\/#primaryimage","url":"https:\/\/blogs.thesocialmedia.com\/leblogmoto\/files\/2012\/07\/6a00d83451b18369e20115719adef0970b-500wi.jpg","contentUrl":"https:\/\/blogs.thesocialmedia.com\/leblogmoto\/files\/2012\/07\/6a00d83451b18369e20115719adef0970b-500wi.jpg","width":"500","height":"381"},{"@type":"BreadcrumbList","@id":"https:\/\/blogs.thesocialmedia.com\/leblogmoto\/2009\/07\/01\/luc-alphand-grave-chute-en-ktm-rallye\/#breadcrumb","itemListElement":[{"@type":"ListItem","position":1,"name":"Accueil","item":"https:\/\/blogs.thesocialmedia.com\/leblogmoto\/"},{"@type":"ListItem","position":2,"name":"Op\u00e9r\u00e9 apr\u00e8s sa lourde chute en KTM, Luc Alphand \u00ab\u00a0va mieux\u00a0\u00bb."}]},{"@type":"WebSite","@id":"https:\/\/blogs.thesocialmedia.com\/leblogmoto\/#website","url":"https:\/\/blogs.thesocialmedia.com\/leblogmoto\/","name":"leblogmoto","description":"Toute l&#039;actualit\u00e9 des 2 roues","potentialAction":[{"@type":"SearchAction","target":{"@type":"EntryPoint","urlTemplate":"https:\/\/blogs.thesocialmedia.com\/leblogmoto\/?s={search_term_string}"},"query-input":{"@type":"PropertyValueSpecification","valueRequired":true,"valueName":"search_term_string"}}],"inLanguage":"fr-FR"},{"@type":"Person","@id":"https:\/\/blogs.thesocialmedia.com\/leblogmoto\/#\/schema\/person\/18bfe773e5725ed6d24f743da805362a","name":"benoit rieu","image":{"@type":"ImageObject","inLanguage":"fr-FR","@id":"https:\/\/blogs.thesocialmedia.com\/leblogmoto\/#\/schema\/person\/image\/","url":"https:\/\/secure.gravatar.com\/avatar\/?s=96&d=mm&r=g","contentUrl":"https:\/\/secure.gravatar.com\/avatar\/?s=96&d=mm&r=g","caption":"benoit rieu"},"url":"https:\/\/blogs.thesocialmedia.com\/leblogmoto\/author\/benoit-rieu\/"}]}},"_links":{"self":[{"href":"https:\/\/blogs.thesocialmedia.com\/leblogmoto\/wp-json\/wp\/v2\/posts\/92","targetHints":{"allow":["GET"]}}],"collection":[{"href":"https:\/\/blogs.thesocialmedia.com\/leblogmoto\/wp-json\/wp\/v2\/posts"}],"about":[{"href":"https:\/\/blogs.thesocialmedia.com\/leblogmoto\/wp-json\/wp\/v2\/types\/post"}],"author":[{"embeddable":true,"href":"https:\/\/blogs.thesocialmedia.com\/leblogmoto\/wp-json\/wp\/v2\/users\/324"}],"replies":[{"embeddable":true,"href":"https:\/\/blogs.thesocialmedia.com\/leblogmoto\/wp-json\/wp\/v2\/comments?post=92"}],"version-history":[{"count":1,"href":"https:\/\/blogs.thesocialmedia.com\/leblogmoto\/wp-json\/wp\/v2\/posts\/92\/revisions"}],"predecessor-version":[{"id":13885,"href":"https:\/\/blogs.thesocialmedia.com\/leblogmoto\/wp-json\/wp\/v2\/posts\/92\/revisions\/13885"}],"wp:featuredmedia":[{"embeddable":true,"href":"https:\/\/blogs.thesocialmedia.com\/leblogmoto\/wp-json\/wp\/v2\/media\/13883"}],"wp:attachment":[{"href":"https:\/\/blogs.thesocialmedia.com\/leblogmoto\/wp-json\/wp\/v2\/media?parent=92"}],"wp:term":[{"taxonomy":"category","embeddable":true,"href":"https:\/\/blogs.thesocialmedia.com\/leblogmoto\/wp-json\/wp\/v2\/categories?post=92"},{"taxonomy":"post_tag","embeddable":true,"href":"https:\/\/blogs.thesocialmedia.com\/leblogmoto\/wp-json\/wp\/v2\/tags?post=92"}],"curies":[{"name":"wp","href":"https:\/\/api.w.org\/{rel}","templated":true}]}}