{"id":920,"date":"2008-02-01T04:43:17","date_gmt":"2008-02-01T04:43:17","guid":{"rendered":"http:\/\/blogs.thesocialmedia.com\/leblogmoto\/2008\/02\/01\/album-du-vendre-14\/"},"modified":"2012-07-11T15:19:48","modified_gmt":"2012-07-11T15:19:48","slug":"album-du-vendre-14","status":"publish","type":"post","link":"https:\/\/blogs.thesocialmedia.com\/leblogmoto\/2008\/02\/01\/album-du-vendre-14\/","title":{"rendered":"Album du vendredi, Carte de mode"},"content":{"rendered":"<p><em><a href=\"http:\/\/blogs.thesocialmedia.com\/leblogmoto\/files\/2012\/07\/naomi.jpg\"><img loading=\"lazy\" decoding=\"async\" width=\"470\" height=\"309\"  src=\"http:\/\/www.leblogmoto.com\/images\/2008\/01\/31\/naomi.jpg\" alt=\"Naomi\" \/><\/a> <br \/>Naomi Campbell prenant la pose pour <a href=\"http:\/\/www.indianlarry.com\/\">Indian Larry<\/a> <\/em><\/p>\n<p>Comme c&rsquo;est l&rsquo;\u00e9poque des d\u00e9fil\u00e9s, pourquoi ne pas explorer un petit peu la rencontre de deux mondes que tout semble s\u00e9parer? D&rsquo;un c\u00f4t\u00e9, nous avons un univers qui s&rsquo;\u00e9panouit dans la gr\u00e2ce, la l\u00e9g\u00e8ret\u00e9 et le pr\u00e9cieux, et de l&rsquo;autre, un monde de bruit et de fureur. Mais comme les contraires s&rsquo;attirent, la princesse drap\u00e9e d&rsquo;organza est souvent tent\u00e9e de se laisser s\u00e9duire par le voyou en habit de cuir noir.<br \/>Et les photographes sont plus qu&rsquo;enclins \u00e0 satisfaire ce fantasme de pauvre petite fille riche, mais ne boudons pas notre plaisir, on aime que les pauvres petites filles riches aient des fantasmes, parce que nous sommes les voyous.<\/p>\n<p><em><a href=\"http:\/\/clabedan.typepad.com\/.shared\/image.html?\/photos\/uncategorized\/2008\/01\/31\/mode3.jpg\"><img loading=\"lazy\" decoding=\"async\" width=\"470\" height=\"433\"  alt=\"Mode3\" src=\"http:\/\/www.leblogmoto.com\/images\/2008\/01\/31\/mode3.jpg\" \/><\/a> <\/p>\n<p><a href=\"http:\/\/blogs.thesocialmedia.com\/leblogmoto\/files\/2012\/07\/mode2.jpg\"><img loading=\"lazy\" decoding=\"async\" width=\"470\" height=\"640\"  alt=\"Mode2\" src=\"http:\/\/www.leblogmoto.com\/images\/2008\/01\/31\/mode2.jpg\" \/><\/a> <\/p>\n<p><a href=\"http:\/\/blogs.thesocialmedia.com\/leblogmoto\/files\/2012\/07\/mode1bis.jpg\"><img loading=\"lazy\" decoding=\"async\" width=\"470\" height=\"451\"  alt=\"Mode1bis\" src=\"http:\/\/www.leblogmoto.com\/images\/2008\/01\/31\/mode1bis.jpg\" \/><\/a> <\/p>\n<p><a href=\"http:\/\/blogs.thesocialmedia.com\/leblogmoto\/files\/2012\/07\/mode1.jpg\"><img loading=\"lazy\" decoding=\"async\" width=\"470\" height=\"434\"  alt=\"Mode1\" src=\"http:\/\/www.leblogmoto.com\/images\/2008\/01\/31\/mode1.jpg\" \/><\/a> <br \/>Cette s\u00e9quence par <a href=\"http:\/\/www.peterlindbergh.com\/\">Peter Lindberg<\/a> est au complet <a href=\"http:\/\/www.thefashionspot.com\/forums\/f109\/vogue-us-september-1991-linda-evangelista-arthur-elgort-53068.html\">ici<\/a> <\/em><\/p>\n<p><em><a href=\"http:\/\/clabedan.typepad.com\/.shared\/image.html?\/photos\/uncategorized\/2008\/01\/31\/mode4.jpg\"><img loading=\"lazy\" decoding=\"async\" width=\"470\" height=\"587\"  alt=\"Mode4\" src=\"http:\/\/www.leblogmoto.com\/images\/2008\/01\/31\/mode4.jpg\" \/><\/a> <br \/>Cindy Crawford par <a href=\"http:\/\/www.herbritts.com\/\">Herb Ritts<\/a> <\/em><\/p>\n<p><em><a href=\"http:\/\/clabedan.typepad.com\/.shared\/image.html?\/photos\/uncategorized\/2008\/01\/31\/mode5.jpg\"><img loading=\"lazy\" decoding=\"async\" width=\"470\" height=\"660\"  alt=\"Mode5\" src=\"http:\/\/www.leblogmoto.com\/images\/2008\/01\/31\/mode5.jpg\" \/><\/a> <br \/>Par <a href=\"http:\/\/www.thomastreuhaft.com\/Tim_Walker\/tw.html\">Tim Walker<\/a> <\/em><\/p>\n<p><em><a href=\"http:\/\/clabedan.typepad.com\/.shared\/image.html?\/photos\/uncategorized\/2008\/01\/31\/mode6.jpg\"><img loading=\"lazy\" decoding=\"async\" width=\"470\" height=\"627\"  alt=\"Mode6\" src=\"http:\/\/www.leblogmoto.com\/images\/2008\/01\/31\/mode6.jpg\" \/><\/a> <\/p>\n<p><a href=\"http:\/\/blogs.thesocialmedia.com\/leblogmoto\/files\/2012\/07\/mode7.jpg\"><img loading=\"lazy\" decoding=\"async\" width=\"470\" height=\"646\"  alt=\"Mode7\" src=\"http:\/\/www.leblogmoto.com\/images\/2008\/01\/31\/mode7.jpg\" \/><\/a> <\/p>\n<p><a href=\"http:\/\/blogs.thesocialmedia.com\/leblogmoto\/files\/2012\/07\/mode8.jpg\"><img loading=\"lazy\" decoding=\"async\" width=\"470\" height=\"211\"  alt=\"Mode8\" src=\"http:\/\/www.leblogmoto.com\/images\/2008\/01\/31\/mode8.jpg\" \/><\/a> <\/p>\n<p><a href=\"http:\/\/blogs.thesocialmedia.com\/leblogmoto\/files\/2012\/07\/mode9.jpg\"><img loading=\"lazy\" decoding=\"async\" width=\"470\" height=\"387\"  alt=\"Mode9\" src=\"http:\/\/www.leblogmoto.com\/images\/2008\/01\/31\/mode9.jpg\" \/><\/a> <br \/>Les Hells Angels par <a href=\"http:\/\/www.masters-of-fine-art-photography.com\/02\/artphotogallery\/photographers\/irving_penn_01.html\">Irving Penn<\/a> <\/em><\/p>\n<p>Cette derni\u00e8re image n&rsquo;en est pas une de mode, c&rsquo;est un superbe portrait de groupe par un grand photographe, qui est surtout connu comme photographe de mode. Mais je ne pouvais passer \u00e0 c\u00f4t\u00e9.<\/p>\n<p>Ci-dessous, les derniers instants d&rsquo;Indian Larry.<\/p>\n<p><object width=\"425\" height=\"373\"><param value=\"http:\/\/www.youtube.com\/v\/QIk9Xo8dH6A&amp;rel=0&amp;color1=0xd6d6d6&amp;color2=0xf0f0f0&amp;border=1\" name=\"movie\" \/><param value=\"transparent\" name=\"wmode\" \/><embed width=\"425\" height=\"373\" type=\"application\/x-shockwave-flash\" src=\"http:\/\/www.youtube.com\/v\/QIk9Xo8dH6A&amp;rel=0&amp;color1=0xd6d6d6&amp;color2=0xf0f0f0&amp;border=1\"><\/embed><\/object><\/p>\n","protected":false},"excerpt":{"rendered":"<p>Naomi Campbell prenant la pose pour Indian Larry Comme c&rsquo;est l&rsquo;\u00e9poque des d\u00e9fil\u00e9s, pourquoi ne pas explorer un petit peu la rencontre de deux mondes que tout semble s\u00e9parer? D&rsquo;un c\u00f4t\u00e9, nous avons un univers qui s&rsquo;\u00e9panouit dans la gr\u00e2ce, la l\u00e9g\u00e8ret\u00e9 et le pr\u00e9cieux, et de l&rsquo;autre, un monde de bruit et de fureur. [&hellip;]<\/p>\n","protected":false},"author":325,"featured_media":0,"comment_status":"open","ping_status":"open","sticky":false,"template":"","format":"standard","meta":{"footnotes":""},"categories":[17,29,19,54,12],"tags":[],"class_list":["post-920","post","type-post","status-publish","format-standard","hentry","category-divers","category-harley-davidson","category-scooter","category-triumph","category-videos"],"yoast_head":"<!-- This site is optimized with the Yoast SEO plugin v26.0 - https:\/\/yoast.com\/wordpress\/plugins\/seo\/ -->\n<title>Album du vendredi, Carte de mode - leblogmoto.com<\/title>\n<meta name=\"robots\" content=\"index, follow, max-snippet:-1, max-image-preview:large, max-video-preview:-1\" \/>\n<link rel=\"canonical\" href=\"https:\/\/blogs.thesocialmedia.com\/leblogmoto\/2008\/02\/01\/album-du-vendre-14\/\" \/>\n<meta name=\"twitter:card\" content=\"summary_large_image\" \/>\n<meta name=\"twitter:title\" content=\"Album du vendredi, Carte de mode - leblogmoto.com\" \/>\n<meta name=\"twitter:description\" content=\"Naomi Campbell prenant la pose pour Indian Larry Comme c&rsquo;est l&rsquo;\u00e9poque des d\u00e9fil\u00e9s, pourquoi ne pas explorer un petit peu la rencontre de deux mondes que tout semble s\u00e9parer? D&rsquo;un c\u00f4t\u00e9, nous avons un univers qui s&rsquo;\u00e9panouit dans la gr\u00e2ce, la l\u00e9g\u00e8ret\u00e9 et le pr\u00e9cieux, et de l&rsquo;autre, un monde de bruit et de fureur. [&hellip;]\" \/>\n<meta name=\"twitter:image\" content=\"http:\/\/www.leblogmoto.com\/images\/2008\/01\/31\/naomi.jpg\" \/>\n<meta name=\"twitter:label1\" content=\"\u00c9crit par\" \/>\n\t<meta name=\"twitter:data1\" content=\"jacques lesage\" \/>\n\t<meta name=\"twitter:label2\" content=\"Dur\u00e9e de lecture estim\u00e9e\" \/>\n\t<meta name=\"twitter:data2\" content=\"1 minute\" \/>\n<script type=\"application\/ld+json\" class=\"yoast-schema-graph\">{\"@context\":\"https:\/\/schema.org\",\"@graph\":[{\"@type\":\"WebPage\",\"@id\":\"https:\/\/blogs.thesocialmedia.com\/leblogmoto\/2008\/02\/01\/album-du-vendre-14\/\",\"url\":\"https:\/\/blogs.thesocialmedia.com\/leblogmoto\/2008\/02\/01\/album-du-vendre-14\/\",\"name\":\"Album du vendredi, Carte de mode - leblogmoto.com\",\"isPartOf\":{\"@id\":\"https:\/\/blogs.thesocialmedia.com\/leblogmoto\/#website\"},\"primaryImageOfPage\":{\"@id\":\"https:\/\/blogs.thesocialmedia.com\/leblogmoto\/2008\/02\/01\/album-du-vendre-14\/#primaryimage\"},\"image\":{\"@id\":\"https:\/\/blogs.thesocialmedia.com\/leblogmoto\/2008\/02\/01\/album-du-vendre-14\/#primaryimage\"},\"thumbnailUrl\":\"http:\/\/www.leblogmoto.com\/images\/2008\/01\/31\/naomi.jpg\",\"datePublished\":\"2008-02-01T04:43:17+00:00\",\"dateModified\":\"2012-07-11T15:19:48+00:00\",\"author\":{\"@id\":\"https:\/\/blogs.thesocialmedia.com\/leblogmoto\/#\/schema\/person\/e82a0ca8a9a63d031586097a3ed58526\"},\"breadcrumb\":{\"@id\":\"https:\/\/blogs.thesocialmedia.com\/leblogmoto\/2008\/02\/01\/album-du-vendre-14\/#breadcrumb\"},\"inLanguage\":\"fr-FR\",\"potentialAction\":[{\"@type\":\"ReadAction\",\"target\":[\"https:\/\/blogs.thesocialmedia.com\/leblogmoto\/2008\/02\/01\/album-du-vendre-14\/\"]}]},{\"@type\":\"ImageObject\",\"inLanguage\":\"fr-FR\",\"@id\":\"https:\/\/blogs.thesocialmedia.com\/leblogmoto\/2008\/02\/01\/album-du-vendre-14\/#primaryimage\",\"url\":\"http:\/\/www.leblogmoto.com\/images\/2008\/01\/31\/naomi.jpg\",\"contentUrl\":\"http:\/\/www.leblogmoto.com\/images\/2008\/01\/31\/naomi.jpg\"},{\"@type\":\"BreadcrumbList\",\"@id\":\"https:\/\/blogs.thesocialmedia.com\/leblogmoto\/2008\/02\/01\/album-du-vendre-14\/#breadcrumb\",\"itemListElement\":[{\"@type\":\"ListItem\",\"position\":1,\"name\":\"Accueil\",\"item\":\"https:\/\/blogs.thesocialmedia.com\/leblogmoto\/\"},{\"@type\":\"ListItem\",\"position\":2,\"name\":\"Album du vendredi, Carte de mode\"}]},{\"@type\":\"WebSite\",\"@id\":\"https:\/\/blogs.thesocialmedia.com\/leblogmoto\/#website\",\"url\":\"https:\/\/blogs.thesocialmedia.com\/leblogmoto\/\",\"name\":\"leblogmoto\",\"description\":\"Toute l&#039;actualit\u00e9 des 2 roues\",\"potentialAction\":[{\"@type\":\"SearchAction\",\"target\":{\"@type\":\"EntryPoint\",\"urlTemplate\":\"https:\/\/blogs.thesocialmedia.com\/leblogmoto\/?s={search_term_string}\"},\"query-input\":{\"@type\":\"PropertyValueSpecification\",\"valueRequired\":true,\"valueName\":\"search_term_string\"}}],\"inLanguage\":\"fr-FR\"},{\"@type\":\"Person\",\"@id\":\"https:\/\/blogs.thesocialmedia.com\/leblogmoto\/#\/schema\/person\/e82a0ca8a9a63d031586097a3ed58526\",\"name\":\"jacques lesage\",\"image\":{\"@type\":\"ImageObject\",\"inLanguage\":\"fr-FR\",\"@id\":\"https:\/\/blogs.thesocialmedia.com\/leblogmoto\/#\/schema\/person\/image\/\",\"url\":\"https:\/\/secure.gravatar.com\/avatar\/?s=96&d=mm&r=g\",\"contentUrl\":\"https:\/\/secure.gravatar.com\/avatar\/?s=96&d=mm&r=g\",\"caption\":\"jacques lesage\"},\"url\":\"https:\/\/blogs.thesocialmedia.com\/leblogmoto\/author\/jacques-lesage\/\"}]}<\/script>\n<!-- \/ Yoast SEO plugin. -->","yoast_head_json":{"title":"Album du vendredi, Carte de mode - leblogmoto.com","robots":{"index":"index","follow":"follow","max-snippet":"max-snippet:-1","max-image-preview":"max-image-preview:large","max-video-preview":"max-video-preview:-1"},"canonical":"https:\/\/blogs.thesocialmedia.com\/leblogmoto\/2008\/02\/01\/album-du-vendre-14\/","twitter_card":"summary_large_image","twitter_title":"Album du vendredi, Carte de mode - leblogmoto.com","twitter_description":"Naomi Campbell prenant la pose pour Indian Larry Comme c&rsquo;est l&rsquo;\u00e9poque des d\u00e9fil\u00e9s, pourquoi ne pas explorer un petit peu la rencontre de deux mondes que tout semble s\u00e9parer? D&rsquo;un c\u00f4t\u00e9, nous avons un univers qui s&rsquo;\u00e9panouit dans la gr\u00e2ce, la l\u00e9g\u00e8ret\u00e9 et le pr\u00e9cieux, et de l&rsquo;autre, un monde de bruit et de fureur. [&hellip;]","twitter_image":"http:\/\/www.leblogmoto.com\/images\/2008\/01\/31\/naomi.jpg","twitter_misc":{"\u00c9crit par":"jacques lesage","Dur\u00e9e de lecture estim\u00e9e":"1 minute"},"schema":{"@context":"https:\/\/schema.org","@graph":[{"@type":"WebPage","@id":"https:\/\/blogs.thesocialmedia.com\/leblogmoto\/2008\/02\/01\/album-du-vendre-14\/","url":"https:\/\/blogs.thesocialmedia.com\/leblogmoto\/2008\/02\/01\/album-du-vendre-14\/","name":"Album du vendredi, Carte de mode - leblogmoto.com","isPartOf":{"@id":"https:\/\/blogs.thesocialmedia.com\/leblogmoto\/#website"},"primaryImageOfPage":{"@id":"https:\/\/blogs.thesocialmedia.com\/leblogmoto\/2008\/02\/01\/album-du-vendre-14\/#primaryimage"},"image":{"@id":"https:\/\/blogs.thesocialmedia.com\/leblogmoto\/2008\/02\/01\/album-du-vendre-14\/#primaryimage"},"thumbnailUrl":"http:\/\/www.leblogmoto.com\/images\/2008\/01\/31\/naomi.jpg","datePublished":"2008-02-01T04:43:17+00:00","dateModified":"2012-07-11T15:19:48+00:00","author":{"@id":"https:\/\/blogs.thesocialmedia.com\/leblogmoto\/#\/schema\/person\/e82a0ca8a9a63d031586097a3ed58526"},"breadcrumb":{"@id":"https:\/\/blogs.thesocialmedia.com\/leblogmoto\/2008\/02\/01\/album-du-vendre-14\/#breadcrumb"},"inLanguage":"fr-FR","potentialAction":[{"@type":"ReadAction","target":["https:\/\/blogs.thesocialmedia.com\/leblogmoto\/2008\/02\/01\/album-du-vendre-14\/"]}]},{"@type":"ImageObject","inLanguage":"fr-FR","@id":"https:\/\/blogs.thesocialmedia.com\/leblogmoto\/2008\/02\/01\/album-du-vendre-14\/#primaryimage","url":"http:\/\/www.leblogmoto.com\/images\/2008\/01\/31\/naomi.jpg","contentUrl":"http:\/\/www.leblogmoto.com\/images\/2008\/01\/31\/naomi.jpg"},{"@type":"BreadcrumbList","@id":"https:\/\/blogs.thesocialmedia.com\/leblogmoto\/2008\/02\/01\/album-du-vendre-14\/#breadcrumb","itemListElement":[{"@type":"ListItem","position":1,"name":"Accueil","item":"https:\/\/blogs.thesocialmedia.com\/leblogmoto\/"},{"@type":"ListItem","position":2,"name":"Album du vendredi, Carte de mode"}]},{"@type":"WebSite","@id":"https:\/\/blogs.thesocialmedia.com\/leblogmoto\/#website","url":"https:\/\/blogs.thesocialmedia.com\/leblogmoto\/","name":"leblogmoto","description":"Toute l&#039;actualit\u00e9 des 2 roues","potentialAction":[{"@type":"SearchAction","target":{"@type":"EntryPoint","urlTemplate":"https:\/\/blogs.thesocialmedia.com\/leblogmoto\/?s={search_term_string}"},"query-input":{"@type":"PropertyValueSpecification","valueRequired":true,"valueName":"search_term_string"}}],"inLanguage":"fr-FR"},{"@type":"Person","@id":"https:\/\/blogs.thesocialmedia.com\/leblogmoto\/#\/schema\/person\/e82a0ca8a9a63d031586097a3ed58526","name":"jacques lesage","image":{"@type":"ImageObject","inLanguage":"fr-FR","@id":"https:\/\/blogs.thesocialmedia.com\/leblogmoto\/#\/schema\/person\/image\/","url":"https:\/\/secure.gravatar.com\/avatar\/?s=96&d=mm&r=g","contentUrl":"https:\/\/secure.gravatar.com\/avatar\/?s=96&d=mm&r=g","caption":"jacques lesage"},"url":"https:\/\/blogs.thesocialmedia.com\/leblogmoto\/author\/jacques-lesage\/"}]}},"_links":{"self":[{"href":"https:\/\/blogs.thesocialmedia.com\/leblogmoto\/wp-json\/wp\/v2\/posts\/920","targetHints":{"allow":["GET"]}}],"collection":[{"href":"https:\/\/blogs.thesocialmedia.com\/leblogmoto\/wp-json\/wp\/v2\/posts"}],"about":[{"href":"https:\/\/blogs.thesocialmedia.com\/leblogmoto\/wp-json\/wp\/v2\/types\/post"}],"author":[{"embeddable":true,"href":"https:\/\/blogs.thesocialmedia.com\/leblogmoto\/wp-json\/wp\/v2\/users\/325"}],"replies":[{"embeddable":true,"href":"https:\/\/blogs.thesocialmedia.com\/leblogmoto\/wp-json\/wp\/v2\/comments?post=920"}],"version-history":[{"count":2,"href":"https:\/\/blogs.thesocialmedia.com\/leblogmoto\/wp-json\/wp\/v2\/posts\/920\/revisions"}],"predecessor-version":[{"id":9872,"href":"https:\/\/blogs.thesocialmedia.com\/leblogmoto\/wp-json\/wp\/v2\/posts\/920\/revisions\/9872"}],"wp:attachment":[{"href":"https:\/\/blogs.thesocialmedia.com\/leblogmoto\/wp-json\/wp\/v2\/media?parent=920"}],"wp:term":[{"taxonomy":"category","embeddable":true,"href":"https:\/\/blogs.thesocialmedia.com\/leblogmoto\/wp-json\/wp\/v2\/categories?post=920"},{"taxonomy":"post_tag","embeddable":true,"href":"https:\/\/blogs.thesocialmedia.com\/leblogmoto\/wp-json\/wp\/v2\/tags?post=920"}],"curies":[{"name":"wp","href":"https:\/\/api.w.org\/{rel}","templated":true}]}}