{"id":921,"date":"2008-01-31T23:23:07","date_gmt":"2008-01-31T23:23:07","guid":{"rendered":"http:\/\/blogs.thesocialmedia.com\/leblogmoto\/2008\/01\/31\/du-freestyle-mo\/"},"modified":"2008-01-31T23:23:07","modified_gmt":"2008-01-31T23:23:07","slug":"du-freestyle-mo","status":"publish","type":"post","link":"https:\/\/blogs.thesocialmedia.com\/leblogmoto\/2008\/01\/31\/du-freestyle-mo\/","title":{"rendered":"Du Freestyle Motocross dans un centre commercial."},"content":{"rendered":"<p><object width=\"425\" height=\"355\"><param name=\"movie\" value=\"http:\/\/www.youtube.com\/v\/mtT9QI2fyrE&amp;rel=1\" \/><param name=\"wmode\" value=\"transparent\" \/><embed width=\"425\" height=\"355\" src=\"http:\/\/www.youtube.com\/v\/mtT9QI2fyrE&amp;rel=1\" type=\"application\/x-shockwave-flash\"><\/embed><\/object><\/p>\n<p>Si vous ne connaissez pas cette vid\u00e9o, je vous envie. <a href=\"http:\/\/www.mujweb.cz\/sport\/kuchta\/\">Petr Kuchar<\/a> et Petr Pilat s&rsquo;exercent aux joies du FMX dans un centre commercial de Brno, sur la musique de Papa Roach &quot;Last Resort&quot;. Ag\u00e9 de bient\u00f4t 37 ans, Petr Kuchar a \u00e9t\u00e9 13 fois champion tch\u00e8que, en motocross et supercross et num\u00e9ro un dans cette derni\u00e8re discipline pendant cinq ans de rang, toujours \u00e0 l&rsquo;\u00e9chelon national. <\/p>\n<p>La l\u00e9gende du cross de ce pays est aussi le mentor du jeune <a href=\"http:\/\/www.redbull.com\/en\/ArticlePage.1134739909004-471260284\/htmlArticlePage.action\">Petr Pilat<\/a>, 17 ans cette ann\u00e9e, consid\u00e9r\u00e9 par certains comme un possible Travis Pastrana. Vous allez voir que le plus \u00e2g\u00e9 de ces deux pilotes tch\u00e8ques a de tr\u00e8s beaux restes, et pour son cadet, que le talent n&rsquo;attend pas le nombre des ann\u00e9es. C&rsquo;est parti pour les <em>backflips<\/em> et <em>one handed lander<\/em>&#8230;<\/p>\n","protected":false},"excerpt":{"rendered":"<p>Si vous ne connaissez pas cette vid\u00e9o, je vous envie. Petr Kuchar et Petr Pilat s&rsquo;exercent aux joies du FMX dans un centre commercial de Brno, sur la musique de Papa Roach &quot;Last Resort&quot;. Ag\u00e9 de bient\u00f4t 37 ans, Petr Kuchar a \u00e9t\u00e9 13 fois champion tch\u00e8que, en motocross et supercross et num\u00e9ro un dans [&hellip;]<\/p>\n","protected":false},"author":324,"featured_media":0,"comment_status":"open","ping_status":"open","sticky":false,"template":"","format":"standard","meta":{"footnotes":""},"categories":[17,66,32],"tags":[],"class_list":["post-921","post","type-post","status-publish","format-standard","hentry","category-divers","category-moto-cross","category-sport-moto"],"yoast_head":"<!-- This site is optimized with the Yoast SEO plugin v26.0 - https:\/\/yoast.com\/wordpress\/plugins\/seo\/ -->\n<title>Du Freestyle Motocross dans un centre commercial. - leblogmoto.com<\/title>\n<meta name=\"robots\" content=\"index, follow, max-snippet:-1, max-image-preview:large, max-video-preview:-1\" \/>\n<link rel=\"canonical\" href=\"https:\/\/blogs.thesocialmedia.com\/leblogmoto\/2008\/01\/31\/du-freestyle-mo\/\" \/>\n<meta name=\"twitter:card\" content=\"summary_large_image\" \/>\n<meta name=\"twitter:title\" content=\"Du Freestyle Motocross dans un centre commercial. - leblogmoto.com\" \/>\n<meta name=\"twitter:description\" content=\"Si vous ne connaissez pas cette vid\u00e9o, je vous envie. Petr Kuchar et Petr Pilat s&rsquo;exercent aux joies du FMX dans un centre commercial de Brno, sur la musique de Papa Roach &quot;Last Resort&quot;. Ag\u00e9 de bient\u00f4t 37 ans, Petr Kuchar a \u00e9t\u00e9 13 fois champion tch\u00e8que, en motocross et supercross et num\u00e9ro un dans [&hellip;]\" \/>\n<meta name=\"twitter:label1\" content=\"\u00c9crit par\" \/>\n\t<meta name=\"twitter:data1\" content=\"benoit rieu\" \/>\n\t<meta name=\"twitter:label2\" content=\"Dur\u00e9e de lecture estim\u00e9e\" \/>\n\t<meta name=\"twitter:data2\" content=\"1 minute\" \/>\n<script type=\"application\/ld+json\" class=\"yoast-schema-graph\">{\"@context\":\"https:\/\/schema.org\",\"@graph\":[{\"@type\":\"WebPage\",\"@id\":\"https:\/\/blogs.thesocialmedia.com\/leblogmoto\/2008\/01\/31\/du-freestyle-mo\/\",\"url\":\"https:\/\/blogs.thesocialmedia.com\/leblogmoto\/2008\/01\/31\/du-freestyle-mo\/\",\"name\":\"Du Freestyle Motocross dans un centre commercial. - leblogmoto.com\",\"isPartOf\":{\"@id\":\"https:\/\/blogs.thesocialmedia.com\/leblogmoto\/#website\"},\"datePublished\":\"2008-01-31T23:23:07+00:00\",\"author\":{\"@id\":\"https:\/\/blogs.thesocialmedia.com\/leblogmoto\/#\/schema\/person\/18bfe773e5725ed6d24f743da805362a\"},\"breadcrumb\":{\"@id\":\"https:\/\/blogs.thesocialmedia.com\/leblogmoto\/2008\/01\/31\/du-freestyle-mo\/#breadcrumb\"},\"inLanguage\":\"fr-FR\",\"potentialAction\":[{\"@type\":\"ReadAction\",\"target\":[\"https:\/\/blogs.thesocialmedia.com\/leblogmoto\/2008\/01\/31\/du-freestyle-mo\/\"]}]},{\"@type\":\"BreadcrumbList\",\"@id\":\"https:\/\/blogs.thesocialmedia.com\/leblogmoto\/2008\/01\/31\/du-freestyle-mo\/#breadcrumb\",\"itemListElement\":[{\"@type\":\"ListItem\",\"position\":1,\"name\":\"Accueil\",\"item\":\"https:\/\/blogs.thesocialmedia.com\/leblogmoto\/\"},{\"@type\":\"ListItem\",\"position\":2,\"name\":\"Du Freestyle Motocross dans un centre commercial.\"}]},{\"@type\":\"WebSite\",\"@id\":\"https:\/\/blogs.thesocialmedia.com\/leblogmoto\/#website\",\"url\":\"https:\/\/blogs.thesocialmedia.com\/leblogmoto\/\",\"name\":\"leblogmoto\",\"description\":\"Toute l&#039;actualit\u00e9 des 2 roues\",\"potentialAction\":[{\"@type\":\"SearchAction\",\"target\":{\"@type\":\"EntryPoint\",\"urlTemplate\":\"https:\/\/blogs.thesocialmedia.com\/leblogmoto\/?s={search_term_string}\"},\"query-input\":{\"@type\":\"PropertyValueSpecification\",\"valueRequired\":true,\"valueName\":\"search_term_string\"}}],\"inLanguage\":\"fr-FR\"},{\"@type\":\"Person\",\"@id\":\"https:\/\/blogs.thesocialmedia.com\/leblogmoto\/#\/schema\/person\/18bfe773e5725ed6d24f743da805362a\",\"name\":\"benoit rieu\",\"image\":{\"@type\":\"ImageObject\",\"inLanguage\":\"fr-FR\",\"@id\":\"https:\/\/blogs.thesocialmedia.com\/leblogmoto\/#\/schema\/person\/image\/\",\"url\":\"https:\/\/secure.gravatar.com\/avatar\/?s=96&d=mm&r=g\",\"contentUrl\":\"https:\/\/secure.gravatar.com\/avatar\/?s=96&d=mm&r=g\",\"caption\":\"benoit rieu\"},\"url\":\"https:\/\/blogs.thesocialmedia.com\/leblogmoto\/author\/benoit-rieu\/\"}]}<\/script>\n<!-- \/ Yoast SEO plugin. -->","yoast_head_json":{"title":"Du Freestyle Motocross dans un centre commercial. - leblogmoto.com","robots":{"index":"index","follow":"follow","max-snippet":"max-snippet:-1","max-image-preview":"max-image-preview:large","max-video-preview":"max-video-preview:-1"},"canonical":"https:\/\/blogs.thesocialmedia.com\/leblogmoto\/2008\/01\/31\/du-freestyle-mo\/","twitter_card":"summary_large_image","twitter_title":"Du Freestyle Motocross dans un centre commercial. - leblogmoto.com","twitter_description":"Si vous ne connaissez pas cette vid\u00e9o, je vous envie. Petr Kuchar et Petr Pilat s&rsquo;exercent aux joies du FMX dans un centre commercial de Brno, sur la musique de Papa Roach &quot;Last Resort&quot;. Ag\u00e9 de bient\u00f4t 37 ans, Petr Kuchar a \u00e9t\u00e9 13 fois champion tch\u00e8que, en motocross et supercross et num\u00e9ro un dans [&hellip;]","twitter_misc":{"\u00c9crit par":"benoit rieu","Dur\u00e9e de lecture estim\u00e9e":"1 minute"},"schema":{"@context":"https:\/\/schema.org","@graph":[{"@type":"WebPage","@id":"https:\/\/blogs.thesocialmedia.com\/leblogmoto\/2008\/01\/31\/du-freestyle-mo\/","url":"https:\/\/blogs.thesocialmedia.com\/leblogmoto\/2008\/01\/31\/du-freestyle-mo\/","name":"Du Freestyle Motocross dans un centre commercial. - leblogmoto.com","isPartOf":{"@id":"https:\/\/blogs.thesocialmedia.com\/leblogmoto\/#website"},"datePublished":"2008-01-31T23:23:07+00:00","author":{"@id":"https:\/\/blogs.thesocialmedia.com\/leblogmoto\/#\/schema\/person\/18bfe773e5725ed6d24f743da805362a"},"breadcrumb":{"@id":"https:\/\/blogs.thesocialmedia.com\/leblogmoto\/2008\/01\/31\/du-freestyle-mo\/#breadcrumb"},"inLanguage":"fr-FR","potentialAction":[{"@type":"ReadAction","target":["https:\/\/blogs.thesocialmedia.com\/leblogmoto\/2008\/01\/31\/du-freestyle-mo\/"]}]},{"@type":"BreadcrumbList","@id":"https:\/\/blogs.thesocialmedia.com\/leblogmoto\/2008\/01\/31\/du-freestyle-mo\/#breadcrumb","itemListElement":[{"@type":"ListItem","position":1,"name":"Accueil","item":"https:\/\/blogs.thesocialmedia.com\/leblogmoto\/"},{"@type":"ListItem","position":2,"name":"Du Freestyle Motocross dans un centre commercial."}]},{"@type":"WebSite","@id":"https:\/\/blogs.thesocialmedia.com\/leblogmoto\/#website","url":"https:\/\/blogs.thesocialmedia.com\/leblogmoto\/","name":"leblogmoto","description":"Toute l&#039;actualit\u00e9 des 2 roues","potentialAction":[{"@type":"SearchAction","target":{"@type":"EntryPoint","urlTemplate":"https:\/\/blogs.thesocialmedia.com\/leblogmoto\/?s={search_term_string}"},"query-input":{"@type":"PropertyValueSpecification","valueRequired":true,"valueName":"search_term_string"}}],"inLanguage":"fr-FR"},{"@type":"Person","@id":"https:\/\/blogs.thesocialmedia.com\/leblogmoto\/#\/schema\/person\/18bfe773e5725ed6d24f743da805362a","name":"benoit rieu","image":{"@type":"ImageObject","inLanguage":"fr-FR","@id":"https:\/\/blogs.thesocialmedia.com\/leblogmoto\/#\/schema\/person\/image\/","url":"https:\/\/secure.gravatar.com\/avatar\/?s=96&d=mm&r=g","contentUrl":"https:\/\/secure.gravatar.com\/avatar\/?s=96&d=mm&r=g","caption":"benoit rieu"},"url":"https:\/\/blogs.thesocialmedia.com\/leblogmoto\/author\/benoit-rieu\/"}]}},"_links":{"self":[{"href":"https:\/\/blogs.thesocialmedia.com\/leblogmoto\/wp-json\/wp\/v2\/posts\/921","targetHints":{"allow":["GET"]}}],"collection":[{"href":"https:\/\/blogs.thesocialmedia.com\/leblogmoto\/wp-json\/wp\/v2\/posts"}],"about":[{"href":"https:\/\/blogs.thesocialmedia.com\/leblogmoto\/wp-json\/wp\/v2\/types\/post"}],"author":[{"embeddable":true,"href":"https:\/\/blogs.thesocialmedia.com\/leblogmoto\/wp-json\/wp\/v2\/users\/324"}],"replies":[{"embeddable":true,"href":"https:\/\/blogs.thesocialmedia.com\/leblogmoto\/wp-json\/wp\/v2\/comments?post=921"}],"version-history":[{"count":0,"href":"https:\/\/blogs.thesocialmedia.com\/leblogmoto\/wp-json\/wp\/v2\/posts\/921\/revisions"}],"wp:attachment":[{"href":"https:\/\/blogs.thesocialmedia.com\/leblogmoto\/wp-json\/wp\/v2\/media?parent=921"}],"wp:term":[{"taxonomy":"category","embeddable":true,"href":"https:\/\/blogs.thesocialmedia.com\/leblogmoto\/wp-json\/wp\/v2\/categories?post=921"},{"taxonomy":"post_tag","embeddable":true,"href":"https:\/\/blogs.thesocialmedia.com\/leblogmoto\/wp-json\/wp\/v2\/tags?post=921"}],"curies":[{"name":"wp","href":"https:\/\/api.w.org\/{rel}","templated":true}]}}