{"id":922,"date":"2008-01-31T19:49:09","date_gmt":"2008-01-31T19:49:09","guid":{"rendered":"http:\/\/blogs.thesocialmedia.com\/leblogmoto\/2008\/01\/31\/honda-french-cu\/"},"modified":"2012-07-11T15:19:30","modified_gmt":"2012-07-11T15:19:30","slug":"honda-french-cu","status":"publish","type":"post","link":"https:\/\/blogs.thesocialmedia.com\/leblogmoto\/2008\/01\/31\/honda-french-cu\/","title":{"rendered":"Honda French Cup 2008"},"content":{"rendered":"<p><a href=\"http:\/\/blogs.thesocialmedia.com\/leblogmoto\/files\/2012\/07\/frenchcup_honda_s.jpg\"><img loading=\"lazy\" decoding=\"async\" width=\"250\" height=\"187\"  alt=\"Frenchcup_honda_s\" src=\"http:\/\/www.leblogmoto.com\/images\/2008\/01\/31\/frenchcup_honda_s.jpg\" style=\"margin: 0px 5px 5px 0px;float: left\" \/><\/a>Rempla\u00e7ante en quelque sorte de la Hornet Cup, qui n&rsquo;aura <a href=\"http:\/\/www.leblogmoto.com\/2008\/01\/honda-hornet-cu.html\">pas lieu cette ann\u00e9e<\/a>, la French Cup d&rsquo;Honda oppose des CBR 600RR au cours de sept courses sur des circuits comme le Mans ou le circuit du <a href=\"http:\/\/www.boldor.fr\/site\/accueil.php\">Bol d&rsquo;Or<\/a> (Nevers Magny-Cours). <br \/>Les dates vous sont communiqu\u00e9es \u00e0 la fin de cette news <\/p>\n<ul>\n<li>&nbsp; &nbsp;19-20 Avril 24 Heures du Mans<\/li>\n<\/ul>\n<ul>\n<li> &nbsp; &nbsp; 23-24-25 Mai Croix en Ternois<\/li>\n<\/ul>\n<ul>\n<li> &nbsp; &nbsp; 3-4 Juin Dijon<\/li>\n<\/ul>\n<ul>\n<li> &nbsp; &nbsp; 4-5-6 Juillet Pau<\/li>\n<\/ul>\n<ul>\n<li> &nbsp; &nbsp; 15-16-17 Aout Al\u00e8s<\/li>\n<\/ul>\n<ul>\n<li> &nbsp; &nbsp; 1-2-3 Septembre Nogaro<\/li>\n<\/ul>\n<ul>\n<li> &nbsp; &nbsp; 13-14 Septembre Bol d&rsquo;Or\n<p> Pour plus d&rsquo;informations ou pour s&rsquo;inscrire :<br \/>TOUCH&amp;GO t\u00e9l. 04 66 78 77 24 <br \/>touchandgo30@wanadoo.fr<\/li>\n<\/ul>\n","protected":false},"excerpt":{"rendered":"<p>Rempla\u00e7ante en quelque sorte de la Hornet Cup, qui n&rsquo;aura pas lieu cette ann\u00e9e, la French Cup d&rsquo;Honda oppose des CBR 600RR au cours de sept courses sur des circuits comme le Mans ou le circuit du Bol d&rsquo;Or (Nevers Magny-Cours). Les dates vous sont communiqu\u00e9es \u00e0 la fin de cette news &nbsp; &nbsp;19-20 Avril [&hellip;]<\/p>\n","protected":false},"author":329,"featured_media":0,"comment_status":"open","ping_status":"open","sticky":false,"template":"","format":"standard","meta":{"footnotes":""},"categories":[3,14],"tags":[],"class_list":["post-922","post","type-post","status-publish","format-standard","hentry","category-actualite","category-honda"],"yoast_head":"<!-- This site is optimized with the Yoast SEO plugin v26.0 - https:\/\/yoast.com\/wordpress\/plugins\/seo\/ -->\n<title>Honda French Cup 2008 - leblogmoto.com<\/title>\n<meta name=\"robots\" content=\"index, follow, max-snippet:-1, max-image-preview:large, max-video-preview:-1\" \/>\n<link rel=\"canonical\" href=\"https:\/\/blogs.thesocialmedia.com\/leblogmoto\/2008\/01\/31\/honda-french-cu\/\" \/>\n<meta name=\"twitter:card\" content=\"summary_large_image\" \/>\n<meta name=\"twitter:title\" content=\"Honda French Cup 2008 - leblogmoto.com\" \/>\n<meta name=\"twitter:description\" content=\"Rempla\u00e7ante en quelque sorte de la Hornet Cup, qui n&rsquo;aura pas lieu cette ann\u00e9e, la French Cup d&rsquo;Honda oppose des CBR 600RR au cours de sept courses sur des circuits comme le Mans ou le circuit du Bol d&rsquo;Or (Nevers Magny-Cours). Les dates vous sont communiqu\u00e9es \u00e0 la fin de cette news &nbsp; &nbsp;19-20 Avril [&hellip;]\" \/>\n<meta name=\"twitter:image\" content=\"http:\/\/www.leblogmoto.com\/images\/2008\/01\/31\/frenchcup_honda_s.jpg\" \/>\n<meta name=\"twitter:label1\" content=\"\u00c9crit par\" \/>\n\t<meta name=\"twitter:data1\" content=\"gregory boucaud\" \/>\n\t<meta name=\"twitter:label2\" content=\"Dur\u00e9e de lecture estim\u00e9e\" \/>\n\t<meta name=\"twitter:data2\" content=\"1 minute\" \/>\n<script type=\"application\/ld+json\" class=\"yoast-schema-graph\">{\"@context\":\"https:\/\/schema.org\",\"@graph\":[{\"@type\":\"WebPage\",\"@id\":\"https:\/\/blogs.thesocialmedia.com\/leblogmoto\/2008\/01\/31\/honda-french-cu\/\",\"url\":\"https:\/\/blogs.thesocialmedia.com\/leblogmoto\/2008\/01\/31\/honda-french-cu\/\",\"name\":\"Honda French Cup 2008 - leblogmoto.com\",\"isPartOf\":{\"@id\":\"https:\/\/blogs.thesocialmedia.com\/leblogmoto\/#website\"},\"primaryImageOfPage\":{\"@id\":\"https:\/\/blogs.thesocialmedia.com\/leblogmoto\/2008\/01\/31\/honda-french-cu\/#primaryimage\"},\"image\":{\"@id\":\"https:\/\/blogs.thesocialmedia.com\/leblogmoto\/2008\/01\/31\/honda-french-cu\/#primaryimage\"},\"thumbnailUrl\":\"http:\/\/www.leblogmoto.com\/images\/2008\/01\/31\/frenchcup_honda_s.jpg\",\"datePublished\":\"2008-01-31T19:49:09+00:00\",\"dateModified\":\"2012-07-11T15:19:30+00:00\",\"author\":{\"@id\":\"https:\/\/blogs.thesocialmedia.com\/leblogmoto\/#\/schema\/person\/769623f89741cc3381675029a37764f8\"},\"breadcrumb\":{\"@id\":\"https:\/\/blogs.thesocialmedia.com\/leblogmoto\/2008\/01\/31\/honda-french-cu\/#breadcrumb\"},\"inLanguage\":\"fr-FR\",\"potentialAction\":[{\"@type\":\"ReadAction\",\"target\":[\"https:\/\/blogs.thesocialmedia.com\/leblogmoto\/2008\/01\/31\/honda-french-cu\/\"]}]},{\"@type\":\"ImageObject\",\"inLanguage\":\"fr-FR\",\"@id\":\"https:\/\/blogs.thesocialmedia.com\/leblogmoto\/2008\/01\/31\/honda-french-cu\/#primaryimage\",\"url\":\"http:\/\/www.leblogmoto.com\/images\/2008\/01\/31\/frenchcup_honda_s.jpg\",\"contentUrl\":\"http:\/\/www.leblogmoto.com\/images\/2008\/01\/31\/frenchcup_honda_s.jpg\"},{\"@type\":\"BreadcrumbList\",\"@id\":\"https:\/\/blogs.thesocialmedia.com\/leblogmoto\/2008\/01\/31\/honda-french-cu\/#breadcrumb\",\"itemListElement\":[{\"@type\":\"ListItem\",\"position\":1,\"name\":\"Accueil\",\"item\":\"https:\/\/blogs.thesocialmedia.com\/leblogmoto\/\"},{\"@type\":\"ListItem\",\"position\":2,\"name\":\"Honda French Cup 2008\"}]},{\"@type\":\"WebSite\",\"@id\":\"https:\/\/blogs.thesocialmedia.com\/leblogmoto\/#website\",\"url\":\"https:\/\/blogs.thesocialmedia.com\/leblogmoto\/\",\"name\":\"leblogmoto\",\"description\":\"Toute l&#039;actualit\u00e9 des 2 roues\",\"potentialAction\":[{\"@type\":\"SearchAction\",\"target\":{\"@type\":\"EntryPoint\",\"urlTemplate\":\"https:\/\/blogs.thesocialmedia.com\/leblogmoto\/?s={search_term_string}\"},\"query-input\":{\"@type\":\"PropertyValueSpecification\",\"valueRequired\":true,\"valueName\":\"search_term_string\"}}],\"inLanguage\":\"fr-FR\"},{\"@type\":\"Person\",\"@id\":\"https:\/\/blogs.thesocialmedia.com\/leblogmoto\/#\/schema\/person\/769623f89741cc3381675029a37764f8\",\"name\":\"gregory boucaud\",\"image\":{\"@type\":\"ImageObject\",\"inLanguage\":\"fr-FR\",\"@id\":\"https:\/\/blogs.thesocialmedia.com\/leblogmoto\/#\/schema\/person\/image\/\",\"url\":\"https:\/\/secure.gravatar.com\/avatar\/?s=96&d=mm&r=g\",\"contentUrl\":\"https:\/\/secure.gravatar.com\/avatar\/?s=96&d=mm&r=g\",\"caption\":\"gregory boucaud\"},\"url\":\"https:\/\/blogs.thesocialmedia.com\/leblogmoto\/author\/gregory-boucaud\/\"}]}<\/script>\n<!-- \/ Yoast SEO plugin. -->","yoast_head_json":{"title":"Honda French Cup 2008 - leblogmoto.com","robots":{"index":"index","follow":"follow","max-snippet":"max-snippet:-1","max-image-preview":"max-image-preview:large","max-video-preview":"max-video-preview:-1"},"canonical":"https:\/\/blogs.thesocialmedia.com\/leblogmoto\/2008\/01\/31\/honda-french-cu\/","twitter_card":"summary_large_image","twitter_title":"Honda French Cup 2008 - leblogmoto.com","twitter_description":"Rempla\u00e7ante en quelque sorte de la Hornet Cup, qui n&rsquo;aura pas lieu cette ann\u00e9e, la French Cup d&rsquo;Honda oppose des CBR 600RR au cours de sept courses sur des circuits comme le Mans ou le circuit du Bol d&rsquo;Or (Nevers Magny-Cours). Les dates vous sont communiqu\u00e9es \u00e0 la fin de cette news &nbsp; &nbsp;19-20 Avril [&hellip;]","twitter_image":"http:\/\/www.leblogmoto.com\/images\/2008\/01\/31\/frenchcup_honda_s.jpg","twitter_misc":{"\u00c9crit par":"gregory boucaud","Dur\u00e9e de lecture estim\u00e9e":"1 minute"},"schema":{"@context":"https:\/\/schema.org","@graph":[{"@type":"WebPage","@id":"https:\/\/blogs.thesocialmedia.com\/leblogmoto\/2008\/01\/31\/honda-french-cu\/","url":"https:\/\/blogs.thesocialmedia.com\/leblogmoto\/2008\/01\/31\/honda-french-cu\/","name":"Honda French Cup 2008 - leblogmoto.com","isPartOf":{"@id":"https:\/\/blogs.thesocialmedia.com\/leblogmoto\/#website"},"primaryImageOfPage":{"@id":"https:\/\/blogs.thesocialmedia.com\/leblogmoto\/2008\/01\/31\/honda-french-cu\/#primaryimage"},"image":{"@id":"https:\/\/blogs.thesocialmedia.com\/leblogmoto\/2008\/01\/31\/honda-french-cu\/#primaryimage"},"thumbnailUrl":"http:\/\/www.leblogmoto.com\/images\/2008\/01\/31\/frenchcup_honda_s.jpg","datePublished":"2008-01-31T19:49:09+00:00","dateModified":"2012-07-11T15:19:30+00:00","author":{"@id":"https:\/\/blogs.thesocialmedia.com\/leblogmoto\/#\/schema\/person\/769623f89741cc3381675029a37764f8"},"breadcrumb":{"@id":"https:\/\/blogs.thesocialmedia.com\/leblogmoto\/2008\/01\/31\/honda-french-cu\/#breadcrumb"},"inLanguage":"fr-FR","potentialAction":[{"@type":"ReadAction","target":["https:\/\/blogs.thesocialmedia.com\/leblogmoto\/2008\/01\/31\/honda-french-cu\/"]}]},{"@type":"ImageObject","inLanguage":"fr-FR","@id":"https:\/\/blogs.thesocialmedia.com\/leblogmoto\/2008\/01\/31\/honda-french-cu\/#primaryimage","url":"http:\/\/www.leblogmoto.com\/images\/2008\/01\/31\/frenchcup_honda_s.jpg","contentUrl":"http:\/\/www.leblogmoto.com\/images\/2008\/01\/31\/frenchcup_honda_s.jpg"},{"@type":"BreadcrumbList","@id":"https:\/\/blogs.thesocialmedia.com\/leblogmoto\/2008\/01\/31\/honda-french-cu\/#breadcrumb","itemListElement":[{"@type":"ListItem","position":1,"name":"Accueil","item":"https:\/\/blogs.thesocialmedia.com\/leblogmoto\/"},{"@type":"ListItem","position":2,"name":"Honda French Cup 2008"}]},{"@type":"WebSite","@id":"https:\/\/blogs.thesocialmedia.com\/leblogmoto\/#website","url":"https:\/\/blogs.thesocialmedia.com\/leblogmoto\/","name":"leblogmoto","description":"Toute l&#039;actualit\u00e9 des 2 roues","potentialAction":[{"@type":"SearchAction","target":{"@type":"EntryPoint","urlTemplate":"https:\/\/blogs.thesocialmedia.com\/leblogmoto\/?s={search_term_string}"},"query-input":{"@type":"PropertyValueSpecification","valueRequired":true,"valueName":"search_term_string"}}],"inLanguage":"fr-FR"},{"@type":"Person","@id":"https:\/\/blogs.thesocialmedia.com\/leblogmoto\/#\/schema\/person\/769623f89741cc3381675029a37764f8","name":"gregory boucaud","image":{"@type":"ImageObject","inLanguage":"fr-FR","@id":"https:\/\/blogs.thesocialmedia.com\/leblogmoto\/#\/schema\/person\/image\/","url":"https:\/\/secure.gravatar.com\/avatar\/?s=96&d=mm&r=g","contentUrl":"https:\/\/secure.gravatar.com\/avatar\/?s=96&d=mm&r=g","caption":"gregory boucaud"},"url":"https:\/\/blogs.thesocialmedia.com\/leblogmoto\/author\/gregory-boucaud\/"}]}},"_links":{"self":[{"href":"https:\/\/blogs.thesocialmedia.com\/leblogmoto\/wp-json\/wp\/v2\/posts\/922","targetHints":{"allow":["GET"]}}],"collection":[{"href":"https:\/\/blogs.thesocialmedia.com\/leblogmoto\/wp-json\/wp\/v2\/posts"}],"about":[{"href":"https:\/\/blogs.thesocialmedia.com\/leblogmoto\/wp-json\/wp\/v2\/types\/post"}],"author":[{"embeddable":true,"href":"https:\/\/blogs.thesocialmedia.com\/leblogmoto\/wp-json\/wp\/v2\/users\/329"}],"replies":[{"embeddable":true,"href":"https:\/\/blogs.thesocialmedia.com\/leblogmoto\/wp-json\/wp\/v2\/comments?post=922"}],"version-history":[{"count":2,"href":"https:\/\/blogs.thesocialmedia.com\/leblogmoto\/wp-json\/wp\/v2\/posts\/922\/revisions"}],"predecessor-version":[{"id":9864,"href":"https:\/\/blogs.thesocialmedia.com\/leblogmoto\/wp-json\/wp\/v2\/posts\/922\/revisions\/9864"}],"wp:attachment":[{"href":"https:\/\/blogs.thesocialmedia.com\/leblogmoto\/wp-json\/wp\/v2\/media?parent=922"}],"wp:term":[{"taxonomy":"category","embeddable":true,"href":"https:\/\/blogs.thesocialmedia.com\/leblogmoto\/wp-json\/wp\/v2\/categories?post=922"},{"taxonomy":"post_tag","embeddable":true,"href":"https:\/\/blogs.thesocialmedia.com\/leblogmoto\/wp-json\/wp\/v2\/tags?post=922"}],"curies":[{"name":"wp","href":"https:\/\/api.w.org\/{rel}","templated":true}]}}