{"id":923,"date":"2008-01-31T19:04:17","date_gmt":"2008-01-31T19:04:17","guid":{"rendered":"http:\/\/blogs.thesocialmedia.com\/leblogmoto\/2008\/01\/31\/honda-hornet-cu\/"},"modified":"2012-07-11T15:19:29","modified_gmt":"2012-07-11T15:19:29","slug":"honda-hornet-cu","status":"publish","type":"post","link":"https:\/\/blogs.thesocialmedia.com\/leblogmoto\/2008\/01\/31\/honda-hornet-cu\/","title":{"rendered":"Honda Hornet Cup 2008 annul\u00e9e"},"content":{"rendered":"<p><a href=\"http:\/\/blogs.thesocialmedia.com\/leblogmoto\/files\/2012\/07\/hornet.gif\"><img loading=\"lazy\" decoding=\"async\" width=\"250\" height=\"150\"  src=\"http:\/\/www.leblogmoto.com\/images\/2008\/01\/31\/hornet.gif\" alt=\"Hornet\" style=\"margin: 0px 5px 5px 0px;float: left\" \/><\/a>Faute de participants, la <a href=\"http:\/\/moto.honda.fr\/\">Honda<\/a> Hornet Cup 2008 a \u00e9t\u00e9 annul\u00e9e.<br \/>Cette comp\u00e9tition qui a remplac\u00e9 la CB cup en 2001 puis \u00e9t\u00e9 remplac\u00e9e par la French Cup devait faire son grand retour cette ann\u00e9e, gr\u00e2ce \u00e0 la sortie de la nouvelle Hornet.<br \/>Elle devait normalement accueillir 48 participants pour six courses&#8230;<br \/>Esp\u00e9rons qu&rsquo;elle sera reconduite en 2009&#8230;<\/p>\n","protected":false},"excerpt":{"rendered":"<p>Faute de participants, la Honda Hornet Cup 2008 a \u00e9t\u00e9 annul\u00e9e.Cette comp\u00e9tition qui a remplac\u00e9 la CB cup en 2001 puis \u00e9t\u00e9 remplac\u00e9e par la French Cup devait faire son grand retour cette ann\u00e9e, gr\u00e2ce \u00e0 la sortie de la nouvelle Hornet.Elle devait normalement accueillir 48 participants pour six courses&#8230;Esp\u00e9rons qu&rsquo;elle sera reconduite en 2009&#8230;<\/p>\n","protected":false},"author":329,"featured_media":0,"comment_status":"open","ping_status":"open","sticky":false,"template":"","format":"standard","meta":{"footnotes":""},"categories":[3],"tags":[],"class_list":["post-923","post","type-post","status-publish","format-standard","hentry","category-actualite"],"yoast_head":"<!-- This site is optimized with the Yoast SEO plugin v26.0 - https:\/\/yoast.com\/wordpress\/plugins\/seo\/ -->\n<title>Honda Hornet Cup 2008 annul\u00e9e - leblogmoto.com<\/title>\n<meta name=\"robots\" content=\"index, follow, max-snippet:-1, max-image-preview:large, max-video-preview:-1\" \/>\n<link rel=\"canonical\" href=\"https:\/\/blogs.thesocialmedia.com\/leblogmoto\/2008\/01\/31\/honda-hornet-cu\/\" \/>\n<meta name=\"twitter:card\" content=\"summary_large_image\" \/>\n<meta name=\"twitter:title\" content=\"Honda Hornet Cup 2008 annul\u00e9e - leblogmoto.com\" \/>\n<meta name=\"twitter:description\" content=\"Faute de participants, la Honda Hornet Cup 2008 a \u00e9t\u00e9 annul\u00e9e.Cette comp\u00e9tition qui a remplac\u00e9 la CB cup en 2001 puis \u00e9t\u00e9 remplac\u00e9e par la French Cup devait faire son grand retour cette ann\u00e9e, gr\u00e2ce \u00e0 la sortie de la nouvelle Hornet.Elle devait normalement accueillir 48 participants pour six courses&#8230;Esp\u00e9rons qu&rsquo;elle sera reconduite en 2009&#8230;\" \/>\n<meta name=\"twitter:image\" content=\"http:\/\/www.leblogmoto.com\/images\/2008\/01\/31\/hornet.gif\" \/>\n<meta name=\"twitter:label1\" content=\"\u00c9crit par\" \/>\n\t<meta name=\"twitter:data1\" content=\"gregory boucaud\" \/>\n<script type=\"application\/ld+json\" class=\"yoast-schema-graph\">{\"@context\":\"https:\/\/schema.org\",\"@graph\":[{\"@type\":\"WebPage\",\"@id\":\"https:\/\/blogs.thesocialmedia.com\/leblogmoto\/2008\/01\/31\/honda-hornet-cu\/\",\"url\":\"https:\/\/blogs.thesocialmedia.com\/leblogmoto\/2008\/01\/31\/honda-hornet-cu\/\",\"name\":\"Honda Hornet Cup 2008 annul\u00e9e - leblogmoto.com\",\"isPartOf\":{\"@id\":\"https:\/\/blogs.thesocialmedia.com\/leblogmoto\/#website\"},\"primaryImageOfPage\":{\"@id\":\"https:\/\/blogs.thesocialmedia.com\/leblogmoto\/2008\/01\/31\/honda-hornet-cu\/#primaryimage\"},\"image\":{\"@id\":\"https:\/\/blogs.thesocialmedia.com\/leblogmoto\/2008\/01\/31\/honda-hornet-cu\/#primaryimage\"},\"thumbnailUrl\":\"http:\/\/www.leblogmoto.com\/images\/2008\/01\/31\/hornet.gif\",\"datePublished\":\"2008-01-31T19:04:17+00:00\",\"dateModified\":\"2012-07-11T15:19:29+00:00\",\"author\":{\"@id\":\"https:\/\/blogs.thesocialmedia.com\/leblogmoto\/#\/schema\/person\/769623f89741cc3381675029a37764f8\"},\"breadcrumb\":{\"@id\":\"https:\/\/blogs.thesocialmedia.com\/leblogmoto\/2008\/01\/31\/honda-hornet-cu\/#breadcrumb\"},\"inLanguage\":\"fr-FR\",\"potentialAction\":[{\"@type\":\"ReadAction\",\"target\":[\"https:\/\/blogs.thesocialmedia.com\/leblogmoto\/2008\/01\/31\/honda-hornet-cu\/\"]}]},{\"@type\":\"ImageObject\",\"inLanguage\":\"fr-FR\",\"@id\":\"https:\/\/blogs.thesocialmedia.com\/leblogmoto\/2008\/01\/31\/honda-hornet-cu\/#primaryimage\",\"url\":\"http:\/\/www.leblogmoto.com\/images\/2008\/01\/31\/hornet.gif\",\"contentUrl\":\"http:\/\/www.leblogmoto.com\/images\/2008\/01\/31\/hornet.gif\"},{\"@type\":\"BreadcrumbList\",\"@id\":\"https:\/\/blogs.thesocialmedia.com\/leblogmoto\/2008\/01\/31\/honda-hornet-cu\/#breadcrumb\",\"itemListElement\":[{\"@type\":\"ListItem\",\"position\":1,\"name\":\"Accueil\",\"item\":\"https:\/\/blogs.thesocialmedia.com\/leblogmoto\/\"},{\"@type\":\"ListItem\",\"position\":2,\"name\":\"Honda Hornet Cup 2008 annul\u00e9e\"}]},{\"@type\":\"WebSite\",\"@id\":\"https:\/\/blogs.thesocialmedia.com\/leblogmoto\/#website\",\"url\":\"https:\/\/blogs.thesocialmedia.com\/leblogmoto\/\",\"name\":\"leblogmoto\",\"description\":\"Toute l&#039;actualit\u00e9 des 2 roues\",\"potentialAction\":[{\"@type\":\"SearchAction\",\"target\":{\"@type\":\"EntryPoint\",\"urlTemplate\":\"https:\/\/blogs.thesocialmedia.com\/leblogmoto\/?s={search_term_string}\"},\"query-input\":{\"@type\":\"PropertyValueSpecification\",\"valueRequired\":true,\"valueName\":\"search_term_string\"}}],\"inLanguage\":\"fr-FR\"},{\"@type\":\"Person\",\"@id\":\"https:\/\/blogs.thesocialmedia.com\/leblogmoto\/#\/schema\/person\/769623f89741cc3381675029a37764f8\",\"name\":\"gregory boucaud\",\"image\":{\"@type\":\"ImageObject\",\"inLanguage\":\"fr-FR\",\"@id\":\"https:\/\/blogs.thesocialmedia.com\/leblogmoto\/#\/schema\/person\/image\/\",\"url\":\"https:\/\/secure.gravatar.com\/avatar\/?s=96&d=mm&r=g\",\"contentUrl\":\"https:\/\/secure.gravatar.com\/avatar\/?s=96&d=mm&r=g\",\"caption\":\"gregory boucaud\"},\"url\":\"https:\/\/blogs.thesocialmedia.com\/leblogmoto\/author\/gregory-boucaud\/\"}]}<\/script>\n<!-- \/ Yoast SEO plugin. -->","yoast_head_json":{"title":"Honda Hornet Cup 2008 annul\u00e9e - leblogmoto.com","robots":{"index":"index","follow":"follow","max-snippet":"max-snippet:-1","max-image-preview":"max-image-preview:large","max-video-preview":"max-video-preview:-1"},"canonical":"https:\/\/blogs.thesocialmedia.com\/leblogmoto\/2008\/01\/31\/honda-hornet-cu\/","twitter_card":"summary_large_image","twitter_title":"Honda Hornet Cup 2008 annul\u00e9e - leblogmoto.com","twitter_description":"Faute de participants, la Honda Hornet Cup 2008 a \u00e9t\u00e9 annul\u00e9e.Cette comp\u00e9tition qui a remplac\u00e9 la CB cup en 2001 puis \u00e9t\u00e9 remplac\u00e9e par la French Cup devait faire son grand retour cette ann\u00e9e, gr\u00e2ce \u00e0 la sortie de la nouvelle Hornet.Elle devait normalement accueillir 48 participants pour six courses&#8230;Esp\u00e9rons qu&rsquo;elle sera reconduite en 2009&#8230;","twitter_image":"http:\/\/www.leblogmoto.com\/images\/2008\/01\/31\/hornet.gif","twitter_misc":{"\u00c9crit par":"gregory boucaud"},"schema":{"@context":"https:\/\/schema.org","@graph":[{"@type":"WebPage","@id":"https:\/\/blogs.thesocialmedia.com\/leblogmoto\/2008\/01\/31\/honda-hornet-cu\/","url":"https:\/\/blogs.thesocialmedia.com\/leblogmoto\/2008\/01\/31\/honda-hornet-cu\/","name":"Honda Hornet Cup 2008 annul\u00e9e - leblogmoto.com","isPartOf":{"@id":"https:\/\/blogs.thesocialmedia.com\/leblogmoto\/#website"},"primaryImageOfPage":{"@id":"https:\/\/blogs.thesocialmedia.com\/leblogmoto\/2008\/01\/31\/honda-hornet-cu\/#primaryimage"},"image":{"@id":"https:\/\/blogs.thesocialmedia.com\/leblogmoto\/2008\/01\/31\/honda-hornet-cu\/#primaryimage"},"thumbnailUrl":"http:\/\/www.leblogmoto.com\/images\/2008\/01\/31\/hornet.gif","datePublished":"2008-01-31T19:04:17+00:00","dateModified":"2012-07-11T15:19:29+00:00","author":{"@id":"https:\/\/blogs.thesocialmedia.com\/leblogmoto\/#\/schema\/person\/769623f89741cc3381675029a37764f8"},"breadcrumb":{"@id":"https:\/\/blogs.thesocialmedia.com\/leblogmoto\/2008\/01\/31\/honda-hornet-cu\/#breadcrumb"},"inLanguage":"fr-FR","potentialAction":[{"@type":"ReadAction","target":["https:\/\/blogs.thesocialmedia.com\/leblogmoto\/2008\/01\/31\/honda-hornet-cu\/"]}]},{"@type":"ImageObject","inLanguage":"fr-FR","@id":"https:\/\/blogs.thesocialmedia.com\/leblogmoto\/2008\/01\/31\/honda-hornet-cu\/#primaryimage","url":"http:\/\/www.leblogmoto.com\/images\/2008\/01\/31\/hornet.gif","contentUrl":"http:\/\/www.leblogmoto.com\/images\/2008\/01\/31\/hornet.gif"},{"@type":"BreadcrumbList","@id":"https:\/\/blogs.thesocialmedia.com\/leblogmoto\/2008\/01\/31\/honda-hornet-cu\/#breadcrumb","itemListElement":[{"@type":"ListItem","position":1,"name":"Accueil","item":"https:\/\/blogs.thesocialmedia.com\/leblogmoto\/"},{"@type":"ListItem","position":2,"name":"Honda Hornet Cup 2008 annul\u00e9e"}]},{"@type":"WebSite","@id":"https:\/\/blogs.thesocialmedia.com\/leblogmoto\/#website","url":"https:\/\/blogs.thesocialmedia.com\/leblogmoto\/","name":"leblogmoto","description":"Toute l&#039;actualit\u00e9 des 2 roues","potentialAction":[{"@type":"SearchAction","target":{"@type":"EntryPoint","urlTemplate":"https:\/\/blogs.thesocialmedia.com\/leblogmoto\/?s={search_term_string}"},"query-input":{"@type":"PropertyValueSpecification","valueRequired":true,"valueName":"search_term_string"}}],"inLanguage":"fr-FR"},{"@type":"Person","@id":"https:\/\/blogs.thesocialmedia.com\/leblogmoto\/#\/schema\/person\/769623f89741cc3381675029a37764f8","name":"gregory boucaud","image":{"@type":"ImageObject","inLanguage":"fr-FR","@id":"https:\/\/blogs.thesocialmedia.com\/leblogmoto\/#\/schema\/person\/image\/","url":"https:\/\/secure.gravatar.com\/avatar\/?s=96&d=mm&r=g","contentUrl":"https:\/\/secure.gravatar.com\/avatar\/?s=96&d=mm&r=g","caption":"gregory boucaud"},"url":"https:\/\/blogs.thesocialmedia.com\/leblogmoto\/author\/gregory-boucaud\/"}]}},"_links":{"self":[{"href":"https:\/\/blogs.thesocialmedia.com\/leblogmoto\/wp-json\/wp\/v2\/posts\/923","targetHints":{"allow":["GET"]}}],"collection":[{"href":"https:\/\/blogs.thesocialmedia.com\/leblogmoto\/wp-json\/wp\/v2\/posts"}],"about":[{"href":"https:\/\/blogs.thesocialmedia.com\/leblogmoto\/wp-json\/wp\/v2\/types\/post"}],"author":[{"embeddable":true,"href":"https:\/\/blogs.thesocialmedia.com\/leblogmoto\/wp-json\/wp\/v2\/users\/329"}],"replies":[{"embeddable":true,"href":"https:\/\/blogs.thesocialmedia.com\/leblogmoto\/wp-json\/wp\/v2\/comments?post=923"}],"version-history":[{"count":2,"href":"https:\/\/blogs.thesocialmedia.com\/leblogmoto\/wp-json\/wp\/v2\/posts\/923\/revisions"}],"predecessor-version":[{"id":9862,"href":"https:\/\/blogs.thesocialmedia.com\/leblogmoto\/wp-json\/wp\/v2\/posts\/923\/revisions\/9862"}],"wp:attachment":[{"href":"https:\/\/blogs.thesocialmedia.com\/leblogmoto\/wp-json\/wp\/v2\/media?parent=923"}],"wp:term":[{"taxonomy":"category","embeddable":true,"href":"https:\/\/blogs.thesocialmedia.com\/leblogmoto\/wp-json\/wp\/v2\/categories?post=923"},{"taxonomy":"post_tag","embeddable":true,"href":"https:\/\/blogs.thesocialmedia.com\/leblogmoto\/wp-json\/wp\/v2\/tags?post=923"}],"curies":[{"name":"wp","href":"https:\/\/api.w.org\/{rel}","templated":true}]}}