{"id":929,"date":"2008-01-30T06:48:45","date_gmt":"2008-01-30T06:48:45","guid":{"rendered":"http:\/\/blogs.thesocialmedia.com\/leblogmoto\/2008\/01\/30\/les-motos-et-vo\/"},"modified":"2012-07-11T15:19:00","modified_gmt":"2012-07-11T15:19:00","slug":"les-motos-et-vo","status":"publish","type":"post","link":"https:\/\/blogs.thesocialmedia.com\/leblogmoto\/2008\/01\/30\/les-motos-et-vo\/","title":{"rendered":"Les motos et voitures de Steve McQueen en livre."},"content":{"rendered":"<p><a href=\"http:\/\/blogs.thesocialmedia.com\/leblogmoto\/files\/2012\/07\/512bafijb4bl__ss500_.jpg\"><img loading=\"lazy\" decoding=\"async\" width=\"470\" height=\"470\"  alt=\"512bafijb4bl__ss500_\" src=\"http:\/\/www.leblogmoto.com\/images\/2008\/01\/29\/512bafijb4bl__ss500_.jpg\" \/><\/a><\/p>\n<p><a href=\"http:\/\/blogs.thesocialmedia.com\/leblogmoto\/files\/2012\/07\/steve_mcqueen_and_ritter_on_a_bike.jpg\"><img loading=\"lazy\" decoding=\"async\" width=\"470\" height=\"368\"  alt=\"Steve_mcqueen_and_ritter_on_a_bike\" src=\"http:\/\/www.leblogmoto.com\/images\/2008\/01\/29\/steve_mcqueen_and_ritter_on_a_bike.jpg\" \/><\/a><\/p>\n<p>Sorti il y a 3 mois et pass\u00e9 inaper\u00e7u chez nous (mea maxima culpa) mais aussi de tous les blogs et sites frenchies sur les motos visiblement (gnark, gnark), voici une somme sur le <a href=\"http:\/\/blogs.thesocialmedia.com\/leblogmoto\/files\/2012\/07\/album-du-vend-1.html_.png\"><em>King of Cool<\/em><\/a>, abord\u00e9 sous l&rsquo;angle des v\u00e9hicules qu&rsquo;il a poss\u00e9d\u00e9s ou pilot\u00e9s. Il y a les in\u00e9vitables Ford Mustang GT Fastback de Bullitt, la Porsche Gulf 917K*, Kawasaki, ci-dessus, et <a href=\"http:\/\/www.leblogmoto.com\/2007\/10\/mort-de-bud-eki.html\">Triumph<\/a> bien-s\u00fbr. Le tout sur 176 pages, pour pr\u00e8s de 18 $, et pr\u00e9fac\u00e9 par son fils Chad. <a href=\"http:\/\/www.amazon.com\/McQueens-Machines-Cars-Bikes-Hollywood\/dp\/0760328668\/ref=sr_1_1?ie=UTF8&amp;s=books&amp;qid=1201671436&amp;sr=8-1\">Dispo<\/a> \u00e0 ma connaissance seulement sur Amazon.com. <\/p>\n<p><a href=\"http:\/\/clabedan.typepad.com\/.shared\/image.html?\/photos\/uncategorized\/2008\/01\/29\/le_mans_mcqueen.jpg\"><img loading=\"lazy\" decoding=\"async\" width=\"470\" height=\"296\"  src=\"http:\/\/www.leblogmoto.com\/images\/2008\/01\/29\/le_mans_mcqueen.jpg\" alt=\"Le_mans_mcqueen\" \/><\/a><\/p>\n<p><em>*non repr\u00e9sent\u00e9es ici. Les images sont donn\u00e9es \u00e0 titre d&rsquo;illustration, n&rsquo;ayant pas (encore) ouvert ce livre.<\/em><\/p>\n<p><em>source: nous<\/em> <\/p>\n","protected":false},"excerpt":{"rendered":"<p>Sorti il y a 3 mois et pass\u00e9 inaper\u00e7u chez nous (mea maxima culpa) mais aussi de tous les blogs et sites frenchies sur les motos visiblement (gnark, gnark), voici une somme sur le King of Cool, abord\u00e9 sous l&rsquo;angle des v\u00e9hicules qu&rsquo;il a poss\u00e9d\u00e9s ou pilot\u00e9s. Il y a les in\u00e9vitables Ford Mustang GT [&hellip;]<\/p>\n","protected":false},"author":324,"featured_media":0,"comment_status":"open","ping_status":"open","sticky":false,"template":"","format":"standard","meta":{"footnotes":""},"categories":[3,9,45,15,54],"tags":[],"class_list":["post-929","post","type-post","status-publish","format-standard","hentry","category-actualite","category-historique","category-kawasaki","category-livres","category-triumph"],"yoast_head":"<!-- This site is optimized with the Yoast SEO plugin v26.0 - https:\/\/yoast.com\/wordpress\/plugins\/seo\/ -->\n<title>Les motos et voitures de Steve McQueen en livre. - leblogmoto.com<\/title>\n<meta name=\"robots\" content=\"index, follow, max-snippet:-1, max-image-preview:large, max-video-preview:-1\" \/>\n<link rel=\"canonical\" href=\"https:\/\/blogs.thesocialmedia.com\/leblogmoto\/2008\/01\/30\/les-motos-et-vo\/\" \/>\n<meta name=\"twitter:card\" content=\"summary_large_image\" \/>\n<meta name=\"twitter:title\" content=\"Les motos et voitures de Steve McQueen en livre. - leblogmoto.com\" \/>\n<meta name=\"twitter:description\" content=\"Sorti il y a 3 mois et pass\u00e9 inaper\u00e7u chez nous (mea maxima culpa) mais aussi de tous les blogs et sites frenchies sur les motos visiblement (gnark, gnark), voici une somme sur le King of Cool, abord\u00e9 sous l&rsquo;angle des v\u00e9hicules qu&rsquo;il a poss\u00e9d\u00e9s ou pilot\u00e9s. Il y a les in\u00e9vitables Ford Mustang GT [&hellip;]\" \/>\n<meta name=\"twitter:image\" content=\"http:\/\/www.leblogmoto.com\/images\/2008\/01\/29\/512bafijb4bl__ss500_.jpg\" \/>\n<meta name=\"twitter:label1\" content=\"\u00c9crit par\" \/>\n\t<meta name=\"twitter:data1\" content=\"benoit rieu\" \/>\n\t<meta name=\"twitter:label2\" content=\"Dur\u00e9e de lecture estim\u00e9e\" \/>\n\t<meta name=\"twitter:data2\" content=\"1 minute\" \/>\n<script type=\"application\/ld+json\" class=\"yoast-schema-graph\">{\"@context\":\"https:\/\/schema.org\",\"@graph\":[{\"@type\":\"WebPage\",\"@id\":\"https:\/\/blogs.thesocialmedia.com\/leblogmoto\/2008\/01\/30\/les-motos-et-vo\/\",\"url\":\"https:\/\/blogs.thesocialmedia.com\/leblogmoto\/2008\/01\/30\/les-motos-et-vo\/\",\"name\":\"Les motos et voitures de Steve McQueen en livre. - leblogmoto.com\",\"isPartOf\":{\"@id\":\"https:\/\/blogs.thesocialmedia.com\/leblogmoto\/#website\"},\"primaryImageOfPage\":{\"@id\":\"https:\/\/blogs.thesocialmedia.com\/leblogmoto\/2008\/01\/30\/les-motos-et-vo\/#primaryimage\"},\"image\":{\"@id\":\"https:\/\/blogs.thesocialmedia.com\/leblogmoto\/2008\/01\/30\/les-motos-et-vo\/#primaryimage\"},\"thumbnailUrl\":\"http:\/\/www.leblogmoto.com\/images\/2008\/01\/29\/512bafijb4bl__ss500_.jpg\",\"datePublished\":\"2008-01-30T06:48:45+00:00\",\"dateModified\":\"2012-07-11T15:19:00+00:00\",\"author\":{\"@id\":\"https:\/\/blogs.thesocialmedia.com\/leblogmoto\/#\/schema\/person\/18bfe773e5725ed6d24f743da805362a\"},\"breadcrumb\":{\"@id\":\"https:\/\/blogs.thesocialmedia.com\/leblogmoto\/2008\/01\/30\/les-motos-et-vo\/#breadcrumb\"},\"inLanguage\":\"fr-FR\",\"potentialAction\":[{\"@type\":\"ReadAction\",\"target\":[\"https:\/\/blogs.thesocialmedia.com\/leblogmoto\/2008\/01\/30\/les-motos-et-vo\/\"]}]},{\"@type\":\"ImageObject\",\"inLanguage\":\"fr-FR\",\"@id\":\"https:\/\/blogs.thesocialmedia.com\/leblogmoto\/2008\/01\/30\/les-motos-et-vo\/#primaryimage\",\"url\":\"http:\/\/www.leblogmoto.com\/images\/2008\/01\/29\/512bafijb4bl__ss500_.jpg\",\"contentUrl\":\"http:\/\/www.leblogmoto.com\/images\/2008\/01\/29\/512bafijb4bl__ss500_.jpg\"},{\"@type\":\"BreadcrumbList\",\"@id\":\"https:\/\/blogs.thesocialmedia.com\/leblogmoto\/2008\/01\/30\/les-motos-et-vo\/#breadcrumb\",\"itemListElement\":[{\"@type\":\"ListItem\",\"position\":1,\"name\":\"Accueil\",\"item\":\"https:\/\/blogs.thesocialmedia.com\/leblogmoto\/\"},{\"@type\":\"ListItem\",\"position\":2,\"name\":\"Les motos et voitures de Steve McQueen en livre.\"}]},{\"@type\":\"WebSite\",\"@id\":\"https:\/\/blogs.thesocialmedia.com\/leblogmoto\/#website\",\"url\":\"https:\/\/blogs.thesocialmedia.com\/leblogmoto\/\",\"name\":\"leblogmoto\",\"description\":\"Toute l&#039;actualit\u00e9 des 2 roues\",\"potentialAction\":[{\"@type\":\"SearchAction\",\"target\":{\"@type\":\"EntryPoint\",\"urlTemplate\":\"https:\/\/blogs.thesocialmedia.com\/leblogmoto\/?s={search_term_string}\"},\"query-input\":{\"@type\":\"PropertyValueSpecification\",\"valueRequired\":true,\"valueName\":\"search_term_string\"}}],\"inLanguage\":\"fr-FR\"},{\"@type\":\"Person\",\"@id\":\"https:\/\/blogs.thesocialmedia.com\/leblogmoto\/#\/schema\/person\/18bfe773e5725ed6d24f743da805362a\",\"name\":\"benoit rieu\",\"image\":{\"@type\":\"ImageObject\",\"inLanguage\":\"fr-FR\",\"@id\":\"https:\/\/blogs.thesocialmedia.com\/leblogmoto\/#\/schema\/person\/image\/\",\"url\":\"https:\/\/secure.gravatar.com\/avatar\/?s=96&d=mm&r=g\",\"contentUrl\":\"https:\/\/secure.gravatar.com\/avatar\/?s=96&d=mm&r=g\",\"caption\":\"benoit rieu\"},\"url\":\"https:\/\/blogs.thesocialmedia.com\/leblogmoto\/author\/benoit-rieu\/\"}]}<\/script>\n<!-- \/ Yoast SEO plugin. -->","yoast_head_json":{"title":"Les motos et voitures de Steve McQueen en livre. - leblogmoto.com","robots":{"index":"index","follow":"follow","max-snippet":"max-snippet:-1","max-image-preview":"max-image-preview:large","max-video-preview":"max-video-preview:-1"},"canonical":"https:\/\/blogs.thesocialmedia.com\/leblogmoto\/2008\/01\/30\/les-motos-et-vo\/","twitter_card":"summary_large_image","twitter_title":"Les motos et voitures de Steve McQueen en livre. - leblogmoto.com","twitter_description":"Sorti il y a 3 mois et pass\u00e9 inaper\u00e7u chez nous (mea maxima culpa) mais aussi de tous les blogs et sites frenchies sur les motos visiblement (gnark, gnark), voici une somme sur le King of Cool, abord\u00e9 sous l&rsquo;angle des v\u00e9hicules qu&rsquo;il a poss\u00e9d\u00e9s ou pilot\u00e9s. Il y a les in\u00e9vitables Ford Mustang GT [&hellip;]","twitter_image":"http:\/\/www.leblogmoto.com\/images\/2008\/01\/29\/512bafijb4bl__ss500_.jpg","twitter_misc":{"\u00c9crit par":"benoit rieu","Dur\u00e9e de lecture estim\u00e9e":"1 minute"},"schema":{"@context":"https:\/\/schema.org","@graph":[{"@type":"WebPage","@id":"https:\/\/blogs.thesocialmedia.com\/leblogmoto\/2008\/01\/30\/les-motos-et-vo\/","url":"https:\/\/blogs.thesocialmedia.com\/leblogmoto\/2008\/01\/30\/les-motos-et-vo\/","name":"Les motos et voitures de Steve McQueen en livre. - leblogmoto.com","isPartOf":{"@id":"https:\/\/blogs.thesocialmedia.com\/leblogmoto\/#website"},"primaryImageOfPage":{"@id":"https:\/\/blogs.thesocialmedia.com\/leblogmoto\/2008\/01\/30\/les-motos-et-vo\/#primaryimage"},"image":{"@id":"https:\/\/blogs.thesocialmedia.com\/leblogmoto\/2008\/01\/30\/les-motos-et-vo\/#primaryimage"},"thumbnailUrl":"http:\/\/www.leblogmoto.com\/images\/2008\/01\/29\/512bafijb4bl__ss500_.jpg","datePublished":"2008-01-30T06:48:45+00:00","dateModified":"2012-07-11T15:19:00+00:00","author":{"@id":"https:\/\/blogs.thesocialmedia.com\/leblogmoto\/#\/schema\/person\/18bfe773e5725ed6d24f743da805362a"},"breadcrumb":{"@id":"https:\/\/blogs.thesocialmedia.com\/leblogmoto\/2008\/01\/30\/les-motos-et-vo\/#breadcrumb"},"inLanguage":"fr-FR","potentialAction":[{"@type":"ReadAction","target":["https:\/\/blogs.thesocialmedia.com\/leblogmoto\/2008\/01\/30\/les-motos-et-vo\/"]}]},{"@type":"ImageObject","inLanguage":"fr-FR","@id":"https:\/\/blogs.thesocialmedia.com\/leblogmoto\/2008\/01\/30\/les-motos-et-vo\/#primaryimage","url":"http:\/\/www.leblogmoto.com\/images\/2008\/01\/29\/512bafijb4bl__ss500_.jpg","contentUrl":"http:\/\/www.leblogmoto.com\/images\/2008\/01\/29\/512bafijb4bl__ss500_.jpg"},{"@type":"BreadcrumbList","@id":"https:\/\/blogs.thesocialmedia.com\/leblogmoto\/2008\/01\/30\/les-motos-et-vo\/#breadcrumb","itemListElement":[{"@type":"ListItem","position":1,"name":"Accueil","item":"https:\/\/blogs.thesocialmedia.com\/leblogmoto\/"},{"@type":"ListItem","position":2,"name":"Les motos et voitures de Steve McQueen en livre."}]},{"@type":"WebSite","@id":"https:\/\/blogs.thesocialmedia.com\/leblogmoto\/#website","url":"https:\/\/blogs.thesocialmedia.com\/leblogmoto\/","name":"leblogmoto","description":"Toute l&#039;actualit\u00e9 des 2 roues","potentialAction":[{"@type":"SearchAction","target":{"@type":"EntryPoint","urlTemplate":"https:\/\/blogs.thesocialmedia.com\/leblogmoto\/?s={search_term_string}"},"query-input":{"@type":"PropertyValueSpecification","valueRequired":true,"valueName":"search_term_string"}}],"inLanguage":"fr-FR"},{"@type":"Person","@id":"https:\/\/blogs.thesocialmedia.com\/leblogmoto\/#\/schema\/person\/18bfe773e5725ed6d24f743da805362a","name":"benoit rieu","image":{"@type":"ImageObject","inLanguage":"fr-FR","@id":"https:\/\/blogs.thesocialmedia.com\/leblogmoto\/#\/schema\/person\/image\/","url":"https:\/\/secure.gravatar.com\/avatar\/?s=96&d=mm&r=g","contentUrl":"https:\/\/secure.gravatar.com\/avatar\/?s=96&d=mm&r=g","caption":"benoit rieu"},"url":"https:\/\/blogs.thesocialmedia.com\/leblogmoto\/author\/benoit-rieu\/"}]}},"_links":{"self":[{"href":"https:\/\/blogs.thesocialmedia.com\/leblogmoto\/wp-json\/wp\/v2\/posts\/929","targetHints":{"allow":["GET"]}}],"collection":[{"href":"https:\/\/blogs.thesocialmedia.com\/leblogmoto\/wp-json\/wp\/v2\/posts"}],"about":[{"href":"https:\/\/blogs.thesocialmedia.com\/leblogmoto\/wp-json\/wp\/v2\/types\/post"}],"author":[{"embeddable":true,"href":"https:\/\/blogs.thesocialmedia.com\/leblogmoto\/wp-json\/wp\/v2\/users\/324"}],"replies":[{"embeddable":true,"href":"https:\/\/blogs.thesocialmedia.com\/leblogmoto\/wp-json\/wp\/v2\/comments?post=929"}],"version-history":[{"count":2,"href":"https:\/\/blogs.thesocialmedia.com\/leblogmoto\/wp-json\/wp\/v2\/posts\/929\/revisions"}],"predecessor-version":[{"id":9845,"href":"https:\/\/blogs.thesocialmedia.com\/leblogmoto\/wp-json\/wp\/v2\/posts\/929\/revisions\/9845"}],"wp:attachment":[{"href":"https:\/\/blogs.thesocialmedia.com\/leblogmoto\/wp-json\/wp\/v2\/media?parent=929"}],"wp:term":[{"taxonomy":"category","embeddable":true,"href":"https:\/\/blogs.thesocialmedia.com\/leblogmoto\/wp-json\/wp\/v2\/categories?post=929"},{"taxonomy":"post_tag","embeddable":true,"href":"https:\/\/blogs.thesocialmedia.com\/leblogmoto\/wp-json\/wp\/v2\/tags?post=929"}],"curies":[{"name":"wp","href":"https:\/\/api.w.org\/{rel}","templated":true}]}}