{"id":930,"date":"2008-01-30T03:36:10","date_gmt":"2008-01-30T03:36:10","guid":{"rendered":"http:\/\/blogs.thesocialmedia.com\/leblogmoto\/2008\/01\/30\/bmw-reine-de-be\/"},"modified":"2012-07-11T15:18:55","modified_gmt":"2012-07-11T15:18:55","slug":"bmw-reine-de-be","status":"publish","type":"post","link":"https:\/\/blogs.thesocialmedia.com\/leblogmoto\/2008\/01\/30\/bmw-reine-de-be\/","title":{"rendered":"BMW, Reine de beaut\u00e9e"},"content":{"rendered":"<p><a href=\"http:\/\/blogs.thesocialmedia.com\/leblogmoto\/files\/2012\/07\/k1200r.jpg\"><img loading=\"lazy\" decoding=\"async\" width=\"470\" height=\"363\"  alt=\"K1200r\" src=\"http:\/\/www.leblogmoto.com\/images\/2008\/01\/29\/k1200r.jpg\" \/><\/a> <\/p>\n<p><a href=\"http:\/\/www.bmw-motorrad.com.fr\/fr\/fr\/index.html\">BMW<\/a> a vu trois de ses machines, soit la G650X Country, la HP2 MegaMoto et la K1200R Sport se classer aux \u00ab<a href=\"http:\/\/www.chi-athenaeum.org\/gdesign\/index.html\">Good Design awards<\/a>\u00bb du Mus\u00e9e d&rsquo;architecture et de design de Chicago, <a href=\"http:\/\/www.chi-athenaeum.org\/default.htm\">The Chicago Athenaeum<\/a>, en collaboration avec le <a href=\"http:\/\/www.chi-athenaeum.org\/europeancentre\/index.html\">Centre Europ\u00e9en<\/a> pour l&rsquo;Architecture, les Arts, le Design et les \u00c9tudes urbaines. Ouf!<br \/>Une autre moto dans la cat\u00e9gorie \u00ab<a href=\"http:\/\/www.chi-athenaeum.org\/gdesign\/2007\/transportation\/\">Transport<\/a>\u00bb s&rsquo;est class\u00e9e, il s&rsquo;agit de la <a href=\"http:\/\/www.envbike.com\/\">ENV<\/a>, la petite <a href=\"http:\/\/fr.wikipedia.org\/wiki\/Pile_%C3%A0_combustible\">bombe \u00e0 Hydrog\u00e8ne<\/a> britannique dont <a href=\"http:\/\/www.leblogmoto.com\/2007\/01\/env_la_bombe_hy.html\">on vous parlait<\/a> en janvier de l&rsquo;an pass\u00e9.<\/p>\n<p>Bien entour\u00e9 dans cette cat\u00e9gorie, les motos se retrouvent \u00e0 c\u00f4toyer un simulateur de vol qu\u00e9b\u00e9cois, un v\u00e9hicule de sauvetage \u00e0 propulsion hybride et quelques voitures allemandes, entre autres.<\/p>\n<p><a href=\"http:\/\/clabedan.typepad.com\/.shared\/image.html?\/photos\/uncategorized\/2008\/01\/29\/env.jpg\"><img loading=\"lazy\" decoding=\"async\" width=\"470\" height=\"301\"  alt=\"Env\" src=\"http:\/\/www.leblogmoto.com\/images\/2008\/01\/29\/env.jpg\" \/><\/a> <\/p>\n<p>Il n&rsquo;y a pas de premier prix, \u00eatre choisi, c&rsquo;est d\u00e9j\u00e0 \u00eatre gagnant. On peut regretter la propension \u00e0 s\u00e9lectionner des s\u00e9ries compl\u00e8tes de produits dans une m\u00eame cat\u00e9gorie, comme la moiti\u00e9 du catalogue Apple dans la cat\u00e9gorie \u00ab\u00c9lectronique\u00bb, mais bon.<br \/>Alors, pour qui h\u00e9sitait dans le choix de sa nouvelle moto BMW, vous savez maintenant lesquelles sont les plus belles.<\/p>\n<p><a href=\"http:\/\/blogs.thesocialmedia.com\/leblogmoto\/files\/2012\/07\/g650x.jpg\"><img loading=\"lazy\" decoding=\"async\" width=\"470\" height=\"419\"  alt=\"G650x\" src=\"http:\/\/www.leblogmoto.com\/images\/2008\/01\/29\/g650x.jpg\" \/><\/a> <\/p>\n<p><a href=\"http:\/\/blogs.thesocialmedia.com\/leblogmoto\/files\/2012\/07\/hp22.jpg\"><img loading=\"lazy\" decoding=\"async\" width=\"470\" height=\"291\"  alt=\"Hp2\" src=\"http:\/\/www.leblogmoto.com\/images\/2008\/01\/29\/hp2.jpg\" \/><\/a> <\/p>\n","protected":false},"excerpt":{"rendered":"<p>BMW a vu trois de ses machines, soit la G650X Country, la HP2 MegaMoto et la K1200R Sport se classer aux \u00abGood Design awards\u00bb du Mus\u00e9e d&rsquo;architecture et de design de Chicago, The Chicago Athenaeum, en collaboration avec le Centre Europ\u00e9en pour l&rsquo;Architecture, les Arts, le Design et les \u00c9tudes urbaines. Ouf!Une autre moto dans [&hellip;]<\/p>\n","protected":false},"author":325,"featured_media":0,"comment_status":"open","ping_status":"open","sticky":false,"template":"","format":"standard","meta":{"footnotes":""},"categories":[3,30,7],"tags":[],"class_list":["post-930","post","type-post","status-publish","format-standard","hentry","category-actualite","category-bio-carburantsvehicules-propres","category-bmw"],"yoast_head":"<!-- This site is optimized with the Yoast SEO plugin v26.0 - https:\/\/yoast.com\/wordpress\/plugins\/seo\/ -->\n<title>BMW, Reine de beaut\u00e9e - leblogmoto.com<\/title>\n<meta name=\"robots\" content=\"index, follow, max-snippet:-1, max-image-preview:large, max-video-preview:-1\" \/>\n<link rel=\"canonical\" href=\"https:\/\/blogs.thesocialmedia.com\/leblogmoto\/2008\/01\/30\/bmw-reine-de-be\/\" \/>\n<meta name=\"twitter:card\" content=\"summary_large_image\" \/>\n<meta name=\"twitter:title\" content=\"BMW, Reine de beaut\u00e9e - leblogmoto.com\" \/>\n<meta name=\"twitter:description\" content=\"BMW a vu trois de ses machines, soit la G650X Country, la HP2 MegaMoto et la K1200R Sport se classer aux \u00abGood Design awards\u00bb du Mus\u00e9e d&rsquo;architecture et de design de Chicago, The Chicago Athenaeum, en collaboration avec le Centre Europ\u00e9en pour l&rsquo;Architecture, les Arts, le Design et les \u00c9tudes urbaines. Ouf!Une autre moto dans [&hellip;]\" \/>\n<meta name=\"twitter:image\" content=\"http:\/\/www.leblogmoto.com\/images\/2008\/01\/29\/k1200r.jpg\" \/>\n<meta name=\"twitter:label1\" content=\"\u00c9crit par\" \/>\n\t<meta name=\"twitter:data1\" content=\"jacques lesage\" \/>\n\t<meta name=\"twitter:label2\" content=\"Dur\u00e9e de lecture estim\u00e9e\" \/>\n\t<meta name=\"twitter:data2\" content=\"1 minute\" \/>\n<script type=\"application\/ld+json\" class=\"yoast-schema-graph\">{\"@context\":\"https:\/\/schema.org\",\"@graph\":[{\"@type\":\"WebPage\",\"@id\":\"https:\/\/blogs.thesocialmedia.com\/leblogmoto\/2008\/01\/30\/bmw-reine-de-be\/\",\"url\":\"https:\/\/blogs.thesocialmedia.com\/leblogmoto\/2008\/01\/30\/bmw-reine-de-be\/\",\"name\":\"BMW, Reine de beaut\u00e9e - leblogmoto.com\",\"isPartOf\":{\"@id\":\"https:\/\/blogs.thesocialmedia.com\/leblogmoto\/#website\"},\"primaryImageOfPage\":{\"@id\":\"https:\/\/blogs.thesocialmedia.com\/leblogmoto\/2008\/01\/30\/bmw-reine-de-be\/#primaryimage\"},\"image\":{\"@id\":\"https:\/\/blogs.thesocialmedia.com\/leblogmoto\/2008\/01\/30\/bmw-reine-de-be\/#primaryimage\"},\"thumbnailUrl\":\"http:\/\/www.leblogmoto.com\/images\/2008\/01\/29\/k1200r.jpg\",\"datePublished\":\"2008-01-30T03:36:10+00:00\",\"dateModified\":\"2012-07-11T15:18:55+00:00\",\"author\":{\"@id\":\"https:\/\/blogs.thesocialmedia.com\/leblogmoto\/#\/schema\/person\/e82a0ca8a9a63d031586097a3ed58526\"},\"breadcrumb\":{\"@id\":\"https:\/\/blogs.thesocialmedia.com\/leblogmoto\/2008\/01\/30\/bmw-reine-de-be\/#breadcrumb\"},\"inLanguage\":\"fr-FR\",\"potentialAction\":[{\"@type\":\"ReadAction\",\"target\":[\"https:\/\/blogs.thesocialmedia.com\/leblogmoto\/2008\/01\/30\/bmw-reine-de-be\/\"]}]},{\"@type\":\"ImageObject\",\"inLanguage\":\"fr-FR\",\"@id\":\"https:\/\/blogs.thesocialmedia.com\/leblogmoto\/2008\/01\/30\/bmw-reine-de-be\/#primaryimage\",\"url\":\"http:\/\/www.leblogmoto.com\/images\/2008\/01\/29\/k1200r.jpg\",\"contentUrl\":\"http:\/\/www.leblogmoto.com\/images\/2008\/01\/29\/k1200r.jpg\"},{\"@type\":\"BreadcrumbList\",\"@id\":\"https:\/\/blogs.thesocialmedia.com\/leblogmoto\/2008\/01\/30\/bmw-reine-de-be\/#breadcrumb\",\"itemListElement\":[{\"@type\":\"ListItem\",\"position\":1,\"name\":\"Accueil\",\"item\":\"https:\/\/blogs.thesocialmedia.com\/leblogmoto\/\"},{\"@type\":\"ListItem\",\"position\":2,\"name\":\"BMW, Reine de beaut\u00e9e\"}]},{\"@type\":\"WebSite\",\"@id\":\"https:\/\/blogs.thesocialmedia.com\/leblogmoto\/#website\",\"url\":\"https:\/\/blogs.thesocialmedia.com\/leblogmoto\/\",\"name\":\"leblogmoto\",\"description\":\"Toute l&#039;actualit\u00e9 des 2 roues\",\"potentialAction\":[{\"@type\":\"SearchAction\",\"target\":{\"@type\":\"EntryPoint\",\"urlTemplate\":\"https:\/\/blogs.thesocialmedia.com\/leblogmoto\/?s={search_term_string}\"},\"query-input\":{\"@type\":\"PropertyValueSpecification\",\"valueRequired\":true,\"valueName\":\"search_term_string\"}}],\"inLanguage\":\"fr-FR\"},{\"@type\":\"Person\",\"@id\":\"https:\/\/blogs.thesocialmedia.com\/leblogmoto\/#\/schema\/person\/e82a0ca8a9a63d031586097a3ed58526\",\"name\":\"jacques lesage\",\"image\":{\"@type\":\"ImageObject\",\"inLanguage\":\"fr-FR\",\"@id\":\"https:\/\/blogs.thesocialmedia.com\/leblogmoto\/#\/schema\/person\/image\/\",\"url\":\"https:\/\/secure.gravatar.com\/avatar\/?s=96&d=mm&r=g\",\"contentUrl\":\"https:\/\/secure.gravatar.com\/avatar\/?s=96&d=mm&r=g\",\"caption\":\"jacques lesage\"},\"url\":\"https:\/\/blogs.thesocialmedia.com\/leblogmoto\/author\/jacques-lesage\/\"}]}<\/script>\n<!-- \/ Yoast SEO plugin. -->","yoast_head_json":{"title":"BMW, Reine de beaut\u00e9e - leblogmoto.com","robots":{"index":"index","follow":"follow","max-snippet":"max-snippet:-1","max-image-preview":"max-image-preview:large","max-video-preview":"max-video-preview:-1"},"canonical":"https:\/\/blogs.thesocialmedia.com\/leblogmoto\/2008\/01\/30\/bmw-reine-de-be\/","twitter_card":"summary_large_image","twitter_title":"BMW, Reine de beaut\u00e9e - leblogmoto.com","twitter_description":"BMW a vu trois de ses machines, soit la G650X Country, la HP2 MegaMoto et la K1200R Sport se classer aux \u00abGood Design awards\u00bb du Mus\u00e9e d&rsquo;architecture et de design de Chicago, The Chicago Athenaeum, en collaboration avec le Centre Europ\u00e9en pour l&rsquo;Architecture, les Arts, le Design et les \u00c9tudes urbaines. Ouf!Une autre moto dans [&hellip;]","twitter_image":"http:\/\/www.leblogmoto.com\/images\/2008\/01\/29\/k1200r.jpg","twitter_misc":{"\u00c9crit par":"jacques lesage","Dur\u00e9e de lecture estim\u00e9e":"1 minute"},"schema":{"@context":"https:\/\/schema.org","@graph":[{"@type":"WebPage","@id":"https:\/\/blogs.thesocialmedia.com\/leblogmoto\/2008\/01\/30\/bmw-reine-de-be\/","url":"https:\/\/blogs.thesocialmedia.com\/leblogmoto\/2008\/01\/30\/bmw-reine-de-be\/","name":"BMW, Reine de beaut\u00e9e - leblogmoto.com","isPartOf":{"@id":"https:\/\/blogs.thesocialmedia.com\/leblogmoto\/#website"},"primaryImageOfPage":{"@id":"https:\/\/blogs.thesocialmedia.com\/leblogmoto\/2008\/01\/30\/bmw-reine-de-be\/#primaryimage"},"image":{"@id":"https:\/\/blogs.thesocialmedia.com\/leblogmoto\/2008\/01\/30\/bmw-reine-de-be\/#primaryimage"},"thumbnailUrl":"http:\/\/www.leblogmoto.com\/images\/2008\/01\/29\/k1200r.jpg","datePublished":"2008-01-30T03:36:10+00:00","dateModified":"2012-07-11T15:18:55+00:00","author":{"@id":"https:\/\/blogs.thesocialmedia.com\/leblogmoto\/#\/schema\/person\/e82a0ca8a9a63d031586097a3ed58526"},"breadcrumb":{"@id":"https:\/\/blogs.thesocialmedia.com\/leblogmoto\/2008\/01\/30\/bmw-reine-de-be\/#breadcrumb"},"inLanguage":"fr-FR","potentialAction":[{"@type":"ReadAction","target":["https:\/\/blogs.thesocialmedia.com\/leblogmoto\/2008\/01\/30\/bmw-reine-de-be\/"]}]},{"@type":"ImageObject","inLanguage":"fr-FR","@id":"https:\/\/blogs.thesocialmedia.com\/leblogmoto\/2008\/01\/30\/bmw-reine-de-be\/#primaryimage","url":"http:\/\/www.leblogmoto.com\/images\/2008\/01\/29\/k1200r.jpg","contentUrl":"http:\/\/www.leblogmoto.com\/images\/2008\/01\/29\/k1200r.jpg"},{"@type":"BreadcrumbList","@id":"https:\/\/blogs.thesocialmedia.com\/leblogmoto\/2008\/01\/30\/bmw-reine-de-be\/#breadcrumb","itemListElement":[{"@type":"ListItem","position":1,"name":"Accueil","item":"https:\/\/blogs.thesocialmedia.com\/leblogmoto\/"},{"@type":"ListItem","position":2,"name":"BMW, Reine de beaut\u00e9e"}]},{"@type":"WebSite","@id":"https:\/\/blogs.thesocialmedia.com\/leblogmoto\/#website","url":"https:\/\/blogs.thesocialmedia.com\/leblogmoto\/","name":"leblogmoto","description":"Toute l&#039;actualit\u00e9 des 2 roues","potentialAction":[{"@type":"SearchAction","target":{"@type":"EntryPoint","urlTemplate":"https:\/\/blogs.thesocialmedia.com\/leblogmoto\/?s={search_term_string}"},"query-input":{"@type":"PropertyValueSpecification","valueRequired":true,"valueName":"search_term_string"}}],"inLanguage":"fr-FR"},{"@type":"Person","@id":"https:\/\/blogs.thesocialmedia.com\/leblogmoto\/#\/schema\/person\/e82a0ca8a9a63d031586097a3ed58526","name":"jacques lesage","image":{"@type":"ImageObject","inLanguage":"fr-FR","@id":"https:\/\/blogs.thesocialmedia.com\/leblogmoto\/#\/schema\/person\/image\/","url":"https:\/\/secure.gravatar.com\/avatar\/?s=96&d=mm&r=g","contentUrl":"https:\/\/secure.gravatar.com\/avatar\/?s=96&d=mm&r=g","caption":"jacques lesage"},"url":"https:\/\/blogs.thesocialmedia.com\/leblogmoto\/author\/jacques-lesage\/"}]}},"_links":{"self":[{"href":"https:\/\/blogs.thesocialmedia.com\/leblogmoto\/wp-json\/wp\/v2\/posts\/930","targetHints":{"allow":["GET"]}}],"collection":[{"href":"https:\/\/blogs.thesocialmedia.com\/leblogmoto\/wp-json\/wp\/v2\/posts"}],"about":[{"href":"https:\/\/blogs.thesocialmedia.com\/leblogmoto\/wp-json\/wp\/v2\/types\/post"}],"author":[{"embeddable":true,"href":"https:\/\/blogs.thesocialmedia.com\/leblogmoto\/wp-json\/wp\/v2\/users\/325"}],"replies":[{"embeddable":true,"href":"https:\/\/blogs.thesocialmedia.com\/leblogmoto\/wp-json\/wp\/v2\/comments?post=930"}],"version-history":[{"count":2,"href":"https:\/\/blogs.thesocialmedia.com\/leblogmoto\/wp-json\/wp\/v2\/posts\/930\/revisions"}],"predecessor-version":[{"id":9842,"href":"https:\/\/blogs.thesocialmedia.com\/leblogmoto\/wp-json\/wp\/v2\/posts\/930\/revisions\/9842"}],"wp:attachment":[{"href":"https:\/\/blogs.thesocialmedia.com\/leblogmoto\/wp-json\/wp\/v2\/media?parent=930"}],"wp:term":[{"taxonomy":"category","embeddable":true,"href":"https:\/\/blogs.thesocialmedia.com\/leblogmoto\/wp-json\/wp\/v2\/categories?post=930"},{"taxonomy":"post_tag","embeddable":true,"href":"https:\/\/blogs.thesocialmedia.com\/leblogmoto\/wp-json\/wp\/v2\/tags?post=930"}],"curies":[{"name":"wp","href":"https:\/\/api.w.org\/{rel}","templated":true}]}}