{"id":932,"date":"2008-01-29T20:05:13","date_gmt":"2008-01-29T20:05:13","guid":{"rendered":"http:\/\/blogs.thesocialmedia.com\/leblogmoto\/2008\/01\/29\/bmw-motorrad-re\/"},"modified":"2012-07-11T15:18:45","modified_gmt":"2012-07-11T15:18:45","slug":"bmw-motorrad-re","status":"publish","type":"post","link":"https:\/\/blogs.thesocialmedia.com\/leblogmoto\/2008\/01\/29\/bmw-motorrad-re\/","title":{"rendered":"BMW Motorrad : Record de ventes pour l&rsquo;ann\u00e9e 2007"},"content":{"rendered":"<p><a href=\"http:\/\/blogs.thesocialmedia.com\/leblogmoto\/files\/2012\/07\/logobmw1.jpg\"><img loading=\"lazy\" decoding=\"async\" width=\"250\" height=\"236\"  src=\"http:\/\/www.leblogmoto.com\/images\/2008\/01\/29\/logobmw.jpg\" alt=\"Logobmw\" style=\"margin: 0px 5px 5px 0px;float: left\" \/><\/a>Gr\u00e2ce au march\u00e9 de l&rsquo;Europe occidentale, la marque allemande <a href=\"http:\/\/www.bmw-motorrad.com.fr\/fr\/fr\/index.html\">BMW Motorrad<\/a> remporte un nouveau record pour 2007. Et ceci en renfor\u00e7ant son leadership autant sur le segment des cylindr\u00e9es de plus de 500 cm3 (2007 : 20,4 %; 2006 : 19,8 %), que sur le march\u00e9 dans son ensemble (2007 : 19,2 % ; 2006 : 18,5 %) malgr\u00e9 un recul des ventes sur le march\u00e9 allemand avec des ventes en 2007 l\u00e9g\u00e8rement en retrait par rapport \u00e0 l&rsquo;ann\u00e9e pr\u00e9c\u00e9dente, passant de 23617 en 2006 \u00e0 21504 en 2007, soit une baisse de 8,9 % en glissement annuel.<\/p>\n<p>Le deuxi\u00e8me plus gros march\u00e9 de la marque est \u00e0 nouveau l&rsquo;Italie, avec 14424 unit\u00e9s vendues, suivi par les Etats-Unis (12094 unit\u00e9s) et l&rsquo;Espagne (10382 unit\u00e9s).<\/p>\n<p> Le mod\u00e8le le plus vendu en 2007 est, dans la cat\u00e9gorie routi\u00e8re, la <a href=\"http:\/\/www.bmw-motorrad.com.fr\/fr\/fr\/index.html\">BMW<\/a> R 1200 GS avec sa petite soeur, la R 1200 GS Adventure. Comme pr\u00e9vu, la refonte actuelle de ces mod\u00e8les a fait l\u00e9g\u00e8rement diminuer les ventes en 2007 par rapport \u00e0 2006 (30077 unit\u00e9s en 2007 contre 31138 en 2006).<\/p>\n<p>Bref, de quoi commencer 2008 sous de bons auspices.<\/p>\n<p>Source : <a href=\"http:\/\/www.emoto.com\">eMoto<\/a> <\/p>\n","protected":false},"excerpt":{"rendered":"<p>Gr\u00e2ce au march\u00e9 de l&rsquo;Europe occidentale, la marque allemande BMW Motorrad remporte un nouveau record pour 2007. Et ceci en renfor\u00e7ant son leadership autant sur le segment des cylindr\u00e9es de plus de 500 cm3 (2007 : 20,4 %; 2006 : 19,8 %), que sur le march\u00e9 dans son ensemble (2007 : 19,2 % ; 2006 [&hellip;]<\/p>\n","protected":false},"author":329,"featured_media":0,"comment_status":"open","ping_status":"open","sticky":false,"template":"","format":"standard","meta":{"footnotes":""},"categories":[3,7],"tags":[],"class_list":["post-932","post","type-post","status-publish","format-standard","hentry","category-actualite","category-bmw"],"yoast_head":"<!-- This site is optimized with the Yoast SEO plugin v26.0 - https:\/\/yoast.com\/wordpress\/plugins\/seo\/ -->\n<title>BMW Motorrad : Record de ventes pour l&#039;ann\u00e9e 2007 - leblogmoto.com<\/title>\n<meta name=\"robots\" content=\"index, follow, max-snippet:-1, max-image-preview:large, max-video-preview:-1\" \/>\n<link rel=\"canonical\" href=\"https:\/\/blogs.thesocialmedia.com\/leblogmoto\/2008\/01\/29\/bmw-motorrad-re\/\" \/>\n<meta name=\"twitter:card\" content=\"summary_large_image\" \/>\n<meta name=\"twitter:title\" content=\"BMW Motorrad : Record de ventes pour l&#039;ann\u00e9e 2007 - leblogmoto.com\" \/>\n<meta name=\"twitter:description\" content=\"Gr\u00e2ce au march\u00e9 de l&rsquo;Europe occidentale, la marque allemande BMW Motorrad remporte un nouveau record pour 2007. Et ceci en renfor\u00e7ant son leadership autant sur le segment des cylindr\u00e9es de plus de 500 cm3 (2007 : 20,4 %; 2006 : 19,8 %), que sur le march\u00e9 dans son ensemble (2007 : 19,2 % ; 2006 [&hellip;]\" \/>\n<meta name=\"twitter:image\" content=\"http:\/\/www.leblogmoto.com\/images\/2008\/01\/29\/logobmw.jpg\" \/>\n<meta name=\"twitter:label1\" content=\"\u00c9crit par\" \/>\n\t<meta name=\"twitter:data1\" content=\"gregory boucaud\" \/>\n\t<meta name=\"twitter:label2\" content=\"Dur\u00e9e de lecture estim\u00e9e\" \/>\n\t<meta name=\"twitter:data2\" content=\"1 minute\" \/>\n<script type=\"application\/ld+json\" class=\"yoast-schema-graph\">{\"@context\":\"https:\/\/schema.org\",\"@graph\":[{\"@type\":\"WebPage\",\"@id\":\"https:\/\/blogs.thesocialmedia.com\/leblogmoto\/2008\/01\/29\/bmw-motorrad-re\/\",\"url\":\"https:\/\/blogs.thesocialmedia.com\/leblogmoto\/2008\/01\/29\/bmw-motorrad-re\/\",\"name\":\"BMW Motorrad : Record de ventes pour l'ann\u00e9e 2007 - leblogmoto.com\",\"isPartOf\":{\"@id\":\"https:\/\/blogs.thesocialmedia.com\/leblogmoto\/#website\"},\"primaryImageOfPage\":{\"@id\":\"https:\/\/blogs.thesocialmedia.com\/leblogmoto\/2008\/01\/29\/bmw-motorrad-re\/#primaryimage\"},\"image\":{\"@id\":\"https:\/\/blogs.thesocialmedia.com\/leblogmoto\/2008\/01\/29\/bmw-motorrad-re\/#primaryimage\"},\"thumbnailUrl\":\"http:\/\/www.leblogmoto.com\/images\/2008\/01\/29\/logobmw.jpg\",\"datePublished\":\"2008-01-29T20:05:13+00:00\",\"dateModified\":\"2012-07-11T15:18:45+00:00\",\"author\":{\"@id\":\"https:\/\/blogs.thesocialmedia.com\/leblogmoto\/#\/schema\/person\/769623f89741cc3381675029a37764f8\"},\"breadcrumb\":{\"@id\":\"https:\/\/blogs.thesocialmedia.com\/leblogmoto\/2008\/01\/29\/bmw-motorrad-re\/#breadcrumb\"},\"inLanguage\":\"fr-FR\",\"potentialAction\":[{\"@type\":\"ReadAction\",\"target\":[\"https:\/\/blogs.thesocialmedia.com\/leblogmoto\/2008\/01\/29\/bmw-motorrad-re\/\"]}]},{\"@type\":\"ImageObject\",\"inLanguage\":\"fr-FR\",\"@id\":\"https:\/\/blogs.thesocialmedia.com\/leblogmoto\/2008\/01\/29\/bmw-motorrad-re\/#primaryimage\",\"url\":\"http:\/\/www.leblogmoto.com\/images\/2008\/01\/29\/logobmw.jpg\",\"contentUrl\":\"http:\/\/www.leblogmoto.com\/images\/2008\/01\/29\/logobmw.jpg\"},{\"@type\":\"BreadcrumbList\",\"@id\":\"https:\/\/blogs.thesocialmedia.com\/leblogmoto\/2008\/01\/29\/bmw-motorrad-re\/#breadcrumb\",\"itemListElement\":[{\"@type\":\"ListItem\",\"position\":1,\"name\":\"Accueil\",\"item\":\"https:\/\/blogs.thesocialmedia.com\/leblogmoto\/\"},{\"@type\":\"ListItem\",\"position\":2,\"name\":\"BMW Motorrad : Record de ventes pour l&rsquo;ann\u00e9e 2007\"}]},{\"@type\":\"WebSite\",\"@id\":\"https:\/\/blogs.thesocialmedia.com\/leblogmoto\/#website\",\"url\":\"https:\/\/blogs.thesocialmedia.com\/leblogmoto\/\",\"name\":\"leblogmoto\",\"description\":\"Toute l&#039;actualit\u00e9 des 2 roues\",\"potentialAction\":[{\"@type\":\"SearchAction\",\"target\":{\"@type\":\"EntryPoint\",\"urlTemplate\":\"https:\/\/blogs.thesocialmedia.com\/leblogmoto\/?s={search_term_string}\"},\"query-input\":{\"@type\":\"PropertyValueSpecification\",\"valueRequired\":true,\"valueName\":\"search_term_string\"}}],\"inLanguage\":\"fr-FR\"},{\"@type\":\"Person\",\"@id\":\"https:\/\/blogs.thesocialmedia.com\/leblogmoto\/#\/schema\/person\/769623f89741cc3381675029a37764f8\",\"name\":\"gregory boucaud\",\"image\":{\"@type\":\"ImageObject\",\"inLanguage\":\"fr-FR\",\"@id\":\"https:\/\/blogs.thesocialmedia.com\/leblogmoto\/#\/schema\/person\/image\/\",\"url\":\"https:\/\/secure.gravatar.com\/avatar\/?s=96&d=mm&r=g\",\"contentUrl\":\"https:\/\/secure.gravatar.com\/avatar\/?s=96&d=mm&r=g\",\"caption\":\"gregory boucaud\"},\"url\":\"https:\/\/blogs.thesocialmedia.com\/leblogmoto\/author\/gregory-boucaud\/\"}]}<\/script>\n<!-- \/ Yoast SEO plugin. -->","yoast_head_json":{"title":"BMW Motorrad : Record de ventes pour l'ann\u00e9e 2007 - leblogmoto.com","robots":{"index":"index","follow":"follow","max-snippet":"max-snippet:-1","max-image-preview":"max-image-preview:large","max-video-preview":"max-video-preview:-1"},"canonical":"https:\/\/blogs.thesocialmedia.com\/leblogmoto\/2008\/01\/29\/bmw-motorrad-re\/","twitter_card":"summary_large_image","twitter_title":"BMW Motorrad : Record de ventes pour l'ann\u00e9e 2007 - leblogmoto.com","twitter_description":"Gr\u00e2ce au march\u00e9 de l&rsquo;Europe occidentale, la marque allemande BMW Motorrad remporte un nouveau record pour 2007. Et ceci en renfor\u00e7ant son leadership autant sur le segment des cylindr\u00e9es de plus de 500 cm3 (2007 : 20,4 %; 2006 : 19,8 %), que sur le march\u00e9 dans son ensemble (2007 : 19,2 % ; 2006 [&hellip;]","twitter_image":"http:\/\/www.leblogmoto.com\/images\/2008\/01\/29\/logobmw.jpg","twitter_misc":{"\u00c9crit par":"gregory boucaud","Dur\u00e9e de lecture estim\u00e9e":"1 minute"},"schema":{"@context":"https:\/\/schema.org","@graph":[{"@type":"WebPage","@id":"https:\/\/blogs.thesocialmedia.com\/leblogmoto\/2008\/01\/29\/bmw-motorrad-re\/","url":"https:\/\/blogs.thesocialmedia.com\/leblogmoto\/2008\/01\/29\/bmw-motorrad-re\/","name":"BMW Motorrad : Record de ventes pour l'ann\u00e9e 2007 - leblogmoto.com","isPartOf":{"@id":"https:\/\/blogs.thesocialmedia.com\/leblogmoto\/#website"},"primaryImageOfPage":{"@id":"https:\/\/blogs.thesocialmedia.com\/leblogmoto\/2008\/01\/29\/bmw-motorrad-re\/#primaryimage"},"image":{"@id":"https:\/\/blogs.thesocialmedia.com\/leblogmoto\/2008\/01\/29\/bmw-motorrad-re\/#primaryimage"},"thumbnailUrl":"http:\/\/www.leblogmoto.com\/images\/2008\/01\/29\/logobmw.jpg","datePublished":"2008-01-29T20:05:13+00:00","dateModified":"2012-07-11T15:18:45+00:00","author":{"@id":"https:\/\/blogs.thesocialmedia.com\/leblogmoto\/#\/schema\/person\/769623f89741cc3381675029a37764f8"},"breadcrumb":{"@id":"https:\/\/blogs.thesocialmedia.com\/leblogmoto\/2008\/01\/29\/bmw-motorrad-re\/#breadcrumb"},"inLanguage":"fr-FR","potentialAction":[{"@type":"ReadAction","target":["https:\/\/blogs.thesocialmedia.com\/leblogmoto\/2008\/01\/29\/bmw-motorrad-re\/"]}]},{"@type":"ImageObject","inLanguage":"fr-FR","@id":"https:\/\/blogs.thesocialmedia.com\/leblogmoto\/2008\/01\/29\/bmw-motorrad-re\/#primaryimage","url":"http:\/\/www.leblogmoto.com\/images\/2008\/01\/29\/logobmw.jpg","contentUrl":"http:\/\/www.leblogmoto.com\/images\/2008\/01\/29\/logobmw.jpg"},{"@type":"BreadcrumbList","@id":"https:\/\/blogs.thesocialmedia.com\/leblogmoto\/2008\/01\/29\/bmw-motorrad-re\/#breadcrumb","itemListElement":[{"@type":"ListItem","position":1,"name":"Accueil","item":"https:\/\/blogs.thesocialmedia.com\/leblogmoto\/"},{"@type":"ListItem","position":2,"name":"BMW Motorrad : Record de ventes pour l&rsquo;ann\u00e9e 2007"}]},{"@type":"WebSite","@id":"https:\/\/blogs.thesocialmedia.com\/leblogmoto\/#website","url":"https:\/\/blogs.thesocialmedia.com\/leblogmoto\/","name":"leblogmoto","description":"Toute l&#039;actualit\u00e9 des 2 roues","potentialAction":[{"@type":"SearchAction","target":{"@type":"EntryPoint","urlTemplate":"https:\/\/blogs.thesocialmedia.com\/leblogmoto\/?s={search_term_string}"},"query-input":{"@type":"PropertyValueSpecification","valueRequired":true,"valueName":"search_term_string"}}],"inLanguage":"fr-FR"},{"@type":"Person","@id":"https:\/\/blogs.thesocialmedia.com\/leblogmoto\/#\/schema\/person\/769623f89741cc3381675029a37764f8","name":"gregory boucaud","image":{"@type":"ImageObject","inLanguage":"fr-FR","@id":"https:\/\/blogs.thesocialmedia.com\/leblogmoto\/#\/schema\/person\/image\/","url":"https:\/\/secure.gravatar.com\/avatar\/?s=96&d=mm&r=g","contentUrl":"https:\/\/secure.gravatar.com\/avatar\/?s=96&d=mm&r=g","caption":"gregory boucaud"},"url":"https:\/\/blogs.thesocialmedia.com\/leblogmoto\/author\/gregory-boucaud\/"}]}},"_links":{"self":[{"href":"https:\/\/blogs.thesocialmedia.com\/leblogmoto\/wp-json\/wp\/v2\/posts\/932","targetHints":{"allow":["GET"]}}],"collection":[{"href":"https:\/\/blogs.thesocialmedia.com\/leblogmoto\/wp-json\/wp\/v2\/posts"}],"about":[{"href":"https:\/\/blogs.thesocialmedia.com\/leblogmoto\/wp-json\/wp\/v2\/types\/post"}],"author":[{"embeddable":true,"href":"https:\/\/blogs.thesocialmedia.com\/leblogmoto\/wp-json\/wp\/v2\/users\/329"}],"replies":[{"embeddable":true,"href":"https:\/\/blogs.thesocialmedia.com\/leblogmoto\/wp-json\/wp\/v2\/comments?post=932"}],"version-history":[{"count":2,"href":"https:\/\/blogs.thesocialmedia.com\/leblogmoto\/wp-json\/wp\/v2\/posts\/932\/revisions"}],"predecessor-version":[{"id":9836,"href":"https:\/\/blogs.thesocialmedia.com\/leblogmoto\/wp-json\/wp\/v2\/posts\/932\/revisions\/9836"}],"wp:attachment":[{"href":"https:\/\/blogs.thesocialmedia.com\/leblogmoto\/wp-json\/wp\/v2\/media?parent=932"}],"wp:term":[{"taxonomy":"category","embeddable":true,"href":"https:\/\/blogs.thesocialmedia.com\/leblogmoto\/wp-json\/wp\/v2\/categories?post=932"},{"taxonomy":"post_tag","embeddable":true,"href":"https:\/\/blogs.thesocialmedia.com\/leblogmoto\/wp-json\/wp\/v2\/tags?post=932"}],"curies":[{"name":"wp","href":"https:\/\/api.w.org\/{rel}","templated":true}]}}