{"id":935,"date":"2008-01-29T18:19:49","date_gmt":"2008-01-29T18:19:49","guid":{"rendered":"http:\/\/blogs.thesocialmedia.com\/leblogmoto\/2008\/01\/29\/la-ducati-1098\/"},"modified":"2012-07-11T15:18:42","modified_gmt":"2012-07-11T15:18:42","slug":"la-ducati-1098","status":"publish","type":"post","link":"https:\/\/blogs.thesocialmedia.com\/leblogmoto\/2008\/01\/29\/la-ducati-1098\/","title":{"rendered":"Tout chaud, la nouvelle Ducati 1098 R en neuf photos."},"content":{"rendered":"<p><a href=\"http:\/\/blogs.thesocialmedia.com\/leblogmoto\/files\/2012\/07\/wmk_1098r_01_dyn.jpg\"><img loading=\"lazy\" decoding=\"async\" width=\"470\" height=\"352\"  src=\"http:\/\/www.leblogmoto.com\/images\/2008\/01\/29\/wmk_1098r_01_dyn.jpg\" alt=\"Wmk_1098r_01_dyn\" \/><\/a><\/p>\n<p>Puisque la Desmosedici RR est une moto inaccessible alors il faut se r\u00e9soudre, comme le dit Jeremy Korzeniewski en charge des motos sur l&rsquo;autoblog, \u00e0 consid\u00e9rer la 1098 R comme la meilleure Ducati en vente. <\/p>\n<p>Et tant pis si personnellement je continue \u00e0 trouver l&rsquo;argument a\u00e9rodynamique et surtout en course&nbsp; de l&rsquo;\u00e9chappement sous la selle un peu bidon, et quelle que soit la marque d&rsquo;ailleurs&#8230; (on peut prendre plus d&rsquo;angle: pipeau oui, vos sliders touchent avant le pot). Pas convaincus ? Regardez <a href=\"http:\/\/blogs.thesocialmedia.com\/leblogmoto\/files\/2012\/07\/troy-bayliss-ti.html_.png\">cette photo<\/a> d&rsquo;un grand champion. <\/p>\n<p>Pour le reste, du <em>traction control<\/em> aux roues Marchesini en passant par la \u00d6hlins 43 mm, c&rsquo;est du beau et surtout tr\u00e8s bon&#8230; avec 180, voire 186, chevaux en full. <\/p>\n<p><a href=\"http:\/\/clabedan.typepad.com\/.shared\/image.html?\/photos\/uncategorized\/2008\/01\/29\/wmk_1098r_05_stat.jpg\"><img loading=\"lazy\" decoding=\"async\" width=\"470\" height=\"312\"  src=\"http:\/\/www.leblogmoto.com\/images\/2008\/01\/29\/wmk_1098r_05_stat.jpg\" alt=\"Wmk_1098r_05_stat\" \/><\/a><\/p>\n<p><a href=\"http:\/\/blogs.thesocialmedia.com\/leblogmoto\/files\/2012\/07\/wmk_1098r_06_stat_2.jpg\"><img loading=\"lazy\" decoding=\"async\" width=\"470\" height=\"312\"  src=\"http:\/\/www.leblogmoto.com\/images\/2008\/01\/29\/wmk_1098r_06_stat_2.jpg\" alt=\"Wmk_1098r_06_stat_2\" \/><\/a> <\/p>\n<p><a href=\"http:\/\/blogs.thesocialmedia.com\/leblogmoto\/files\/2012\/07\/wmk_1098r_03_dyn.jpg\"><img loading=\"lazy\" decoding=\"async\" width=\"470\" height=\"313\"  src=\"http:\/\/www.leblogmoto.com\/images\/2008\/01\/29\/wmk_1098r_03_dyn.jpg\" alt=\"Wmk_1098r_03_dyn\" \/><\/a><\/p>\n<p><a href=\"http:\/\/blogs.thesocialmedia.com\/leblogmoto\/files\/2012\/07\/wmk_1098r_04_stat.jpg\"><img loading=\"lazy\" decoding=\"async\" width=\"470\" height=\"313\"  src=\"http:\/\/www.leblogmoto.com\/images\/2008\/01\/29\/wmk_1098r_04_stat.jpg\" alt=\"Wmk_1098r_04_stat\" \/><\/a>  <\/p>\n<p><a href=\"http:\/\/blogs.thesocialmedia.com\/leblogmoto\/files\/2012\/07\/wmk_1098r_02_dyn.jpg\"><img loading=\"lazy\" decoding=\"async\" width=\"470\" height=\"313\"  src=\"http:\/\/www.leblogmoto.com\/images\/2008\/01\/29\/wmk_1098r_02_dyn.jpg\" alt=\"Wmk_1098r_02_dyn\" \/><\/a><\/p>\n<p><a href=\"http:\/\/blogs.thesocialmedia.com\/leblogmoto\/files\/2012\/07\/wmk_1098r_08_studiokit.jpg\"><img loading=\"lazy\" decoding=\"async\" width=\"470\" height=\"313\"  src=\"http:\/\/www.leblogmoto.com\/images\/2008\/01\/29\/wmk_1098r_08_studiokit.jpg\" alt=\"Wmk_1098r_08_studiokit\" \/><\/a> <\/p>\n<p><a href=\"http:\/\/blogs.thesocialmedia.com\/leblogmoto\/files\/2012\/07\/wmk_1098r_09_studioacc.jpg\"><img loading=\"lazy\" decoding=\"async\" width=\"470\" height=\"313\"  src=\"http:\/\/www.leblogmoto.com\/images\/2008\/01\/29\/wmk_1098r_09_studioacc.jpg\" alt=\"Wmk_1098r_09_studioacc\" \/><\/a> <\/p>\n<p><a href=\"http:\/\/blogs.thesocialmedia.com\/leblogmoto\/files\/2012\/07\/wmk_1098r_07_studio.jpg\"><img loading=\"lazy\" decoding=\"async\" width=\"470\" height=\"313\"  src=\"http:\/\/www.leblogmoto.com\/images\/2008\/01\/29\/wmk_1098r_07_studio.jpg\" alt=\"Wmk_1098r_07_studio\" \/><\/a><\/p>\n<p><em>source: ducati.com et autoblog.com &amp; cr\u00e9dit photos: photos constructeur.<\/em> <\/p>\n<p> <\/p>\n","protected":false},"excerpt":{"rendered":"<p>Puisque la Desmosedici RR est une moto inaccessible alors il faut se r\u00e9soudre, comme le dit Jeremy Korzeniewski en charge des motos sur l&rsquo;autoblog, \u00e0 consid\u00e9rer la 1098 R comme la meilleure Ducati en vente. Et tant pis si personnellement je continue \u00e0 trouver l&rsquo;argument a\u00e9rodynamique et surtout en course&nbsp; de l&rsquo;\u00e9chappement sous la selle [&hellip;]<\/p>\n","protected":false},"author":324,"featured_media":0,"comment_status":"open","ping_status":"open","sticky":false,"template":"","format":"standard","meta":{"footnotes":""},"categories":[3,41,46],"tags":[],"class_list":["post-935","post","type-post","status-publish","format-standard","hentry","category-actualite","category-ducati","category-superbike"],"yoast_head":"<!-- This site is optimized with the Yoast SEO plugin v26.0 - https:\/\/yoast.com\/wordpress\/plugins\/seo\/ -->\n<title>Tout chaud, la nouvelle Ducati 1098 R en neuf photos. - leblogmoto.com<\/title>\n<meta name=\"robots\" content=\"index, follow, max-snippet:-1, max-image-preview:large, max-video-preview:-1\" \/>\n<link rel=\"canonical\" href=\"https:\/\/blogs.thesocialmedia.com\/leblogmoto\/2008\/01\/29\/la-ducati-1098\/\" \/>\n<meta name=\"twitter:card\" content=\"summary_large_image\" \/>\n<meta name=\"twitter:title\" content=\"Tout chaud, la nouvelle Ducati 1098 R en neuf photos. - leblogmoto.com\" \/>\n<meta name=\"twitter:description\" content=\"Puisque la Desmosedici RR est une moto inaccessible alors il faut se r\u00e9soudre, comme le dit Jeremy Korzeniewski en charge des motos sur l&rsquo;autoblog, \u00e0 consid\u00e9rer la 1098 R comme la meilleure Ducati en vente. Et tant pis si personnellement je continue \u00e0 trouver l&rsquo;argument a\u00e9rodynamique et surtout en course&nbsp; de l&rsquo;\u00e9chappement sous la selle [&hellip;]\" \/>\n<meta name=\"twitter:image\" content=\"http:\/\/www.leblogmoto.com\/images\/2008\/01\/29\/wmk_1098r_01_dyn.jpg\" \/>\n<meta name=\"twitter:label1\" content=\"\u00c9crit par\" \/>\n\t<meta name=\"twitter:data1\" content=\"benoit rieu\" \/>\n\t<meta name=\"twitter:label2\" content=\"Dur\u00e9e de lecture estim\u00e9e\" \/>\n\t<meta name=\"twitter:data2\" content=\"1 minute\" \/>\n<script type=\"application\/ld+json\" class=\"yoast-schema-graph\">{\"@context\":\"https:\/\/schema.org\",\"@graph\":[{\"@type\":\"WebPage\",\"@id\":\"https:\/\/blogs.thesocialmedia.com\/leblogmoto\/2008\/01\/29\/la-ducati-1098\/\",\"url\":\"https:\/\/blogs.thesocialmedia.com\/leblogmoto\/2008\/01\/29\/la-ducati-1098\/\",\"name\":\"Tout chaud, la nouvelle Ducati 1098 R en neuf photos. - leblogmoto.com\",\"isPartOf\":{\"@id\":\"https:\/\/blogs.thesocialmedia.com\/leblogmoto\/#website\"},\"primaryImageOfPage\":{\"@id\":\"https:\/\/blogs.thesocialmedia.com\/leblogmoto\/2008\/01\/29\/la-ducati-1098\/#primaryimage\"},\"image\":{\"@id\":\"https:\/\/blogs.thesocialmedia.com\/leblogmoto\/2008\/01\/29\/la-ducati-1098\/#primaryimage\"},\"thumbnailUrl\":\"http:\/\/www.leblogmoto.com\/images\/2008\/01\/29\/wmk_1098r_01_dyn.jpg\",\"datePublished\":\"2008-01-29T18:19:49+00:00\",\"dateModified\":\"2012-07-11T15:18:42+00:00\",\"author\":{\"@id\":\"https:\/\/blogs.thesocialmedia.com\/leblogmoto\/#\/schema\/person\/18bfe773e5725ed6d24f743da805362a\"},\"breadcrumb\":{\"@id\":\"https:\/\/blogs.thesocialmedia.com\/leblogmoto\/2008\/01\/29\/la-ducati-1098\/#breadcrumb\"},\"inLanguage\":\"fr-FR\",\"potentialAction\":[{\"@type\":\"ReadAction\",\"target\":[\"https:\/\/blogs.thesocialmedia.com\/leblogmoto\/2008\/01\/29\/la-ducati-1098\/\"]}]},{\"@type\":\"ImageObject\",\"inLanguage\":\"fr-FR\",\"@id\":\"https:\/\/blogs.thesocialmedia.com\/leblogmoto\/2008\/01\/29\/la-ducati-1098\/#primaryimage\",\"url\":\"http:\/\/www.leblogmoto.com\/images\/2008\/01\/29\/wmk_1098r_01_dyn.jpg\",\"contentUrl\":\"http:\/\/www.leblogmoto.com\/images\/2008\/01\/29\/wmk_1098r_01_dyn.jpg\"},{\"@type\":\"BreadcrumbList\",\"@id\":\"https:\/\/blogs.thesocialmedia.com\/leblogmoto\/2008\/01\/29\/la-ducati-1098\/#breadcrumb\",\"itemListElement\":[{\"@type\":\"ListItem\",\"position\":1,\"name\":\"Accueil\",\"item\":\"https:\/\/blogs.thesocialmedia.com\/leblogmoto\/\"},{\"@type\":\"ListItem\",\"position\":2,\"name\":\"Tout chaud, la nouvelle Ducati 1098 R en neuf photos.\"}]},{\"@type\":\"WebSite\",\"@id\":\"https:\/\/blogs.thesocialmedia.com\/leblogmoto\/#website\",\"url\":\"https:\/\/blogs.thesocialmedia.com\/leblogmoto\/\",\"name\":\"leblogmoto\",\"description\":\"Toute l&#039;actualit\u00e9 des 2 roues\",\"potentialAction\":[{\"@type\":\"SearchAction\",\"target\":{\"@type\":\"EntryPoint\",\"urlTemplate\":\"https:\/\/blogs.thesocialmedia.com\/leblogmoto\/?s={search_term_string}\"},\"query-input\":{\"@type\":\"PropertyValueSpecification\",\"valueRequired\":true,\"valueName\":\"search_term_string\"}}],\"inLanguage\":\"fr-FR\"},{\"@type\":\"Person\",\"@id\":\"https:\/\/blogs.thesocialmedia.com\/leblogmoto\/#\/schema\/person\/18bfe773e5725ed6d24f743da805362a\",\"name\":\"benoit rieu\",\"image\":{\"@type\":\"ImageObject\",\"inLanguage\":\"fr-FR\",\"@id\":\"https:\/\/blogs.thesocialmedia.com\/leblogmoto\/#\/schema\/person\/image\/\",\"url\":\"https:\/\/secure.gravatar.com\/avatar\/?s=96&d=mm&r=g\",\"contentUrl\":\"https:\/\/secure.gravatar.com\/avatar\/?s=96&d=mm&r=g\",\"caption\":\"benoit rieu\"},\"url\":\"https:\/\/blogs.thesocialmedia.com\/leblogmoto\/author\/benoit-rieu\/\"}]}<\/script>\n<!-- \/ Yoast SEO plugin. -->","yoast_head_json":{"title":"Tout chaud, la nouvelle Ducati 1098 R en neuf photos. - leblogmoto.com","robots":{"index":"index","follow":"follow","max-snippet":"max-snippet:-1","max-image-preview":"max-image-preview:large","max-video-preview":"max-video-preview:-1"},"canonical":"https:\/\/blogs.thesocialmedia.com\/leblogmoto\/2008\/01\/29\/la-ducati-1098\/","twitter_card":"summary_large_image","twitter_title":"Tout chaud, la nouvelle Ducati 1098 R en neuf photos. - leblogmoto.com","twitter_description":"Puisque la Desmosedici RR est une moto inaccessible alors il faut se r\u00e9soudre, comme le dit Jeremy Korzeniewski en charge des motos sur l&rsquo;autoblog, \u00e0 consid\u00e9rer la 1098 R comme la meilleure Ducati en vente. Et tant pis si personnellement je continue \u00e0 trouver l&rsquo;argument a\u00e9rodynamique et surtout en course&nbsp; de l&rsquo;\u00e9chappement sous la selle [&hellip;]","twitter_image":"http:\/\/www.leblogmoto.com\/images\/2008\/01\/29\/wmk_1098r_01_dyn.jpg","twitter_misc":{"\u00c9crit par":"benoit rieu","Dur\u00e9e de lecture estim\u00e9e":"1 minute"},"schema":{"@context":"https:\/\/schema.org","@graph":[{"@type":"WebPage","@id":"https:\/\/blogs.thesocialmedia.com\/leblogmoto\/2008\/01\/29\/la-ducati-1098\/","url":"https:\/\/blogs.thesocialmedia.com\/leblogmoto\/2008\/01\/29\/la-ducati-1098\/","name":"Tout chaud, la nouvelle Ducati 1098 R en neuf photos. - leblogmoto.com","isPartOf":{"@id":"https:\/\/blogs.thesocialmedia.com\/leblogmoto\/#website"},"primaryImageOfPage":{"@id":"https:\/\/blogs.thesocialmedia.com\/leblogmoto\/2008\/01\/29\/la-ducati-1098\/#primaryimage"},"image":{"@id":"https:\/\/blogs.thesocialmedia.com\/leblogmoto\/2008\/01\/29\/la-ducati-1098\/#primaryimage"},"thumbnailUrl":"http:\/\/www.leblogmoto.com\/images\/2008\/01\/29\/wmk_1098r_01_dyn.jpg","datePublished":"2008-01-29T18:19:49+00:00","dateModified":"2012-07-11T15:18:42+00:00","author":{"@id":"https:\/\/blogs.thesocialmedia.com\/leblogmoto\/#\/schema\/person\/18bfe773e5725ed6d24f743da805362a"},"breadcrumb":{"@id":"https:\/\/blogs.thesocialmedia.com\/leblogmoto\/2008\/01\/29\/la-ducati-1098\/#breadcrumb"},"inLanguage":"fr-FR","potentialAction":[{"@type":"ReadAction","target":["https:\/\/blogs.thesocialmedia.com\/leblogmoto\/2008\/01\/29\/la-ducati-1098\/"]}]},{"@type":"ImageObject","inLanguage":"fr-FR","@id":"https:\/\/blogs.thesocialmedia.com\/leblogmoto\/2008\/01\/29\/la-ducati-1098\/#primaryimage","url":"http:\/\/www.leblogmoto.com\/images\/2008\/01\/29\/wmk_1098r_01_dyn.jpg","contentUrl":"http:\/\/www.leblogmoto.com\/images\/2008\/01\/29\/wmk_1098r_01_dyn.jpg"},{"@type":"BreadcrumbList","@id":"https:\/\/blogs.thesocialmedia.com\/leblogmoto\/2008\/01\/29\/la-ducati-1098\/#breadcrumb","itemListElement":[{"@type":"ListItem","position":1,"name":"Accueil","item":"https:\/\/blogs.thesocialmedia.com\/leblogmoto\/"},{"@type":"ListItem","position":2,"name":"Tout chaud, la nouvelle Ducati 1098 R en neuf photos."}]},{"@type":"WebSite","@id":"https:\/\/blogs.thesocialmedia.com\/leblogmoto\/#website","url":"https:\/\/blogs.thesocialmedia.com\/leblogmoto\/","name":"leblogmoto","description":"Toute l&#039;actualit\u00e9 des 2 roues","potentialAction":[{"@type":"SearchAction","target":{"@type":"EntryPoint","urlTemplate":"https:\/\/blogs.thesocialmedia.com\/leblogmoto\/?s={search_term_string}"},"query-input":{"@type":"PropertyValueSpecification","valueRequired":true,"valueName":"search_term_string"}}],"inLanguage":"fr-FR"},{"@type":"Person","@id":"https:\/\/blogs.thesocialmedia.com\/leblogmoto\/#\/schema\/person\/18bfe773e5725ed6d24f743da805362a","name":"benoit rieu","image":{"@type":"ImageObject","inLanguage":"fr-FR","@id":"https:\/\/blogs.thesocialmedia.com\/leblogmoto\/#\/schema\/person\/image\/","url":"https:\/\/secure.gravatar.com\/avatar\/?s=96&d=mm&r=g","contentUrl":"https:\/\/secure.gravatar.com\/avatar\/?s=96&d=mm&r=g","caption":"benoit rieu"},"url":"https:\/\/blogs.thesocialmedia.com\/leblogmoto\/author\/benoit-rieu\/"}]}},"_links":{"self":[{"href":"https:\/\/blogs.thesocialmedia.com\/leblogmoto\/wp-json\/wp\/v2\/posts\/935","targetHints":{"allow":["GET"]}}],"collection":[{"href":"https:\/\/blogs.thesocialmedia.com\/leblogmoto\/wp-json\/wp\/v2\/posts"}],"about":[{"href":"https:\/\/blogs.thesocialmedia.com\/leblogmoto\/wp-json\/wp\/v2\/types\/post"}],"author":[{"embeddable":true,"href":"https:\/\/blogs.thesocialmedia.com\/leblogmoto\/wp-json\/wp\/v2\/users\/324"}],"replies":[{"embeddable":true,"href":"https:\/\/blogs.thesocialmedia.com\/leblogmoto\/wp-json\/wp\/v2\/comments?post=935"}],"version-history":[{"count":2,"href":"https:\/\/blogs.thesocialmedia.com\/leblogmoto\/wp-json\/wp\/v2\/posts\/935\/revisions"}],"predecessor-version":[{"id":9830,"href":"https:\/\/blogs.thesocialmedia.com\/leblogmoto\/wp-json\/wp\/v2\/posts\/935\/revisions\/9830"}],"wp:attachment":[{"href":"https:\/\/blogs.thesocialmedia.com\/leblogmoto\/wp-json\/wp\/v2\/media?parent=935"}],"wp:term":[{"taxonomy":"category","embeddable":true,"href":"https:\/\/blogs.thesocialmedia.com\/leblogmoto\/wp-json\/wp\/v2\/categories?post=935"},{"taxonomy":"post_tag","embeddable":true,"href":"https:\/\/blogs.thesocialmedia.com\/leblogmoto\/wp-json\/wp\/v2\/tags?post=935"}],"curies":[{"name":"wp","href":"https:\/\/api.w.org\/{rel}","templated":true}]}}