{"id":936,"date":"2008-01-29T18:17:41","date_gmt":"2008-01-29T18:17:41","guid":{"rendered":"http:\/\/blogs.thesocialmedia.com\/leblogmoto\/2008\/01\/29\/ambiance-rcrati\/"},"modified":"2012-07-11T15:18:20","modified_gmt":"2012-07-11T15:18:20","slug":"ambiance-rcrati","status":"publish","type":"post","link":"https:\/\/blogs.thesocialmedia.com\/leblogmoto\/2008\/01\/29\/ambiance-rcrati\/","title":{"rendered":"Ambiance r\u00e9cr\u00e9ative et casse-gueule avec le Bockerl."},"content":{"rendered":"<p><a href=\"http:\/\/blogs.thesocialmedia.com\/leblogmoto\/files\/2012\/07\/moto_insolite_bockerl.jpg\"><img loading=\"lazy\" decoding=\"async\" width=\"470\" height=\"430\"  alt=\"Moto_insolite_bockerl\" src=\"http:\/\/www.leblogmoto.com\/images\/2008\/01\/29\/moto_insolite_bockerl.jpg\" \/><\/a><\/p>\n<p>Ne cherchez pas sur ce v\u00e9hicule japonais une quelconque innovation moteur: le <a href=\"http:\/\/www.bockerl.jp\/\">Bockerl<\/a> est \u00e0 la moto (m\u00eame pocket bike) ce que la glorieuse caisse-\u00e0-savon est \u00e0 l&rsquo;automobile: un ersatz et surtout un d\u00e9rivatif. D&rsquo;autant que son ch\u00e2ssis et son train tiennent beaucoup plus du roller-in-line (type Bauer ou Rollerblade) que d&rsquo;un deux-roues: \u00e7a tombe bien il en poss\u00e8de trois. Seuls son guidon et son esprit fun lui valent une place parmi notre blog. Et pour cela il lui faut une pente&#8230;<\/p>\n<p>Et pas forc\u00e9ment une langue de bitume, puisque ses roues sont escamotables et que l&rsquo;on peut y fixer un ski court (voir derni\u00e8re photo de notre article), fa\u00e7on Snowblade, pour ceux qui connaissent. <\/p>\n<p>Vu la position, une bonne sangle abdominale et une masse sacro-lombaire d\u00e9velopp\u00e9e sont exig\u00e9es, ainsi que des fessiers r\u00e9ceptifs et accueillants et des protections de Skateboard. A moins que vous d\u00e9cidiez de recycler votre vieille combi Dainese ou AlpineStar ? De quoi mettre \u00e0 l&rsquo;\u00e9preuve vos talents de cascadeurs.<\/p>\n<p><a href=\"http:\/\/clabedan.typepad.com\/.shared\/image.html?\/photos\/uncategorized\/2008\/01\/29\/moto_insolite_bockerl_4.jpg\"><img loading=\"lazy\" decoding=\"async\" width=\"470\" height=\"430\"  alt=\"Moto_insolite_bockerl_4\" src=\"http:\/\/www.leblogmoto.com\/images\/2008\/01\/29\/moto_insolite_bockerl_4.jpg\" \/><\/a> <\/p>\n<p><a href=\"http:\/\/blogs.thesocialmedia.com\/leblogmoto\/files\/2012\/07\/moto_insolite_bockerl_2.jpg\"><img loading=\"lazy\" decoding=\"async\" width=\"470\" height=\"430\"  alt=\"Moto_insolite_bockerl_2\" src=\"http:\/\/www.leblogmoto.com\/images\/2008\/01\/29\/moto_insolite_bockerl_2.jpg\" \/><\/a><\/p>\n<p><a href=\"http:\/\/blogs.thesocialmedia.com\/leblogmoto\/files\/2012\/07\/moto_insolite_bockerl_3.jpg\"><img loading=\"lazy\" decoding=\"async\" width=\"470\" height=\"430\"  alt=\"Moto_insolite_bockerl_3\" src=\"http:\/\/www.leblogmoto.com\/images\/2008\/01\/29\/moto_insolite_bockerl_3.jpg\" \/><\/a><\/p>\n<p><a href=\"http:\/\/blogs.thesocialmedia.com\/leblogmoto\/files\/2012\/07\/moto_insolite_bockerl_6_2.jpg\"><img loading=\"lazy\" decoding=\"async\" width=\"470\" height=\"430\"  alt=\"Moto_insolite_bockerl_6_2\" src=\"http:\/\/www.leblogmoto.com\/images\/2008\/01\/29\/moto_insolite_bockerl_6_2.jpg\" \/><\/a> <br \/><a href=\"http:\/\/blogs.thesocialmedia.com\/leblogmoto\/files\/2012\/07\/moto_insolite_bockerl_5.jpg\"><img loading=\"lazy\" decoding=\"async\" width=\"470\" height=\"430\"  alt=\"Moto_insolite_bockerl_5\" src=\"http:\/\/www.leblogmoto.com\/images\/2008\/01\/29\/moto_insolite_bockerl_5.jpg\" \/><\/a> <br \/><a href=\"http:\/\/blogs.thesocialmedia.com\/leblogmoto\/files\/2012\/07\/moto_insolite_bockerl_7.jpg\"><img loading=\"lazy\" decoding=\"async\" width=\"470\" height=\"429\"  alt=\"Moto_insolite_bockerl_7\" src=\"http:\/\/www.leblogmoto.com\/images\/2008\/01\/29\/moto_insolite_bockerl_7.jpg\" \/><\/a> <br \/> <em><a href=\"http:\/\/blogs.thesocialmedia.com\/leblogmoto\/files\/2012\/07\/moto_insolite_bockerl_8.jpg\"><img loading=\"lazy\" decoding=\"async\" width=\"470\" height=\"430\"  alt=\"Moto_insolite_bockerl_8\" src=\"http:\/\/www.leblogmoto.com\/images\/2008\/01\/29\/moto_insolite_bockerl_8.jpg\" \/><\/a> <br \/>source: <a href=\"http:\/\/www.taulard.net\">taulard.net<\/a> un excellent digg-like en Fran\u00e7ais<\/p>\n<p>cr\u00e9dit photos: photos constructeur.<br \/><\/em><\/p>\n","protected":false},"excerpt":{"rendered":"<p>Ne cherchez pas sur ce v\u00e9hicule japonais une quelconque innovation moteur: le Bockerl est \u00e0 la moto (m\u00eame pocket bike) ce que la glorieuse caisse-\u00e0-savon est \u00e0 l&rsquo;automobile: un ersatz et surtout un d\u00e9rivatif. D&rsquo;autant que son ch\u00e2ssis et son train tiennent beaucoup plus du roller-in-line (type Bauer ou Rollerblade) que d&rsquo;un deux-roues: \u00e7a tombe [&hellip;]<\/p>\n","protected":false},"author":324,"featured_media":0,"comment_status":"open","ping_status":"open","sticky":false,"template":"","format":"standard","meta":{"footnotes":""},"categories":[3,17,58],"tags":[],"class_list":["post-936","post","type-post","status-publish","format-standard","hentry","category-actualite","category-divers","category-insolite"],"yoast_head":"<!-- This site is optimized with the Yoast SEO plugin v26.0 - https:\/\/yoast.com\/wordpress\/plugins\/seo\/ -->\n<title>Ambiance r\u00e9cr\u00e9ative et casse-gueule avec le Bockerl. - leblogmoto.com<\/title>\n<meta name=\"robots\" content=\"index, follow, max-snippet:-1, max-image-preview:large, max-video-preview:-1\" \/>\n<link rel=\"canonical\" href=\"https:\/\/blogs.thesocialmedia.com\/leblogmoto\/2008\/01\/29\/ambiance-rcrati\/\" \/>\n<meta name=\"twitter:card\" content=\"summary_large_image\" \/>\n<meta name=\"twitter:title\" content=\"Ambiance r\u00e9cr\u00e9ative et casse-gueule avec le Bockerl. - leblogmoto.com\" \/>\n<meta name=\"twitter:description\" content=\"Ne cherchez pas sur ce v\u00e9hicule japonais une quelconque innovation moteur: le Bockerl est \u00e0 la moto (m\u00eame pocket bike) ce que la glorieuse caisse-\u00e0-savon est \u00e0 l&rsquo;automobile: un ersatz et surtout un d\u00e9rivatif. D&rsquo;autant que son ch\u00e2ssis et son train tiennent beaucoup plus du roller-in-line (type Bauer ou Rollerblade) que d&rsquo;un deux-roues: \u00e7a tombe [&hellip;]\" \/>\n<meta name=\"twitter:image\" content=\"http:\/\/www.leblogmoto.com\/images\/2008\/01\/29\/moto_insolite_bockerl.jpg\" \/>\n<meta name=\"twitter:label1\" content=\"\u00c9crit par\" \/>\n\t<meta name=\"twitter:data1\" content=\"benoit rieu\" \/>\n\t<meta name=\"twitter:label2\" content=\"Dur\u00e9e de lecture estim\u00e9e\" \/>\n\t<meta name=\"twitter:data2\" content=\"1 minute\" \/>\n<script type=\"application\/ld+json\" class=\"yoast-schema-graph\">{\"@context\":\"https:\/\/schema.org\",\"@graph\":[{\"@type\":\"WebPage\",\"@id\":\"https:\/\/blogs.thesocialmedia.com\/leblogmoto\/2008\/01\/29\/ambiance-rcrati\/\",\"url\":\"https:\/\/blogs.thesocialmedia.com\/leblogmoto\/2008\/01\/29\/ambiance-rcrati\/\",\"name\":\"Ambiance r\u00e9cr\u00e9ative et casse-gueule avec le Bockerl. - leblogmoto.com\",\"isPartOf\":{\"@id\":\"https:\/\/blogs.thesocialmedia.com\/leblogmoto\/#website\"},\"primaryImageOfPage\":{\"@id\":\"https:\/\/blogs.thesocialmedia.com\/leblogmoto\/2008\/01\/29\/ambiance-rcrati\/#primaryimage\"},\"image\":{\"@id\":\"https:\/\/blogs.thesocialmedia.com\/leblogmoto\/2008\/01\/29\/ambiance-rcrati\/#primaryimage\"},\"thumbnailUrl\":\"http:\/\/www.leblogmoto.com\/images\/2008\/01\/29\/moto_insolite_bockerl.jpg\",\"datePublished\":\"2008-01-29T18:17:41+00:00\",\"dateModified\":\"2012-07-11T15:18:20+00:00\",\"author\":{\"@id\":\"https:\/\/blogs.thesocialmedia.com\/leblogmoto\/#\/schema\/person\/18bfe773e5725ed6d24f743da805362a\"},\"breadcrumb\":{\"@id\":\"https:\/\/blogs.thesocialmedia.com\/leblogmoto\/2008\/01\/29\/ambiance-rcrati\/#breadcrumb\"},\"inLanguage\":\"fr-FR\",\"potentialAction\":[{\"@type\":\"ReadAction\",\"target\":[\"https:\/\/blogs.thesocialmedia.com\/leblogmoto\/2008\/01\/29\/ambiance-rcrati\/\"]}]},{\"@type\":\"ImageObject\",\"inLanguage\":\"fr-FR\",\"@id\":\"https:\/\/blogs.thesocialmedia.com\/leblogmoto\/2008\/01\/29\/ambiance-rcrati\/#primaryimage\",\"url\":\"http:\/\/www.leblogmoto.com\/images\/2008\/01\/29\/moto_insolite_bockerl.jpg\",\"contentUrl\":\"http:\/\/www.leblogmoto.com\/images\/2008\/01\/29\/moto_insolite_bockerl.jpg\"},{\"@type\":\"BreadcrumbList\",\"@id\":\"https:\/\/blogs.thesocialmedia.com\/leblogmoto\/2008\/01\/29\/ambiance-rcrati\/#breadcrumb\",\"itemListElement\":[{\"@type\":\"ListItem\",\"position\":1,\"name\":\"Accueil\",\"item\":\"https:\/\/blogs.thesocialmedia.com\/leblogmoto\/\"},{\"@type\":\"ListItem\",\"position\":2,\"name\":\"Ambiance r\u00e9cr\u00e9ative et casse-gueule avec le Bockerl.\"}]},{\"@type\":\"WebSite\",\"@id\":\"https:\/\/blogs.thesocialmedia.com\/leblogmoto\/#website\",\"url\":\"https:\/\/blogs.thesocialmedia.com\/leblogmoto\/\",\"name\":\"leblogmoto\",\"description\":\"Toute l&#039;actualit\u00e9 des 2 roues\",\"potentialAction\":[{\"@type\":\"SearchAction\",\"target\":{\"@type\":\"EntryPoint\",\"urlTemplate\":\"https:\/\/blogs.thesocialmedia.com\/leblogmoto\/?s={search_term_string}\"},\"query-input\":{\"@type\":\"PropertyValueSpecification\",\"valueRequired\":true,\"valueName\":\"search_term_string\"}}],\"inLanguage\":\"fr-FR\"},{\"@type\":\"Person\",\"@id\":\"https:\/\/blogs.thesocialmedia.com\/leblogmoto\/#\/schema\/person\/18bfe773e5725ed6d24f743da805362a\",\"name\":\"benoit rieu\",\"image\":{\"@type\":\"ImageObject\",\"inLanguage\":\"fr-FR\",\"@id\":\"https:\/\/blogs.thesocialmedia.com\/leblogmoto\/#\/schema\/person\/image\/\",\"url\":\"https:\/\/secure.gravatar.com\/avatar\/?s=96&d=mm&r=g\",\"contentUrl\":\"https:\/\/secure.gravatar.com\/avatar\/?s=96&d=mm&r=g\",\"caption\":\"benoit rieu\"},\"url\":\"https:\/\/blogs.thesocialmedia.com\/leblogmoto\/author\/benoit-rieu\/\"}]}<\/script>\n<!-- \/ Yoast SEO plugin. -->","yoast_head_json":{"title":"Ambiance r\u00e9cr\u00e9ative et casse-gueule avec le Bockerl. - leblogmoto.com","robots":{"index":"index","follow":"follow","max-snippet":"max-snippet:-1","max-image-preview":"max-image-preview:large","max-video-preview":"max-video-preview:-1"},"canonical":"https:\/\/blogs.thesocialmedia.com\/leblogmoto\/2008\/01\/29\/ambiance-rcrati\/","twitter_card":"summary_large_image","twitter_title":"Ambiance r\u00e9cr\u00e9ative et casse-gueule avec le Bockerl. - leblogmoto.com","twitter_description":"Ne cherchez pas sur ce v\u00e9hicule japonais une quelconque innovation moteur: le Bockerl est \u00e0 la moto (m\u00eame pocket bike) ce que la glorieuse caisse-\u00e0-savon est \u00e0 l&rsquo;automobile: un ersatz et surtout un d\u00e9rivatif. D&rsquo;autant que son ch\u00e2ssis et son train tiennent beaucoup plus du roller-in-line (type Bauer ou Rollerblade) que d&rsquo;un deux-roues: \u00e7a tombe [&hellip;]","twitter_image":"http:\/\/www.leblogmoto.com\/images\/2008\/01\/29\/moto_insolite_bockerl.jpg","twitter_misc":{"\u00c9crit par":"benoit rieu","Dur\u00e9e de lecture estim\u00e9e":"1 minute"},"schema":{"@context":"https:\/\/schema.org","@graph":[{"@type":"WebPage","@id":"https:\/\/blogs.thesocialmedia.com\/leblogmoto\/2008\/01\/29\/ambiance-rcrati\/","url":"https:\/\/blogs.thesocialmedia.com\/leblogmoto\/2008\/01\/29\/ambiance-rcrati\/","name":"Ambiance r\u00e9cr\u00e9ative et casse-gueule avec le Bockerl. - leblogmoto.com","isPartOf":{"@id":"https:\/\/blogs.thesocialmedia.com\/leblogmoto\/#website"},"primaryImageOfPage":{"@id":"https:\/\/blogs.thesocialmedia.com\/leblogmoto\/2008\/01\/29\/ambiance-rcrati\/#primaryimage"},"image":{"@id":"https:\/\/blogs.thesocialmedia.com\/leblogmoto\/2008\/01\/29\/ambiance-rcrati\/#primaryimage"},"thumbnailUrl":"http:\/\/www.leblogmoto.com\/images\/2008\/01\/29\/moto_insolite_bockerl.jpg","datePublished":"2008-01-29T18:17:41+00:00","dateModified":"2012-07-11T15:18:20+00:00","author":{"@id":"https:\/\/blogs.thesocialmedia.com\/leblogmoto\/#\/schema\/person\/18bfe773e5725ed6d24f743da805362a"},"breadcrumb":{"@id":"https:\/\/blogs.thesocialmedia.com\/leblogmoto\/2008\/01\/29\/ambiance-rcrati\/#breadcrumb"},"inLanguage":"fr-FR","potentialAction":[{"@type":"ReadAction","target":["https:\/\/blogs.thesocialmedia.com\/leblogmoto\/2008\/01\/29\/ambiance-rcrati\/"]}]},{"@type":"ImageObject","inLanguage":"fr-FR","@id":"https:\/\/blogs.thesocialmedia.com\/leblogmoto\/2008\/01\/29\/ambiance-rcrati\/#primaryimage","url":"http:\/\/www.leblogmoto.com\/images\/2008\/01\/29\/moto_insolite_bockerl.jpg","contentUrl":"http:\/\/www.leblogmoto.com\/images\/2008\/01\/29\/moto_insolite_bockerl.jpg"},{"@type":"BreadcrumbList","@id":"https:\/\/blogs.thesocialmedia.com\/leblogmoto\/2008\/01\/29\/ambiance-rcrati\/#breadcrumb","itemListElement":[{"@type":"ListItem","position":1,"name":"Accueil","item":"https:\/\/blogs.thesocialmedia.com\/leblogmoto\/"},{"@type":"ListItem","position":2,"name":"Ambiance r\u00e9cr\u00e9ative et casse-gueule avec le Bockerl."}]},{"@type":"WebSite","@id":"https:\/\/blogs.thesocialmedia.com\/leblogmoto\/#website","url":"https:\/\/blogs.thesocialmedia.com\/leblogmoto\/","name":"leblogmoto","description":"Toute l&#039;actualit\u00e9 des 2 roues","potentialAction":[{"@type":"SearchAction","target":{"@type":"EntryPoint","urlTemplate":"https:\/\/blogs.thesocialmedia.com\/leblogmoto\/?s={search_term_string}"},"query-input":{"@type":"PropertyValueSpecification","valueRequired":true,"valueName":"search_term_string"}}],"inLanguage":"fr-FR"},{"@type":"Person","@id":"https:\/\/blogs.thesocialmedia.com\/leblogmoto\/#\/schema\/person\/18bfe773e5725ed6d24f743da805362a","name":"benoit rieu","image":{"@type":"ImageObject","inLanguage":"fr-FR","@id":"https:\/\/blogs.thesocialmedia.com\/leblogmoto\/#\/schema\/person\/image\/","url":"https:\/\/secure.gravatar.com\/avatar\/?s=96&d=mm&r=g","contentUrl":"https:\/\/secure.gravatar.com\/avatar\/?s=96&d=mm&r=g","caption":"benoit rieu"},"url":"https:\/\/blogs.thesocialmedia.com\/leblogmoto\/author\/benoit-rieu\/"}]}},"_links":{"self":[{"href":"https:\/\/blogs.thesocialmedia.com\/leblogmoto\/wp-json\/wp\/v2\/posts\/936","targetHints":{"allow":["GET"]}}],"collection":[{"href":"https:\/\/blogs.thesocialmedia.com\/leblogmoto\/wp-json\/wp\/v2\/posts"}],"about":[{"href":"https:\/\/blogs.thesocialmedia.com\/leblogmoto\/wp-json\/wp\/v2\/types\/post"}],"author":[{"embeddable":true,"href":"https:\/\/blogs.thesocialmedia.com\/leblogmoto\/wp-json\/wp\/v2\/users\/324"}],"replies":[{"embeddable":true,"href":"https:\/\/blogs.thesocialmedia.com\/leblogmoto\/wp-json\/wp\/v2\/comments?post=936"}],"version-history":[{"count":2,"href":"https:\/\/blogs.thesocialmedia.com\/leblogmoto\/wp-json\/wp\/v2\/posts\/936\/revisions"}],"predecessor-version":[{"id":9821,"href":"https:\/\/blogs.thesocialmedia.com\/leblogmoto\/wp-json\/wp\/v2\/posts\/936\/revisions\/9821"}],"wp:attachment":[{"href":"https:\/\/blogs.thesocialmedia.com\/leblogmoto\/wp-json\/wp\/v2\/media?parent=936"}],"wp:term":[{"taxonomy":"category","embeddable":true,"href":"https:\/\/blogs.thesocialmedia.com\/leblogmoto\/wp-json\/wp\/v2\/categories?post=936"},{"taxonomy":"post_tag","embeddable":true,"href":"https:\/\/blogs.thesocialmedia.com\/leblogmoto\/wp-json\/wp\/v2\/tags?post=936"}],"curies":[{"name":"wp","href":"https:\/\/api.w.org\/{rel}","templated":true}]}}