{"id":940,"date":"2008-01-25T07:08:07","date_gmt":"2008-01-25T07:08:07","guid":{"rendered":"http:\/\/blogs.thesocialmedia.com\/leblogmoto\/2008\/01\/25\/les-fantastique\/"},"modified":"2012-07-11T15:17:32","modified_gmt":"2012-07-11T15:17:32","slug":"les-fantastique","status":"publish","type":"post","link":"https:\/\/blogs.thesocialmedia.com\/leblogmoto\/2008\/01\/25\/les-fantastique\/","title":{"rendered":"Luigi Colani. (Bient\u00f4t) 80 ans. Designer."},"content":{"rendered":"<p><a href=\"http:\/\/blogs.thesocialmedia.com\/leblogmoto\/files\/2012\/07\/2201colani7_2.jpg\"><img loading=\"lazy\" decoding=\"async\" width=\"470\" height=\"352\"  src=\"http:\/\/www.leblogmoto.com\/images\/2008\/01\/24\/2201colani7_2.jpg\" alt=\"2201colani7_2\" \/><\/a> <br \/><a href=\"http:\/\/blogs.thesocialmedia.com\/leblogmoto\/files\/2012\/07\/2201colani13.jpg\"><img loading=\"lazy\" decoding=\"async\" width=\"470\" height=\"291\"  alt=\"2201colani13\" src=\"http:\/\/www.leblogmoto.com\/images\/2008\/01\/24\/2201colani13.jpg\" \/><\/a><\/p>\n<p>Luigi Colani&#8230; ce nom vous dit quelque chose ? Le designer allemand d&rsquo;origine italienne et polonaise a pourtant travers\u00e9 son \u00e9poque et notamment model\u00e9 certains de ses objets. Et surtout, le jovial octog\u00e9naire qu&rsquo;il deviendra en ao\u00fbt prochain, ne s&rsquo;est pas content\u00e9 uniquement de ses talents en conception et dessin, comme ses confr\u00e8res, puisqu&rsquo;il a aussi \u00e9tudi\u00e9 l&rsquo;a\u00e9rodynamique \u00e0 la Sorbonne pendant trois ans. <\/p>\n<p>En t\u00e9moigne cette moto profil\u00e9e, au style anthropomorphe (un corps repli\u00e9 en chien-de-fusil) ou d&rsquo;insecte. Le noir-et-blanc lui donne la beaut\u00e9 d&rsquo;une goutte de mercure, et la simplicit\u00e9 d&rsquo;une \u00e9pure. Superbe. Une date dans le <em>design organique<\/em>. Le magazine en ligne <a href=\"http:\/\/www.01men.com\">01men.com<\/a> propose dans son \u00e9dition de Janvier de red\u00e9couvrir quelques unes de ses cr\u00e9ations (et le mot n&rsquo;est pas galvaud\u00e9).<\/p>\n<p>Alors que la premi\u00e8re photo est issue d&rsquo;une \u00e9tude de moto que le jeune Colani avait r\u00e9alis\u00e9 en 1973, sans qu&rsquo;en d\u00e9coula un prototype viable, le second bolide sur deux-roues &#8211; baptis\u00e9 fort \u00e0-propos &quot;Utah&quot; &#8211; a \u00e9t\u00e9 inaugur\u00e9 en 1989 \u00e0 Berne, avec l&rsquo;ambition de battre le record de vitesse \u00e0 Bonneville.<\/p>\n<p>Un esprit prodige et prodigue donc, que dissimule mal une truculence dans le verbe, une moustache de pandore, un amour immod\u00e9r\u00e9 pour les cols-roul\u00e9s et les cigares, qui lui donnent cet air si d\u00e9bonnaire. Il est peut-\u00eatre, dans son domaine, la meilleure incarnation de l&rsquo;expression anglo-saxonne &quot;thinking out of the square&quot;. <\/p>\n<p>L&rsquo;on trouve par exemple, dans ses r\u00e9alisations, p\u00eale-m\u00eale: un v\u00e9hicule \u00e0 sustentation magn\u00e9tique (derni\u00e8re image), un a\u00e9roglisseur. Et parmi ce qui nous int\u00e9resse au premier chef (les moteurs \u00e0 combustion interne): un prototype pour Mazda destin\u00e9 au 24 heures du Mans (photo \u00e0 la voiture bleue).<\/p>\n<p>Ainsi que la Ferrari Colani Testa d&rsquo;Oro, cr\u00e9\u00e9e en 1989 et qui en 1991, \u00e9tablit le record du monde de vitesse pour un v\u00e9hicule \u00e0 pot catalytique avec 351 km\/h, encore une fois sur l&rsquo;immensit\u00e9 sal\u00e9e de Bonneville dans l&rsquo;Utah.<\/p>\n<p>Sa passion pour l&rsquo;efficacit\u00e9 a\u00e9rodynamique alli\u00e9e au design, l&rsquo;am\u00e8ne \u00e0 proposer de nouvelles carrosseries et habitacles pour les camions, dont il reproche la trop grande tra\u00een\u00e9e, arguant que ses concepts permettraient de consommer jusqu&rsquo;\u00e0 40% de carburant en moins.<\/p>\n<p>Ainsi qu&rsquo;un v\u00e9hicule hybride dont le cockpit, s&rsquo;il est emprunt\u00e9 \u00e0 un planeur, comme le fait remarquer Caroline Lebrun (auteur du court article), poss\u00e8de aussi une cocarde h\u00e9rit\u00e9e des avions de chasse. A moins que ce ne soit un clin d&rsquo;oeil fac\u00e9tieux aux Mods, dont je compte bien vous reparler d&rsquo;ici peu. <\/p>\n<p>On peut juste reprocher \u00e0 la journaliste de ne pas rappeler que Luigi Colani fut (et reste \u00e0 jamais) l&rsquo;un des plus grands promoteurs du <a href=\"http:\/\/fr.wikipedia.org\/wiki\/Bio-design\">bio-design<\/a>, et surtout son initiateur. Les absences remarqu\u00e9es de l&rsquo;appareil photo Canon T90, de la BMW M2 et du r\u00e9cent <em>Anyfix<\/em> (un chargeur de t\u00e9l\u00e9phone portable presque universel), dessin\u00e9s par ses soins, sont \u00e9galement dommageables.<\/p>\n<p>Je vous invite quand m\u00eame \u00e0 regarder l&rsquo;<a href=\"http:\/\/www.01men.com\/editorial\/370051\/mode-tendance\/?di=8&amp;play=0#debutDiaporama\">article d\u00e9di\u00e9<\/a> qui montre que Colani ne d\u00e9laisse pas les objets de la vie courante (pianos, t\u00e9l\u00e9viseur, th\u00e9i\u00e8re), ni&#8230; les avions gros-porteurs, les jumbo-jets, dont le pr\u00e9curseur de l&rsquo;A380. Un projet command\u00e9 \u00e0 l&rsquo;\u00e9poque par le consortium Airbus lui-m\u00eame.<\/p>\n<p><a href=\"http:\/\/clabedan.typepad.com\/.shared\/image.html?\/photos\/uncategorized\/2008\/01\/24\/luigi_colani_2.jpg\"><img loading=\"lazy\" decoding=\"async\" width=\"470\" height=\"486\"  src=\"http:\/\/www.leblogmoto.com\/images\/2008\/01\/24\/luigi_colani_2.jpg\" alt=\"Luigi_colani_2\" \/><\/a><\/p>\n<p><a href=\"http:\/\/blogs.thesocialmedia.com\/leblogmoto\/files\/2012\/07\/2201colani8.jpg\"><img loading=\"lazy\" decoding=\"async\" width=\"470\" height=\"360\"  alt=\"2201colani8\" src=\"http:\/\/www.leblogmoto.com\/images\/2008\/01\/24\/2201colani8.jpg\" \/><\/a><\/p>\n<p><a href=\"http:\/\/blogs.thesocialmedia.com\/leblogmoto\/files\/2012\/07\/2201colani6.jpg\"><img loading=\"lazy\" decoding=\"async\" width=\"470\" height=\"328\"  alt=\"2201colani6\" src=\"http:\/\/www.leblogmoto.com\/images\/2008\/01\/24\/2201colani6.jpg\" \/><\/a> <\/p>\n<p><a href=\"http:\/\/blogs.thesocialmedia.com\/leblogmoto\/files\/2012\/07\/2201colani1.jpg\"><img loading=\"lazy\" decoding=\"async\" width=\"470\" height=\"328\"  alt=\"2201colani1\" src=\"http:\/\/www.leblogmoto.com\/images\/2008\/01\/24\/2201colani1.jpg\" \/><\/a><\/p>\n<p><a href=\"http:\/\/blogs.thesocialmedia.com\/leblogmoto\/files\/2012\/07\/2201colani12.jpg\"><img loading=\"lazy\" decoding=\"async\" width=\"470\" height=\"309\"  alt=\"2201colani12\" src=\"http:\/\/www.leblogmoto.com\/images\/2008\/01\/24\/2201colani12.jpg\" \/><\/a><\/p>\n<p><a href=\"http:\/\/blogs.thesocialmedia.com\/leblogmoto\/files\/2012\/07\/2201colani14_2.jpg\"><img loading=\"lazy\" decoding=\"async\" width=\"470\" height=\"352\"  alt=\"2201colani14_2\" src=\"http:\/\/www.leblogmoto.com\/images\/2008\/01\/24\/2201colani14_2.jpg\" \/><\/a> <\/p>\n<p><em><a href=\"http:\/\/blogs.thesocialmedia.com\/leblogmoto\/files\/2012\/07\/moto_concept_bike_car_luigi_colani_.jpg\"><img loading=\"lazy\" decoding=\"async\" width=\"468\" height=\"702\"  alt=\"Moto_concept_bike_car_luigi_colani_\" src=\"http:\/\/www.leblogmoto.com\/images\/2008\/01\/24\/moto_concept_bike_car_luigi_colani_.jpg\" \/><\/a> <\/em><\/p>\n","protected":false},"excerpt":{"rendered":"<p>Luigi Colani&#8230; ce nom vous dit quelque chose ? Le designer allemand d&rsquo;origine italienne et polonaise a pourtant travers\u00e9 son \u00e9poque et notamment model\u00e9 certains de ses objets. Et surtout, le jovial octog\u00e9naire qu&rsquo;il deviendra en ao\u00fbt prochain, ne s&rsquo;est pas content\u00e9 uniquement de ses talents en conception et dessin, comme ses confr\u00e8res, puisqu&rsquo;il a [&hellip;]<\/p>\n","protected":false},"author":324,"featured_media":0,"comment_status":"open","ping_status":"open","sticky":false,"template":"","format":"standard","meta":{"footnotes":""},"categories":[16,33],"tags":[],"class_list":["post-940","post","type-post","status-publish","format-standard","hentry","category-art-moto","category-concept-bike"],"yoast_head":"<!-- This site is optimized with the Yoast SEO plugin v26.0 - https:\/\/yoast.com\/wordpress\/plugins\/seo\/ -->\n<title>Luigi Colani. (Bient\u00f4t) 80 ans. Designer. - leblogmoto.com<\/title>\n<meta name=\"robots\" content=\"index, follow, max-snippet:-1, max-image-preview:large, max-video-preview:-1\" \/>\n<link rel=\"canonical\" href=\"https:\/\/blogs.thesocialmedia.com\/leblogmoto\/2008\/01\/25\/les-fantastique\/\" \/>\n<meta name=\"twitter:card\" content=\"summary_large_image\" \/>\n<meta name=\"twitter:title\" content=\"Luigi Colani. (Bient\u00f4t) 80 ans. Designer. - leblogmoto.com\" \/>\n<meta name=\"twitter:description\" content=\"Luigi Colani&#8230; ce nom vous dit quelque chose ? Le designer allemand d&rsquo;origine italienne et polonaise a pourtant travers\u00e9 son \u00e9poque et notamment model\u00e9 certains de ses objets. Et surtout, le jovial octog\u00e9naire qu&rsquo;il deviendra en ao\u00fbt prochain, ne s&rsquo;est pas content\u00e9 uniquement de ses talents en conception et dessin, comme ses confr\u00e8res, puisqu&rsquo;il a [&hellip;]\" \/>\n<meta name=\"twitter:image\" content=\"http:\/\/www.leblogmoto.com\/images\/2008\/01\/24\/2201colani7_2.jpg\" \/>\n<meta name=\"twitter:label1\" content=\"\u00c9crit par\" \/>\n\t<meta name=\"twitter:data1\" content=\"benoit rieu\" \/>\n\t<meta name=\"twitter:label2\" content=\"Dur\u00e9e de lecture estim\u00e9e\" \/>\n\t<meta name=\"twitter:data2\" content=\"3 minutes\" \/>\n<script type=\"application\/ld+json\" class=\"yoast-schema-graph\">{\"@context\":\"https:\/\/schema.org\",\"@graph\":[{\"@type\":\"WebPage\",\"@id\":\"https:\/\/blogs.thesocialmedia.com\/leblogmoto\/2008\/01\/25\/les-fantastique\/\",\"url\":\"https:\/\/blogs.thesocialmedia.com\/leblogmoto\/2008\/01\/25\/les-fantastique\/\",\"name\":\"Luigi Colani. (Bient\u00f4t) 80 ans. Designer. - leblogmoto.com\",\"isPartOf\":{\"@id\":\"https:\/\/blogs.thesocialmedia.com\/leblogmoto\/#website\"},\"primaryImageOfPage\":{\"@id\":\"https:\/\/blogs.thesocialmedia.com\/leblogmoto\/2008\/01\/25\/les-fantastique\/#primaryimage\"},\"image\":{\"@id\":\"https:\/\/blogs.thesocialmedia.com\/leblogmoto\/2008\/01\/25\/les-fantastique\/#primaryimage\"},\"thumbnailUrl\":\"http:\/\/www.leblogmoto.com\/images\/2008\/01\/24\/2201colani7_2.jpg\",\"datePublished\":\"2008-01-25T07:08:07+00:00\",\"dateModified\":\"2012-07-11T15:17:32+00:00\",\"author\":{\"@id\":\"https:\/\/blogs.thesocialmedia.com\/leblogmoto\/#\/schema\/person\/18bfe773e5725ed6d24f743da805362a\"},\"breadcrumb\":{\"@id\":\"https:\/\/blogs.thesocialmedia.com\/leblogmoto\/2008\/01\/25\/les-fantastique\/#breadcrumb\"},\"inLanguage\":\"fr-FR\",\"potentialAction\":[{\"@type\":\"ReadAction\",\"target\":[\"https:\/\/blogs.thesocialmedia.com\/leblogmoto\/2008\/01\/25\/les-fantastique\/\"]}]},{\"@type\":\"ImageObject\",\"inLanguage\":\"fr-FR\",\"@id\":\"https:\/\/blogs.thesocialmedia.com\/leblogmoto\/2008\/01\/25\/les-fantastique\/#primaryimage\",\"url\":\"http:\/\/www.leblogmoto.com\/images\/2008\/01\/24\/2201colani7_2.jpg\",\"contentUrl\":\"http:\/\/www.leblogmoto.com\/images\/2008\/01\/24\/2201colani7_2.jpg\"},{\"@type\":\"BreadcrumbList\",\"@id\":\"https:\/\/blogs.thesocialmedia.com\/leblogmoto\/2008\/01\/25\/les-fantastique\/#breadcrumb\",\"itemListElement\":[{\"@type\":\"ListItem\",\"position\":1,\"name\":\"Accueil\",\"item\":\"https:\/\/blogs.thesocialmedia.com\/leblogmoto\/\"},{\"@type\":\"ListItem\",\"position\":2,\"name\":\"Luigi Colani. (Bient\u00f4t) 80 ans. Designer.\"}]},{\"@type\":\"WebSite\",\"@id\":\"https:\/\/blogs.thesocialmedia.com\/leblogmoto\/#website\",\"url\":\"https:\/\/blogs.thesocialmedia.com\/leblogmoto\/\",\"name\":\"leblogmoto\",\"description\":\"Toute l&#039;actualit\u00e9 des 2 roues\",\"potentialAction\":[{\"@type\":\"SearchAction\",\"target\":{\"@type\":\"EntryPoint\",\"urlTemplate\":\"https:\/\/blogs.thesocialmedia.com\/leblogmoto\/?s={search_term_string}\"},\"query-input\":{\"@type\":\"PropertyValueSpecification\",\"valueRequired\":true,\"valueName\":\"search_term_string\"}}],\"inLanguage\":\"fr-FR\"},{\"@type\":\"Person\",\"@id\":\"https:\/\/blogs.thesocialmedia.com\/leblogmoto\/#\/schema\/person\/18bfe773e5725ed6d24f743da805362a\",\"name\":\"benoit rieu\",\"image\":{\"@type\":\"ImageObject\",\"inLanguage\":\"fr-FR\",\"@id\":\"https:\/\/blogs.thesocialmedia.com\/leblogmoto\/#\/schema\/person\/image\/\",\"url\":\"https:\/\/secure.gravatar.com\/avatar\/?s=96&d=mm&r=g\",\"contentUrl\":\"https:\/\/secure.gravatar.com\/avatar\/?s=96&d=mm&r=g\",\"caption\":\"benoit rieu\"},\"url\":\"https:\/\/blogs.thesocialmedia.com\/leblogmoto\/author\/benoit-rieu\/\"}]}<\/script>\n<!-- \/ Yoast SEO plugin. -->","yoast_head_json":{"title":"Luigi Colani. (Bient\u00f4t) 80 ans. Designer. - leblogmoto.com","robots":{"index":"index","follow":"follow","max-snippet":"max-snippet:-1","max-image-preview":"max-image-preview:large","max-video-preview":"max-video-preview:-1"},"canonical":"https:\/\/blogs.thesocialmedia.com\/leblogmoto\/2008\/01\/25\/les-fantastique\/","twitter_card":"summary_large_image","twitter_title":"Luigi Colani. (Bient\u00f4t) 80 ans. Designer. - leblogmoto.com","twitter_description":"Luigi Colani&#8230; ce nom vous dit quelque chose ? Le designer allemand d&rsquo;origine italienne et polonaise a pourtant travers\u00e9 son \u00e9poque et notamment model\u00e9 certains de ses objets. Et surtout, le jovial octog\u00e9naire qu&rsquo;il deviendra en ao\u00fbt prochain, ne s&rsquo;est pas content\u00e9 uniquement de ses talents en conception et dessin, comme ses confr\u00e8res, puisqu&rsquo;il a [&hellip;]","twitter_image":"http:\/\/www.leblogmoto.com\/images\/2008\/01\/24\/2201colani7_2.jpg","twitter_misc":{"\u00c9crit par":"benoit rieu","Dur\u00e9e de lecture estim\u00e9e":"3 minutes"},"schema":{"@context":"https:\/\/schema.org","@graph":[{"@type":"WebPage","@id":"https:\/\/blogs.thesocialmedia.com\/leblogmoto\/2008\/01\/25\/les-fantastique\/","url":"https:\/\/blogs.thesocialmedia.com\/leblogmoto\/2008\/01\/25\/les-fantastique\/","name":"Luigi Colani. (Bient\u00f4t) 80 ans. Designer. - leblogmoto.com","isPartOf":{"@id":"https:\/\/blogs.thesocialmedia.com\/leblogmoto\/#website"},"primaryImageOfPage":{"@id":"https:\/\/blogs.thesocialmedia.com\/leblogmoto\/2008\/01\/25\/les-fantastique\/#primaryimage"},"image":{"@id":"https:\/\/blogs.thesocialmedia.com\/leblogmoto\/2008\/01\/25\/les-fantastique\/#primaryimage"},"thumbnailUrl":"http:\/\/www.leblogmoto.com\/images\/2008\/01\/24\/2201colani7_2.jpg","datePublished":"2008-01-25T07:08:07+00:00","dateModified":"2012-07-11T15:17:32+00:00","author":{"@id":"https:\/\/blogs.thesocialmedia.com\/leblogmoto\/#\/schema\/person\/18bfe773e5725ed6d24f743da805362a"},"breadcrumb":{"@id":"https:\/\/blogs.thesocialmedia.com\/leblogmoto\/2008\/01\/25\/les-fantastique\/#breadcrumb"},"inLanguage":"fr-FR","potentialAction":[{"@type":"ReadAction","target":["https:\/\/blogs.thesocialmedia.com\/leblogmoto\/2008\/01\/25\/les-fantastique\/"]}]},{"@type":"ImageObject","inLanguage":"fr-FR","@id":"https:\/\/blogs.thesocialmedia.com\/leblogmoto\/2008\/01\/25\/les-fantastique\/#primaryimage","url":"http:\/\/www.leblogmoto.com\/images\/2008\/01\/24\/2201colani7_2.jpg","contentUrl":"http:\/\/www.leblogmoto.com\/images\/2008\/01\/24\/2201colani7_2.jpg"},{"@type":"BreadcrumbList","@id":"https:\/\/blogs.thesocialmedia.com\/leblogmoto\/2008\/01\/25\/les-fantastique\/#breadcrumb","itemListElement":[{"@type":"ListItem","position":1,"name":"Accueil","item":"https:\/\/blogs.thesocialmedia.com\/leblogmoto\/"},{"@type":"ListItem","position":2,"name":"Luigi Colani. (Bient\u00f4t) 80 ans. Designer."}]},{"@type":"WebSite","@id":"https:\/\/blogs.thesocialmedia.com\/leblogmoto\/#website","url":"https:\/\/blogs.thesocialmedia.com\/leblogmoto\/","name":"leblogmoto","description":"Toute l&#039;actualit\u00e9 des 2 roues","potentialAction":[{"@type":"SearchAction","target":{"@type":"EntryPoint","urlTemplate":"https:\/\/blogs.thesocialmedia.com\/leblogmoto\/?s={search_term_string}"},"query-input":{"@type":"PropertyValueSpecification","valueRequired":true,"valueName":"search_term_string"}}],"inLanguage":"fr-FR"},{"@type":"Person","@id":"https:\/\/blogs.thesocialmedia.com\/leblogmoto\/#\/schema\/person\/18bfe773e5725ed6d24f743da805362a","name":"benoit rieu","image":{"@type":"ImageObject","inLanguage":"fr-FR","@id":"https:\/\/blogs.thesocialmedia.com\/leblogmoto\/#\/schema\/person\/image\/","url":"https:\/\/secure.gravatar.com\/avatar\/?s=96&d=mm&r=g","contentUrl":"https:\/\/secure.gravatar.com\/avatar\/?s=96&d=mm&r=g","caption":"benoit rieu"},"url":"https:\/\/blogs.thesocialmedia.com\/leblogmoto\/author\/benoit-rieu\/"}]}},"_links":{"self":[{"href":"https:\/\/blogs.thesocialmedia.com\/leblogmoto\/wp-json\/wp\/v2\/posts\/940","targetHints":{"allow":["GET"]}}],"collection":[{"href":"https:\/\/blogs.thesocialmedia.com\/leblogmoto\/wp-json\/wp\/v2\/posts"}],"about":[{"href":"https:\/\/blogs.thesocialmedia.com\/leblogmoto\/wp-json\/wp\/v2\/types\/post"}],"author":[{"embeddable":true,"href":"https:\/\/blogs.thesocialmedia.com\/leblogmoto\/wp-json\/wp\/v2\/users\/324"}],"replies":[{"embeddable":true,"href":"https:\/\/blogs.thesocialmedia.com\/leblogmoto\/wp-json\/wp\/v2\/comments?post=940"}],"version-history":[{"count":2,"href":"https:\/\/blogs.thesocialmedia.com\/leblogmoto\/wp-json\/wp\/v2\/posts\/940\/revisions"}],"predecessor-version":[{"id":9797,"href":"https:\/\/blogs.thesocialmedia.com\/leblogmoto\/wp-json\/wp\/v2\/posts\/940\/revisions\/9797"}],"wp:attachment":[{"href":"https:\/\/blogs.thesocialmedia.com\/leblogmoto\/wp-json\/wp\/v2\/media?parent=940"}],"wp:term":[{"taxonomy":"category","embeddable":true,"href":"https:\/\/blogs.thesocialmedia.com\/leblogmoto\/wp-json\/wp\/v2\/categories?post=940"},{"taxonomy":"post_tag","embeddable":true,"href":"https:\/\/blogs.thesocialmedia.com\/leblogmoto\/wp-json\/wp\/v2\/tags?post=940"}],"curies":[{"name":"wp","href":"https:\/\/api.w.org\/{rel}","templated":true}]}}