{"id":942,"date":"2008-01-25T03:24:26","date_gmt":"2008-01-25T03:24:26","guid":{"rendered":"http:\/\/blogs.thesocialmedia.com\/leblogmoto\/2008\/01\/25\/album-du-vend-4-5\/"},"modified":"2012-07-11T15:16:58","modified_gmt":"2012-07-11T15:16:58","slug":"album-du-vend-4-5","status":"publish","type":"post","link":"https:\/\/blogs.thesocialmedia.com\/leblogmoto\/2008\/01\/25\/album-du-vend-4-5\/","title":{"rendered":"Album du vendredi, Suzuki GSX-R 750"},"content":{"rendered":"<p><a href=\"http:\/\/blogs.thesocialmedia.com\/leblogmoto\/files\/2012\/07\/1985_gsx_r750.jpg\"><img loading=\"lazy\" decoding=\"async\" width=\"470\" height=\"441\"  src=\"http:\/\/www.leblogmoto.com\/images\/2008\/01\/24\/1985_gsx_r750.jpg\" alt=\"1985_gsx_r750\" \/><\/a> <\/p>\n<p>D\u00e8s son introduction en 1985, la Suzuki <a href=\"http:\/\/www.suzuki-moto.com\/pages\/gamme\/modele.php?idmodele=66&amp;id=6\">GSX-R 750<\/a> fit sensation. Elle \u00e9tait ce cha\u00eenon manquant entre le circuit et la route. Un vrai Superbike en habit civil, pour prendre la route comme un pro, mais raisonnablement, ce qui peut \u00eatre difficile avec un engin pareil.<br \/>Et puis avec le temps, elle est devenue la moto de tous les clich\u00e9s, qu&rsquo;importe, puisque c&rsquo;est elle qui les a invent\u00e9s. N&#8217;emp\u00eache, la sportive ne pourra s&#8217;emp\u00eacher de prendre un peu de poids au cours des ann\u00e9es 90, pour se remettre au r\u00e9gime minceur en avan\u00e7ant dans le nouveau si\u00e8cle.<br \/>23 ans plus tard, d\u00e9j\u00e0, cette GSX-R n&rsquo;a pas pris une ride, r\u00e9ussissant m\u00eame \u00e0 se r\u00e9inventer, ce qui, \u00e9tant plut\u00f4t seule dans sa cat\u00e9gorie maintenant, n&rsquo;est pas une mince affaire. Il suffit de regarder le pedigree des autres membres de sa famille pour \u00eatre rassurer sur la qualit\u00e9 des g\u00e8nes.<br \/>On a d\u00e9j\u00e0 h\u00e2te de voir ce qu&rsquo;ils vont nous sortir pour le 25e anniversaire.<\/p>\n<p>Fonds d&rsquo;\u00e9cran de toutes les 750, de 1985 \u00e0 2004, <a href=\"http:\/\/www.suzuki-motorcycles.ch\/gsx-r20\/sites\/1985-2004.html\">ici<\/a>.<\/p>\n<p><em><a href=\"http:\/\/clabedan.typepad.com\/.shared\/image.html?\/photos\/uncategorized\/2008\/01\/24\/1988_gsx_r750.jpg\"><img loading=\"lazy\" decoding=\"async\" width=\"470\" height=\"315\"  src=\"http:\/\/www.leblogmoto.com\/images\/2008\/01\/24\/1988_gsx_r750.jpg\" alt=\"1988_gsx_r750\" \/><\/a> <br \/>1988 GSX-R 750<\/p>\n<p><\/em><em><a href=\"http:\/\/blogs.thesocialmedia.com\/leblogmoto\/files\/2012\/07\/1990_gsx_r750.jpg\"><img loading=\"lazy\" decoding=\"async\" width=\"470\" height=\"321\"  src=\"http:\/\/www.leblogmoto.com\/images\/2008\/01\/24\/1990_gsx_r750.jpg\" alt=\"1990_gsx_r750\" \/><\/a> <br \/>1990 GSX-R 750<\/p>\n<p><\/em><em><a href=\"http:\/\/blogs.thesocialmedia.com\/leblogmoto\/files\/2012\/07\/1992_gsx_r750.jpg\"><img loading=\"lazy\" decoding=\"async\" width=\"470\" height=\"322\"  src=\"http:\/\/www.leblogmoto.com\/images\/2008\/01\/24\/1992_gsx_r750.jpg\" alt=\"1992_gsx_r750\" \/><\/a> <br \/>1992 GSX-R 750<\/p>\n<p><\/em><em><a href=\"http:\/\/blogs.thesocialmedia.com\/leblogmoto\/files\/2012\/07\/1994_gsx_r750.jpg\"><img loading=\"lazy\" decoding=\"async\" width=\"470\" height=\"325\"  src=\"http:\/\/www.leblogmoto.com\/images\/2008\/01\/24\/1994_gsx_r750.jpg\" alt=\"1994_gsx_r750\" \/><\/a> <br \/>1994 GSX-R 750<\/p>\n<p><\/em><em><a href=\"http:\/\/blogs.thesocialmedia.com\/leblogmoto\/files\/2012\/07\/1996_gsx_r750.jpg\"><img loading=\"lazy\" decoding=\"async\" width=\"470\" height=\"335\"  src=\"http:\/\/www.leblogmoto.com\/images\/2008\/01\/24\/1996_gsx_r750.jpg\" alt=\"1996_gsx_r750\" \/><\/a> <br \/>1996 GSX-R 750<\/p>\n<p><\/em><em><a href=\"http:\/\/blogs.thesocialmedia.com\/leblogmoto\/files\/2012\/07\/1998_gsx_r750.jpg\"><img loading=\"lazy\" decoding=\"async\" width=\"470\" height=\"336\"  src=\"http:\/\/www.leblogmoto.com\/images\/2008\/01\/24\/1998_gsx_r750.jpg\" alt=\"1998_gsx_r750\" \/><\/a> <br \/>1998 GSX-R 750<\/p>\n<p><\/em><em><a href=\"http:\/\/blogs.thesocialmedia.com\/leblogmoto\/files\/2012\/07\/2000_gsx_r750.jpg\"><img loading=\"lazy\" decoding=\"async\" width=\"470\" height=\"336\"  src=\"http:\/\/www.leblogmoto.com\/images\/2008\/01\/24\/2000_gsx_r750.jpg\" alt=\"2000_gsx_r750\" \/><\/a> <br \/>2000 GSX-R 750<\/p>\n<p><\/em><em><a href=\"http:\/\/blogs.thesocialmedia.com\/leblogmoto\/files\/2012\/07\/2002_gsx_r750.jpg\"><img loading=\"lazy\" decoding=\"async\" width=\"470\" height=\"341\"  src=\"http:\/\/www.leblogmoto.com\/images\/2008\/01\/24\/2002_gsx_r750.jpg\" alt=\"2002_gsx_r750\" \/><\/a> <br \/>2002 GSX-R 750<\/p>\n<p><\/em><em><a href=\"http:\/\/blogs.thesocialmedia.com\/leblogmoto\/files\/2012\/07\/2004_gsx_r750.jpg\"><img loading=\"lazy\" decoding=\"async\" width=\"470\" height=\"321\"  src=\"http:\/\/www.leblogmoto.com\/images\/2008\/01\/24\/2004_gsx_r750.jpg\" alt=\"2004_gsx_r750\" \/><\/a> <br \/>2004 GSX-R 750<\/p>\n<p><\/em><em><a href=\"http:\/\/blogs.thesocialmedia.com\/leblogmoto\/files\/2012\/07\/2005_20_gsx_r750_204344.jpg\"><img loading=\"lazy\" decoding=\"async\" width=\"470\" height=\"274\"  src=\"http:\/\/www.leblogmoto.com\/images\/2008\/01\/24\/2005_20_gsx_r750_204344.jpg\" alt=\"2005_20_gsx_r750_204344\" \/><\/a> <br \/>2005 GSX-R 750, sp\u00e9cial 20e<\/em><br \/><em><br \/><\/em><em><a href=\"http:\/\/blogs.thesocialmedia.com\/leblogmoto\/files\/2012\/07\/2006_gsxr_750_201442.jpg\"><img loading=\"lazy\" decoding=\"async\" width=\"470\" height=\"346\"  src=\"http:\/\/www.leblogmoto.com\/images\/2008\/01\/24\/2006_gsxr_750_201442.jpg\" alt=\"2006_gsxr_750_201442\" \/><\/a> <br \/>2006 GSX-R 750<\/p>\n<p><\/em><em><a href=\"http:\/\/clabedan.typepad.com\/.shared\/image.html?\/photos\/uncategorized\/2008\/01\/24\/2008_gsxr750.jpeg\"><img loading=\"lazy\" decoding=\"async\" width=\"470\" height=\"331\"  src=\"http:\/\/www.leblogmoto.com\/images\/2008\/01\/24\/2008_gsxr750.jpeg\" alt=\"2008_gsxr750\" \/><\/a> <br \/>2008 GSX-R 750<\/em><br \/><em>&nbsp;<\/em><\/p>\n","protected":false},"excerpt":{"rendered":"<p>D\u00e8s son introduction en 1985, la Suzuki GSX-R 750 fit sensation. Elle \u00e9tait ce cha\u00eenon manquant entre le circuit et la route. Un vrai Superbike en habit civil, pour prendre la route comme un pro, mais raisonnablement, ce qui peut \u00eatre difficile avec un engin pareil.Et puis avec le temps, elle est devenue la moto [&hellip;]<\/p>\n","protected":false},"author":325,"featured_media":0,"comment_status":"open","ping_status":"open","sticky":false,"template":"","format":"standard","meta":{"footnotes":""},"categories":[9,46,51],"tags":[],"class_list":["post-942","post","type-post","status-publish","format-standard","hentry","category-historique","category-superbike","category-suzuki"],"yoast_head":"<!-- This site is optimized with the Yoast SEO plugin v26.0 - https:\/\/yoast.com\/wordpress\/plugins\/seo\/ -->\n<title>Album du vendredi, Suzuki GSX-R 750 - leblogmoto.com<\/title>\n<meta name=\"robots\" content=\"index, follow, max-snippet:-1, max-image-preview:large, max-video-preview:-1\" \/>\n<link rel=\"canonical\" href=\"https:\/\/blogs.thesocialmedia.com\/leblogmoto\/2008\/01\/25\/album-du-vend-4-5\/\" \/>\n<meta name=\"twitter:card\" content=\"summary_large_image\" \/>\n<meta name=\"twitter:title\" content=\"Album du vendredi, Suzuki GSX-R 750 - leblogmoto.com\" \/>\n<meta name=\"twitter:description\" content=\"D\u00e8s son introduction en 1985, la Suzuki GSX-R 750 fit sensation. Elle \u00e9tait ce cha\u00eenon manquant entre le circuit et la route. Un vrai Superbike en habit civil, pour prendre la route comme un pro, mais raisonnablement, ce qui peut \u00eatre difficile avec un engin pareil.Et puis avec le temps, elle est devenue la moto [&hellip;]\" \/>\n<meta name=\"twitter:image\" content=\"http:\/\/www.leblogmoto.com\/images\/2008\/01\/24\/1985_gsx_r750.jpg\" \/>\n<meta name=\"twitter:label1\" content=\"\u00c9crit par\" \/>\n\t<meta name=\"twitter:data1\" content=\"jacques lesage\" \/>\n\t<meta name=\"twitter:label2\" content=\"Dur\u00e9e de lecture estim\u00e9e\" \/>\n\t<meta name=\"twitter:data2\" content=\"1 minute\" \/>\n<script type=\"application\/ld+json\" class=\"yoast-schema-graph\">{\"@context\":\"https:\/\/schema.org\",\"@graph\":[{\"@type\":\"WebPage\",\"@id\":\"https:\/\/blogs.thesocialmedia.com\/leblogmoto\/2008\/01\/25\/album-du-vend-4-5\/\",\"url\":\"https:\/\/blogs.thesocialmedia.com\/leblogmoto\/2008\/01\/25\/album-du-vend-4-5\/\",\"name\":\"Album du vendredi, Suzuki GSX-R 750 - leblogmoto.com\",\"isPartOf\":{\"@id\":\"https:\/\/blogs.thesocialmedia.com\/leblogmoto\/#website\"},\"primaryImageOfPage\":{\"@id\":\"https:\/\/blogs.thesocialmedia.com\/leblogmoto\/2008\/01\/25\/album-du-vend-4-5\/#primaryimage\"},\"image\":{\"@id\":\"https:\/\/blogs.thesocialmedia.com\/leblogmoto\/2008\/01\/25\/album-du-vend-4-5\/#primaryimage\"},\"thumbnailUrl\":\"http:\/\/www.leblogmoto.com\/images\/2008\/01\/24\/1985_gsx_r750.jpg\",\"datePublished\":\"2008-01-25T03:24:26+00:00\",\"dateModified\":\"2012-07-11T15:16:58+00:00\",\"author\":{\"@id\":\"https:\/\/blogs.thesocialmedia.com\/leblogmoto\/#\/schema\/person\/e82a0ca8a9a63d031586097a3ed58526\"},\"breadcrumb\":{\"@id\":\"https:\/\/blogs.thesocialmedia.com\/leblogmoto\/2008\/01\/25\/album-du-vend-4-5\/#breadcrumb\"},\"inLanguage\":\"fr-FR\",\"potentialAction\":[{\"@type\":\"ReadAction\",\"target\":[\"https:\/\/blogs.thesocialmedia.com\/leblogmoto\/2008\/01\/25\/album-du-vend-4-5\/\"]}]},{\"@type\":\"ImageObject\",\"inLanguage\":\"fr-FR\",\"@id\":\"https:\/\/blogs.thesocialmedia.com\/leblogmoto\/2008\/01\/25\/album-du-vend-4-5\/#primaryimage\",\"url\":\"http:\/\/www.leblogmoto.com\/images\/2008\/01\/24\/1985_gsx_r750.jpg\",\"contentUrl\":\"http:\/\/www.leblogmoto.com\/images\/2008\/01\/24\/1985_gsx_r750.jpg\"},{\"@type\":\"BreadcrumbList\",\"@id\":\"https:\/\/blogs.thesocialmedia.com\/leblogmoto\/2008\/01\/25\/album-du-vend-4-5\/#breadcrumb\",\"itemListElement\":[{\"@type\":\"ListItem\",\"position\":1,\"name\":\"Accueil\",\"item\":\"https:\/\/blogs.thesocialmedia.com\/leblogmoto\/\"},{\"@type\":\"ListItem\",\"position\":2,\"name\":\"Album du vendredi, Suzuki GSX-R 750\"}]},{\"@type\":\"WebSite\",\"@id\":\"https:\/\/blogs.thesocialmedia.com\/leblogmoto\/#website\",\"url\":\"https:\/\/blogs.thesocialmedia.com\/leblogmoto\/\",\"name\":\"leblogmoto\",\"description\":\"Toute l&#039;actualit\u00e9 des 2 roues\",\"potentialAction\":[{\"@type\":\"SearchAction\",\"target\":{\"@type\":\"EntryPoint\",\"urlTemplate\":\"https:\/\/blogs.thesocialmedia.com\/leblogmoto\/?s={search_term_string}\"},\"query-input\":{\"@type\":\"PropertyValueSpecification\",\"valueRequired\":true,\"valueName\":\"search_term_string\"}}],\"inLanguage\":\"fr-FR\"},{\"@type\":\"Person\",\"@id\":\"https:\/\/blogs.thesocialmedia.com\/leblogmoto\/#\/schema\/person\/e82a0ca8a9a63d031586097a3ed58526\",\"name\":\"jacques lesage\",\"image\":{\"@type\":\"ImageObject\",\"inLanguage\":\"fr-FR\",\"@id\":\"https:\/\/blogs.thesocialmedia.com\/leblogmoto\/#\/schema\/person\/image\/\",\"url\":\"https:\/\/secure.gravatar.com\/avatar\/?s=96&d=mm&r=g\",\"contentUrl\":\"https:\/\/secure.gravatar.com\/avatar\/?s=96&d=mm&r=g\",\"caption\":\"jacques lesage\"},\"url\":\"https:\/\/blogs.thesocialmedia.com\/leblogmoto\/author\/jacques-lesage\/\"}]}<\/script>\n<!-- \/ Yoast SEO plugin. -->","yoast_head_json":{"title":"Album du vendredi, Suzuki GSX-R 750 - leblogmoto.com","robots":{"index":"index","follow":"follow","max-snippet":"max-snippet:-1","max-image-preview":"max-image-preview:large","max-video-preview":"max-video-preview:-1"},"canonical":"https:\/\/blogs.thesocialmedia.com\/leblogmoto\/2008\/01\/25\/album-du-vend-4-5\/","twitter_card":"summary_large_image","twitter_title":"Album du vendredi, Suzuki GSX-R 750 - leblogmoto.com","twitter_description":"D\u00e8s son introduction en 1985, la Suzuki GSX-R 750 fit sensation. Elle \u00e9tait ce cha\u00eenon manquant entre le circuit et la route. Un vrai Superbike en habit civil, pour prendre la route comme un pro, mais raisonnablement, ce qui peut \u00eatre difficile avec un engin pareil.Et puis avec le temps, elle est devenue la moto [&hellip;]","twitter_image":"http:\/\/www.leblogmoto.com\/images\/2008\/01\/24\/1985_gsx_r750.jpg","twitter_misc":{"\u00c9crit par":"jacques lesage","Dur\u00e9e de lecture estim\u00e9e":"1 minute"},"schema":{"@context":"https:\/\/schema.org","@graph":[{"@type":"WebPage","@id":"https:\/\/blogs.thesocialmedia.com\/leblogmoto\/2008\/01\/25\/album-du-vend-4-5\/","url":"https:\/\/blogs.thesocialmedia.com\/leblogmoto\/2008\/01\/25\/album-du-vend-4-5\/","name":"Album du vendredi, Suzuki GSX-R 750 - leblogmoto.com","isPartOf":{"@id":"https:\/\/blogs.thesocialmedia.com\/leblogmoto\/#website"},"primaryImageOfPage":{"@id":"https:\/\/blogs.thesocialmedia.com\/leblogmoto\/2008\/01\/25\/album-du-vend-4-5\/#primaryimage"},"image":{"@id":"https:\/\/blogs.thesocialmedia.com\/leblogmoto\/2008\/01\/25\/album-du-vend-4-5\/#primaryimage"},"thumbnailUrl":"http:\/\/www.leblogmoto.com\/images\/2008\/01\/24\/1985_gsx_r750.jpg","datePublished":"2008-01-25T03:24:26+00:00","dateModified":"2012-07-11T15:16:58+00:00","author":{"@id":"https:\/\/blogs.thesocialmedia.com\/leblogmoto\/#\/schema\/person\/e82a0ca8a9a63d031586097a3ed58526"},"breadcrumb":{"@id":"https:\/\/blogs.thesocialmedia.com\/leblogmoto\/2008\/01\/25\/album-du-vend-4-5\/#breadcrumb"},"inLanguage":"fr-FR","potentialAction":[{"@type":"ReadAction","target":["https:\/\/blogs.thesocialmedia.com\/leblogmoto\/2008\/01\/25\/album-du-vend-4-5\/"]}]},{"@type":"ImageObject","inLanguage":"fr-FR","@id":"https:\/\/blogs.thesocialmedia.com\/leblogmoto\/2008\/01\/25\/album-du-vend-4-5\/#primaryimage","url":"http:\/\/www.leblogmoto.com\/images\/2008\/01\/24\/1985_gsx_r750.jpg","contentUrl":"http:\/\/www.leblogmoto.com\/images\/2008\/01\/24\/1985_gsx_r750.jpg"},{"@type":"BreadcrumbList","@id":"https:\/\/blogs.thesocialmedia.com\/leblogmoto\/2008\/01\/25\/album-du-vend-4-5\/#breadcrumb","itemListElement":[{"@type":"ListItem","position":1,"name":"Accueil","item":"https:\/\/blogs.thesocialmedia.com\/leblogmoto\/"},{"@type":"ListItem","position":2,"name":"Album du vendredi, Suzuki GSX-R 750"}]},{"@type":"WebSite","@id":"https:\/\/blogs.thesocialmedia.com\/leblogmoto\/#website","url":"https:\/\/blogs.thesocialmedia.com\/leblogmoto\/","name":"leblogmoto","description":"Toute l&#039;actualit\u00e9 des 2 roues","potentialAction":[{"@type":"SearchAction","target":{"@type":"EntryPoint","urlTemplate":"https:\/\/blogs.thesocialmedia.com\/leblogmoto\/?s={search_term_string}"},"query-input":{"@type":"PropertyValueSpecification","valueRequired":true,"valueName":"search_term_string"}}],"inLanguage":"fr-FR"},{"@type":"Person","@id":"https:\/\/blogs.thesocialmedia.com\/leblogmoto\/#\/schema\/person\/e82a0ca8a9a63d031586097a3ed58526","name":"jacques lesage","image":{"@type":"ImageObject","inLanguage":"fr-FR","@id":"https:\/\/blogs.thesocialmedia.com\/leblogmoto\/#\/schema\/person\/image\/","url":"https:\/\/secure.gravatar.com\/avatar\/?s=96&d=mm&r=g","contentUrl":"https:\/\/secure.gravatar.com\/avatar\/?s=96&d=mm&r=g","caption":"jacques lesage"},"url":"https:\/\/blogs.thesocialmedia.com\/leblogmoto\/author\/jacques-lesage\/"}]}},"_links":{"self":[{"href":"https:\/\/blogs.thesocialmedia.com\/leblogmoto\/wp-json\/wp\/v2\/posts\/942","targetHints":{"allow":["GET"]}}],"collection":[{"href":"https:\/\/blogs.thesocialmedia.com\/leblogmoto\/wp-json\/wp\/v2\/posts"}],"about":[{"href":"https:\/\/blogs.thesocialmedia.com\/leblogmoto\/wp-json\/wp\/v2\/types\/post"}],"author":[{"embeddable":true,"href":"https:\/\/blogs.thesocialmedia.com\/leblogmoto\/wp-json\/wp\/v2\/users\/325"}],"replies":[{"embeddable":true,"href":"https:\/\/blogs.thesocialmedia.com\/leblogmoto\/wp-json\/wp\/v2\/comments?post=942"}],"version-history":[{"count":2,"href":"https:\/\/blogs.thesocialmedia.com\/leblogmoto\/wp-json\/wp\/v2\/posts\/942\/revisions"}],"predecessor-version":[{"id":9778,"href":"https:\/\/blogs.thesocialmedia.com\/leblogmoto\/wp-json\/wp\/v2\/posts\/942\/revisions\/9778"}],"wp:attachment":[{"href":"https:\/\/blogs.thesocialmedia.com\/leblogmoto\/wp-json\/wp\/v2\/media?parent=942"}],"wp:term":[{"taxonomy":"category","embeddable":true,"href":"https:\/\/blogs.thesocialmedia.com\/leblogmoto\/wp-json\/wp\/v2\/categories?post=942"},{"taxonomy":"post_tag","embeddable":true,"href":"https:\/\/blogs.thesocialmedia.com\/leblogmoto\/wp-json\/wp\/v2\/tags?post=942"}],"curies":[{"name":"wp","href":"https:\/\/api.w.org\/{rel}","templated":true}]}}