{"id":943,"date":"2008-01-24T21:48:44","date_gmt":"2008-01-24T21:48:44","guid":{"rendered":"http:\/\/blogs.thesocialmedia.com\/leblogmoto\/2008\/01\/24\/les-casques-b-1\/"},"modified":"2012-07-11T15:16:02","modified_gmt":"2012-07-11T15:16:02","slug":"les-casques-b-1","status":"publish","type":"post","link":"https:\/\/blogs.thesocialmedia.com\/leblogmoto\/2008\/01\/24\/les-casques-b-1\/","title":{"rendered":"Les casques Bandit n&rsquo;ont pas besoin d&rsquo;\u00eatre d\u00e9cor\u00e9s&#8230;"},"content":{"rendered":"<p><a href=\"http:\/\/blogs.thesocialmedia.com\/leblogmoto\/files\/2012\/07\/moto_casques_banditalieniihelmets.jpg\"><img loading=\"lazy\" decoding=\"async\" width=\"470\" height=\"503\"  alt=\"Moto_casques_banditalieniihelmets\" src=\"http:\/\/www.leblogmoto.com\/images\/2008\/01\/24\/moto_casques_banditalieniihelmets.jpg\" \/><\/a> <\/p>\n<p>&#8230;pour avoir une sacr\u00e9e &quot;gueule&quot;. O\u00f9 l&rsquo;on revient sur les casques de la marque allemande <a href=\"http:\/\/www.bandithelmets.com\/\">Bandit<\/a> qui nous avaient indirectement amen\u00e9s vers le travail \u00e0 l&rsquo;a\u00e9rographe du Su\u00e9dois <a href=\"http:\/\/www.leblogmoto.com\/2008\/01\/les-casques-fou.html\">Robert Forsgren<\/a>. Je l&rsquo;avoue, la ressemblance avec des casques fa\u00e7on Galactica\/Star Wars, ou des formes cr\u00e2niennes (voir photos dans la suite), on ne sait trop, rend l&rsquo;ensemble assez sp\u00e9cial. Mais cela me permet de vous pr\u00e9senter l&rsquo;une de leurs derni\u00e8res cr\u00e9ations (ou cr\u00e9atures ?), le Alien II (ci-dessus).<\/p>\n<p><a href=\"http:\/\/clabedan.typepad.com\/.shared\/image.html?\/photos\/uncategorized\/2008\/01\/24\/moto_casques_bandit_1.jpg\"><img loading=\"lazy\" decoding=\"async\" width=\"235\" height=\"248\"  alt=\"Moto_casques_bandit_1\" src=\"http:\/\/www.leblogmoto.com\/images\/2008\/01\/24\/moto_casques_bandit_1.jpg\" style=\"margin: 0px 5px 5px 0px;float: left\" \/><\/a> <a href=\"http:\/\/blogs.thesocialmedia.com\/leblogmoto\/files\/2012\/07\/moto_casques_bandit_2.jpg\"><img loading=\"lazy\" decoding=\"async\" width=\"235\" height=\"256\"  alt=\"Moto_casques_bandit_2\" src=\"http:\/\/www.leblogmoto.com\/images\/2008\/01\/24\/moto_casques_bandit_2.jpg\" \/><\/a> <\/p>\n<p>La coque de l&rsquo;Alien II, le bien-nomm\u00e9, est en fibre de verre, l&rsquo;int\u00e9rieur en Coolmax (mati\u00e8re respirante de l&rsquo;am\u00e9ricain DuPont) et est enti\u00e8rement d\u00e9montable et lavable, le tout pour un poids de 1300 grammes et il est vendu pour pr\u00e8s de 300 \u20ac sur le site de la marque.<\/p>\n<p>Sur les photos ci-dessus sont repr\u00e9sent\u00e9s de haut en bas: le Bandit Fighter (\u00e0 partir de 179 \u20ac) et le Bandit Street (198 \u20ac). Le Bandit G3 ci-dessous est disponible pour 149 \u20ac.<\/p>\n<p><em><a href=\"http:\/\/blogs.thesocialmedia.com\/leblogmoto\/files\/2012\/07\/moto_casques_bandit_g3_149_2.jpg\"><img loading=\"lazy\" decoding=\"async\" width=\"235\" height=\"261\"  alt=\"Moto_casques_bandit_g3_149_2\" src=\"http:\/\/www.leblogmoto.com\/images\/2008\/01\/24\/moto_casques_bandit_g3_149_2.jpg\" \/><\/a> <br \/><\/em><\/p>\n<p><em>cr\u00e9dit photos: photos du fabricant-constructeur.<\/em><\/p>\n","protected":false},"excerpt":{"rendered":"<p>&#8230;pour avoir une sacr\u00e9e &quot;gueule&quot;. O\u00f9 l&rsquo;on revient sur les casques de la marque allemande Bandit qui nous avaient indirectement amen\u00e9s vers le travail \u00e0 l&rsquo;a\u00e9rographe du Su\u00e9dois Robert Forsgren. Je l&rsquo;avoue, la ressemblance avec des casques fa\u00e7on Galactica\/Star Wars, ou des formes cr\u00e2niennes (voir photos dans la suite), on ne sait trop, rend l&rsquo;ensemble [&hellip;]<\/p>\n","protected":false},"author":324,"featured_media":0,"comment_status":"open","ping_status":"open","sticky":false,"template":"","format":"standard","meta":{"footnotes":""},"categories":[8,27],"tags":[],"class_list":["post-943","post","type-post","status-publish","format-standard","hentry","category-chaines-et-cuirs","category-securite"],"yoast_head":"<!-- This site is optimized with the Yoast SEO plugin v26.0 - https:\/\/yoast.com\/wordpress\/plugins\/seo\/ -->\n<title>Les casques Bandit n&#039;ont pas besoin d&#039;\u00eatre d\u00e9cor\u00e9s... - leblogmoto.com<\/title>\n<meta name=\"robots\" content=\"index, follow, max-snippet:-1, max-image-preview:large, max-video-preview:-1\" \/>\n<link rel=\"canonical\" href=\"https:\/\/blogs.thesocialmedia.com\/leblogmoto\/2008\/01\/24\/les-casques-b-1\/\" \/>\n<meta name=\"twitter:card\" content=\"summary_large_image\" \/>\n<meta name=\"twitter:title\" content=\"Les casques Bandit n&#039;ont pas besoin d&#039;\u00eatre d\u00e9cor\u00e9s... - leblogmoto.com\" \/>\n<meta name=\"twitter:description\" content=\"&#8230;pour avoir une sacr\u00e9e &quot;gueule&quot;. O\u00f9 l&rsquo;on revient sur les casques de la marque allemande Bandit qui nous avaient indirectement amen\u00e9s vers le travail \u00e0 l&rsquo;a\u00e9rographe du Su\u00e9dois Robert Forsgren. Je l&rsquo;avoue, la ressemblance avec des casques fa\u00e7on Galactica\/Star Wars, ou des formes cr\u00e2niennes (voir photos dans la suite), on ne sait trop, rend l&rsquo;ensemble [&hellip;]\" \/>\n<meta name=\"twitter:image\" content=\"http:\/\/www.leblogmoto.com\/images\/2008\/01\/24\/moto_casques_banditalieniihelmets.jpg\" \/>\n<meta name=\"twitter:label1\" content=\"\u00c9crit par\" \/>\n\t<meta name=\"twitter:data1\" content=\"benoit rieu\" \/>\n\t<meta name=\"twitter:label2\" content=\"Dur\u00e9e de lecture estim\u00e9e\" \/>\n\t<meta name=\"twitter:data2\" content=\"1 minute\" \/>\n<script type=\"application\/ld+json\" class=\"yoast-schema-graph\">{\"@context\":\"https:\/\/schema.org\",\"@graph\":[{\"@type\":\"WebPage\",\"@id\":\"https:\/\/blogs.thesocialmedia.com\/leblogmoto\/2008\/01\/24\/les-casques-b-1\/\",\"url\":\"https:\/\/blogs.thesocialmedia.com\/leblogmoto\/2008\/01\/24\/les-casques-b-1\/\",\"name\":\"Les casques Bandit n'ont pas besoin d'\u00eatre d\u00e9cor\u00e9s... - leblogmoto.com\",\"isPartOf\":{\"@id\":\"https:\/\/blogs.thesocialmedia.com\/leblogmoto\/#website\"},\"primaryImageOfPage\":{\"@id\":\"https:\/\/blogs.thesocialmedia.com\/leblogmoto\/2008\/01\/24\/les-casques-b-1\/#primaryimage\"},\"image\":{\"@id\":\"https:\/\/blogs.thesocialmedia.com\/leblogmoto\/2008\/01\/24\/les-casques-b-1\/#primaryimage\"},\"thumbnailUrl\":\"http:\/\/www.leblogmoto.com\/images\/2008\/01\/24\/moto_casques_banditalieniihelmets.jpg\",\"datePublished\":\"2008-01-24T21:48:44+00:00\",\"dateModified\":\"2012-07-11T15:16:02+00:00\",\"author\":{\"@id\":\"https:\/\/blogs.thesocialmedia.com\/leblogmoto\/#\/schema\/person\/18bfe773e5725ed6d24f743da805362a\"},\"breadcrumb\":{\"@id\":\"https:\/\/blogs.thesocialmedia.com\/leblogmoto\/2008\/01\/24\/les-casques-b-1\/#breadcrumb\"},\"inLanguage\":\"fr-FR\",\"potentialAction\":[{\"@type\":\"ReadAction\",\"target\":[\"https:\/\/blogs.thesocialmedia.com\/leblogmoto\/2008\/01\/24\/les-casques-b-1\/\"]}]},{\"@type\":\"ImageObject\",\"inLanguage\":\"fr-FR\",\"@id\":\"https:\/\/blogs.thesocialmedia.com\/leblogmoto\/2008\/01\/24\/les-casques-b-1\/#primaryimage\",\"url\":\"http:\/\/www.leblogmoto.com\/images\/2008\/01\/24\/moto_casques_banditalieniihelmets.jpg\",\"contentUrl\":\"http:\/\/www.leblogmoto.com\/images\/2008\/01\/24\/moto_casques_banditalieniihelmets.jpg\"},{\"@type\":\"BreadcrumbList\",\"@id\":\"https:\/\/blogs.thesocialmedia.com\/leblogmoto\/2008\/01\/24\/les-casques-b-1\/#breadcrumb\",\"itemListElement\":[{\"@type\":\"ListItem\",\"position\":1,\"name\":\"Accueil\",\"item\":\"https:\/\/blogs.thesocialmedia.com\/leblogmoto\/\"},{\"@type\":\"ListItem\",\"position\":2,\"name\":\"Les casques Bandit n&rsquo;ont pas besoin d&rsquo;\u00eatre d\u00e9cor\u00e9s&#8230;\"}]},{\"@type\":\"WebSite\",\"@id\":\"https:\/\/blogs.thesocialmedia.com\/leblogmoto\/#website\",\"url\":\"https:\/\/blogs.thesocialmedia.com\/leblogmoto\/\",\"name\":\"leblogmoto\",\"description\":\"Toute l&#039;actualit\u00e9 des 2 roues\",\"potentialAction\":[{\"@type\":\"SearchAction\",\"target\":{\"@type\":\"EntryPoint\",\"urlTemplate\":\"https:\/\/blogs.thesocialmedia.com\/leblogmoto\/?s={search_term_string}\"},\"query-input\":{\"@type\":\"PropertyValueSpecification\",\"valueRequired\":true,\"valueName\":\"search_term_string\"}}],\"inLanguage\":\"fr-FR\"},{\"@type\":\"Person\",\"@id\":\"https:\/\/blogs.thesocialmedia.com\/leblogmoto\/#\/schema\/person\/18bfe773e5725ed6d24f743da805362a\",\"name\":\"benoit rieu\",\"image\":{\"@type\":\"ImageObject\",\"inLanguage\":\"fr-FR\",\"@id\":\"https:\/\/blogs.thesocialmedia.com\/leblogmoto\/#\/schema\/person\/image\/\",\"url\":\"https:\/\/secure.gravatar.com\/avatar\/?s=96&d=mm&r=g\",\"contentUrl\":\"https:\/\/secure.gravatar.com\/avatar\/?s=96&d=mm&r=g\",\"caption\":\"benoit rieu\"},\"url\":\"https:\/\/blogs.thesocialmedia.com\/leblogmoto\/author\/benoit-rieu\/\"}]}<\/script>\n<!-- \/ Yoast SEO plugin. -->","yoast_head_json":{"title":"Les casques Bandit n'ont pas besoin d'\u00eatre d\u00e9cor\u00e9s... - leblogmoto.com","robots":{"index":"index","follow":"follow","max-snippet":"max-snippet:-1","max-image-preview":"max-image-preview:large","max-video-preview":"max-video-preview:-1"},"canonical":"https:\/\/blogs.thesocialmedia.com\/leblogmoto\/2008\/01\/24\/les-casques-b-1\/","twitter_card":"summary_large_image","twitter_title":"Les casques Bandit n'ont pas besoin d'\u00eatre d\u00e9cor\u00e9s... - leblogmoto.com","twitter_description":"&#8230;pour avoir une sacr\u00e9e &quot;gueule&quot;. O\u00f9 l&rsquo;on revient sur les casques de la marque allemande Bandit qui nous avaient indirectement amen\u00e9s vers le travail \u00e0 l&rsquo;a\u00e9rographe du Su\u00e9dois Robert Forsgren. Je l&rsquo;avoue, la ressemblance avec des casques fa\u00e7on Galactica\/Star Wars, ou des formes cr\u00e2niennes (voir photos dans la suite), on ne sait trop, rend l&rsquo;ensemble [&hellip;]","twitter_image":"http:\/\/www.leblogmoto.com\/images\/2008\/01\/24\/moto_casques_banditalieniihelmets.jpg","twitter_misc":{"\u00c9crit par":"benoit rieu","Dur\u00e9e de lecture estim\u00e9e":"1 minute"},"schema":{"@context":"https:\/\/schema.org","@graph":[{"@type":"WebPage","@id":"https:\/\/blogs.thesocialmedia.com\/leblogmoto\/2008\/01\/24\/les-casques-b-1\/","url":"https:\/\/blogs.thesocialmedia.com\/leblogmoto\/2008\/01\/24\/les-casques-b-1\/","name":"Les casques Bandit n'ont pas besoin d'\u00eatre d\u00e9cor\u00e9s... - leblogmoto.com","isPartOf":{"@id":"https:\/\/blogs.thesocialmedia.com\/leblogmoto\/#website"},"primaryImageOfPage":{"@id":"https:\/\/blogs.thesocialmedia.com\/leblogmoto\/2008\/01\/24\/les-casques-b-1\/#primaryimage"},"image":{"@id":"https:\/\/blogs.thesocialmedia.com\/leblogmoto\/2008\/01\/24\/les-casques-b-1\/#primaryimage"},"thumbnailUrl":"http:\/\/www.leblogmoto.com\/images\/2008\/01\/24\/moto_casques_banditalieniihelmets.jpg","datePublished":"2008-01-24T21:48:44+00:00","dateModified":"2012-07-11T15:16:02+00:00","author":{"@id":"https:\/\/blogs.thesocialmedia.com\/leblogmoto\/#\/schema\/person\/18bfe773e5725ed6d24f743da805362a"},"breadcrumb":{"@id":"https:\/\/blogs.thesocialmedia.com\/leblogmoto\/2008\/01\/24\/les-casques-b-1\/#breadcrumb"},"inLanguage":"fr-FR","potentialAction":[{"@type":"ReadAction","target":["https:\/\/blogs.thesocialmedia.com\/leblogmoto\/2008\/01\/24\/les-casques-b-1\/"]}]},{"@type":"ImageObject","inLanguage":"fr-FR","@id":"https:\/\/blogs.thesocialmedia.com\/leblogmoto\/2008\/01\/24\/les-casques-b-1\/#primaryimage","url":"http:\/\/www.leblogmoto.com\/images\/2008\/01\/24\/moto_casques_banditalieniihelmets.jpg","contentUrl":"http:\/\/www.leblogmoto.com\/images\/2008\/01\/24\/moto_casques_banditalieniihelmets.jpg"},{"@type":"BreadcrumbList","@id":"https:\/\/blogs.thesocialmedia.com\/leblogmoto\/2008\/01\/24\/les-casques-b-1\/#breadcrumb","itemListElement":[{"@type":"ListItem","position":1,"name":"Accueil","item":"https:\/\/blogs.thesocialmedia.com\/leblogmoto\/"},{"@type":"ListItem","position":2,"name":"Les casques Bandit n&rsquo;ont pas besoin d&rsquo;\u00eatre d\u00e9cor\u00e9s&#8230;"}]},{"@type":"WebSite","@id":"https:\/\/blogs.thesocialmedia.com\/leblogmoto\/#website","url":"https:\/\/blogs.thesocialmedia.com\/leblogmoto\/","name":"leblogmoto","description":"Toute l&#039;actualit\u00e9 des 2 roues","potentialAction":[{"@type":"SearchAction","target":{"@type":"EntryPoint","urlTemplate":"https:\/\/blogs.thesocialmedia.com\/leblogmoto\/?s={search_term_string}"},"query-input":{"@type":"PropertyValueSpecification","valueRequired":true,"valueName":"search_term_string"}}],"inLanguage":"fr-FR"},{"@type":"Person","@id":"https:\/\/blogs.thesocialmedia.com\/leblogmoto\/#\/schema\/person\/18bfe773e5725ed6d24f743da805362a","name":"benoit rieu","image":{"@type":"ImageObject","inLanguage":"fr-FR","@id":"https:\/\/blogs.thesocialmedia.com\/leblogmoto\/#\/schema\/person\/image\/","url":"https:\/\/secure.gravatar.com\/avatar\/?s=96&d=mm&r=g","contentUrl":"https:\/\/secure.gravatar.com\/avatar\/?s=96&d=mm&r=g","caption":"benoit rieu"},"url":"https:\/\/blogs.thesocialmedia.com\/leblogmoto\/author\/benoit-rieu\/"}]}},"_links":{"self":[{"href":"https:\/\/blogs.thesocialmedia.com\/leblogmoto\/wp-json\/wp\/v2\/posts\/943","targetHints":{"allow":["GET"]}}],"collection":[{"href":"https:\/\/blogs.thesocialmedia.com\/leblogmoto\/wp-json\/wp\/v2\/posts"}],"about":[{"href":"https:\/\/blogs.thesocialmedia.com\/leblogmoto\/wp-json\/wp\/v2\/types\/post"}],"author":[{"embeddable":true,"href":"https:\/\/blogs.thesocialmedia.com\/leblogmoto\/wp-json\/wp\/v2\/users\/324"}],"replies":[{"embeddable":true,"href":"https:\/\/blogs.thesocialmedia.com\/leblogmoto\/wp-json\/wp\/v2\/comments?post=943"}],"version-history":[{"count":2,"href":"https:\/\/blogs.thesocialmedia.com\/leblogmoto\/wp-json\/wp\/v2\/posts\/943\/revisions"}],"predecessor-version":[{"id":9766,"href":"https:\/\/blogs.thesocialmedia.com\/leblogmoto\/wp-json\/wp\/v2\/posts\/943\/revisions\/9766"}],"wp:attachment":[{"href":"https:\/\/blogs.thesocialmedia.com\/leblogmoto\/wp-json\/wp\/v2\/media?parent=943"}],"wp:term":[{"taxonomy":"category","embeddable":true,"href":"https:\/\/blogs.thesocialmedia.com\/leblogmoto\/wp-json\/wp\/v2\/categories?post=943"},{"taxonomy":"post_tag","embeddable":true,"href":"https:\/\/blogs.thesocialmedia.com\/leblogmoto\/wp-json\/wp\/v2\/tags?post=943"}],"curies":[{"name":"wp","href":"https:\/\/api.w.org\/{rel}","templated":true}]}}