{"id":947,"date":"2008-01-23T03:38:51","date_gmt":"2008-01-23T03:38:51","guid":{"rendered":"http:\/\/blogs.thesocialmedia.com\/leblogmoto\/2008\/01\/23\/rossi-tout-cart\/"},"modified":"2012-07-11T15:15:30","modified_gmt":"2012-07-11T15:15:30","slug":"rossi-tout-cart","status":"publish","type":"post","link":"https:\/\/blogs.thesocialmedia.com\/leblogmoto\/2008\/01\/23\/rossi-tout-cart\/","title":{"rendered":"Rossi tout \u00e9cartill\u00e9* \u00e0 Sepang"},"content":{"rendered":"<p><a href=\"http:\/\/blogs.thesocialmedia.com\/leblogmoto\/files\/2012\/07\/danse1.jpg\"><img loading=\"lazy\" decoding=\"async\" width=\"470\" height=\"146\"  alt=\"Danse1\" src=\"http:\/\/www.leblogmoto.com\/images\/2008\/01\/22\/danse1.jpg\" \/><\/a> <\/p>\n<p><a href=\"http:\/\/fr.wikipedia.org\/wiki\/Valentino_Rossi\">Valentino Rossi<\/a> n&rsquo;aura mis que tr\u00e8s peu de temps avant que sa <a href=\"http:\/\/www.yamaha-racing.com\/Racing\/motogp\/\">Yamaha YZR-M1<\/a> ne l&rsquo;envoie valser, litt\u00e9ralement. Une moto toute neuve, quelle honte. Mais, \u00e9videmment, c&rsquo;est la faute aux gommes. Trop agressif avec des pneus froids, Rossi raconte: \u00abQuand l&rsquo;arri\u00e8re s&rsquo;est d\u00e9rob\u00e9, ce fut comme une catapulte. J&rsquo;ai \u00e9t\u00e9 chanceux, car tr\u00e8s relax, alors quand l&rsquo;arri\u00e8re a boug\u00e9, mes mains ne sont pas demeur\u00e9es sur le guidon, j&rsquo;ai juste d\u00e9coll\u00e9\u00bb.<\/p>\n<p>Les tests de <a href=\"http:\/\/www.malaysiangp.com.my\/node\/1\/7\">Sepang<\/a> se poursuivent aujourd&rsquo;hui et demain.<\/p>\n<p>Tous les r\u00e9sultats sur <a href=\"http:\/\/www.motogp.com\/fr\/motogp\/\">Motogp.com<\/a><\/p>\n<p><a href=\"http:\/\/clabedan.typepad.com\/.shared\/image.html?\/photos\/uncategorized\/2008\/01\/22\/danse2.jpg\"><img loading=\"lazy\" decoding=\"async\" width=\"470\" height=\"204\"  alt=\"Danse2\" src=\"http:\/\/www.leblogmoto.com\/images\/2008\/01\/22\/danse2.jpg\" \/><\/a> <\/p>\n<p><a href=\"http:\/\/blogs.thesocialmedia.com\/leblogmoto\/files\/2012\/07\/danse3.jpg\"><img loading=\"lazy\" decoding=\"async\" width=\"470\" height=\"345\"  alt=\"Danse3\" src=\"http:\/\/www.leblogmoto.com\/images\/2008\/01\/22\/danse3.jpg\" \/><\/a> <\/p>\n<p><a href=\"http:\/\/blogs.thesocialmedia.com\/leblogmoto\/files\/2012\/07\/danse4.jpg\"><img loading=\"lazy\" decoding=\"async\" width=\"470\" height=\"378\"  alt=\"Danse4\" src=\"http:\/\/www.leblogmoto.com\/images\/2008\/01\/22\/danse4.jpg\" \/><\/a> <\/p>\n<p><a href=\"http:\/\/blogs.thesocialmedia.com\/leblogmoto\/files\/2012\/07\/danse5.jpg\"><img loading=\"lazy\" decoding=\"async\" width=\"470\" height=\"345\"  alt=\"Danse5\" src=\"http:\/\/www.leblogmoto.com\/images\/2008\/01\/22\/danse5.jpg\" \/><\/a> <\/p>\n<p><a href=\"http:\/\/blogs.thesocialmedia.com\/leblogmoto\/files\/2012\/07\/danse6.jpg\"><img loading=\"lazy\" decoding=\"async\" width=\"470\" height=\"345\"  alt=\"Danse6\" src=\"http:\/\/www.leblogmoto.com\/images\/2008\/01\/22\/danse6.jpg\" \/><\/a> <\/p>\n<p><a href=\"http:\/\/blogs.thesocialmedia.com\/leblogmoto\/files\/2012\/07\/danse7.jpg\"><img loading=\"lazy\" decoding=\"async\" width=\"470\" height=\"313\"  alt=\"Danse7\" src=\"http:\/\/www.leblogmoto.com\/images\/2008\/01\/22\/danse7.jpg\" \/><\/a> <\/p>\n<p><a href=\"http:\/\/blogs.thesocialmedia.com\/leblogmoto\/files\/2012\/07\/danse8.jpg\"><img loading=\"lazy\" decoding=\"async\" width=\"470\" height=\"313\"  alt=\"Danse8\" src=\"http:\/\/www.leblogmoto.com\/images\/2008\/01\/22\/danse8.jpg\" \/><\/a> <\/p>\n<p><a href=\"http:\/\/blogs.thesocialmedia.com\/leblogmoto\/files\/2012\/07\/danse9.jpg\"><img loading=\"lazy\" decoding=\"async\" width=\"470\" height=\"705\"  alt=\"Danse9\" src=\"http:\/\/www.leblogmoto.com\/images\/2008\/01\/22\/danse9.jpg\" \/><\/a> <\/p>\n<p>* <em>Clin d&rsquo;oeil \u00e0 <a href=\"http:\/\/www.fnacmusic.com\/album\/5e4ab62c-706e-4146-81bb-d15b0f822422.aspx\">Robert Charlebois<\/a> <\/em><\/p>\n","protected":false},"excerpt":{"rendered":"<p>Valentino Rossi n&rsquo;aura mis que tr\u00e8s peu de temps avant que sa Yamaha YZR-M1 ne l&rsquo;envoie valser, litt\u00e9ralement. Une moto toute neuve, quelle honte. Mais, \u00e9videmment, c&rsquo;est la faute aux gommes. Trop agressif avec des pneus froids, Rossi raconte: \u00abQuand l&rsquo;arri\u00e8re s&rsquo;est d\u00e9rob\u00e9, ce fut comme une catapulte. J&rsquo;ai \u00e9t\u00e9 chanceux, car tr\u00e8s relax, alors [&hellip;]<\/p>\n","protected":false},"author":325,"featured_media":0,"comment_status":"open","ping_status":"open","sticky":false,"template":"","format":"standard","meta":{"footnotes":""},"categories":[3,37,22,44],"tags":[],"class_list":["post-947","post","type-post","status-publish","format-standard","hentry","category-actualite","category-essais","category-motogp","category-yamaha"],"yoast_head":"<!-- This site is optimized with the Yoast SEO plugin v26.0 - https:\/\/yoast.com\/wordpress\/plugins\/seo\/ -->\n<title>Rossi tout \u00e9cartill\u00e9* \u00e0 Sepang - leblogmoto.com<\/title>\n<meta name=\"robots\" content=\"index, follow, max-snippet:-1, max-image-preview:large, max-video-preview:-1\" \/>\n<link rel=\"canonical\" href=\"https:\/\/blogs.thesocialmedia.com\/leblogmoto\/2008\/01\/23\/rossi-tout-cart\/\" \/>\n<meta name=\"twitter:card\" content=\"summary_large_image\" \/>\n<meta name=\"twitter:title\" content=\"Rossi tout \u00e9cartill\u00e9* \u00e0 Sepang - leblogmoto.com\" \/>\n<meta name=\"twitter:description\" content=\"Valentino Rossi n&rsquo;aura mis que tr\u00e8s peu de temps avant que sa Yamaha YZR-M1 ne l&rsquo;envoie valser, litt\u00e9ralement. Une moto toute neuve, quelle honte. Mais, \u00e9videmment, c&rsquo;est la faute aux gommes. Trop agressif avec des pneus froids, Rossi raconte: \u00abQuand l&rsquo;arri\u00e8re s&rsquo;est d\u00e9rob\u00e9, ce fut comme une catapulte. J&rsquo;ai \u00e9t\u00e9 chanceux, car tr\u00e8s relax, alors [&hellip;]\" \/>\n<meta name=\"twitter:image\" content=\"http:\/\/www.leblogmoto.com\/images\/2008\/01\/22\/danse1.jpg\" \/>\n<meta name=\"twitter:label1\" content=\"\u00c9crit par\" \/>\n\t<meta name=\"twitter:data1\" content=\"jacques lesage\" \/>\n<script type=\"application\/ld+json\" class=\"yoast-schema-graph\">{\"@context\":\"https:\/\/schema.org\",\"@graph\":[{\"@type\":\"WebPage\",\"@id\":\"https:\/\/blogs.thesocialmedia.com\/leblogmoto\/2008\/01\/23\/rossi-tout-cart\/\",\"url\":\"https:\/\/blogs.thesocialmedia.com\/leblogmoto\/2008\/01\/23\/rossi-tout-cart\/\",\"name\":\"Rossi tout \u00e9cartill\u00e9* \u00e0 Sepang - leblogmoto.com\",\"isPartOf\":{\"@id\":\"https:\/\/blogs.thesocialmedia.com\/leblogmoto\/#website\"},\"primaryImageOfPage\":{\"@id\":\"https:\/\/blogs.thesocialmedia.com\/leblogmoto\/2008\/01\/23\/rossi-tout-cart\/#primaryimage\"},\"image\":{\"@id\":\"https:\/\/blogs.thesocialmedia.com\/leblogmoto\/2008\/01\/23\/rossi-tout-cart\/#primaryimage\"},\"thumbnailUrl\":\"http:\/\/www.leblogmoto.com\/images\/2008\/01\/22\/danse1.jpg\",\"datePublished\":\"2008-01-23T03:38:51+00:00\",\"dateModified\":\"2012-07-11T15:15:30+00:00\",\"author\":{\"@id\":\"https:\/\/blogs.thesocialmedia.com\/leblogmoto\/#\/schema\/person\/e82a0ca8a9a63d031586097a3ed58526\"},\"breadcrumb\":{\"@id\":\"https:\/\/blogs.thesocialmedia.com\/leblogmoto\/2008\/01\/23\/rossi-tout-cart\/#breadcrumb\"},\"inLanguage\":\"fr-FR\",\"potentialAction\":[{\"@type\":\"ReadAction\",\"target\":[\"https:\/\/blogs.thesocialmedia.com\/leblogmoto\/2008\/01\/23\/rossi-tout-cart\/\"]}]},{\"@type\":\"ImageObject\",\"inLanguage\":\"fr-FR\",\"@id\":\"https:\/\/blogs.thesocialmedia.com\/leblogmoto\/2008\/01\/23\/rossi-tout-cart\/#primaryimage\",\"url\":\"http:\/\/www.leblogmoto.com\/images\/2008\/01\/22\/danse1.jpg\",\"contentUrl\":\"http:\/\/www.leblogmoto.com\/images\/2008\/01\/22\/danse1.jpg\"},{\"@type\":\"BreadcrumbList\",\"@id\":\"https:\/\/blogs.thesocialmedia.com\/leblogmoto\/2008\/01\/23\/rossi-tout-cart\/#breadcrumb\",\"itemListElement\":[{\"@type\":\"ListItem\",\"position\":1,\"name\":\"Accueil\",\"item\":\"https:\/\/blogs.thesocialmedia.com\/leblogmoto\/\"},{\"@type\":\"ListItem\",\"position\":2,\"name\":\"Rossi tout \u00e9cartill\u00e9* \u00e0 Sepang\"}]},{\"@type\":\"WebSite\",\"@id\":\"https:\/\/blogs.thesocialmedia.com\/leblogmoto\/#website\",\"url\":\"https:\/\/blogs.thesocialmedia.com\/leblogmoto\/\",\"name\":\"leblogmoto\",\"description\":\"Toute l&#039;actualit\u00e9 des 2 roues\",\"potentialAction\":[{\"@type\":\"SearchAction\",\"target\":{\"@type\":\"EntryPoint\",\"urlTemplate\":\"https:\/\/blogs.thesocialmedia.com\/leblogmoto\/?s={search_term_string}\"},\"query-input\":{\"@type\":\"PropertyValueSpecification\",\"valueRequired\":true,\"valueName\":\"search_term_string\"}}],\"inLanguage\":\"fr-FR\"},{\"@type\":\"Person\",\"@id\":\"https:\/\/blogs.thesocialmedia.com\/leblogmoto\/#\/schema\/person\/e82a0ca8a9a63d031586097a3ed58526\",\"name\":\"jacques lesage\",\"image\":{\"@type\":\"ImageObject\",\"inLanguage\":\"fr-FR\",\"@id\":\"https:\/\/blogs.thesocialmedia.com\/leblogmoto\/#\/schema\/person\/image\/\",\"url\":\"https:\/\/secure.gravatar.com\/avatar\/?s=96&d=mm&r=g\",\"contentUrl\":\"https:\/\/secure.gravatar.com\/avatar\/?s=96&d=mm&r=g\",\"caption\":\"jacques lesage\"},\"url\":\"https:\/\/blogs.thesocialmedia.com\/leblogmoto\/author\/jacques-lesage\/\"}]}<\/script>\n<!-- \/ Yoast SEO plugin. -->","yoast_head_json":{"title":"Rossi tout \u00e9cartill\u00e9* \u00e0 Sepang - leblogmoto.com","robots":{"index":"index","follow":"follow","max-snippet":"max-snippet:-1","max-image-preview":"max-image-preview:large","max-video-preview":"max-video-preview:-1"},"canonical":"https:\/\/blogs.thesocialmedia.com\/leblogmoto\/2008\/01\/23\/rossi-tout-cart\/","twitter_card":"summary_large_image","twitter_title":"Rossi tout \u00e9cartill\u00e9* \u00e0 Sepang - leblogmoto.com","twitter_description":"Valentino Rossi n&rsquo;aura mis que tr\u00e8s peu de temps avant que sa Yamaha YZR-M1 ne l&rsquo;envoie valser, litt\u00e9ralement. Une moto toute neuve, quelle honte. Mais, \u00e9videmment, c&rsquo;est la faute aux gommes. Trop agressif avec des pneus froids, Rossi raconte: \u00abQuand l&rsquo;arri\u00e8re s&rsquo;est d\u00e9rob\u00e9, ce fut comme une catapulte. J&rsquo;ai \u00e9t\u00e9 chanceux, car tr\u00e8s relax, alors [&hellip;]","twitter_image":"http:\/\/www.leblogmoto.com\/images\/2008\/01\/22\/danse1.jpg","twitter_misc":{"\u00c9crit par":"jacques lesage"},"schema":{"@context":"https:\/\/schema.org","@graph":[{"@type":"WebPage","@id":"https:\/\/blogs.thesocialmedia.com\/leblogmoto\/2008\/01\/23\/rossi-tout-cart\/","url":"https:\/\/blogs.thesocialmedia.com\/leblogmoto\/2008\/01\/23\/rossi-tout-cart\/","name":"Rossi tout \u00e9cartill\u00e9* \u00e0 Sepang - leblogmoto.com","isPartOf":{"@id":"https:\/\/blogs.thesocialmedia.com\/leblogmoto\/#website"},"primaryImageOfPage":{"@id":"https:\/\/blogs.thesocialmedia.com\/leblogmoto\/2008\/01\/23\/rossi-tout-cart\/#primaryimage"},"image":{"@id":"https:\/\/blogs.thesocialmedia.com\/leblogmoto\/2008\/01\/23\/rossi-tout-cart\/#primaryimage"},"thumbnailUrl":"http:\/\/www.leblogmoto.com\/images\/2008\/01\/22\/danse1.jpg","datePublished":"2008-01-23T03:38:51+00:00","dateModified":"2012-07-11T15:15:30+00:00","author":{"@id":"https:\/\/blogs.thesocialmedia.com\/leblogmoto\/#\/schema\/person\/e82a0ca8a9a63d031586097a3ed58526"},"breadcrumb":{"@id":"https:\/\/blogs.thesocialmedia.com\/leblogmoto\/2008\/01\/23\/rossi-tout-cart\/#breadcrumb"},"inLanguage":"fr-FR","potentialAction":[{"@type":"ReadAction","target":["https:\/\/blogs.thesocialmedia.com\/leblogmoto\/2008\/01\/23\/rossi-tout-cart\/"]}]},{"@type":"ImageObject","inLanguage":"fr-FR","@id":"https:\/\/blogs.thesocialmedia.com\/leblogmoto\/2008\/01\/23\/rossi-tout-cart\/#primaryimage","url":"http:\/\/www.leblogmoto.com\/images\/2008\/01\/22\/danse1.jpg","contentUrl":"http:\/\/www.leblogmoto.com\/images\/2008\/01\/22\/danse1.jpg"},{"@type":"BreadcrumbList","@id":"https:\/\/blogs.thesocialmedia.com\/leblogmoto\/2008\/01\/23\/rossi-tout-cart\/#breadcrumb","itemListElement":[{"@type":"ListItem","position":1,"name":"Accueil","item":"https:\/\/blogs.thesocialmedia.com\/leblogmoto\/"},{"@type":"ListItem","position":2,"name":"Rossi tout \u00e9cartill\u00e9* \u00e0 Sepang"}]},{"@type":"WebSite","@id":"https:\/\/blogs.thesocialmedia.com\/leblogmoto\/#website","url":"https:\/\/blogs.thesocialmedia.com\/leblogmoto\/","name":"leblogmoto","description":"Toute l&#039;actualit\u00e9 des 2 roues","potentialAction":[{"@type":"SearchAction","target":{"@type":"EntryPoint","urlTemplate":"https:\/\/blogs.thesocialmedia.com\/leblogmoto\/?s={search_term_string}"},"query-input":{"@type":"PropertyValueSpecification","valueRequired":true,"valueName":"search_term_string"}}],"inLanguage":"fr-FR"},{"@type":"Person","@id":"https:\/\/blogs.thesocialmedia.com\/leblogmoto\/#\/schema\/person\/e82a0ca8a9a63d031586097a3ed58526","name":"jacques lesage","image":{"@type":"ImageObject","inLanguage":"fr-FR","@id":"https:\/\/blogs.thesocialmedia.com\/leblogmoto\/#\/schema\/person\/image\/","url":"https:\/\/secure.gravatar.com\/avatar\/?s=96&d=mm&r=g","contentUrl":"https:\/\/secure.gravatar.com\/avatar\/?s=96&d=mm&r=g","caption":"jacques lesage"},"url":"https:\/\/blogs.thesocialmedia.com\/leblogmoto\/author\/jacques-lesage\/"}]}},"_links":{"self":[{"href":"https:\/\/blogs.thesocialmedia.com\/leblogmoto\/wp-json\/wp\/v2\/posts\/947","targetHints":{"allow":["GET"]}}],"collection":[{"href":"https:\/\/blogs.thesocialmedia.com\/leblogmoto\/wp-json\/wp\/v2\/posts"}],"about":[{"href":"https:\/\/blogs.thesocialmedia.com\/leblogmoto\/wp-json\/wp\/v2\/types\/post"}],"author":[{"embeddable":true,"href":"https:\/\/blogs.thesocialmedia.com\/leblogmoto\/wp-json\/wp\/v2\/users\/325"}],"replies":[{"embeddable":true,"href":"https:\/\/blogs.thesocialmedia.com\/leblogmoto\/wp-json\/wp\/v2\/comments?post=947"}],"version-history":[{"count":2,"href":"https:\/\/blogs.thesocialmedia.com\/leblogmoto\/wp-json\/wp\/v2\/posts\/947\/revisions"}],"predecessor-version":[{"id":9746,"href":"https:\/\/blogs.thesocialmedia.com\/leblogmoto\/wp-json\/wp\/v2\/posts\/947\/revisions\/9746"}],"wp:attachment":[{"href":"https:\/\/blogs.thesocialmedia.com\/leblogmoto\/wp-json\/wp\/v2\/media?parent=947"}],"wp:term":[{"taxonomy":"category","embeddable":true,"href":"https:\/\/blogs.thesocialmedia.com\/leblogmoto\/wp-json\/wp\/v2\/categories?post=947"},{"taxonomy":"post_tag","embeddable":true,"href":"https:\/\/blogs.thesocialmedia.com\/leblogmoto\/wp-json\/wp\/v2\/tags?post=947"}],"curies":[{"name":"wp","href":"https:\/\/api.w.org\/{rel}","templated":true}]}}