{"id":948,"date":"2008-01-23T02:51:32","date_gmt":"2008-01-23T02:51:32","guid":{"rendered":"http:\/\/blogs.thesocialmedia.com\/leblogmoto\/2008\/01\/23\/le-scooter-lect\/"},"modified":"2012-07-11T15:15:12","modified_gmt":"2012-07-11T15:15:12","slug":"le-scooter-lect","status":"publish","type":"post","link":"https:\/\/blogs.thesocialmedia.com\/leblogmoto\/2008\/01\/23\/le-scooter-lect\/","title":{"rendered":"Le scooter \u00e9lectrique Vectrix est \u00e0 ce jour un \u00e9chec."},"content":{"rendered":"<p><a href=\"http:\/\/blogs.thesocialmedia.com\/leblogmoto\/files\/2012\/07\/moto_scooter_vectrix_maxisccoter.jpg\"><img loading=\"lazy\" decoding=\"async\" width=\"470\" height=\"422\"  alt=\"Moto_scooter_vectrix_maxisccoter\" src=\"http:\/\/www.leblogmoto.com\/images\/2008\/01\/22\/moto_scooter_vectrix_maxisccoter.jpg\" \/><\/a><\/p>\n<p><a href=\"http:\/\/blogs.thesocialmedia.com\/leblogmoto\/files\/2012\/07\/moto_sportive_vectrix_superbike.jpg\"><\/a><a href=\"http:\/\/clabedan.typepad.com\/.shared\/image.html?\/photos\/uncategorized\/2008\/01\/22\/moto_sportive_vectrix_superbike_2.jpg\"><img loading=\"lazy\" decoding=\"async\" width=\"470\" height=\"341\"  src=\"http:\/\/www.leblogmoto.com\/images\/2008\/01\/22\/moto_sportive_vectrix_superbike_2.jpg\" alt=\"Moto_sportive_vectrix_superbike_2\" \/><\/a>  <\/p>\n<p>Vous avez certainement entendu tout ce buzz fait autour de ce scooter, notamment le fait que la Police de New-York l&rsquo;aurait achet\u00e9 comme le soutiennent certains blogs de moto fran\u00e7ais. Ce qui est faux d&rsquo;ailleurs, elle ne fait que le tester pour l&rsquo;instant*, nuance de taille. Pour en revenir \u00e0 l&rsquo;exercice 2007, 2002 scooters ont \u00e9t\u00e9 produits et seulement 123 vendus (!). Et j&rsquo;ajoute que cela met en p\u00e9ril la production de la <a href=\"http:\/\/www.vectrix.com\">Vectrix<\/a> superbike pr\u00e9sent\u00e9e \u00e0 Milan, qui se veut la seule sportive \u00e9lectrique de s\u00e9rie.<\/p>\n<p>Pour les justifications, dans sa d\u00e9claration \u00e0 la presse, Vectrix dit avoir \u00e9t\u00e9 lente \u00e0 traduire l&rsquo;enthousiasme qu&rsquo;a suscit\u00e9 cette machine en ventes effectives. En r\u00e9ponse \u00e0 ces ventes atones, l&rsquo;entreprise affirme vouloir d\u00e9velopper son r\u00e9seau de distribution, et ajuster sa production \u00e0 la demande. <\/p>\n<p>On fera cyniquement remarquer qu&rsquo;avec pr\u00e8s de 1900 de ces tr\u00e8s tr\u00e8s chers** maxi-scooters en rade (petite soustraction facile \u00e0 faire), c&rsquo;est inutile d&rsquo;ajuster quoique ce soit, autant arr\u00eater les cha\u00eenes de production de suite, vous avez selon les perspectives de l&rsquo;ann\u00e9e pass\u00e9e plusieurs ann\u00e9es de vente devant vous.<\/p>\n<p>En esp\u00e9rant sinc\u00e8rement que les collectivit\u00e9s publiques par leurs commandes, sauvent cette entreprise d&rsquo;un destin que ses cr\u00e9anciers, vu ses r\u00e9sultats actuels, ont peut-\u00eatre d\u00e9j\u00e0 tout trac\u00e9 pour elle. <\/p>\n<p><em>*quatre sont en utilisation dans les rues de Big Apple.<\/em><\/p>\n<p><em>**12.000 $ soit, apr\u00e8s une petite v\u00e9rification perso, plus que le<a href=\"http:\/\/www.suzukicycles.com\/Products\/GSXR1000K8\/Default.aspx\"> prix d&rsquo;une superbike japonaise neuve type GSX-R1000<\/a> aux USA !<\/p>\n<p><\/em><\/p>\n","protected":false},"excerpt":{"rendered":"<p>Vous avez certainement entendu tout ce buzz fait autour de ce scooter, notamment le fait que la Police de New-York l&rsquo;aurait achet\u00e9 comme le soutiennent certains blogs de moto fran\u00e7ais. Ce qui est faux d&rsquo;ailleurs, elle ne fait que le tester pour l&rsquo;instant*, nuance de taille. Pour en revenir \u00e0 l&rsquo;exercice 2007, 2002 scooters ont [&hellip;]<\/p>\n","protected":false},"author":324,"featured_media":0,"comment_status":"open","ping_status":"open","sticky":false,"template":"","format":"standard","meta":{"footnotes":""},"categories":[49,30,33,19],"tags":[],"class_list":["post-948","post","type-post","status-publish","format-standard","hentry","category-actualites-entreprise","category-bio-carburantsvehicules-propres","category-concept-bike","category-scooter"],"yoast_head":"<!-- This site is optimized with the Yoast SEO plugin v26.0 - https:\/\/yoast.com\/wordpress\/plugins\/seo\/ -->\n<title>Le scooter \u00e9lectrique Vectrix est \u00e0 ce jour un \u00e9chec. - leblogmoto.com<\/title>\n<meta name=\"robots\" content=\"index, follow, max-snippet:-1, max-image-preview:large, max-video-preview:-1\" \/>\n<link rel=\"canonical\" href=\"https:\/\/blogs.thesocialmedia.com\/leblogmoto\/2008\/01\/23\/le-scooter-lect\/\" \/>\n<meta name=\"twitter:card\" content=\"summary_large_image\" \/>\n<meta name=\"twitter:title\" content=\"Le scooter \u00e9lectrique Vectrix est \u00e0 ce jour un \u00e9chec. - leblogmoto.com\" \/>\n<meta name=\"twitter:description\" content=\"Vous avez certainement entendu tout ce buzz fait autour de ce scooter, notamment le fait que la Police de New-York l&rsquo;aurait achet\u00e9 comme le soutiennent certains blogs de moto fran\u00e7ais. Ce qui est faux d&rsquo;ailleurs, elle ne fait que le tester pour l&rsquo;instant*, nuance de taille. Pour en revenir \u00e0 l&rsquo;exercice 2007, 2002 scooters ont [&hellip;]\" \/>\n<meta name=\"twitter:image\" content=\"http:\/\/www.leblogmoto.com\/images\/2008\/01\/22\/moto_scooter_vectrix_maxisccoter.jpg\" \/>\n<meta name=\"twitter:label1\" content=\"\u00c9crit par\" \/>\n\t<meta name=\"twitter:data1\" content=\"benoit rieu\" \/>\n\t<meta name=\"twitter:label2\" content=\"Dur\u00e9e de lecture estim\u00e9e\" \/>\n\t<meta name=\"twitter:data2\" content=\"1 minute\" \/>\n<script type=\"application\/ld+json\" class=\"yoast-schema-graph\">{\"@context\":\"https:\/\/schema.org\",\"@graph\":[{\"@type\":\"WebPage\",\"@id\":\"https:\/\/blogs.thesocialmedia.com\/leblogmoto\/2008\/01\/23\/le-scooter-lect\/\",\"url\":\"https:\/\/blogs.thesocialmedia.com\/leblogmoto\/2008\/01\/23\/le-scooter-lect\/\",\"name\":\"Le scooter \u00e9lectrique Vectrix est \u00e0 ce jour un \u00e9chec. - leblogmoto.com\",\"isPartOf\":{\"@id\":\"https:\/\/blogs.thesocialmedia.com\/leblogmoto\/#website\"},\"primaryImageOfPage\":{\"@id\":\"https:\/\/blogs.thesocialmedia.com\/leblogmoto\/2008\/01\/23\/le-scooter-lect\/#primaryimage\"},\"image\":{\"@id\":\"https:\/\/blogs.thesocialmedia.com\/leblogmoto\/2008\/01\/23\/le-scooter-lect\/#primaryimage\"},\"thumbnailUrl\":\"http:\/\/www.leblogmoto.com\/images\/2008\/01\/22\/moto_scooter_vectrix_maxisccoter.jpg\",\"datePublished\":\"2008-01-23T02:51:32+00:00\",\"dateModified\":\"2012-07-11T15:15:12+00:00\",\"author\":{\"@id\":\"https:\/\/blogs.thesocialmedia.com\/leblogmoto\/#\/schema\/person\/18bfe773e5725ed6d24f743da805362a\"},\"breadcrumb\":{\"@id\":\"https:\/\/blogs.thesocialmedia.com\/leblogmoto\/2008\/01\/23\/le-scooter-lect\/#breadcrumb\"},\"inLanguage\":\"fr-FR\",\"potentialAction\":[{\"@type\":\"ReadAction\",\"target\":[\"https:\/\/blogs.thesocialmedia.com\/leblogmoto\/2008\/01\/23\/le-scooter-lect\/\"]}]},{\"@type\":\"ImageObject\",\"inLanguage\":\"fr-FR\",\"@id\":\"https:\/\/blogs.thesocialmedia.com\/leblogmoto\/2008\/01\/23\/le-scooter-lect\/#primaryimage\",\"url\":\"http:\/\/www.leblogmoto.com\/images\/2008\/01\/22\/moto_scooter_vectrix_maxisccoter.jpg\",\"contentUrl\":\"http:\/\/www.leblogmoto.com\/images\/2008\/01\/22\/moto_scooter_vectrix_maxisccoter.jpg\"},{\"@type\":\"BreadcrumbList\",\"@id\":\"https:\/\/blogs.thesocialmedia.com\/leblogmoto\/2008\/01\/23\/le-scooter-lect\/#breadcrumb\",\"itemListElement\":[{\"@type\":\"ListItem\",\"position\":1,\"name\":\"Accueil\",\"item\":\"https:\/\/blogs.thesocialmedia.com\/leblogmoto\/\"},{\"@type\":\"ListItem\",\"position\":2,\"name\":\"Le scooter \u00e9lectrique Vectrix est \u00e0 ce jour un \u00e9chec.\"}]},{\"@type\":\"WebSite\",\"@id\":\"https:\/\/blogs.thesocialmedia.com\/leblogmoto\/#website\",\"url\":\"https:\/\/blogs.thesocialmedia.com\/leblogmoto\/\",\"name\":\"leblogmoto\",\"description\":\"Toute l&#039;actualit\u00e9 des 2 roues\",\"potentialAction\":[{\"@type\":\"SearchAction\",\"target\":{\"@type\":\"EntryPoint\",\"urlTemplate\":\"https:\/\/blogs.thesocialmedia.com\/leblogmoto\/?s={search_term_string}\"},\"query-input\":{\"@type\":\"PropertyValueSpecification\",\"valueRequired\":true,\"valueName\":\"search_term_string\"}}],\"inLanguage\":\"fr-FR\"},{\"@type\":\"Person\",\"@id\":\"https:\/\/blogs.thesocialmedia.com\/leblogmoto\/#\/schema\/person\/18bfe773e5725ed6d24f743da805362a\",\"name\":\"benoit rieu\",\"image\":{\"@type\":\"ImageObject\",\"inLanguage\":\"fr-FR\",\"@id\":\"https:\/\/blogs.thesocialmedia.com\/leblogmoto\/#\/schema\/person\/image\/\",\"url\":\"https:\/\/secure.gravatar.com\/avatar\/?s=96&d=mm&r=g\",\"contentUrl\":\"https:\/\/secure.gravatar.com\/avatar\/?s=96&d=mm&r=g\",\"caption\":\"benoit rieu\"},\"url\":\"https:\/\/blogs.thesocialmedia.com\/leblogmoto\/author\/benoit-rieu\/\"}]}<\/script>\n<!-- \/ Yoast SEO plugin. -->","yoast_head_json":{"title":"Le scooter \u00e9lectrique Vectrix est \u00e0 ce jour un \u00e9chec. - leblogmoto.com","robots":{"index":"index","follow":"follow","max-snippet":"max-snippet:-1","max-image-preview":"max-image-preview:large","max-video-preview":"max-video-preview:-1"},"canonical":"https:\/\/blogs.thesocialmedia.com\/leblogmoto\/2008\/01\/23\/le-scooter-lect\/","twitter_card":"summary_large_image","twitter_title":"Le scooter \u00e9lectrique Vectrix est \u00e0 ce jour un \u00e9chec. - leblogmoto.com","twitter_description":"Vous avez certainement entendu tout ce buzz fait autour de ce scooter, notamment le fait que la Police de New-York l&rsquo;aurait achet\u00e9 comme le soutiennent certains blogs de moto fran\u00e7ais. Ce qui est faux d&rsquo;ailleurs, elle ne fait que le tester pour l&rsquo;instant*, nuance de taille. Pour en revenir \u00e0 l&rsquo;exercice 2007, 2002 scooters ont [&hellip;]","twitter_image":"http:\/\/www.leblogmoto.com\/images\/2008\/01\/22\/moto_scooter_vectrix_maxisccoter.jpg","twitter_misc":{"\u00c9crit par":"benoit rieu","Dur\u00e9e de lecture estim\u00e9e":"1 minute"},"schema":{"@context":"https:\/\/schema.org","@graph":[{"@type":"WebPage","@id":"https:\/\/blogs.thesocialmedia.com\/leblogmoto\/2008\/01\/23\/le-scooter-lect\/","url":"https:\/\/blogs.thesocialmedia.com\/leblogmoto\/2008\/01\/23\/le-scooter-lect\/","name":"Le scooter \u00e9lectrique Vectrix est \u00e0 ce jour un \u00e9chec. - leblogmoto.com","isPartOf":{"@id":"https:\/\/blogs.thesocialmedia.com\/leblogmoto\/#website"},"primaryImageOfPage":{"@id":"https:\/\/blogs.thesocialmedia.com\/leblogmoto\/2008\/01\/23\/le-scooter-lect\/#primaryimage"},"image":{"@id":"https:\/\/blogs.thesocialmedia.com\/leblogmoto\/2008\/01\/23\/le-scooter-lect\/#primaryimage"},"thumbnailUrl":"http:\/\/www.leblogmoto.com\/images\/2008\/01\/22\/moto_scooter_vectrix_maxisccoter.jpg","datePublished":"2008-01-23T02:51:32+00:00","dateModified":"2012-07-11T15:15:12+00:00","author":{"@id":"https:\/\/blogs.thesocialmedia.com\/leblogmoto\/#\/schema\/person\/18bfe773e5725ed6d24f743da805362a"},"breadcrumb":{"@id":"https:\/\/blogs.thesocialmedia.com\/leblogmoto\/2008\/01\/23\/le-scooter-lect\/#breadcrumb"},"inLanguage":"fr-FR","potentialAction":[{"@type":"ReadAction","target":["https:\/\/blogs.thesocialmedia.com\/leblogmoto\/2008\/01\/23\/le-scooter-lect\/"]}]},{"@type":"ImageObject","inLanguage":"fr-FR","@id":"https:\/\/blogs.thesocialmedia.com\/leblogmoto\/2008\/01\/23\/le-scooter-lect\/#primaryimage","url":"http:\/\/www.leblogmoto.com\/images\/2008\/01\/22\/moto_scooter_vectrix_maxisccoter.jpg","contentUrl":"http:\/\/www.leblogmoto.com\/images\/2008\/01\/22\/moto_scooter_vectrix_maxisccoter.jpg"},{"@type":"BreadcrumbList","@id":"https:\/\/blogs.thesocialmedia.com\/leblogmoto\/2008\/01\/23\/le-scooter-lect\/#breadcrumb","itemListElement":[{"@type":"ListItem","position":1,"name":"Accueil","item":"https:\/\/blogs.thesocialmedia.com\/leblogmoto\/"},{"@type":"ListItem","position":2,"name":"Le scooter \u00e9lectrique Vectrix est \u00e0 ce jour un \u00e9chec."}]},{"@type":"WebSite","@id":"https:\/\/blogs.thesocialmedia.com\/leblogmoto\/#website","url":"https:\/\/blogs.thesocialmedia.com\/leblogmoto\/","name":"leblogmoto","description":"Toute l&#039;actualit\u00e9 des 2 roues","potentialAction":[{"@type":"SearchAction","target":{"@type":"EntryPoint","urlTemplate":"https:\/\/blogs.thesocialmedia.com\/leblogmoto\/?s={search_term_string}"},"query-input":{"@type":"PropertyValueSpecification","valueRequired":true,"valueName":"search_term_string"}}],"inLanguage":"fr-FR"},{"@type":"Person","@id":"https:\/\/blogs.thesocialmedia.com\/leblogmoto\/#\/schema\/person\/18bfe773e5725ed6d24f743da805362a","name":"benoit rieu","image":{"@type":"ImageObject","inLanguage":"fr-FR","@id":"https:\/\/blogs.thesocialmedia.com\/leblogmoto\/#\/schema\/person\/image\/","url":"https:\/\/secure.gravatar.com\/avatar\/?s=96&d=mm&r=g","contentUrl":"https:\/\/secure.gravatar.com\/avatar\/?s=96&d=mm&r=g","caption":"benoit rieu"},"url":"https:\/\/blogs.thesocialmedia.com\/leblogmoto\/author\/benoit-rieu\/"}]}},"_links":{"self":[{"href":"https:\/\/blogs.thesocialmedia.com\/leblogmoto\/wp-json\/wp\/v2\/posts\/948","targetHints":{"allow":["GET"]}}],"collection":[{"href":"https:\/\/blogs.thesocialmedia.com\/leblogmoto\/wp-json\/wp\/v2\/posts"}],"about":[{"href":"https:\/\/blogs.thesocialmedia.com\/leblogmoto\/wp-json\/wp\/v2\/types\/post"}],"author":[{"embeddable":true,"href":"https:\/\/blogs.thesocialmedia.com\/leblogmoto\/wp-json\/wp\/v2\/users\/324"}],"replies":[{"embeddable":true,"href":"https:\/\/blogs.thesocialmedia.com\/leblogmoto\/wp-json\/wp\/v2\/comments?post=948"}],"version-history":[{"count":2,"href":"https:\/\/blogs.thesocialmedia.com\/leblogmoto\/wp-json\/wp\/v2\/posts\/948\/revisions"}],"predecessor-version":[{"id":9737,"href":"https:\/\/blogs.thesocialmedia.com\/leblogmoto\/wp-json\/wp\/v2\/posts\/948\/revisions\/9737"}],"wp:attachment":[{"href":"https:\/\/blogs.thesocialmedia.com\/leblogmoto\/wp-json\/wp\/v2\/media?parent=948"}],"wp:term":[{"taxonomy":"category","embeddable":true,"href":"https:\/\/blogs.thesocialmedia.com\/leblogmoto\/wp-json\/wp\/v2\/categories?post=948"},{"taxonomy":"post_tag","embeddable":true,"href":"https:\/\/blogs.thesocialmedia.com\/leblogmoto\/wp-json\/wp\/v2\/tags?post=948"}],"curies":[{"name":"wp","href":"https:\/\/api.w.org\/{rel}","templated":true}]}}