{"id":95,"date":"2009-06-26T23:43:53","date_gmt":"2009-06-26T23:43:53","guid":{"rendered":"http:\/\/blogs.thesocialmedia.com\/leblogmoto\/2009\/06\/26\/valentino-la-formule-1-et-le-cafe-de-commerce\/"},"modified":"2012-07-11T17:32:59","modified_gmt":"2012-07-11T17:32:59","slug":"valentino-la-formule-1-et-le-cafe-de-commerce","status":"publish","type":"post","link":"https:\/\/blogs.thesocialmedia.com\/leblogmoto\/2009\/06\/26\/valentino-la-formule-1-et-le-cafe-de-commerce\/","title":{"rendered":"Valentino, la Formule 1 et le caf\u00e9 du commerce."},"content":{"rendered":"<p><a href=\"http:\/\/blogs.thesocialmedia.com\/leblogmoto\/files\/2012\/07\/6a00d83451b18369e2011570713bc4970c-popup.png\"><img decoding=\"async\" alt=\"MotoGP Rossi Ferrari 2\" class=\"at-xid-6a00d83451b18369e2011570713bc4970c \" src=\"http:\/\/blogs.thesocialmedia.com\/leblogmoto\/files\/2012\/07\/6a00d83451b18369e2011570713bc4970c-500wi.jpg\" \/><\/a><\/p>\n<p>Nous vous avions d\u00e9j\u00e0 dit ici ce que nous pensions des espoirs de voir Ferrari employer Rossi comme pilote. Des&#160;esp\u00e9rances suscit\u00e9es par ses essais pour la firme au cheval cabr\u00e9. Nous y avions surtout vu, en l&#039;\u00e9tat (\u00e9curie avec deux pilotes),&#160;une <a href=\"http:\/\/www.leblogmoto.com\/2008\/11\/les-essais-de-r.html\">campagne de com&#039; pour Fiat<\/a>, proprio de Ferrari et sponsor associ\u00e9&#160;\u00e0 Yamaha. Il semblerait que Vale ait fait son deuil de ces ambitions, du moins pour cette ann\u00e9e et celle qui suit.&#160;Bien que ce ne soit que de la logique contractuelle. Lors d&#039;une conf\u00e9rence de presse au Grand Prix d&#039;Assen, le <a href=\"http:\/\/www.leblogmoto.com\/2009\/06\/rossi-id\u00e9alement-plac\u00e9-sur-la-grille-pour-la-centi\u00e8me.html\">poleman<\/a> d\u00e9clare que&#160;les nouvelles rumeurs sur son \u00e9ventuelle arriv\u00e9e en F1 au volant d&#039;une Ferrari rel\u00e8vent d&#039;une <em>&quot;discussion de caf\u00e9 du commerce pour stimuler l&#039;imagination des tifosi.&quot;<\/em> La rumeur est n\u00e9e d&#039;un article&#160;du quotidien italien&#160;<em>La Repubblica<\/em> indiquant qu&#039;il pourrait \u00eatre le troisi\u00e8me pilote de Ferrari en 2010. &quot;<em>On utilise mon nom pour stimuler l&#039;imagination des tifosi.<\/em> <em>J&#039;en suis fier. Cela pourrait \u00eatre bien en 2011, pourquoi pas?&quot;<\/em><\/p>\n<\/p>\n<p>Il poursuit:<em> &quot;Mais pour 2010 j&#039;ai un contrat avec Yamaha, c&#039;est donc difficile, voire impossible. De plus, Ferrari n&#039;a pas encore de 3e voiture et je n&#039;ai pas d\u00e9cid\u00e9 de changer de sport. Je cours en moto et je suis tr\u00e8s heureux avec Yamaha. Je dois rester concentr\u00e9 sur le Championnat et sur mon objectif: gagner un nouveau titre<\/em>.&quot;<\/p>\n<p>Revenant sur ses bons chronos au volant du bolide ultime de Maranello, il ajoute: &quot;<em>Tout vient du fait que j&#039;ai \u00e9t\u00e9 rapide lors de ces essais priv\u00e9s, mais c&#039;est une chose de faire un bon temps, seul en piste, et une autre de disputer une course<\/em>. <em>Je n&#039;ai pas parl\u00e9 directement avec Montezemolo*<\/em> et <em>tout cela rel\u00e8ve d&#039;une discussion de caf\u00e9 du commerce.&quot;<\/em><\/p>\n<p><em>*Luca di Montezemolo, pr\u00e9sident de Ferrari et de la FOTA, l&#039;association des constructeurs, et tout jeune contre-poids&#160;aux pouvoirs de la&#160;FIA et de la FOM.<\/em><\/p>\n<p><em>Via&#160;AFP.<\/em><\/p><\/p>\n","protected":false},"excerpt":{"rendered":"<p>Nous vous avions d\u00e9j\u00e0 dit ici ce que nous pensions des espoirs de voir Ferrari employer Rossi comme pilote. Des&#160;esp\u00e9rances suscit\u00e9es par ses essais pour la firme au cheval cabr\u00e9. Nous y avions surtout vu, en l&#039;\u00e9tat (\u00e9curie avec deux pilotes),&#160;une campagne de com&#039; pour Fiat, proprio de Ferrari et sponsor associ\u00e9&#160;\u00e0 Yamaha. Il semblerait [&hellip;]<\/p>\n","protected":false},"author":324,"featured_media":13877,"comment_status":"open","ping_status":"open","sticky":false,"template":"","format":"standard","meta":{"footnotes":""},"categories":[3,22,55],"tags":[],"class_list":["post-95","post","type-post","status-publish","format-standard","has-post-thumbnail","hentry","category-actualite","category-motogp","category-sports"],"yoast_head":"<!-- This site is optimized with the Yoast SEO plugin v26.0 - https:\/\/yoast.com\/wordpress\/plugins\/seo\/ -->\n<title>Valentino, la Formule 1 et le caf\u00e9 du commerce. - leblogmoto.com<\/title>\n<meta name=\"robots\" content=\"index, follow, max-snippet:-1, max-image-preview:large, max-video-preview:-1\" \/>\n<link rel=\"canonical\" href=\"https:\/\/blogs.thesocialmedia.com\/leblogmoto\/2009\/06\/26\/valentino-la-formule-1-et-le-cafe-de-commerce\/\" \/>\n<meta name=\"twitter:card\" content=\"summary_large_image\" \/>\n<meta name=\"twitter:title\" content=\"Valentino, la Formule 1 et le caf\u00e9 du commerce. - leblogmoto.com\" \/>\n<meta name=\"twitter:description\" content=\"Nous vous avions d\u00e9j\u00e0 dit ici ce que nous pensions des espoirs de voir Ferrari employer Rossi comme pilote. Des&#160;esp\u00e9rances suscit\u00e9es par ses essais pour la firme au cheval cabr\u00e9. Nous y avions surtout vu, en l&#039;\u00e9tat (\u00e9curie avec deux pilotes),&#160;une campagne de com&#039; pour Fiat, proprio de Ferrari et sponsor associ\u00e9&#160;\u00e0 Yamaha. Il semblerait [&hellip;]\" \/>\n<meta name=\"twitter:image\" content=\"https:\/\/blogs.thesocialmedia.com\/leblogmoto\/files\/2012\/07\/6a00d83451b18369e2011570713bc4970c-500wi.jpg\" \/>\n<meta name=\"twitter:label1\" content=\"\u00c9crit par\" \/>\n\t<meta name=\"twitter:data1\" content=\"benoit rieu\" \/>\n\t<meta name=\"twitter:label2\" content=\"Dur\u00e9e de lecture estim\u00e9e\" \/>\n\t<meta name=\"twitter:data2\" content=\"2 minutes\" \/>\n<script type=\"application\/ld+json\" class=\"yoast-schema-graph\">{\"@context\":\"https:\/\/schema.org\",\"@graph\":[{\"@type\":\"WebPage\",\"@id\":\"https:\/\/blogs.thesocialmedia.com\/leblogmoto\/2009\/06\/26\/valentino-la-formule-1-et-le-cafe-de-commerce\/\",\"url\":\"https:\/\/blogs.thesocialmedia.com\/leblogmoto\/2009\/06\/26\/valentino-la-formule-1-et-le-cafe-de-commerce\/\",\"name\":\"Valentino, la Formule 1 et le caf\u00e9 du commerce. - leblogmoto.com\",\"isPartOf\":{\"@id\":\"https:\/\/blogs.thesocialmedia.com\/leblogmoto\/#website\"},\"primaryImageOfPage\":{\"@id\":\"https:\/\/blogs.thesocialmedia.com\/leblogmoto\/2009\/06\/26\/valentino-la-formule-1-et-le-cafe-de-commerce\/#primaryimage\"},\"image\":{\"@id\":\"https:\/\/blogs.thesocialmedia.com\/leblogmoto\/2009\/06\/26\/valentino-la-formule-1-et-le-cafe-de-commerce\/#primaryimage\"},\"thumbnailUrl\":\"https:\/\/blogs.thesocialmedia.com\/leblogmoto\/files\/2012\/07\/6a00d83451b18369e2011570713bc4970c-500wi.jpg\",\"datePublished\":\"2009-06-26T23:43:53+00:00\",\"dateModified\":\"2012-07-11T17:32:59+00:00\",\"author\":{\"@id\":\"https:\/\/blogs.thesocialmedia.com\/leblogmoto\/#\/schema\/person\/18bfe773e5725ed6d24f743da805362a\"},\"breadcrumb\":{\"@id\":\"https:\/\/blogs.thesocialmedia.com\/leblogmoto\/2009\/06\/26\/valentino-la-formule-1-et-le-cafe-de-commerce\/#breadcrumb\"},\"inLanguage\":\"fr-FR\",\"potentialAction\":[{\"@type\":\"ReadAction\",\"target\":[\"https:\/\/blogs.thesocialmedia.com\/leblogmoto\/2009\/06\/26\/valentino-la-formule-1-et-le-cafe-de-commerce\/\"]}]},{\"@type\":\"ImageObject\",\"inLanguage\":\"fr-FR\",\"@id\":\"https:\/\/blogs.thesocialmedia.com\/leblogmoto\/2009\/06\/26\/valentino-la-formule-1-et-le-cafe-de-commerce\/#primaryimage\",\"url\":\"https:\/\/blogs.thesocialmedia.com\/leblogmoto\/files\/2012\/07\/6a00d83451b18369e2011570713bc4970c-500wi.jpg\",\"contentUrl\":\"https:\/\/blogs.thesocialmedia.com\/leblogmoto\/files\/2012\/07\/6a00d83451b18369e2011570713bc4970c-500wi.jpg\",\"width\":\"500\",\"height\":\"334\"},{\"@type\":\"BreadcrumbList\",\"@id\":\"https:\/\/blogs.thesocialmedia.com\/leblogmoto\/2009\/06\/26\/valentino-la-formule-1-et-le-cafe-de-commerce\/#breadcrumb\",\"itemListElement\":[{\"@type\":\"ListItem\",\"position\":1,\"name\":\"Accueil\",\"item\":\"https:\/\/blogs.thesocialmedia.com\/leblogmoto\/\"},{\"@type\":\"ListItem\",\"position\":2,\"name\":\"Valentino, la Formule 1 et le caf\u00e9 du commerce.\"}]},{\"@type\":\"WebSite\",\"@id\":\"https:\/\/blogs.thesocialmedia.com\/leblogmoto\/#website\",\"url\":\"https:\/\/blogs.thesocialmedia.com\/leblogmoto\/\",\"name\":\"leblogmoto\",\"description\":\"Toute l&#039;actualit\u00e9 des 2 roues\",\"potentialAction\":[{\"@type\":\"SearchAction\",\"target\":{\"@type\":\"EntryPoint\",\"urlTemplate\":\"https:\/\/blogs.thesocialmedia.com\/leblogmoto\/?s={search_term_string}\"},\"query-input\":{\"@type\":\"PropertyValueSpecification\",\"valueRequired\":true,\"valueName\":\"search_term_string\"}}],\"inLanguage\":\"fr-FR\"},{\"@type\":\"Person\",\"@id\":\"https:\/\/blogs.thesocialmedia.com\/leblogmoto\/#\/schema\/person\/18bfe773e5725ed6d24f743da805362a\",\"name\":\"benoit rieu\",\"image\":{\"@type\":\"ImageObject\",\"inLanguage\":\"fr-FR\",\"@id\":\"https:\/\/blogs.thesocialmedia.com\/leblogmoto\/#\/schema\/person\/image\/\",\"url\":\"https:\/\/secure.gravatar.com\/avatar\/?s=96&d=mm&r=g\",\"contentUrl\":\"https:\/\/secure.gravatar.com\/avatar\/?s=96&d=mm&r=g\",\"caption\":\"benoit rieu\"},\"url\":\"https:\/\/blogs.thesocialmedia.com\/leblogmoto\/author\/benoit-rieu\/\"}]}<\/script>\n<!-- \/ Yoast SEO plugin. -->","yoast_head_json":{"title":"Valentino, la Formule 1 et le caf\u00e9 du commerce. - leblogmoto.com","robots":{"index":"index","follow":"follow","max-snippet":"max-snippet:-1","max-image-preview":"max-image-preview:large","max-video-preview":"max-video-preview:-1"},"canonical":"https:\/\/blogs.thesocialmedia.com\/leblogmoto\/2009\/06\/26\/valentino-la-formule-1-et-le-cafe-de-commerce\/","twitter_card":"summary_large_image","twitter_title":"Valentino, la Formule 1 et le caf\u00e9 du commerce. - leblogmoto.com","twitter_description":"Nous vous avions d\u00e9j\u00e0 dit ici ce que nous pensions des espoirs de voir Ferrari employer Rossi comme pilote. Des&#160;esp\u00e9rances suscit\u00e9es par ses essais pour la firme au cheval cabr\u00e9. Nous y avions surtout vu, en l&#039;\u00e9tat (\u00e9curie avec deux pilotes),&#160;une campagne de com&#039; pour Fiat, proprio de Ferrari et sponsor associ\u00e9&#160;\u00e0 Yamaha. Il semblerait [&hellip;]","twitter_image":"https:\/\/blogs.thesocialmedia.com\/leblogmoto\/files\/2012\/07\/6a00d83451b18369e2011570713bc4970c-500wi.jpg","twitter_misc":{"\u00c9crit par":"benoit rieu","Dur\u00e9e de lecture estim\u00e9e":"2 minutes"},"schema":{"@context":"https:\/\/schema.org","@graph":[{"@type":"WebPage","@id":"https:\/\/blogs.thesocialmedia.com\/leblogmoto\/2009\/06\/26\/valentino-la-formule-1-et-le-cafe-de-commerce\/","url":"https:\/\/blogs.thesocialmedia.com\/leblogmoto\/2009\/06\/26\/valentino-la-formule-1-et-le-cafe-de-commerce\/","name":"Valentino, la Formule 1 et le caf\u00e9 du commerce. - leblogmoto.com","isPartOf":{"@id":"https:\/\/blogs.thesocialmedia.com\/leblogmoto\/#website"},"primaryImageOfPage":{"@id":"https:\/\/blogs.thesocialmedia.com\/leblogmoto\/2009\/06\/26\/valentino-la-formule-1-et-le-cafe-de-commerce\/#primaryimage"},"image":{"@id":"https:\/\/blogs.thesocialmedia.com\/leblogmoto\/2009\/06\/26\/valentino-la-formule-1-et-le-cafe-de-commerce\/#primaryimage"},"thumbnailUrl":"https:\/\/blogs.thesocialmedia.com\/leblogmoto\/files\/2012\/07\/6a00d83451b18369e2011570713bc4970c-500wi.jpg","datePublished":"2009-06-26T23:43:53+00:00","dateModified":"2012-07-11T17:32:59+00:00","author":{"@id":"https:\/\/blogs.thesocialmedia.com\/leblogmoto\/#\/schema\/person\/18bfe773e5725ed6d24f743da805362a"},"breadcrumb":{"@id":"https:\/\/blogs.thesocialmedia.com\/leblogmoto\/2009\/06\/26\/valentino-la-formule-1-et-le-cafe-de-commerce\/#breadcrumb"},"inLanguage":"fr-FR","potentialAction":[{"@type":"ReadAction","target":["https:\/\/blogs.thesocialmedia.com\/leblogmoto\/2009\/06\/26\/valentino-la-formule-1-et-le-cafe-de-commerce\/"]}]},{"@type":"ImageObject","inLanguage":"fr-FR","@id":"https:\/\/blogs.thesocialmedia.com\/leblogmoto\/2009\/06\/26\/valentino-la-formule-1-et-le-cafe-de-commerce\/#primaryimage","url":"https:\/\/blogs.thesocialmedia.com\/leblogmoto\/files\/2012\/07\/6a00d83451b18369e2011570713bc4970c-500wi.jpg","contentUrl":"https:\/\/blogs.thesocialmedia.com\/leblogmoto\/files\/2012\/07\/6a00d83451b18369e2011570713bc4970c-500wi.jpg","width":"500","height":"334"},{"@type":"BreadcrumbList","@id":"https:\/\/blogs.thesocialmedia.com\/leblogmoto\/2009\/06\/26\/valentino-la-formule-1-et-le-cafe-de-commerce\/#breadcrumb","itemListElement":[{"@type":"ListItem","position":1,"name":"Accueil","item":"https:\/\/blogs.thesocialmedia.com\/leblogmoto\/"},{"@type":"ListItem","position":2,"name":"Valentino, la Formule 1 et le caf\u00e9 du commerce."}]},{"@type":"WebSite","@id":"https:\/\/blogs.thesocialmedia.com\/leblogmoto\/#website","url":"https:\/\/blogs.thesocialmedia.com\/leblogmoto\/","name":"leblogmoto","description":"Toute l&#039;actualit\u00e9 des 2 roues","potentialAction":[{"@type":"SearchAction","target":{"@type":"EntryPoint","urlTemplate":"https:\/\/blogs.thesocialmedia.com\/leblogmoto\/?s={search_term_string}"},"query-input":{"@type":"PropertyValueSpecification","valueRequired":true,"valueName":"search_term_string"}}],"inLanguage":"fr-FR"},{"@type":"Person","@id":"https:\/\/blogs.thesocialmedia.com\/leblogmoto\/#\/schema\/person\/18bfe773e5725ed6d24f743da805362a","name":"benoit rieu","image":{"@type":"ImageObject","inLanguage":"fr-FR","@id":"https:\/\/blogs.thesocialmedia.com\/leblogmoto\/#\/schema\/person\/image\/","url":"https:\/\/secure.gravatar.com\/avatar\/?s=96&d=mm&r=g","contentUrl":"https:\/\/secure.gravatar.com\/avatar\/?s=96&d=mm&r=g","caption":"benoit rieu"},"url":"https:\/\/blogs.thesocialmedia.com\/leblogmoto\/author\/benoit-rieu\/"}]}},"_links":{"self":[{"href":"https:\/\/blogs.thesocialmedia.com\/leblogmoto\/wp-json\/wp\/v2\/posts\/95","targetHints":{"allow":["GET"]}}],"collection":[{"href":"https:\/\/blogs.thesocialmedia.com\/leblogmoto\/wp-json\/wp\/v2\/posts"}],"about":[{"href":"https:\/\/blogs.thesocialmedia.com\/leblogmoto\/wp-json\/wp\/v2\/types\/post"}],"author":[{"embeddable":true,"href":"https:\/\/blogs.thesocialmedia.com\/leblogmoto\/wp-json\/wp\/v2\/users\/324"}],"replies":[{"embeddable":true,"href":"https:\/\/blogs.thesocialmedia.com\/leblogmoto\/wp-json\/wp\/v2\/comments?post=95"}],"version-history":[{"count":2,"href":"https:\/\/blogs.thesocialmedia.com\/leblogmoto\/wp-json\/wp\/v2\/posts\/95\/revisions"}],"predecessor-version":[{"id":13879,"href":"https:\/\/blogs.thesocialmedia.com\/leblogmoto\/wp-json\/wp\/v2\/posts\/95\/revisions\/13879"}],"wp:featuredmedia":[{"embeddable":true,"href":"https:\/\/blogs.thesocialmedia.com\/leblogmoto\/wp-json\/wp\/v2\/media\/13877"}],"wp:attachment":[{"href":"https:\/\/blogs.thesocialmedia.com\/leblogmoto\/wp-json\/wp\/v2\/media?parent=95"}],"wp:term":[{"taxonomy":"category","embeddable":true,"href":"https:\/\/blogs.thesocialmedia.com\/leblogmoto\/wp-json\/wp\/v2\/categories?post=95"},{"taxonomy":"post_tag","embeddable":true,"href":"https:\/\/blogs.thesocialmedia.com\/leblogmoto\/wp-json\/wp\/v2\/tags?post=95"}],"curies":[{"name":"wp","href":"https:\/\/api.w.org\/{rel}","templated":true}]}}