{"id":950,"date":"2008-01-19T22:18:50","date_gmt":"2008-01-19T22:18:50","guid":{"rendered":"http:\/\/blogs.thesocialmedia.com\/leblogmoto\/2008\/01\/19\/prsentation-off-2\/"},"modified":"2012-07-11T15:14:56","modified_gmt":"2012-07-11T15:14:56","slug":"prsentation-off-2","status":"publish","type":"post","link":"https:\/\/blogs.thesocialmedia.com\/leblogmoto\/2008\/01\/19\/prsentation-off-2\/","title":{"rendered":"Pr\u00e9sentation officielle de la YZR-M1 de Rossi et Lorenzo."},"content":{"rendered":"<p><a href=\"http:\/\/blogs.thesocialmedia.com\/leblogmoto\/files\/2012\/07\/big_fiat_yamaha_team_v_10.jpg\"><img loading=\"lazy\" decoding=\"async\" height=\"706\" alt=\"Big_fiat_yamaha_team_v_10\" src=\"http:\/\/www.leblogmoto.com\/images\/2008\/01\/19\/big_fiat_yamaha_team_v_10.jpg\" width=\"470\"  \/><\/a> <\/p>\n<p>Nos amis italiens du Motoblog, qui nous font la joie de citer (grazie mille !) <a href=\"http:\/\/www.motoblog.it\/post\/11633\/i-caschi-artistici-di-robert-forsgren#continua\">un de nos articles<\/a> &#8211; un peu d&rsquo;autosatisfaction ne fait pas de mal &#8211; pr\u00e9sentent amplement sur leur site les photos de la sortie officielle de la Yamaha MotoGP 2008. Un conseil plein d&rsquo;ironie pour distinguer les deux motos pos\u00e9es sur leur b\u00e9quille d&rsquo;atelier: la b\u00e9cane de Vale est celle sponsoris\u00e9e par Bridgestone, vous savez, le seul manufacturier du plateau 2008 qui n&rsquo;a pas gagn\u00e9 5 titres avec <a href=\"http:\/\/www.leblogmoto.com\/2007\/11\/voici-limage-qu.html\">Rossi<\/a> dans la cat\u00e9gorie reine&#8230;<\/p>\n<p>Rappel rapide des faits: Apr\u00e8s deux saisons blanches et s&rsquo;\u00eatre fait subtiliser la deuxi\u00e8me place au championnat pilote par un brillant Dani Pedrosa dans <a href=\"http:\/\/www.leblogmoto.com\/2007\/11\/a-valencia-pedr.html\">la derni\u00e8re course de la saison<\/a>, le Doctor souhaite vivement (euph\u00e9misme ?) renouer avec le succ\u00e8s. Titr\u00e9 sans discontinuer de 2001 \u00e0 2005 avec les tr\u00e8s comp\u00e9titifs pneus Michelin (pl\u00e9onasme !), mais gardant un tr\u00e8s mauvais souvenir de l&rsquo;inconstance des gommes fournies par la marque au Bibendum, il pr\u00e9f\u00e9ra signer avec les Japonais. <\/p>\n<p>Un divorce (selon le propre mot utilis\u00e9 par Vale) qui laissa aux Clermontois un go\u00fbt amer dans la bouche. Et je vous \u00e9pargne toutes ces rumeurs insistantes qui entre temps pr\u00e9disaient l&rsquo;arriv\u00e9e d&rsquo;<a href=\"http:\/\/www.leblogmoto.com\/2007\/10\/il-ny-aura-pas-.html\">un manufacturier unique<\/a>. Il n&rsquo;en fut rien. <\/p>\n<p>R\u00e9sultat comme nous vous le pr\u00e9cisions pr\u00e9c\u00e9demment: la division surr\u00e9aliste de l&rsquo;espace d\u00e9di\u00e9 \u00e0 Yamaha dans le paddock en deux <em>pit boxes<\/em>, une organisation voulue par chacun des fournisseurs de gommes. Seuls les &quot;techos&quot;, les &quot;chefs m\u00e9cas&quot; et les &quot;ing\u00e9s&quot; du team Fiat Yamaha auront acc\u00e8s \u00e0 l&rsquo;ensemble des donn\u00e9es issues des tests, essais, qualifs et courses des deux entreprises.<\/p>\n<p>Pour une moto qui esp\u00e9rons-le saura surtout se distinguer plus par ses r\u00e9sultats que par ses livr\u00e9es, sans \u00eatre mesquin (aaaaah la livr\u00e9e Fiat Abarth !). Une nouvelle b\u00e9cane dont l&rsquo;a\u00e9ro ressemble beaucoup* \u00e0 la <a href=\"http:\/\/www.leblogmoto.com\/2007\/11\/laccident-de-st.html\">Ducati de l&rsquo;ann\u00e9e pr\u00e9c\u00e9dente<\/a> de Casey et Capirex. Remarquez aussi la l\u00e9g\u00e8re diff\u00e9rence dans le car\u00e9nage entre la M1 n\u00b046 et 48.<\/p>\n<p>Concernant la course au titre proprement dire, et selon les \u00e9l\u00e9ments que Rossi apporta derni\u00e8rement en interview, le titre se jouera entre <a href=\"http:\/\/www.leblogmoto.com\/2007\/12\/chirurgie-pour.html\">Casey Stoner<\/a>, <a href=\"http:\/\/www.leblogmoto.com\/2007\/11\/le-t-shirt-anti.html\">Dani Pedrosa<\/a> et lui-m\u00eame. Dans les pr\u00e9tendants, il omet (peut-\u00eatre) de citer un <a href=\"http:\/\/www.leblogmoto.com\/2007\/11\/retour-au-somme.html\">Nicky Hayden<\/a> revigor\u00e9, mais n&rsquo;oublie pas la menace de deux jeunes talents issus de la cat\u00e9gorie bient\u00f4t morte** des 250cc: Dovizioso et son propre co\u00e9quipier au sein du team Fiat Yamaha, champion du mode en titre des 250, Jorge Lorenzo. <\/p>\n<p>Le voil\u00e0 justement sur ces photos, le s\u00e9millant occupant du &quot;pit box d&rsquo;\u00e0 c\u00f4t\u00e9&quot;. <\/p>\n<p><em>*dans ses lignes g\u00e9n\u00e9rales et notamment l&rsquo;articulation bulle-car\u00e9nage.<\/em><\/p>\n<p><em>**car d\u00e9laiss\u00e9e industriellement par les grands constructeurs japonais. C&rsquo;est simple pour l&#8217;emporter en 250cc il vaut mieux chevaucher une Aprilia, Honda ayant par exemple gel\u00e9 le d\u00e9veloppement de sa moto depuis plusieurs ann\u00e9es dans cette cylindr\u00e9e (!), un comble quand on conna\u00eet la rage de vaincre et l&rsquo;organisation quasi-militaire du HRC. A comparer avec ce qu&rsquo;en a r\u00e9ussi \u00e0 faire Andrea Dovizioso, justement.<\/em><\/p>\n<p><em>cr\u00e9dit photos: motoblog.it<\/em><\/p>\n<p><a href=\"http:\/\/clabedan.typepad.com\/.shared\/image.html?\/photos\/uncategorized\/2008\/01\/19\/big_fiat_yamaha_team_05.jpg\"><img loading=\"lazy\" decoding=\"async\" height=\"312\" alt=\"Big_fiat_yamaha_team_05\" src=\"http:\/\/www.leblogmoto.com\/images\/2008\/01\/19\/big_fiat_yamaha_team_05.jpg\" width=\"470\"  \/><\/a> <\/p>\n<p><a href=\"http:\/\/blogs.thesocialmedia.com\/leblogmoto\/files\/2012\/07\/big_fiat_yamaha_team_04.jpg\"><img loading=\"lazy\" decoding=\"async\" height=\"312\" alt=\"Big_fiat_yamaha_team_04\" src=\"http:\/\/www.leblogmoto.com\/images\/2008\/01\/19\/big_fiat_yamaha_team_04.jpg\" width=\"470\"  \/><\/a> <\/p>\n<p><a href=\"http:\/\/blogs.thesocialmedia.com\/leblogmoto\/files\/2012\/07\/big_fiat_yamaha_team_06.jpg\"><img loading=\"lazy\" decoding=\"async\" height=\"312\" alt=\"Big_fiat_yamaha_team_06\" src=\"http:\/\/www.leblogmoto.com\/images\/2008\/01\/19\/big_fiat_yamaha_team_06.jpg\" width=\"470\"  \/><\/a> <\/p>\n<p><a href=\"http:\/\/blogs.thesocialmedia.com\/leblogmoto\/files\/2012\/07\/big_fiat_yamaha_team_07.jpg\"><img loading=\"lazy\" decoding=\"async\" height=\"312\" alt=\"Big_fiat_yamaha_team_07\" src=\"http:\/\/www.leblogmoto.com\/images\/2008\/01\/19\/big_fiat_yamaha_team_07.jpg\" width=\"470\"  \/><\/a><\/p>\n<p><a href=\"http:\/\/blogs.thesocialmedia.com\/leblogmoto\/files\/2012\/07\/big_fiat_yamaha_team_09.jpg\"><img loading=\"lazy\" decoding=\"async\" height=\"312\" alt=\"Big_fiat_yamaha_team_09\" src=\"http:\/\/www.leblogmoto.com\/images\/2008\/01\/19\/big_fiat_yamaha_team_09.jpg\" width=\"470\"  \/><\/a> <\/p>\n<p><a href=\"http:\/\/blogs.thesocialmedia.com\/leblogmoto\/files\/2012\/07\/big_fiat_yamaha_team_v_02.jpg\"><img loading=\"lazy\" decoding=\"async\" height=\"706\" alt=\"Big_fiat_yamaha_team_v_02\" src=\"http:\/\/www.leblogmoto.com\/images\/2008\/01\/19\/big_fiat_yamaha_team_v_02.jpg\" width=\"470\"  \/><\/a> <\/p>\n<p><a href=\"http:\/\/blogs.thesocialmedia.com\/leblogmoto\/files\/2012\/07\/big_fiat_yamaha_team_v_03.jpg\"><img loading=\"lazy\" decoding=\"async\" height=\"706\" alt=\"Big_fiat_yamaha_team_v_03\" src=\"http:\/\/www.leblogmoto.com\/images\/2008\/01\/19\/big_fiat_yamaha_team_v_03.jpg\" width=\"470\"  \/><\/a> <\/p>\n<p><a href=\"http:\/\/blogs.thesocialmedia.com\/leblogmoto\/files\/2012\/07\/big_fiat_yamaha_team_v_04.jpg\"><img loading=\"lazy\" decoding=\"async\" height=\"706\" alt=\"Big_fiat_yamaha_team_v_04\" src=\"http:\/\/www.leblogmoto.com\/images\/2008\/01\/19\/big_fiat_yamaha_team_v_04.jpg\" width=\"470\"  \/><\/a> <\/p>\n<p><a href=\"http:\/\/blogs.thesocialmedia.com\/leblogmoto\/files\/2012\/07\/big_fiat_yamaha_team_v_01.jpg\"><img loading=\"lazy\" decoding=\"async\" height=\"706\" alt=\"Big_fiat_yamaha_team_v_01\" src=\"http:\/\/www.leblogmoto.com\/images\/2008\/01\/19\/big_fiat_yamaha_team_v_01.jpg\" width=\"470\"  \/><\/a> <\/p>\n<p><a href=\"http:\/\/blogs.thesocialmedia.com\/leblogmoto\/files\/2012\/07\/big_fiat_yamaha_team_v_05.jpg\"><img loading=\"lazy\" decoding=\"async\" height=\"706\" alt=\"Big_fiat_yamaha_team_v_05\" src=\"http:\/\/www.leblogmoto.com\/images\/2008\/01\/19\/big_fiat_yamaha_team_v_05.jpg\" width=\"470\"  \/><\/a> <\/p>\n<p><a href=\"http:\/\/blogs.thesocialmedia.com\/leblogmoto\/files\/2012\/07\/big_fiat_yamaha_team_v_07.jpg\"><img loading=\"lazy\" decoding=\"async\" height=\"706\" alt=\"Big_fiat_yamaha_team_v_07\" src=\"http:\/\/www.leblogmoto.com\/images\/2008\/01\/19\/big_fiat_yamaha_team_v_07.jpg\" width=\"470\"  \/><\/a> <\/p>\n<p><a href=\"http:\/\/blogs.thesocialmedia.com\/leblogmoto\/files\/2012\/07\/big_fiat_yamaha_team_v_06.jpg\"><img loading=\"lazy\" decoding=\"async\" height=\"706\" alt=\"Big_fiat_yamaha_team_v_06\" src=\"http:\/\/www.leblogmoto.com\/images\/2008\/01\/19\/big_fiat_yamaha_team_v_06.jpg\" width=\"470\"  \/><\/a>&nbsp; <\/p>\n","protected":false},"excerpt":{"rendered":"<p>Nos amis italiens du Motoblog, qui nous font la joie de citer (grazie mille !) un de nos articles &#8211; un peu d&rsquo;autosatisfaction ne fait pas de mal &#8211; pr\u00e9sentent amplement sur leur site les photos de la sortie officielle de la Yamaha MotoGP 2008. Un conseil plein d&rsquo;ironie pour distinguer les deux motos pos\u00e9es [&hellip;]<\/p>\n","protected":false},"author":324,"featured_media":0,"comment_status":"open","ping_status":"open","sticky":false,"template":"","format":"standard","meta":{"footnotes":""},"categories":[22,32,44],"tags":[],"class_list":["post-950","post","type-post","status-publish","format-standard","hentry","category-motogp","category-sport-moto","category-yamaha"],"yoast_head":"<!-- This site is optimized with the Yoast SEO plugin v26.0 - https:\/\/yoast.com\/wordpress\/plugins\/seo\/ -->\n<title>Pr\u00e9sentation officielle de la YZR-M1 de Rossi et Lorenzo. - leblogmoto.com<\/title>\n<meta name=\"robots\" content=\"index, follow, max-snippet:-1, max-image-preview:large, max-video-preview:-1\" \/>\n<link rel=\"canonical\" href=\"https:\/\/blogs.thesocialmedia.com\/leblogmoto\/2008\/01\/19\/prsentation-off-2\/\" \/>\n<meta name=\"twitter:card\" content=\"summary_large_image\" \/>\n<meta name=\"twitter:title\" content=\"Pr\u00e9sentation officielle de la YZR-M1 de Rossi et Lorenzo. - leblogmoto.com\" \/>\n<meta name=\"twitter:description\" content=\"Nos amis italiens du Motoblog, qui nous font la joie de citer (grazie mille !) un de nos articles &#8211; un peu d&rsquo;autosatisfaction ne fait pas de mal &#8211; pr\u00e9sentent amplement sur leur site les photos de la sortie officielle de la Yamaha MotoGP 2008. Un conseil plein d&rsquo;ironie pour distinguer les deux motos pos\u00e9es [&hellip;]\" \/>\n<meta name=\"twitter:image\" content=\"http:\/\/www.leblogmoto.com\/images\/2008\/01\/19\/big_fiat_yamaha_team_v_10.jpg\" \/>\n<meta name=\"twitter:label1\" content=\"\u00c9crit par\" \/>\n\t<meta name=\"twitter:data1\" content=\"benoit rieu\" \/>\n\t<meta name=\"twitter:label2\" content=\"Dur\u00e9e de lecture estim\u00e9e\" \/>\n\t<meta name=\"twitter:data2\" content=\"3 minutes\" \/>\n<script type=\"application\/ld+json\" class=\"yoast-schema-graph\">{\"@context\":\"https:\/\/schema.org\",\"@graph\":[{\"@type\":\"WebPage\",\"@id\":\"https:\/\/blogs.thesocialmedia.com\/leblogmoto\/2008\/01\/19\/prsentation-off-2\/\",\"url\":\"https:\/\/blogs.thesocialmedia.com\/leblogmoto\/2008\/01\/19\/prsentation-off-2\/\",\"name\":\"Pr\u00e9sentation officielle de la YZR-M1 de Rossi et Lorenzo. - leblogmoto.com\",\"isPartOf\":{\"@id\":\"https:\/\/blogs.thesocialmedia.com\/leblogmoto\/#website\"},\"primaryImageOfPage\":{\"@id\":\"https:\/\/blogs.thesocialmedia.com\/leblogmoto\/2008\/01\/19\/prsentation-off-2\/#primaryimage\"},\"image\":{\"@id\":\"https:\/\/blogs.thesocialmedia.com\/leblogmoto\/2008\/01\/19\/prsentation-off-2\/#primaryimage\"},\"thumbnailUrl\":\"http:\/\/www.leblogmoto.com\/images\/2008\/01\/19\/big_fiat_yamaha_team_v_10.jpg\",\"datePublished\":\"2008-01-19T22:18:50+00:00\",\"dateModified\":\"2012-07-11T15:14:56+00:00\",\"author\":{\"@id\":\"https:\/\/blogs.thesocialmedia.com\/leblogmoto\/#\/schema\/person\/18bfe773e5725ed6d24f743da805362a\"},\"breadcrumb\":{\"@id\":\"https:\/\/blogs.thesocialmedia.com\/leblogmoto\/2008\/01\/19\/prsentation-off-2\/#breadcrumb\"},\"inLanguage\":\"fr-FR\",\"potentialAction\":[{\"@type\":\"ReadAction\",\"target\":[\"https:\/\/blogs.thesocialmedia.com\/leblogmoto\/2008\/01\/19\/prsentation-off-2\/\"]}]},{\"@type\":\"ImageObject\",\"inLanguage\":\"fr-FR\",\"@id\":\"https:\/\/blogs.thesocialmedia.com\/leblogmoto\/2008\/01\/19\/prsentation-off-2\/#primaryimage\",\"url\":\"http:\/\/www.leblogmoto.com\/images\/2008\/01\/19\/big_fiat_yamaha_team_v_10.jpg\",\"contentUrl\":\"http:\/\/www.leblogmoto.com\/images\/2008\/01\/19\/big_fiat_yamaha_team_v_10.jpg\"},{\"@type\":\"BreadcrumbList\",\"@id\":\"https:\/\/blogs.thesocialmedia.com\/leblogmoto\/2008\/01\/19\/prsentation-off-2\/#breadcrumb\",\"itemListElement\":[{\"@type\":\"ListItem\",\"position\":1,\"name\":\"Accueil\",\"item\":\"https:\/\/blogs.thesocialmedia.com\/leblogmoto\/\"},{\"@type\":\"ListItem\",\"position\":2,\"name\":\"Pr\u00e9sentation officielle de la YZR-M1 de Rossi et Lorenzo.\"}]},{\"@type\":\"WebSite\",\"@id\":\"https:\/\/blogs.thesocialmedia.com\/leblogmoto\/#website\",\"url\":\"https:\/\/blogs.thesocialmedia.com\/leblogmoto\/\",\"name\":\"leblogmoto\",\"description\":\"Toute l&#039;actualit\u00e9 des 2 roues\",\"potentialAction\":[{\"@type\":\"SearchAction\",\"target\":{\"@type\":\"EntryPoint\",\"urlTemplate\":\"https:\/\/blogs.thesocialmedia.com\/leblogmoto\/?s={search_term_string}\"},\"query-input\":{\"@type\":\"PropertyValueSpecification\",\"valueRequired\":true,\"valueName\":\"search_term_string\"}}],\"inLanguage\":\"fr-FR\"},{\"@type\":\"Person\",\"@id\":\"https:\/\/blogs.thesocialmedia.com\/leblogmoto\/#\/schema\/person\/18bfe773e5725ed6d24f743da805362a\",\"name\":\"benoit rieu\",\"image\":{\"@type\":\"ImageObject\",\"inLanguage\":\"fr-FR\",\"@id\":\"https:\/\/blogs.thesocialmedia.com\/leblogmoto\/#\/schema\/person\/image\/\",\"url\":\"https:\/\/secure.gravatar.com\/avatar\/?s=96&d=mm&r=g\",\"contentUrl\":\"https:\/\/secure.gravatar.com\/avatar\/?s=96&d=mm&r=g\",\"caption\":\"benoit rieu\"},\"url\":\"https:\/\/blogs.thesocialmedia.com\/leblogmoto\/author\/benoit-rieu\/\"}]}<\/script>\n<!-- \/ Yoast SEO plugin. -->","yoast_head_json":{"title":"Pr\u00e9sentation officielle de la YZR-M1 de Rossi et Lorenzo. - leblogmoto.com","robots":{"index":"index","follow":"follow","max-snippet":"max-snippet:-1","max-image-preview":"max-image-preview:large","max-video-preview":"max-video-preview:-1"},"canonical":"https:\/\/blogs.thesocialmedia.com\/leblogmoto\/2008\/01\/19\/prsentation-off-2\/","twitter_card":"summary_large_image","twitter_title":"Pr\u00e9sentation officielle de la YZR-M1 de Rossi et Lorenzo. - leblogmoto.com","twitter_description":"Nos amis italiens du Motoblog, qui nous font la joie de citer (grazie mille !) un de nos articles &#8211; un peu d&rsquo;autosatisfaction ne fait pas de mal &#8211; pr\u00e9sentent amplement sur leur site les photos de la sortie officielle de la Yamaha MotoGP 2008. Un conseil plein d&rsquo;ironie pour distinguer les deux motos pos\u00e9es [&hellip;]","twitter_image":"http:\/\/www.leblogmoto.com\/images\/2008\/01\/19\/big_fiat_yamaha_team_v_10.jpg","twitter_misc":{"\u00c9crit par":"benoit rieu","Dur\u00e9e de lecture estim\u00e9e":"3 minutes"},"schema":{"@context":"https:\/\/schema.org","@graph":[{"@type":"WebPage","@id":"https:\/\/blogs.thesocialmedia.com\/leblogmoto\/2008\/01\/19\/prsentation-off-2\/","url":"https:\/\/blogs.thesocialmedia.com\/leblogmoto\/2008\/01\/19\/prsentation-off-2\/","name":"Pr\u00e9sentation officielle de la YZR-M1 de Rossi et Lorenzo. - leblogmoto.com","isPartOf":{"@id":"https:\/\/blogs.thesocialmedia.com\/leblogmoto\/#website"},"primaryImageOfPage":{"@id":"https:\/\/blogs.thesocialmedia.com\/leblogmoto\/2008\/01\/19\/prsentation-off-2\/#primaryimage"},"image":{"@id":"https:\/\/blogs.thesocialmedia.com\/leblogmoto\/2008\/01\/19\/prsentation-off-2\/#primaryimage"},"thumbnailUrl":"http:\/\/www.leblogmoto.com\/images\/2008\/01\/19\/big_fiat_yamaha_team_v_10.jpg","datePublished":"2008-01-19T22:18:50+00:00","dateModified":"2012-07-11T15:14:56+00:00","author":{"@id":"https:\/\/blogs.thesocialmedia.com\/leblogmoto\/#\/schema\/person\/18bfe773e5725ed6d24f743da805362a"},"breadcrumb":{"@id":"https:\/\/blogs.thesocialmedia.com\/leblogmoto\/2008\/01\/19\/prsentation-off-2\/#breadcrumb"},"inLanguage":"fr-FR","potentialAction":[{"@type":"ReadAction","target":["https:\/\/blogs.thesocialmedia.com\/leblogmoto\/2008\/01\/19\/prsentation-off-2\/"]}]},{"@type":"ImageObject","inLanguage":"fr-FR","@id":"https:\/\/blogs.thesocialmedia.com\/leblogmoto\/2008\/01\/19\/prsentation-off-2\/#primaryimage","url":"http:\/\/www.leblogmoto.com\/images\/2008\/01\/19\/big_fiat_yamaha_team_v_10.jpg","contentUrl":"http:\/\/www.leblogmoto.com\/images\/2008\/01\/19\/big_fiat_yamaha_team_v_10.jpg"},{"@type":"BreadcrumbList","@id":"https:\/\/blogs.thesocialmedia.com\/leblogmoto\/2008\/01\/19\/prsentation-off-2\/#breadcrumb","itemListElement":[{"@type":"ListItem","position":1,"name":"Accueil","item":"https:\/\/blogs.thesocialmedia.com\/leblogmoto\/"},{"@type":"ListItem","position":2,"name":"Pr\u00e9sentation officielle de la YZR-M1 de Rossi et Lorenzo."}]},{"@type":"WebSite","@id":"https:\/\/blogs.thesocialmedia.com\/leblogmoto\/#website","url":"https:\/\/blogs.thesocialmedia.com\/leblogmoto\/","name":"leblogmoto","description":"Toute l&#039;actualit\u00e9 des 2 roues","potentialAction":[{"@type":"SearchAction","target":{"@type":"EntryPoint","urlTemplate":"https:\/\/blogs.thesocialmedia.com\/leblogmoto\/?s={search_term_string}"},"query-input":{"@type":"PropertyValueSpecification","valueRequired":true,"valueName":"search_term_string"}}],"inLanguage":"fr-FR"},{"@type":"Person","@id":"https:\/\/blogs.thesocialmedia.com\/leblogmoto\/#\/schema\/person\/18bfe773e5725ed6d24f743da805362a","name":"benoit rieu","image":{"@type":"ImageObject","inLanguage":"fr-FR","@id":"https:\/\/blogs.thesocialmedia.com\/leblogmoto\/#\/schema\/person\/image\/","url":"https:\/\/secure.gravatar.com\/avatar\/?s=96&d=mm&r=g","contentUrl":"https:\/\/secure.gravatar.com\/avatar\/?s=96&d=mm&r=g","caption":"benoit rieu"},"url":"https:\/\/blogs.thesocialmedia.com\/leblogmoto\/author\/benoit-rieu\/"}]}},"_links":{"self":[{"href":"https:\/\/blogs.thesocialmedia.com\/leblogmoto\/wp-json\/wp\/v2\/posts\/950","targetHints":{"allow":["GET"]}}],"collection":[{"href":"https:\/\/blogs.thesocialmedia.com\/leblogmoto\/wp-json\/wp\/v2\/posts"}],"about":[{"href":"https:\/\/blogs.thesocialmedia.com\/leblogmoto\/wp-json\/wp\/v2\/types\/post"}],"author":[{"embeddable":true,"href":"https:\/\/blogs.thesocialmedia.com\/leblogmoto\/wp-json\/wp\/v2\/users\/324"}],"replies":[{"embeddable":true,"href":"https:\/\/blogs.thesocialmedia.com\/leblogmoto\/wp-json\/wp\/v2\/comments?post=950"}],"version-history":[{"count":2,"href":"https:\/\/blogs.thesocialmedia.com\/leblogmoto\/wp-json\/wp\/v2\/posts\/950\/revisions"}],"predecessor-version":[{"id":9727,"href":"https:\/\/blogs.thesocialmedia.com\/leblogmoto\/wp-json\/wp\/v2\/posts\/950\/revisions\/9727"}],"wp:attachment":[{"href":"https:\/\/blogs.thesocialmedia.com\/leblogmoto\/wp-json\/wp\/v2\/media?parent=950"}],"wp:term":[{"taxonomy":"category","embeddable":true,"href":"https:\/\/blogs.thesocialmedia.com\/leblogmoto\/wp-json\/wp\/v2\/categories?post=950"},{"taxonomy":"post_tag","embeddable":true,"href":"https:\/\/blogs.thesocialmedia.com\/leblogmoto\/wp-json\/wp\/v2\/tags?post=950"}],"curies":[{"name":"wp","href":"https:\/\/api.w.org\/{rel}","templated":true}]}}