{"id":952,"date":"2008-01-19T01:25:31","date_gmt":"2008-01-19T01:25:31","guid":{"rendered":"http:\/\/blogs.thesocialmedia.com\/leblogmoto\/2008\/01\/19\/les-douanes-dtr\/"},"modified":"2012-07-11T15:14:17","modified_gmt":"2012-07-11T15:14:17","slug":"les-douanes-dtr","status":"publish","type":"post","link":"https:\/\/blogs.thesocialmedia.com\/leblogmoto\/2008\/01\/19\/les-douanes-dtr\/","title":{"rendered":"Les douanes d\u00e9truisent 280 mini-motos non conformes."},"content":{"rendered":"<p><a href=\"http:\/\/blogs.thesocialmedia.com\/leblogmoto\/files\/2012\/07\/pocket_bikes_de_funtipch.jpg\"><img loading=\"lazy\" decoding=\"async\" height=\"352\" alt=\"Pocket_bikes_de_funtipch\" src=\"http:\/\/www.leblogmoto.com\/images\/2008\/01\/18\/pocket_bikes_de_funtipch.jpg\" width=\"470\"  \/><\/a> <\/p>\n<p>La direction g\u00e9n\u00e9rale des Douanes a annonc\u00e9 que pr\u00e8s de 300 <em>pocket bikes<\/em> import\u00e9es de Chine, ont \u00e9t\u00e9 d\u00e9truites mercredi dernier \u00e0 St-Etienne. Contrairement \u00e0 ce que l&rsquo;on croit, le r\u00e9cent \u00e9v\u00e9nement de Villiers-le-Bel (deux gamins sur une mini-moto vol\u00e9e d\u00e9c\u00e8dent suite \u00e0 une collision avec une voiture de police) n&rsquo;a pas \u00e9t\u00e9 le facteur d\u00e9clenchant. La Commission Europ\u00e9enne demande en effet aux Etats membres de renforcer leurs contr\u00f4les sur ces deux-roues depuis l&rsquo;\u00e9t\u00e9 2006. <\/p>\n<p>Pour ce qui est de ces pocket bikes st\u00e9phanoises, l&rsquo;analyse en labo a montr\u00e9 des d\u00e9failllances du circuit de commande, une absence de protection de la cha\u00eene et du pot d&rsquo;\u00e9chappement pouvant engendrer des blessures au contact de la jambe et du v\u00eatement. Les services des douanes ont relev\u00e9 \u00e9galement un d\u00e9faut de mise en garde sur les risques d&rsquo;utilisation prolong\u00e9e des v\u00e9hicules, concernant en particulier le niveau sonore et les vibrations des membres et du corps entier.<\/p>\n<p>Ultime pr\u00e9cision: les motos concern\u00e9es ne sont pas celles prises en photo, cette derni\u00e8re ayant seulement pour but d&rsquo;illustrer l&rsquo;article.<\/p>\n<p><em>cr\u00e9dit photo: funtip.ch<\/em><\/p>\n<p><em>source: lefigaro.fr et liberation.fr<\/em><\/p>\n","protected":false},"excerpt":{"rendered":"<p>La direction g\u00e9n\u00e9rale des Douanes a annonc\u00e9 que pr\u00e8s de 300 pocket bikes import\u00e9es de Chine, ont \u00e9t\u00e9 d\u00e9truites mercredi dernier \u00e0 St-Etienne. Contrairement \u00e0 ce que l&rsquo;on croit, le r\u00e9cent \u00e9v\u00e9nement de Villiers-le-Bel (deux gamins sur une mini-moto vol\u00e9e d\u00e9c\u00e8dent suite \u00e0 une collision avec une voiture de police) n&rsquo;a pas \u00e9t\u00e9 le facteur [&hellip;]<\/p>\n","protected":false},"author":324,"featured_media":0,"comment_status":"open","ping_status":"open","sticky":false,"template":"","format":"standard","meta":{"footnotes":""},"categories":[3,79,27],"tags":[],"class_list":["post-952","post","type-post","status-publish","format-standard","hentry","category-actualite","category-pocket-bike","category-securite"],"yoast_head":"<!-- This site is optimized with the Yoast SEO plugin v26.0 - https:\/\/yoast.com\/wordpress\/plugins\/seo\/ -->\n<title>Les douanes d\u00e9truisent 280 mini-motos non conformes. - leblogmoto.com<\/title>\n<meta name=\"robots\" content=\"index, follow, max-snippet:-1, max-image-preview:large, max-video-preview:-1\" \/>\n<link rel=\"canonical\" href=\"https:\/\/blogs.thesocialmedia.com\/leblogmoto\/2008\/01\/19\/les-douanes-dtr\/\" \/>\n<meta name=\"twitter:card\" content=\"summary_large_image\" \/>\n<meta name=\"twitter:title\" content=\"Les douanes d\u00e9truisent 280 mini-motos non conformes. - leblogmoto.com\" \/>\n<meta name=\"twitter:description\" content=\"La direction g\u00e9n\u00e9rale des Douanes a annonc\u00e9 que pr\u00e8s de 300 pocket bikes import\u00e9es de Chine, ont \u00e9t\u00e9 d\u00e9truites mercredi dernier \u00e0 St-Etienne. Contrairement \u00e0 ce que l&rsquo;on croit, le r\u00e9cent \u00e9v\u00e9nement de Villiers-le-Bel (deux gamins sur une mini-moto vol\u00e9e d\u00e9c\u00e8dent suite \u00e0 une collision avec une voiture de police) n&rsquo;a pas \u00e9t\u00e9 le facteur [&hellip;]\" \/>\n<meta name=\"twitter:image\" content=\"http:\/\/www.leblogmoto.com\/images\/2008\/01\/18\/pocket_bikes_de_funtipch.jpg\" \/>\n<meta name=\"twitter:label1\" content=\"\u00c9crit par\" \/>\n\t<meta name=\"twitter:data1\" content=\"benoit rieu\" \/>\n\t<meta name=\"twitter:label2\" content=\"Dur\u00e9e de lecture estim\u00e9e\" \/>\n\t<meta name=\"twitter:data2\" content=\"1 minute\" \/>\n<script type=\"application\/ld+json\" class=\"yoast-schema-graph\">{\"@context\":\"https:\/\/schema.org\",\"@graph\":[{\"@type\":\"WebPage\",\"@id\":\"https:\/\/blogs.thesocialmedia.com\/leblogmoto\/2008\/01\/19\/les-douanes-dtr\/\",\"url\":\"https:\/\/blogs.thesocialmedia.com\/leblogmoto\/2008\/01\/19\/les-douanes-dtr\/\",\"name\":\"Les douanes d\u00e9truisent 280 mini-motos non conformes. - leblogmoto.com\",\"isPartOf\":{\"@id\":\"https:\/\/blogs.thesocialmedia.com\/leblogmoto\/#website\"},\"primaryImageOfPage\":{\"@id\":\"https:\/\/blogs.thesocialmedia.com\/leblogmoto\/2008\/01\/19\/les-douanes-dtr\/#primaryimage\"},\"image\":{\"@id\":\"https:\/\/blogs.thesocialmedia.com\/leblogmoto\/2008\/01\/19\/les-douanes-dtr\/#primaryimage\"},\"thumbnailUrl\":\"http:\/\/www.leblogmoto.com\/images\/2008\/01\/18\/pocket_bikes_de_funtipch.jpg\",\"datePublished\":\"2008-01-19T01:25:31+00:00\",\"dateModified\":\"2012-07-11T15:14:17+00:00\",\"author\":{\"@id\":\"https:\/\/blogs.thesocialmedia.com\/leblogmoto\/#\/schema\/person\/18bfe773e5725ed6d24f743da805362a\"},\"breadcrumb\":{\"@id\":\"https:\/\/blogs.thesocialmedia.com\/leblogmoto\/2008\/01\/19\/les-douanes-dtr\/#breadcrumb\"},\"inLanguage\":\"fr-FR\",\"potentialAction\":[{\"@type\":\"ReadAction\",\"target\":[\"https:\/\/blogs.thesocialmedia.com\/leblogmoto\/2008\/01\/19\/les-douanes-dtr\/\"]}]},{\"@type\":\"ImageObject\",\"inLanguage\":\"fr-FR\",\"@id\":\"https:\/\/blogs.thesocialmedia.com\/leblogmoto\/2008\/01\/19\/les-douanes-dtr\/#primaryimage\",\"url\":\"http:\/\/www.leblogmoto.com\/images\/2008\/01\/18\/pocket_bikes_de_funtipch.jpg\",\"contentUrl\":\"http:\/\/www.leblogmoto.com\/images\/2008\/01\/18\/pocket_bikes_de_funtipch.jpg\"},{\"@type\":\"BreadcrumbList\",\"@id\":\"https:\/\/blogs.thesocialmedia.com\/leblogmoto\/2008\/01\/19\/les-douanes-dtr\/#breadcrumb\",\"itemListElement\":[{\"@type\":\"ListItem\",\"position\":1,\"name\":\"Accueil\",\"item\":\"https:\/\/blogs.thesocialmedia.com\/leblogmoto\/\"},{\"@type\":\"ListItem\",\"position\":2,\"name\":\"Les douanes d\u00e9truisent 280 mini-motos non conformes.\"}]},{\"@type\":\"WebSite\",\"@id\":\"https:\/\/blogs.thesocialmedia.com\/leblogmoto\/#website\",\"url\":\"https:\/\/blogs.thesocialmedia.com\/leblogmoto\/\",\"name\":\"leblogmoto\",\"description\":\"Toute l&#039;actualit\u00e9 des 2 roues\",\"potentialAction\":[{\"@type\":\"SearchAction\",\"target\":{\"@type\":\"EntryPoint\",\"urlTemplate\":\"https:\/\/blogs.thesocialmedia.com\/leblogmoto\/?s={search_term_string}\"},\"query-input\":{\"@type\":\"PropertyValueSpecification\",\"valueRequired\":true,\"valueName\":\"search_term_string\"}}],\"inLanguage\":\"fr-FR\"},{\"@type\":\"Person\",\"@id\":\"https:\/\/blogs.thesocialmedia.com\/leblogmoto\/#\/schema\/person\/18bfe773e5725ed6d24f743da805362a\",\"name\":\"benoit rieu\",\"image\":{\"@type\":\"ImageObject\",\"inLanguage\":\"fr-FR\",\"@id\":\"https:\/\/blogs.thesocialmedia.com\/leblogmoto\/#\/schema\/person\/image\/\",\"url\":\"https:\/\/secure.gravatar.com\/avatar\/?s=96&d=mm&r=g\",\"contentUrl\":\"https:\/\/secure.gravatar.com\/avatar\/?s=96&d=mm&r=g\",\"caption\":\"benoit rieu\"},\"url\":\"https:\/\/blogs.thesocialmedia.com\/leblogmoto\/author\/benoit-rieu\/\"}]}<\/script>\n<!-- \/ Yoast SEO plugin. -->","yoast_head_json":{"title":"Les douanes d\u00e9truisent 280 mini-motos non conformes. - leblogmoto.com","robots":{"index":"index","follow":"follow","max-snippet":"max-snippet:-1","max-image-preview":"max-image-preview:large","max-video-preview":"max-video-preview:-1"},"canonical":"https:\/\/blogs.thesocialmedia.com\/leblogmoto\/2008\/01\/19\/les-douanes-dtr\/","twitter_card":"summary_large_image","twitter_title":"Les douanes d\u00e9truisent 280 mini-motos non conformes. - leblogmoto.com","twitter_description":"La direction g\u00e9n\u00e9rale des Douanes a annonc\u00e9 que pr\u00e8s de 300 pocket bikes import\u00e9es de Chine, ont \u00e9t\u00e9 d\u00e9truites mercredi dernier \u00e0 St-Etienne. Contrairement \u00e0 ce que l&rsquo;on croit, le r\u00e9cent \u00e9v\u00e9nement de Villiers-le-Bel (deux gamins sur une mini-moto vol\u00e9e d\u00e9c\u00e8dent suite \u00e0 une collision avec une voiture de police) n&rsquo;a pas \u00e9t\u00e9 le facteur [&hellip;]","twitter_image":"http:\/\/www.leblogmoto.com\/images\/2008\/01\/18\/pocket_bikes_de_funtipch.jpg","twitter_misc":{"\u00c9crit par":"benoit rieu","Dur\u00e9e de lecture estim\u00e9e":"1 minute"},"schema":{"@context":"https:\/\/schema.org","@graph":[{"@type":"WebPage","@id":"https:\/\/blogs.thesocialmedia.com\/leblogmoto\/2008\/01\/19\/les-douanes-dtr\/","url":"https:\/\/blogs.thesocialmedia.com\/leblogmoto\/2008\/01\/19\/les-douanes-dtr\/","name":"Les douanes d\u00e9truisent 280 mini-motos non conformes. - leblogmoto.com","isPartOf":{"@id":"https:\/\/blogs.thesocialmedia.com\/leblogmoto\/#website"},"primaryImageOfPage":{"@id":"https:\/\/blogs.thesocialmedia.com\/leblogmoto\/2008\/01\/19\/les-douanes-dtr\/#primaryimage"},"image":{"@id":"https:\/\/blogs.thesocialmedia.com\/leblogmoto\/2008\/01\/19\/les-douanes-dtr\/#primaryimage"},"thumbnailUrl":"http:\/\/www.leblogmoto.com\/images\/2008\/01\/18\/pocket_bikes_de_funtipch.jpg","datePublished":"2008-01-19T01:25:31+00:00","dateModified":"2012-07-11T15:14:17+00:00","author":{"@id":"https:\/\/blogs.thesocialmedia.com\/leblogmoto\/#\/schema\/person\/18bfe773e5725ed6d24f743da805362a"},"breadcrumb":{"@id":"https:\/\/blogs.thesocialmedia.com\/leblogmoto\/2008\/01\/19\/les-douanes-dtr\/#breadcrumb"},"inLanguage":"fr-FR","potentialAction":[{"@type":"ReadAction","target":["https:\/\/blogs.thesocialmedia.com\/leblogmoto\/2008\/01\/19\/les-douanes-dtr\/"]}]},{"@type":"ImageObject","inLanguage":"fr-FR","@id":"https:\/\/blogs.thesocialmedia.com\/leblogmoto\/2008\/01\/19\/les-douanes-dtr\/#primaryimage","url":"http:\/\/www.leblogmoto.com\/images\/2008\/01\/18\/pocket_bikes_de_funtipch.jpg","contentUrl":"http:\/\/www.leblogmoto.com\/images\/2008\/01\/18\/pocket_bikes_de_funtipch.jpg"},{"@type":"BreadcrumbList","@id":"https:\/\/blogs.thesocialmedia.com\/leblogmoto\/2008\/01\/19\/les-douanes-dtr\/#breadcrumb","itemListElement":[{"@type":"ListItem","position":1,"name":"Accueil","item":"https:\/\/blogs.thesocialmedia.com\/leblogmoto\/"},{"@type":"ListItem","position":2,"name":"Les douanes d\u00e9truisent 280 mini-motos non conformes."}]},{"@type":"WebSite","@id":"https:\/\/blogs.thesocialmedia.com\/leblogmoto\/#website","url":"https:\/\/blogs.thesocialmedia.com\/leblogmoto\/","name":"leblogmoto","description":"Toute l&#039;actualit\u00e9 des 2 roues","potentialAction":[{"@type":"SearchAction","target":{"@type":"EntryPoint","urlTemplate":"https:\/\/blogs.thesocialmedia.com\/leblogmoto\/?s={search_term_string}"},"query-input":{"@type":"PropertyValueSpecification","valueRequired":true,"valueName":"search_term_string"}}],"inLanguage":"fr-FR"},{"@type":"Person","@id":"https:\/\/blogs.thesocialmedia.com\/leblogmoto\/#\/schema\/person\/18bfe773e5725ed6d24f743da805362a","name":"benoit rieu","image":{"@type":"ImageObject","inLanguage":"fr-FR","@id":"https:\/\/blogs.thesocialmedia.com\/leblogmoto\/#\/schema\/person\/image\/","url":"https:\/\/secure.gravatar.com\/avatar\/?s=96&d=mm&r=g","contentUrl":"https:\/\/secure.gravatar.com\/avatar\/?s=96&d=mm&r=g","caption":"benoit rieu"},"url":"https:\/\/blogs.thesocialmedia.com\/leblogmoto\/author\/benoit-rieu\/"}]}},"_links":{"self":[{"href":"https:\/\/blogs.thesocialmedia.com\/leblogmoto\/wp-json\/wp\/v2\/posts\/952","targetHints":{"allow":["GET"]}}],"collection":[{"href":"https:\/\/blogs.thesocialmedia.com\/leblogmoto\/wp-json\/wp\/v2\/posts"}],"about":[{"href":"https:\/\/blogs.thesocialmedia.com\/leblogmoto\/wp-json\/wp\/v2\/types\/post"}],"author":[{"embeddable":true,"href":"https:\/\/blogs.thesocialmedia.com\/leblogmoto\/wp-json\/wp\/v2\/users\/324"}],"replies":[{"embeddable":true,"href":"https:\/\/blogs.thesocialmedia.com\/leblogmoto\/wp-json\/wp\/v2\/comments?post=952"}],"version-history":[{"count":2,"href":"https:\/\/blogs.thesocialmedia.com\/leblogmoto\/wp-json\/wp\/v2\/posts\/952\/revisions"}],"predecessor-version":[{"id":9711,"href":"https:\/\/blogs.thesocialmedia.com\/leblogmoto\/wp-json\/wp\/v2\/posts\/952\/revisions\/9711"}],"wp:attachment":[{"href":"https:\/\/blogs.thesocialmedia.com\/leblogmoto\/wp-json\/wp\/v2\/media?parent=952"}],"wp:term":[{"taxonomy":"category","embeddable":true,"href":"https:\/\/blogs.thesocialmedia.com\/leblogmoto\/wp-json\/wp\/v2\/categories?post=952"},{"taxonomy":"post_tag","embeddable":true,"href":"https:\/\/blogs.thesocialmedia.com\/leblogmoto\/wp-json\/wp\/v2\/tags?post=952"}],"curies":[{"name":"wp","href":"https:\/\/api.w.org\/{rel}","templated":true}]}}