{"id":954,"date":"2008-01-18T15:22:39","date_gmt":"2008-01-18T15:22:39","guid":{"rendered":"http:\/\/blogs.thesocialmedia.com\/leblogmoto\/2008\/01\/18\/la-loi-sur-les-2\/"},"modified":"2012-07-11T15:14:13","modified_gmt":"2012-07-11T15:14:13","slug":"la-loi-sur-les-2","status":"publish","type":"post","link":"https:\/\/blogs.thesocialmedia.com\/leblogmoto\/2008\/01\/18\/la-loi-sur-les-2\/","title":{"rendered":"La loi sur les 100cv remise en cause ?"},"content":{"rendered":"<p><a href=\"http:\/\/blogs.thesocialmedia.com\/leblogmoto\/files\/2012\/07\/ffmc6.gif\"><img loading=\"lazy\" decoding=\"async\" width=\"250\" height=\"91\"  src=\"http:\/\/www.leblogmoto.com\/images\/2008\/01\/18\/ffmc.gif\" alt=\"Ffmc\" style=\"margin: 0px 5px 5px 0px;float: left\" \/><\/a>Suite au rapport du <a href=\"http:\/\/lesservices.service-public.fr\/mod_res\/m_fserv.htm?DN=ou=B010102,%20ou=LA01,%20ou=centrale,%20ou=structures,%20ou=raf,%20o=gouv,%20c=FR\">Conseil G\u00e9n\u00e9ral des Ponts et Chauss\u00e9e<\/a> paru le 10 janvier sur la faisabilit\u00e9 du contr\u00f4le technique, il est aussi apparu des interrogations sur la loi des 100cv.<\/p>\n<p>En effet malgr\u00e9 le fait la France bride ses motos \u00e0 100cv, il n&rsquo;y a pas moins d&rsquo;accidents que dans les autres pays. De plus, le rapport indique que &quot;les vrais facteurs de risque, bien connus chez les motards, reposent sur le comportement et l\u2019utilisation non r\u00e9fl\u00e9chie qui est faite des performances (\u2026). Or, ce comportement se manifeste dans la conduite d\u2019engins de puissance bien inf\u00e9rieures \u00e0 la limite arbitraire de 100cv.&quot;<br \/>N\u00e9anmoins, n&rsquo;est-ce pas un moyen d\u00e9tourn\u00e9 de faire accepter le contr\u00f4le technique moto ?<\/p>\n<p>Source : <a href=\"http:\/\/www.ffmc.asso.fr\/\">FFMC<\/a><\/p>\n","protected":false},"excerpt":{"rendered":"<p>Suite au rapport du Conseil G\u00e9n\u00e9ral des Ponts et Chauss\u00e9e paru le 10 janvier sur la faisabilit\u00e9 du contr\u00f4le technique, il est aussi apparu des interrogations sur la loi des 100cv. En effet malgr\u00e9 le fait la France bride ses motos \u00e0 100cv, il n&rsquo;y a pas moins d&rsquo;accidents que dans les autres pays. De [&hellip;]<\/p>\n","protected":false},"author":329,"featured_media":0,"comment_status":"open","ping_status":"open","sticky":false,"template":"","format":"standard","meta":{"footnotes":""},"categories":[3],"tags":[],"class_list":["post-954","post","type-post","status-publish","format-standard","hentry","category-actualite"],"yoast_head":"<!-- This site is optimized with the Yoast SEO plugin v26.0 - https:\/\/yoast.com\/wordpress\/plugins\/seo\/ -->\n<title>La loi sur les 100cv remise en cause ? - leblogmoto.com<\/title>\n<meta name=\"robots\" content=\"index, follow, max-snippet:-1, max-image-preview:large, max-video-preview:-1\" \/>\n<link rel=\"canonical\" href=\"https:\/\/blogs.thesocialmedia.com\/leblogmoto\/2008\/01\/18\/la-loi-sur-les-2\/\" \/>\n<meta name=\"twitter:card\" content=\"summary_large_image\" \/>\n<meta name=\"twitter:title\" content=\"La loi sur les 100cv remise en cause ? - leblogmoto.com\" \/>\n<meta name=\"twitter:description\" content=\"Suite au rapport du Conseil G\u00e9n\u00e9ral des Ponts et Chauss\u00e9e paru le 10 janvier sur la faisabilit\u00e9 du contr\u00f4le technique, il est aussi apparu des interrogations sur la loi des 100cv. En effet malgr\u00e9 le fait la France bride ses motos \u00e0 100cv, il n&rsquo;y a pas moins d&rsquo;accidents que dans les autres pays. De [&hellip;]\" \/>\n<meta name=\"twitter:image\" content=\"http:\/\/www.leblogmoto.com\/images\/2008\/01\/18\/ffmc.gif\" \/>\n<meta name=\"twitter:label1\" content=\"\u00c9crit par\" \/>\n\t<meta name=\"twitter:data1\" content=\"gregory boucaud\" \/>\n\t<meta name=\"twitter:label2\" content=\"Dur\u00e9e de lecture estim\u00e9e\" \/>\n\t<meta name=\"twitter:data2\" content=\"1 minute\" \/>\n<script type=\"application\/ld+json\" class=\"yoast-schema-graph\">{\"@context\":\"https:\/\/schema.org\",\"@graph\":[{\"@type\":\"WebPage\",\"@id\":\"https:\/\/blogs.thesocialmedia.com\/leblogmoto\/2008\/01\/18\/la-loi-sur-les-2\/\",\"url\":\"https:\/\/blogs.thesocialmedia.com\/leblogmoto\/2008\/01\/18\/la-loi-sur-les-2\/\",\"name\":\"La loi sur les 100cv remise en cause ? - leblogmoto.com\",\"isPartOf\":{\"@id\":\"https:\/\/blogs.thesocialmedia.com\/leblogmoto\/#website\"},\"primaryImageOfPage\":{\"@id\":\"https:\/\/blogs.thesocialmedia.com\/leblogmoto\/2008\/01\/18\/la-loi-sur-les-2\/#primaryimage\"},\"image\":{\"@id\":\"https:\/\/blogs.thesocialmedia.com\/leblogmoto\/2008\/01\/18\/la-loi-sur-les-2\/#primaryimage\"},\"thumbnailUrl\":\"http:\/\/www.leblogmoto.com\/images\/2008\/01\/18\/ffmc.gif\",\"datePublished\":\"2008-01-18T15:22:39+00:00\",\"dateModified\":\"2012-07-11T15:14:13+00:00\",\"author\":{\"@id\":\"https:\/\/blogs.thesocialmedia.com\/leblogmoto\/#\/schema\/person\/769623f89741cc3381675029a37764f8\"},\"breadcrumb\":{\"@id\":\"https:\/\/blogs.thesocialmedia.com\/leblogmoto\/2008\/01\/18\/la-loi-sur-les-2\/#breadcrumb\"},\"inLanguage\":\"fr-FR\",\"potentialAction\":[{\"@type\":\"ReadAction\",\"target\":[\"https:\/\/blogs.thesocialmedia.com\/leblogmoto\/2008\/01\/18\/la-loi-sur-les-2\/\"]}]},{\"@type\":\"ImageObject\",\"inLanguage\":\"fr-FR\",\"@id\":\"https:\/\/blogs.thesocialmedia.com\/leblogmoto\/2008\/01\/18\/la-loi-sur-les-2\/#primaryimage\",\"url\":\"http:\/\/www.leblogmoto.com\/images\/2008\/01\/18\/ffmc.gif\",\"contentUrl\":\"http:\/\/www.leblogmoto.com\/images\/2008\/01\/18\/ffmc.gif\"},{\"@type\":\"BreadcrumbList\",\"@id\":\"https:\/\/blogs.thesocialmedia.com\/leblogmoto\/2008\/01\/18\/la-loi-sur-les-2\/#breadcrumb\",\"itemListElement\":[{\"@type\":\"ListItem\",\"position\":1,\"name\":\"Accueil\",\"item\":\"https:\/\/blogs.thesocialmedia.com\/leblogmoto\/\"},{\"@type\":\"ListItem\",\"position\":2,\"name\":\"La loi sur les 100cv remise en cause ?\"}]},{\"@type\":\"WebSite\",\"@id\":\"https:\/\/blogs.thesocialmedia.com\/leblogmoto\/#website\",\"url\":\"https:\/\/blogs.thesocialmedia.com\/leblogmoto\/\",\"name\":\"leblogmoto\",\"description\":\"Toute l&#039;actualit\u00e9 des 2 roues\",\"potentialAction\":[{\"@type\":\"SearchAction\",\"target\":{\"@type\":\"EntryPoint\",\"urlTemplate\":\"https:\/\/blogs.thesocialmedia.com\/leblogmoto\/?s={search_term_string}\"},\"query-input\":{\"@type\":\"PropertyValueSpecification\",\"valueRequired\":true,\"valueName\":\"search_term_string\"}}],\"inLanguage\":\"fr-FR\"},{\"@type\":\"Person\",\"@id\":\"https:\/\/blogs.thesocialmedia.com\/leblogmoto\/#\/schema\/person\/769623f89741cc3381675029a37764f8\",\"name\":\"gregory boucaud\",\"image\":{\"@type\":\"ImageObject\",\"inLanguage\":\"fr-FR\",\"@id\":\"https:\/\/blogs.thesocialmedia.com\/leblogmoto\/#\/schema\/person\/image\/\",\"url\":\"https:\/\/secure.gravatar.com\/avatar\/?s=96&d=mm&r=g\",\"contentUrl\":\"https:\/\/secure.gravatar.com\/avatar\/?s=96&d=mm&r=g\",\"caption\":\"gregory boucaud\"},\"url\":\"https:\/\/blogs.thesocialmedia.com\/leblogmoto\/author\/gregory-boucaud\/\"}]}<\/script>\n<!-- \/ Yoast SEO plugin. -->","yoast_head_json":{"title":"La loi sur les 100cv remise en cause ? - leblogmoto.com","robots":{"index":"index","follow":"follow","max-snippet":"max-snippet:-1","max-image-preview":"max-image-preview:large","max-video-preview":"max-video-preview:-1"},"canonical":"https:\/\/blogs.thesocialmedia.com\/leblogmoto\/2008\/01\/18\/la-loi-sur-les-2\/","twitter_card":"summary_large_image","twitter_title":"La loi sur les 100cv remise en cause ? - leblogmoto.com","twitter_description":"Suite au rapport du Conseil G\u00e9n\u00e9ral des Ponts et Chauss\u00e9e paru le 10 janvier sur la faisabilit\u00e9 du contr\u00f4le technique, il est aussi apparu des interrogations sur la loi des 100cv. En effet malgr\u00e9 le fait la France bride ses motos \u00e0 100cv, il n&rsquo;y a pas moins d&rsquo;accidents que dans les autres pays. De [&hellip;]","twitter_image":"http:\/\/www.leblogmoto.com\/images\/2008\/01\/18\/ffmc.gif","twitter_misc":{"\u00c9crit par":"gregory boucaud","Dur\u00e9e de lecture estim\u00e9e":"1 minute"},"schema":{"@context":"https:\/\/schema.org","@graph":[{"@type":"WebPage","@id":"https:\/\/blogs.thesocialmedia.com\/leblogmoto\/2008\/01\/18\/la-loi-sur-les-2\/","url":"https:\/\/blogs.thesocialmedia.com\/leblogmoto\/2008\/01\/18\/la-loi-sur-les-2\/","name":"La loi sur les 100cv remise en cause ? - leblogmoto.com","isPartOf":{"@id":"https:\/\/blogs.thesocialmedia.com\/leblogmoto\/#website"},"primaryImageOfPage":{"@id":"https:\/\/blogs.thesocialmedia.com\/leblogmoto\/2008\/01\/18\/la-loi-sur-les-2\/#primaryimage"},"image":{"@id":"https:\/\/blogs.thesocialmedia.com\/leblogmoto\/2008\/01\/18\/la-loi-sur-les-2\/#primaryimage"},"thumbnailUrl":"http:\/\/www.leblogmoto.com\/images\/2008\/01\/18\/ffmc.gif","datePublished":"2008-01-18T15:22:39+00:00","dateModified":"2012-07-11T15:14:13+00:00","author":{"@id":"https:\/\/blogs.thesocialmedia.com\/leblogmoto\/#\/schema\/person\/769623f89741cc3381675029a37764f8"},"breadcrumb":{"@id":"https:\/\/blogs.thesocialmedia.com\/leblogmoto\/2008\/01\/18\/la-loi-sur-les-2\/#breadcrumb"},"inLanguage":"fr-FR","potentialAction":[{"@type":"ReadAction","target":["https:\/\/blogs.thesocialmedia.com\/leblogmoto\/2008\/01\/18\/la-loi-sur-les-2\/"]}]},{"@type":"ImageObject","inLanguage":"fr-FR","@id":"https:\/\/blogs.thesocialmedia.com\/leblogmoto\/2008\/01\/18\/la-loi-sur-les-2\/#primaryimage","url":"http:\/\/www.leblogmoto.com\/images\/2008\/01\/18\/ffmc.gif","contentUrl":"http:\/\/www.leblogmoto.com\/images\/2008\/01\/18\/ffmc.gif"},{"@type":"BreadcrumbList","@id":"https:\/\/blogs.thesocialmedia.com\/leblogmoto\/2008\/01\/18\/la-loi-sur-les-2\/#breadcrumb","itemListElement":[{"@type":"ListItem","position":1,"name":"Accueil","item":"https:\/\/blogs.thesocialmedia.com\/leblogmoto\/"},{"@type":"ListItem","position":2,"name":"La loi sur les 100cv remise en cause ?"}]},{"@type":"WebSite","@id":"https:\/\/blogs.thesocialmedia.com\/leblogmoto\/#website","url":"https:\/\/blogs.thesocialmedia.com\/leblogmoto\/","name":"leblogmoto","description":"Toute l&#039;actualit\u00e9 des 2 roues","potentialAction":[{"@type":"SearchAction","target":{"@type":"EntryPoint","urlTemplate":"https:\/\/blogs.thesocialmedia.com\/leblogmoto\/?s={search_term_string}"},"query-input":{"@type":"PropertyValueSpecification","valueRequired":true,"valueName":"search_term_string"}}],"inLanguage":"fr-FR"},{"@type":"Person","@id":"https:\/\/blogs.thesocialmedia.com\/leblogmoto\/#\/schema\/person\/769623f89741cc3381675029a37764f8","name":"gregory boucaud","image":{"@type":"ImageObject","inLanguage":"fr-FR","@id":"https:\/\/blogs.thesocialmedia.com\/leblogmoto\/#\/schema\/person\/image\/","url":"https:\/\/secure.gravatar.com\/avatar\/?s=96&d=mm&r=g","contentUrl":"https:\/\/secure.gravatar.com\/avatar\/?s=96&d=mm&r=g","caption":"gregory boucaud"},"url":"https:\/\/blogs.thesocialmedia.com\/leblogmoto\/author\/gregory-boucaud\/"}]}},"_links":{"self":[{"href":"https:\/\/blogs.thesocialmedia.com\/leblogmoto\/wp-json\/wp\/v2\/posts\/954","targetHints":{"allow":["GET"]}}],"collection":[{"href":"https:\/\/blogs.thesocialmedia.com\/leblogmoto\/wp-json\/wp\/v2\/posts"}],"about":[{"href":"https:\/\/blogs.thesocialmedia.com\/leblogmoto\/wp-json\/wp\/v2\/types\/post"}],"author":[{"embeddable":true,"href":"https:\/\/blogs.thesocialmedia.com\/leblogmoto\/wp-json\/wp\/v2\/users\/329"}],"replies":[{"embeddable":true,"href":"https:\/\/blogs.thesocialmedia.com\/leblogmoto\/wp-json\/wp\/v2\/comments?post=954"}],"version-history":[{"count":2,"href":"https:\/\/blogs.thesocialmedia.com\/leblogmoto\/wp-json\/wp\/v2\/posts\/954\/revisions"}],"predecessor-version":[{"id":9707,"href":"https:\/\/blogs.thesocialmedia.com\/leblogmoto\/wp-json\/wp\/v2\/posts\/954\/revisions\/9707"}],"wp:attachment":[{"href":"https:\/\/blogs.thesocialmedia.com\/leblogmoto\/wp-json\/wp\/v2\/media?parent=954"}],"wp:term":[{"taxonomy":"category","embeddable":true,"href":"https:\/\/blogs.thesocialmedia.com\/leblogmoto\/wp-json\/wp\/v2\/categories?post=954"},{"taxonomy":"post_tag","embeddable":true,"href":"https:\/\/blogs.thesocialmedia.com\/leblogmoto\/wp-json\/wp\/v2\/tags?post=954"}],"curies":[{"name":"wp","href":"https:\/\/api.w.org\/{rel}","templated":true}]}}