{"id":956,"date":"2008-01-18T04:21:47","date_gmt":"2008-01-18T04:21:47","guid":{"rendered":"http:\/\/blogs.thesocialmedia.com\/leblogmoto\/2008\/01\/18\/album-du-vend-3-14\/"},"modified":"2012-07-11T15:14:11","modified_gmt":"2012-07-11T15:14:11","slug":"album-du-vend-3-14","status":"publish","type":"post","link":"https:\/\/blogs.thesocialmedia.com\/leblogmoto\/2008\/01\/18\/album-du-vend-3-14\/","title":{"rendered":"Album du vendredi, L&rsquo;\u00e9toile des calendriers"},"content":{"rendered":"<p><a href=\"http:\/\/blogs.thesocialmedia.com\/leblogmoto\/files\/2012\/07\/012.jpg\"><img loading=\"lazy\" decoding=\"async\" width=\"470\" height=\"352\"  src=\"http:\/\/www.leblogmoto.com\/images\/2008\/01\/17\/01.jpg\" alt=\"01\" \/><\/a> <\/p>\n<p>On nous demande parfois, quand une image frappe l&rsquo;imaginaire de par sa force d&rsquo;\u00e9vocation ou sa beaut\u00e9 plastique, si elle est offerte en un plus grand format que ce que permet notre plateforme de publication. Malheureusement aussi, souvent les plus belles savent se faire d\u00e9sirer, et rechigne \u00e0 s&rsquo;\u00e9tendre en plein \u00e9cran.<\/p>\n<p><a href=\"http:\/\/blogs.thesocialmedia.com\/leblogmoto\/files\/2012\/07\/021.jpg\"><img loading=\"lazy\" decoding=\"async\" width=\"470\" height=\"352\"  src=\"http:\/\/www.leblogmoto.com\/images\/2008\/01\/17\/02.jpg\" alt=\"02\" \/><\/a> <\/p>\n<p>Mais parfois, il y a de petits miracles, comme cette ressource trouv\u00e9e chez la division am\u00e9ricaine des cruisers de <a href=\"http:\/\/www.yamaha-motor-europe.com\/\">Yamaha<\/a>, \u00ab<a href=\"http:\/\/www.starmotorcycles.com\/\">Star Motorcycles<\/a>\u00bb. Les images sont issues d&rsquo;un calendrier, que l&rsquo;on s&rsquo;arrache aux \u00c9tats-Unis, mettant en vedette les produits de la marque, mais grandement \u00abcustomis\u00e9s \u00bb par sa client\u00e8le. Sur une base de custom d&rsquo;usine, l&rsquo;amateur dou\u00e9 ou fortun\u00e9, qui revampe le mod\u00e8le selon ses affinit\u00e9s, peut soumettre sa cr\u00e9ation et avoir ainsi la chance de figurer dans un de ces calendriers. Tout \u00e7a pour faire croire au motard que sa moto japonaise, avec beaucoup de maquillage et encore plus de d\u00e9nis, elle peut \u00eatre un peu am\u00e9ricaine, dans sa t\u00eate.<br \/>Alors, \u00e9videmment, le style est r\u00e9solument Far West, avec une large part d&rsquo;inspiration \u00abIndian\u00bb revisit\u00e9 avec imagination, on doit tout de m\u00eame le reconna\u00eetre. <br \/>\u00c9videmment, il faut aimer, mais avec une s\u00e9lection de plus de 66 mod\u00e8les diff\u00e9rents, m\u00eame les plus difficiles sauront trouver une moto digne de leur \u00e9cran.<br \/>Et puisque nous sommes dans le domaine des calendriers, en Californie, o\u00f9 l&rsquo;on trouve de tout, se tient \u00e0 la mi-juillet le \u00ab<a href=\"http:\/\/www.fastdates.com\/BIKESHOW.HTM\">LA Calendar Motorcycle Show<\/a>\u00bb, jumel\u00e9 avec le \u00abCalendar Girl Music Festival\u00bb. Pas besoin de faire un dessin pour imaginer l&rsquo;ambiance.<\/p>\n<p><a href=\"http:\/\/www.starmotorcycles.com\/star\/calendar\/cal.aspx\">Lien direct vers les images haute r\u00e9solution des calendriers<\/a>.<\/p>\n<p><a href=\"http:\/\/clabedan.typepad.com\/.shared\/image.html?\/photos\/uncategorized\/2008\/01\/17\/03.jpg\"><img loading=\"lazy\" decoding=\"async\" width=\"470\" height=\"352\"  src=\"http:\/\/www.leblogmoto.com\/images\/2008\/01\/17\/03.jpg\" alt=\"03\" \/><\/a> <\/p>\n<p><a href=\"http:\/\/blogs.thesocialmedia.com\/leblogmoto\/files\/2012\/07\/041.jpg\"><img loading=\"lazy\" decoding=\"async\" width=\"470\" height=\"352\"  src=\"http:\/\/www.leblogmoto.com\/images\/2008\/01\/17\/04.jpg\" alt=\"04\" \/><\/a> <\/p>\n<p><a href=\"http:\/\/blogs.thesocialmedia.com\/leblogmoto\/files\/2012\/07\/053.jpg\"><img loading=\"lazy\" decoding=\"async\" width=\"470\" height=\"352\"  src=\"http:\/\/www.leblogmoto.com\/images\/2008\/01\/17\/05.jpg\" alt=\"05\" \/><\/a> <\/p>\n<p><a href=\"http:\/\/blogs.thesocialmedia.com\/leblogmoto\/files\/2012\/07\/061.jpg\"><img loading=\"lazy\" decoding=\"async\" width=\"470\" height=\"352\"  src=\"http:\/\/www.leblogmoto.com\/images\/2008\/01\/17\/06.jpg\" alt=\"06\" \/><\/a> <\/p>\n<p><a href=\"http:\/\/blogs.thesocialmedia.com\/leblogmoto\/files\/2012\/07\/072.jpg\"><img loading=\"lazy\" decoding=\"async\" width=\"470\" height=\"352\"  src=\"http:\/\/www.leblogmoto.com\/images\/2008\/01\/17\/07.jpg\" alt=\"07\" \/><\/a> <\/p>\n<p><a href=\"http:\/\/blogs.thesocialmedia.com\/leblogmoto\/files\/2012\/07\/081.jpg\"><img loading=\"lazy\" decoding=\"async\" width=\"470\" height=\"352\"  src=\"http:\/\/www.leblogmoto.com\/images\/2008\/01\/17\/08.jpg\" alt=\"08\" \/><\/a> <\/p>\n<p><a href=\"http:\/\/blogs.thesocialmedia.com\/leblogmoto\/files\/2012\/07\/091.jpg\"><img loading=\"lazy\" decoding=\"async\" width=\"470\" height=\"352\"  src=\"http:\/\/www.leblogmoto.com\/images\/2008\/01\/17\/09.jpg\" alt=\"09\" \/><\/a> <\/p>\n<p><a href=\"http:\/\/blogs.thesocialmedia.com\/leblogmoto\/files\/2012\/07\/10.jpg\"><img loading=\"lazy\" decoding=\"async\" width=\"470\" height=\"352\"  src=\"http:\/\/www.leblogmoto.com\/images\/2008\/01\/17\/10.jpg\" alt=\"10\" \/><\/a> <\/p>\n<p><a href=\"http:\/\/blogs.thesocialmedia.com\/leblogmoto\/files\/2012\/07\/11.jpg\"><img loading=\"lazy\" decoding=\"async\" width=\"470\" height=\"352\"  src=\"http:\/\/www.leblogmoto.com\/images\/2008\/01\/17\/11.jpg\" alt=\"11\" \/><\/a> <\/p>\n","protected":false},"excerpt":{"rendered":"<p>On nous demande parfois, quand une image frappe l&rsquo;imaginaire de par sa force d&rsquo;\u00e9vocation ou sa beaut\u00e9 plastique, si elle est offerte en un plus grand format que ce que permet notre plateforme de publication. Malheureusement aussi, souvent les plus belles savent se faire d\u00e9sirer, et rechigne \u00e0 s&rsquo;\u00e9tendre en plein \u00e9cran. Mais parfois, il [&hellip;]<\/p>\n","protected":false},"author":325,"featured_media":0,"comment_status":"open","ping_status":"open","sticky":false,"template":"","format":"standard","meta":{"footnotes":""},"categories":[16,58,10,44],"tags":[],"class_list":["post-956","post","type-post","status-publish","format-standard","hentry","category-art-moto","category-insolite","category-meetings","category-yamaha"],"yoast_head":"<!-- This site is optimized with the Yoast SEO plugin v26.0 - https:\/\/yoast.com\/wordpress\/plugins\/seo\/ -->\n<title>Album du vendredi, L&#039;\u00e9toile des calendriers - leblogmoto.com<\/title>\n<meta name=\"robots\" content=\"index, follow, max-snippet:-1, max-image-preview:large, max-video-preview:-1\" \/>\n<link rel=\"canonical\" href=\"https:\/\/blogs.thesocialmedia.com\/leblogmoto\/2008\/01\/18\/album-du-vend-3-14\/\" \/>\n<meta name=\"twitter:card\" content=\"summary_large_image\" \/>\n<meta name=\"twitter:title\" content=\"Album du vendredi, L&#039;\u00e9toile des calendriers - leblogmoto.com\" \/>\n<meta name=\"twitter:description\" content=\"On nous demande parfois, quand une image frappe l&rsquo;imaginaire de par sa force d&rsquo;\u00e9vocation ou sa beaut\u00e9 plastique, si elle est offerte en un plus grand format que ce que permet notre plateforme de publication. Malheureusement aussi, souvent les plus belles savent se faire d\u00e9sirer, et rechigne \u00e0 s&rsquo;\u00e9tendre en plein \u00e9cran. Mais parfois, il [&hellip;]\" \/>\n<meta name=\"twitter:image\" content=\"http:\/\/www.leblogmoto.com\/images\/2008\/01\/17\/01.jpg\" \/>\n<meta name=\"twitter:label1\" content=\"\u00c9crit par\" \/>\n\t<meta name=\"twitter:data1\" content=\"jacques lesage\" \/>\n\t<meta name=\"twitter:label2\" content=\"Dur\u00e9e de lecture estim\u00e9e\" \/>\n\t<meta name=\"twitter:data2\" content=\"1 minute\" \/>\n<script type=\"application\/ld+json\" class=\"yoast-schema-graph\">{\"@context\":\"https:\/\/schema.org\",\"@graph\":[{\"@type\":\"WebPage\",\"@id\":\"https:\/\/blogs.thesocialmedia.com\/leblogmoto\/2008\/01\/18\/album-du-vend-3-14\/\",\"url\":\"https:\/\/blogs.thesocialmedia.com\/leblogmoto\/2008\/01\/18\/album-du-vend-3-14\/\",\"name\":\"Album du vendredi, L'\u00e9toile des calendriers - leblogmoto.com\",\"isPartOf\":{\"@id\":\"https:\/\/blogs.thesocialmedia.com\/leblogmoto\/#website\"},\"primaryImageOfPage\":{\"@id\":\"https:\/\/blogs.thesocialmedia.com\/leblogmoto\/2008\/01\/18\/album-du-vend-3-14\/#primaryimage\"},\"image\":{\"@id\":\"https:\/\/blogs.thesocialmedia.com\/leblogmoto\/2008\/01\/18\/album-du-vend-3-14\/#primaryimage\"},\"thumbnailUrl\":\"http:\/\/www.leblogmoto.com\/images\/2008\/01\/17\/01.jpg\",\"datePublished\":\"2008-01-18T04:21:47+00:00\",\"dateModified\":\"2012-07-11T15:14:11+00:00\",\"author\":{\"@id\":\"https:\/\/blogs.thesocialmedia.com\/leblogmoto\/#\/schema\/person\/e82a0ca8a9a63d031586097a3ed58526\"},\"breadcrumb\":{\"@id\":\"https:\/\/blogs.thesocialmedia.com\/leblogmoto\/2008\/01\/18\/album-du-vend-3-14\/#breadcrumb\"},\"inLanguage\":\"fr-FR\",\"potentialAction\":[{\"@type\":\"ReadAction\",\"target\":[\"https:\/\/blogs.thesocialmedia.com\/leblogmoto\/2008\/01\/18\/album-du-vend-3-14\/\"]}]},{\"@type\":\"ImageObject\",\"inLanguage\":\"fr-FR\",\"@id\":\"https:\/\/blogs.thesocialmedia.com\/leblogmoto\/2008\/01\/18\/album-du-vend-3-14\/#primaryimage\",\"url\":\"http:\/\/www.leblogmoto.com\/images\/2008\/01\/17\/01.jpg\",\"contentUrl\":\"http:\/\/www.leblogmoto.com\/images\/2008\/01\/17\/01.jpg\"},{\"@type\":\"BreadcrumbList\",\"@id\":\"https:\/\/blogs.thesocialmedia.com\/leblogmoto\/2008\/01\/18\/album-du-vend-3-14\/#breadcrumb\",\"itemListElement\":[{\"@type\":\"ListItem\",\"position\":1,\"name\":\"Accueil\",\"item\":\"https:\/\/blogs.thesocialmedia.com\/leblogmoto\/\"},{\"@type\":\"ListItem\",\"position\":2,\"name\":\"Album du vendredi, L&rsquo;\u00e9toile des calendriers\"}]},{\"@type\":\"WebSite\",\"@id\":\"https:\/\/blogs.thesocialmedia.com\/leblogmoto\/#website\",\"url\":\"https:\/\/blogs.thesocialmedia.com\/leblogmoto\/\",\"name\":\"leblogmoto\",\"description\":\"Toute l&#039;actualit\u00e9 des 2 roues\",\"potentialAction\":[{\"@type\":\"SearchAction\",\"target\":{\"@type\":\"EntryPoint\",\"urlTemplate\":\"https:\/\/blogs.thesocialmedia.com\/leblogmoto\/?s={search_term_string}\"},\"query-input\":{\"@type\":\"PropertyValueSpecification\",\"valueRequired\":true,\"valueName\":\"search_term_string\"}}],\"inLanguage\":\"fr-FR\"},{\"@type\":\"Person\",\"@id\":\"https:\/\/blogs.thesocialmedia.com\/leblogmoto\/#\/schema\/person\/e82a0ca8a9a63d031586097a3ed58526\",\"name\":\"jacques lesage\",\"image\":{\"@type\":\"ImageObject\",\"inLanguage\":\"fr-FR\",\"@id\":\"https:\/\/blogs.thesocialmedia.com\/leblogmoto\/#\/schema\/person\/image\/\",\"url\":\"https:\/\/secure.gravatar.com\/avatar\/?s=96&d=mm&r=g\",\"contentUrl\":\"https:\/\/secure.gravatar.com\/avatar\/?s=96&d=mm&r=g\",\"caption\":\"jacques lesage\"},\"url\":\"https:\/\/blogs.thesocialmedia.com\/leblogmoto\/author\/jacques-lesage\/\"}]}<\/script>\n<!-- \/ Yoast SEO plugin. -->","yoast_head_json":{"title":"Album du vendredi, L'\u00e9toile des calendriers - leblogmoto.com","robots":{"index":"index","follow":"follow","max-snippet":"max-snippet:-1","max-image-preview":"max-image-preview:large","max-video-preview":"max-video-preview:-1"},"canonical":"https:\/\/blogs.thesocialmedia.com\/leblogmoto\/2008\/01\/18\/album-du-vend-3-14\/","twitter_card":"summary_large_image","twitter_title":"Album du vendredi, L'\u00e9toile des calendriers - leblogmoto.com","twitter_description":"On nous demande parfois, quand une image frappe l&rsquo;imaginaire de par sa force d&rsquo;\u00e9vocation ou sa beaut\u00e9 plastique, si elle est offerte en un plus grand format que ce que permet notre plateforme de publication. Malheureusement aussi, souvent les plus belles savent se faire d\u00e9sirer, et rechigne \u00e0 s&rsquo;\u00e9tendre en plein \u00e9cran. Mais parfois, il [&hellip;]","twitter_image":"http:\/\/www.leblogmoto.com\/images\/2008\/01\/17\/01.jpg","twitter_misc":{"\u00c9crit par":"jacques lesage","Dur\u00e9e de lecture estim\u00e9e":"1 minute"},"schema":{"@context":"https:\/\/schema.org","@graph":[{"@type":"WebPage","@id":"https:\/\/blogs.thesocialmedia.com\/leblogmoto\/2008\/01\/18\/album-du-vend-3-14\/","url":"https:\/\/blogs.thesocialmedia.com\/leblogmoto\/2008\/01\/18\/album-du-vend-3-14\/","name":"Album du vendredi, L'\u00e9toile des calendriers - leblogmoto.com","isPartOf":{"@id":"https:\/\/blogs.thesocialmedia.com\/leblogmoto\/#website"},"primaryImageOfPage":{"@id":"https:\/\/blogs.thesocialmedia.com\/leblogmoto\/2008\/01\/18\/album-du-vend-3-14\/#primaryimage"},"image":{"@id":"https:\/\/blogs.thesocialmedia.com\/leblogmoto\/2008\/01\/18\/album-du-vend-3-14\/#primaryimage"},"thumbnailUrl":"http:\/\/www.leblogmoto.com\/images\/2008\/01\/17\/01.jpg","datePublished":"2008-01-18T04:21:47+00:00","dateModified":"2012-07-11T15:14:11+00:00","author":{"@id":"https:\/\/blogs.thesocialmedia.com\/leblogmoto\/#\/schema\/person\/e82a0ca8a9a63d031586097a3ed58526"},"breadcrumb":{"@id":"https:\/\/blogs.thesocialmedia.com\/leblogmoto\/2008\/01\/18\/album-du-vend-3-14\/#breadcrumb"},"inLanguage":"fr-FR","potentialAction":[{"@type":"ReadAction","target":["https:\/\/blogs.thesocialmedia.com\/leblogmoto\/2008\/01\/18\/album-du-vend-3-14\/"]}]},{"@type":"ImageObject","inLanguage":"fr-FR","@id":"https:\/\/blogs.thesocialmedia.com\/leblogmoto\/2008\/01\/18\/album-du-vend-3-14\/#primaryimage","url":"http:\/\/www.leblogmoto.com\/images\/2008\/01\/17\/01.jpg","contentUrl":"http:\/\/www.leblogmoto.com\/images\/2008\/01\/17\/01.jpg"},{"@type":"BreadcrumbList","@id":"https:\/\/blogs.thesocialmedia.com\/leblogmoto\/2008\/01\/18\/album-du-vend-3-14\/#breadcrumb","itemListElement":[{"@type":"ListItem","position":1,"name":"Accueil","item":"https:\/\/blogs.thesocialmedia.com\/leblogmoto\/"},{"@type":"ListItem","position":2,"name":"Album du vendredi, L&rsquo;\u00e9toile des calendriers"}]},{"@type":"WebSite","@id":"https:\/\/blogs.thesocialmedia.com\/leblogmoto\/#website","url":"https:\/\/blogs.thesocialmedia.com\/leblogmoto\/","name":"leblogmoto","description":"Toute l&#039;actualit\u00e9 des 2 roues","potentialAction":[{"@type":"SearchAction","target":{"@type":"EntryPoint","urlTemplate":"https:\/\/blogs.thesocialmedia.com\/leblogmoto\/?s={search_term_string}"},"query-input":{"@type":"PropertyValueSpecification","valueRequired":true,"valueName":"search_term_string"}}],"inLanguage":"fr-FR"},{"@type":"Person","@id":"https:\/\/blogs.thesocialmedia.com\/leblogmoto\/#\/schema\/person\/e82a0ca8a9a63d031586097a3ed58526","name":"jacques lesage","image":{"@type":"ImageObject","inLanguage":"fr-FR","@id":"https:\/\/blogs.thesocialmedia.com\/leblogmoto\/#\/schema\/person\/image\/","url":"https:\/\/secure.gravatar.com\/avatar\/?s=96&d=mm&r=g","contentUrl":"https:\/\/secure.gravatar.com\/avatar\/?s=96&d=mm&r=g","caption":"jacques lesage"},"url":"https:\/\/blogs.thesocialmedia.com\/leblogmoto\/author\/jacques-lesage\/"}]}},"_links":{"self":[{"href":"https:\/\/blogs.thesocialmedia.com\/leblogmoto\/wp-json\/wp\/v2\/posts\/956","targetHints":{"allow":["GET"]}}],"collection":[{"href":"https:\/\/blogs.thesocialmedia.com\/leblogmoto\/wp-json\/wp\/v2\/posts"}],"about":[{"href":"https:\/\/blogs.thesocialmedia.com\/leblogmoto\/wp-json\/wp\/v2\/types\/post"}],"author":[{"embeddable":true,"href":"https:\/\/blogs.thesocialmedia.com\/leblogmoto\/wp-json\/wp\/v2\/users\/325"}],"replies":[{"embeddable":true,"href":"https:\/\/blogs.thesocialmedia.com\/leblogmoto\/wp-json\/wp\/v2\/comments?post=956"}],"version-history":[{"count":2,"href":"https:\/\/blogs.thesocialmedia.com\/leblogmoto\/wp-json\/wp\/v2\/posts\/956\/revisions"}],"predecessor-version":[{"id":9703,"href":"https:\/\/blogs.thesocialmedia.com\/leblogmoto\/wp-json\/wp\/v2\/posts\/956\/revisions\/9703"}],"wp:attachment":[{"href":"https:\/\/blogs.thesocialmedia.com\/leblogmoto\/wp-json\/wp\/v2\/media?parent=956"}],"wp:term":[{"taxonomy":"category","embeddable":true,"href":"https:\/\/blogs.thesocialmedia.com\/leblogmoto\/wp-json\/wp\/v2\/categories?post=956"},{"taxonomy":"post_tag","embeddable":true,"href":"https:\/\/blogs.thesocialmedia.com\/leblogmoto\/wp-json\/wp\/v2\/tags?post=956"}],"curies":[{"name":"wp","href":"https:\/\/api.w.org\/{rel}","templated":true}]}}