{"id":957,"date":"2008-01-16T23:39:56","date_gmt":"2008-01-16T23:39:56","guid":{"rendered":"http:\/\/blogs.thesocialmedia.com\/leblogmoto\/2008\/01\/16\/les-casques-fou\/"},"modified":"2012-07-11T15:13:39","modified_gmt":"2012-07-11T15:13:39","slug":"les-casques-fou","status":"publish","type":"post","link":"https:\/\/blogs.thesocialmedia.com\/leblogmoto\/2008\/01\/16\/les-casques-fou\/","title":{"rendered":"Les casques fous du Su\u00e9dois Robert Forsgren."},"content":{"rendered":"<p><a href=\"http:\/\/blogs.thesocialmedia.com\/leblogmoto\/files\/2012\/07\/nb4joy.jpg\"><img loading=\"lazy\" decoding=\"async\" height=\"355\" alt=\"Nb4joy\" src=\"http:\/\/www.leblogmoto.com\/images\/2008\/01\/16\/nb4joy.jpg\" width=\"470\"  \/><\/a> <\/p>\n<p>Alors que je cherchais des pr\u00e9cisions sur un nouveau casque Bandit, voil\u00e0 que je tombe au gr\u00e8s des liens hypertextes sur ce site de <a href=\"http:\/\/hotpaintart.com\/english\/gallery.htm\">Robert Forsgren<\/a>, et de sa petite entreprise Hotpaint Airbrush. Un artiste de l&rsquo;<a href=\"http:\/\/fr.wikipedia.org\/wiki\/A%C3%A9rographe\">a\u00e9rographe<\/a> visiblement tr\u00e8s dou\u00e9, et qui a d&rsquo;ailleurs termin\u00e9 premier d&rsquo;un concours Airbrush Action Competition. Seules ses sources d&rsquo;inspiration laissent souvent \u00e0 d\u00e9sirer. Vous \u00eates pr\u00e9venus: Apr\u00e8s cette s\u00e9rie, si vous avez les yeux qui piquent c&rsquo;est normal. Beau boulot quand m\u00eame.<\/p>\n<p><a href=\"http:\/\/clabedan.typepad.com\/.shared\/image.html?\/photos\/uncategorized\/2008\/01\/16\/endoskelleton.jpg\"><img loading=\"lazy\" decoding=\"async\" height=\"355\" alt=\"Endoskelleton\" src=\"http:\/\/www.leblogmoto.com\/images\/2008\/01\/16\/endoskelleton.jpg\" width=\"470\"  \/><\/a><\/p>\n<p><a href=\"http:\/\/blogs.thesocialmedia.com\/leblogmoto\/files\/2012\/07\/torgrim.jpg\"><img loading=\"lazy\" decoding=\"async\" height=\"355\" alt=\"Torgrim\" src=\"http:\/\/www.leblogmoto.com\/images\/2008\/01\/16\/torgrim.jpg\" width=\"470\"  \/><\/a> <\/p>\n<p><a href=\"http:\/\/blogs.thesocialmedia.com\/leblogmoto\/files\/2012\/07\/riddarshoei.jpg\"><img loading=\"lazy\" decoding=\"async\" height=\"355\" alt=\"Riddarshoei\" src=\"http:\/\/www.leblogmoto.com\/images\/2008\/01\/16\/riddarshoei.jpg\" width=\"470\"  \/><\/a><\/p>\n<p><a href=\"http:\/\/blogs.thesocialmedia.com\/leblogmoto\/files\/2012\/07\/stormtrooper.jpg\"><img loading=\"lazy\" decoding=\"async\" height=\"355\" alt=\"Stormtrooper\" src=\"http:\/\/www.leblogmoto.com\/images\/2008\/01\/16\/stormtrooper.jpg\" width=\"470\"  \/><\/a> <\/p>\n<p><a href=\"http:\/\/blogs.thesocialmedia.com\/leblogmoto\/files\/2012\/07\/riddarbandit.jpg\"><img loading=\"lazy\" decoding=\"async\" height=\"355\" alt=\"Riddarbandit\" src=\"http:\/\/www.leblogmoto.com\/images\/2008\/01\/16\/riddarbandit.jpg\" width=\"470\"  \/><\/a><\/p>\n<p><a href=\"http:\/\/blogs.thesocialmedia.com\/leblogmoto\/files\/2012\/07\/banditsilver.jpg\"><img loading=\"lazy\" decoding=\"async\" height=\"355\" alt=\"Banditsilver\" src=\"http:\/\/www.leblogmoto.com\/images\/2008\/01\/16\/banditsilver.jpg\" width=\"470\"  \/><\/a><\/p>\n<p><a href=\"http:\/\/blogs.thesocialmedia.com\/leblogmoto\/files\/2012\/07\/f16.jpg\"><img loading=\"lazy\" decoding=\"async\" height=\"355\" alt=\"F16\" src=\"http:\/\/www.leblogmoto.com\/images\/2008\/01\/16\/f16.jpg\" width=\"470\"  \/><\/a><\/p>\n<p><a href=\"http:\/\/blogs.thesocialmedia.com\/leblogmoto\/files\/2012\/07\/deathd1.jpg\"><img loading=\"lazy\" decoding=\"async\" height=\"355\" alt=\"Deathd1\" src=\"http:\/\/www.leblogmoto.com\/images\/2008\/01\/16\/deathd1.jpg\" width=\"470\"  \/><\/a><\/p>\n<p><a href=\"http:\/\/blogs.thesocialmedia.com\/leblogmoto\/files\/2012\/07\/death_dealer_helmet_2.jpg\"><img loading=\"lazy\" decoding=\"async\" height=\"355\" alt=\"Death_dealer_helmet_2\" src=\"http:\/\/www.leblogmoto.com\/images\/2008\/01\/16\/death_dealer_helmet_2.jpg\" width=\"470\"  \/><\/a><\/p>\n<p><em>cr\u00e9dit photos: Robert Forsgren.<br \/><\/em><\/p>\n<p><em>source: nous.<\/em><\/p>\n","protected":false},"excerpt":{"rendered":"<p>Alors que je cherchais des pr\u00e9cisions sur un nouveau casque Bandit, voil\u00e0 que je tombe au gr\u00e8s des liens hypertextes sur ce site de Robert Forsgren, et de sa petite entreprise Hotpaint Airbrush. Un artiste de l&rsquo;a\u00e9rographe visiblement tr\u00e8s dou\u00e9, et qui a d&rsquo;ailleurs termin\u00e9 premier d&rsquo;un concours Airbrush Action Competition. Seules ses sources d&rsquo;inspiration [&hellip;]<\/p>\n","protected":false},"author":324,"featured_media":0,"comment_status":"open","ping_status":"open","sticky":false,"template":"","format":"standard","meta":{"footnotes":""},"categories":[16,8,58,27],"tags":[],"class_list":["post-957","post","type-post","status-publish","format-standard","hentry","category-art-moto","category-chaines-et-cuirs","category-insolite","category-securite"],"yoast_head":"<!-- This site is optimized with the Yoast SEO plugin v26.0 - https:\/\/yoast.com\/wordpress\/plugins\/seo\/ -->\n<title>Les casques fous du Su\u00e9dois Robert Forsgren. - leblogmoto.com<\/title>\n<meta name=\"robots\" content=\"index, follow, max-snippet:-1, max-image-preview:large, max-video-preview:-1\" \/>\n<link rel=\"canonical\" href=\"https:\/\/blogs.thesocialmedia.com\/leblogmoto\/2008\/01\/16\/les-casques-fou\/\" \/>\n<meta name=\"twitter:card\" content=\"summary_large_image\" \/>\n<meta name=\"twitter:title\" content=\"Les casques fous du Su\u00e9dois Robert Forsgren. - leblogmoto.com\" \/>\n<meta name=\"twitter:description\" content=\"Alors que je cherchais des pr\u00e9cisions sur un nouveau casque Bandit, voil\u00e0 que je tombe au gr\u00e8s des liens hypertextes sur ce site de Robert Forsgren, et de sa petite entreprise Hotpaint Airbrush. Un artiste de l&rsquo;a\u00e9rographe visiblement tr\u00e8s dou\u00e9, et qui a d&rsquo;ailleurs termin\u00e9 premier d&rsquo;un concours Airbrush Action Competition. Seules ses sources d&rsquo;inspiration [&hellip;]\" \/>\n<meta name=\"twitter:image\" content=\"http:\/\/www.leblogmoto.com\/images\/2008\/01\/16\/nb4joy.jpg\" \/>\n<meta name=\"twitter:label1\" content=\"\u00c9crit par\" \/>\n\t<meta name=\"twitter:data1\" content=\"benoit rieu\" \/>\n<script type=\"application\/ld+json\" class=\"yoast-schema-graph\">{\"@context\":\"https:\/\/schema.org\",\"@graph\":[{\"@type\":\"WebPage\",\"@id\":\"https:\/\/blogs.thesocialmedia.com\/leblogmoto\/2008\/01\/16\/les-casques-fou\/\",\"url\":\"https:\/\/blogs.thesocialmedia.com\/leblogmoto\/2008\/01\/16\/les-casques-fou\/\",\"name\":\"Les casques fous du Su\u00e9dois Robert Forsgren. - leblogmoto.com\",\"isPartOf\":{\"@id\":\"https:\/\/blogs.thesocialmedia.com\/leblogmoto\/#website\"},\"primaryImageOfPage\":{\"@id\":\"https:\/\/blogs.thesocialmedia.com\/leblogmoto\/2008\/01\/16\/les-casques-fou\/#primaryimage\"},\"image\":{\"@id\":\"https:\/\/blogs.thesocialmedia.com\/leblogmoto\/2008\/01\/16\/les-casques-fou\/#primaryimage\"},\"thumbnailUrl\":\"http:\/\/www.leblogmoto.com\/images\/2008\/01\/16\/nb4joy.jpg\",\"datePublished\":\"2008-01-16T23:39:56+00:00\",\"dateModified\":\"2012-07-11T15:13:39+00:00\",\"author\":{\"@id\":\"https:\/\/blogs.thesocialmedia.com\/leblogmoto\/#\/schema\/person\/18bfe773e5725ed6d24f743da805362a\"},\"breadcrumb\":{\"@id\":\"https:\/\/blogs.thesocialmedia.com\/leblogmoto\/2008\/01\/16\/les-casques-fou\/#breadcrumb\"},\"inLanguage\":\"fr-FR\",\"potentialAction\":[{\"@type\":\"ReadAction\",\"target\":[\"https:\/\/blogs.thesocialmedia.com\/leblogmoto\/2008\/01\/16\/les-casques-fou\/\"]}]},{\"@type\":\"ImageObject\",\"inLanguage\":\"fr-FR\",\"@id\":\"https:\/\/blogs.thesocialmedia.com\/leblogmoto\/2008\/01\/16\/les-casques-fou\/#primaryimage\",\"url\":\"http:\/\/www.leblogmoto.com\/images\/2008\/01\/16\/nb4joy.jpg\",\"contentUrl\":\"http:\/\/www.leblogmoto.com\/images\/2008\/01\/16\/nb4joy.jpg\"},{\"@type\":\"BreadcrumbList\",\"@id\":\"https:\/\/blogs.thesocialmedia.com\/leblogmoto\/2008\/01\/16\/les-casques-fou\/#breadcrumb\",\"itemListElement\":[{\"@type\":\"ListItem\",\"position\":1,\"name\":\"Accueil\",\"item\":\"https:\/\/blogs.thesocialmedia.com\/leblogmoto\/\"},{\"@type\":\"ListItem\",\"position\":2,\"name\":\"Les casques fous du Su\u00e9dois Robert Forsgren.\"}]},{\"@type\":\"WebSite\",\"@id\":\"https:\/\/blogs.thesocialmedia.com\/leblogmoto\/#website\",\"url\":\"https:\/\/blogs.thesocialmedia.com\/leblogmoto\/\",\"name\":\"leblogmoto\",\"description\":\"Toute l&#039;actualit\u00e9 des 2 roues\",\"potentialAction\":[{\"@type\":\"SearchAction\",\"target\":{\"@type\":\"EntryPoint\",\"urlTemplate\":\"https:\/\/blogs.thesocialmedia.com\/leblogmoto\/?s={search_term_string}\"},\"query-input\":{\"@type\":\"PropertyValueSpecification\",\"valueRequired\":true,\"valueName\":\"search_term_string\"}}],\"inLanguage\":\"fr-FR\"},{\"@type\":\"Person\",\"@id\":\"https:\/\/blogs.thesocialmedia.com\/leblogmoto\/#\/schema\/person\/18bfe773e5725ed6d24f743da805362a\",\"name\":\"benoit rieu\",\"image\":{\"@type\":\"ImageObject\",\"inLanguage\":\"fr-FR\",\"@id\":\"https:\/\/blogs.thesocialmedia.com\/leblogmoto\/#\/schema\/person\/image\/\",\"url\":\"https:\/\/secure.gravatar.com\/avatar\/?s=96&d=mm&r=g\",\"contentUrl\":\"https:\/\/secure.gravatar.com\/avatar\/?s=96&d=mm&r=g\",\"caption\":\"benoit rieu\"},\"url\":\"https:\/\/blogs.thesocialmedia.com\/leblogmoto\/author\/benoit-rieu\/\"}]}<\/script>\n<!-- \/ Yoast SEO plugin. -->","yoast_head_json":{"title":"Les casques fous du Su\u00e9dois Robert Forsgren. - leblogmoto.com","robots":{"index":"index","follow":"follow","max-snippet":"max-snippet:-1","max-image-preview":"max-image-preview:large","max-video-preview":"max-video-preview:-1"},"canonical":"https:\/\/blogs.thesocialmedia.com\/leblogmoto\/2008\/01\/16\/les-casques-fou\/","twitter_card":"summary_large_image","twitter_title":"Les casques fous du Su\u00e9dois Robert Forsgren. - leblogmoto.com","twitter_description":"Alors que je cherchais des pr\u00e9cisions sur un nouveau casque Bandit, voil\u00e0 que je tombe au gr\u00e8s des liens hypertextes sur ce site de Robert Forsgren, et de sa petite entreprise Hotpaint Airbrush. Un artiste de l&rsquo;a\u00e9rographe visiblement tr\u00e8s dou\u00e9, et qui a d&rsquo;ailleurs termin\u00e9 premier d&rsquo;un concours Airbrush Action Competition. Seules ses sources d&rsquo;inspiration [&hellip;]","twitter_image":"http:\/\/www.leblogmoto.com\/images\/2008\/01\/16\/nb4joy.jpg","twitter_misc":{"\u00c9crit par":"benoit rieu"},"schema":{"@context":"https:\/\/schema.org","@graph":[{"@type":"WebPage","@id":"https:\/\/blogs.thesocialmedia.com\/leblogmoto\/2008\/01\/16\/les-casques-fou\/","url":"https:\/\/blogs.thesocialmedia.com\/leblogmoto\/2008\/01\/16\/les-casques-fou\/","name":"Les casques fous du Su\u00e9dois Robert Forsgren. - leblogmoto.com","isPartOf":{"@id":"https:\/\/blogs.thesocialmedia.com\/leblogmoto\/#website"},"primaryImageOfPage":{"@id":"https:\/\/blogs.thesocialmedia.com\/leblogmoto\/2008\/01\/16\/les-casques-fou\/#primaryimage"},"image":{"@id":"https:\/\/blogs.thesocialmedia.com\/leblogmoto\/2008\/01\/16\/les-casques-fou\/#primaryimage"},"thumbnailUrl":"http:\/\/www.leblogmoto.com\/images\/2008\/01\/16\/nb4joy.jpg","datePublished":"2008-01-16T23:39:56+00:00","dateModified":"2012-07-11T15:13:39+00:00","author":{"@id":"https:\/\/blogs.thesocialmedia.com\/leblogmoto\/#\/schema\/person\/18bfe773e5725ed6d24f743da805362a"},"breadcrumb":{"@id":"https:\/\/blogs.thesocialmedia.com\/leblogmoto\/2008\/01\/16\/les-casques-fou\/#breadcrumb"},"inLanguage":"fr-FR","potentialAction":[{"@type":"ReadAction","target":["https:\/\/blogs.thesocialmedia.com\/leblogmoto\/2008\/01\/16\/les-casques-fou\/"]}]},{"@type":"ImageObject","inLanguage":"fr-FR","@id":"https:\/\/blogs.thesocialmedia.com\/leblogmoto\/2008\/01\/16\/les-casques-fou\/#primaryimage","url":"http:\/\/www.leblogmoto.com\/images\/2008\/01\/16\/nb4joy.jpg","contentUrl":"http:\/\/www.leblogmoto.com\/images\/2008\/01\/16\/nb4joy.jpg"},{"@type":"BreadcrumbList","@id":"https:\/\/blogs.thesocialmedia.com\/leblogmoto\/2008\/01\/16\/les-casques-fou\/#breadcrumb","itemListElement":[{"@type":"ListItem","position":1,"name":"Accueil","item":"https:\/\/blogs.thesocialmedia.com\/leblogmoto\/"},{"@type":"ListItem","position":2,"name":"Les casques fous du Su\u00e9dois Robert Forsgren."}]},{"@type":"WebSite","@id":"https:\/\/blogs.thesocialmedia.com\/leblogmoto\/#website","url":"https:\/\/blogs.thesocialmedia.com\/leblogmoto\/","name":"leblogmoto","description":"Toute l&#039;actualit\u00e9 des 2 roues","potentialAction":[{"@type":"SearchAction","target":{"@type":"EntryPoint","urlTemplate":"https:\/\/blogs.thesocialmedia.com\/leblogmoto\/?s={search_term_string}"},"query-input":{"@type":"PropertyValueSpecification","valueRequired":true,"valueName":"search_term_string"}}],"inLanguage":"fr-FR"},{"@type":"Person","@id":"https:\/\/blogs.thesocialmedia.com\/leblogmoto\/#\/schema\/person\/18bfe773e5725ed6d24f743da805362a","name":"benoit rieu","image":{"@type":"ImageObject","inLanguage":"fr-FR","@id":"https:\/\/blogs.thesocialmedia.com\/leblogmoto\/#\/schema\/person\/image\/","url":"https:\/\/secure.gravatar.com\/avatar\/?s=96&d=mm&r=g","contentUrl":"https:\/\/secure.gravatar.com\/avatar\/?s=96&d=mm&r=g","caption":"benoit rieu"},"url":"https:\/\/blogs.thesocialmedia.com\/leblogmoto\/author\/benoit-rieu\/"}]}},"_links":{"self":[{"href":"https:\/\/blogs.thesocialmedia.com\/leblogmoto\/wp-json\/wp\/v2\/posts\/957","targetHints":{"allow":["GET"]}}],"collection":[{"href":"https:\/\/blogs.thesocialmedia.com\/leblogmoto\/wp-json\/wp\/v2\/posts"}],"about":[{"href":"https:\/\/blogs.thesocialmedia.com\/leblogmoto\/wp-json\/wp\/v2\/types\/post"}],"author":[{"embeddable":true,"href":"https:\/\/blogs.thesocialmedia.com\/leblogmoto\/wp-json\/wp\/v2\/users\/324"}],"replies":[{"embeddable":true,"href":"https:\/\/blogs.thesocialmedia.com\/leblogmoto\/wp-json\/wp\/v2\/comments?post=957"}],"version-history":[{"count":2,"href":"https:\/\/blogs.thesocialmedia.com\/leblogmoto\/wp-json\/wp\/v2\/posts\/957\/revisions"}],"predecessor-version":[{"id":9692,"href":"https:\/\/blogs.thesocialmedia.com\/leblogmoto\/wp-json\/wp\/v2\/posts\/957\/revisions\/9692"}],"wp:attachment":[{"href":"https:\/\/blogs.thesocialmedia.com\/leblogmoto\/wp-json\/wp\/v2\/media?parent=957"}],"wp:term":[{"taxonomy":"category","embeddable":true,"href":"https:\/\/blogs.thesocialmedia.com\/leblogmoto\/wp-json\/wp\/v2\/categories?post=957"},{"taxonomy":"post_tag","embeddable":true,"href":"https:\/\/blogs.thesocialmedia.com\/leblogmoto\/wp-json\/wp\/v2\/tags?post=957"}],"curies":[{"name":"wp","href":"https:\/\/api.w.org\/{rel}","templated":true}]}}