{"id":958,"date":"2008-01-16T04:47:31","date_gmt":"2008-01-16T04:47:31","guid":{"rendered":"http:\/\/blogs.thesocialmedia.com\/leblogmoto\/2008\/01\/16\/quand-la-srie-p\/"},"modified":"2012-07-11T15:13:21","modified_gmt":"2012-07-11T15:13:21","slug":"quand-la-srie-p","status":"publish","type":"post","link":"https:\/\/blogs.thesocialmedia.com\/leblogmoto\/2008\/01\/16\/quand-la-srie-p\/","title":{"rendered":"Quand la s\u00e9rie Prison Break utilise une moto Ural."},"content":{"rendered":"<p><a href=\"http:\/\/blogs.thesocialmedia.com\/leblogmoto\/files\/2012\/07\/moto_cinma_tv_ural_1952_prison_brea.jpg\"><img loading=\"lazy\" decoding=\"async\" width=\"470\" height=\"265\"  src=\"http:\/\/www.leblogmoto.com\/images\/2008\/01\/15\/moto_cinma_tv_ural_1952_prison_brea.jpg\" alt=\"Moto_cinma_tv_ural_1952_prison_brea\" \/><\/a><\/p>\n<p><a href=\"http:\/\/blogs.thesocialmedia.com\/leblogmoto\/files\/2012\/07\/prisonbreak_adcampaign2_2.jpg\"><img loading=\"lazy\" decoding=\"async\" width=\"470\" height=\"312\"  src=\"http:\/\/www.leblogmoto.com\/images\/2008\/01\/15\/prisonbreak_adcampaign2_2.jpg\" alt=\"Prisonbreak_adcampaign2_2\" \/><\/a> <\/p>\n<p>Alors que la gr\u00e8ve des sc\u00e9naristes continue de paralyser le tournage des s\u00e9ries U.S dont nous sommes si friands, penchons nous sur l&rsquo;une des plus c\u00e9l\u00e8bres (et l&rsquo;une des meilleures) d&rsquo;entre-elles, <em>Prison Break<\/em> alias <em>La grande \u00e9vasion*<\/em> pour les Qu\u00e9b\u00e9cois. Notre Qu\u00e9b\u00e9cois du blog, justement, Jacques <a href=\"http:\/\/www.leblogmoto.com\/2007\/11\/hitler-staline-.html\">vous avait parl\u00e9 pr\u00e9c\u00e9demment<\/a> de ce &quot;constructeur&quot; pour le film <em>Eastern Promises,<\/em> et c&rsquo;est donc aussi une Ural (<a href=\"http:\/\/dnepr.ural.free.fr\/cadres.htm\">M52<\/a> peut-\u00eatre, copie de la BMW R51) qu&#8217;emprunte Fernando Sucre&#8230;<\/p>\n<p>&#8230;dans l&rsquo;\u00e9pisode <em>Scan<\/em> (intitul\u00e9 <em>L&rsquo;erreur est humaine<\/em> en Fran\u00e7ais), le troisi\u00e8me de la saison 2 (vous la trouvez bien la saison 3 ? Bof, bof) pour tenter de rejoindre Maricruz qui va se marier avec son meilleur ennemi, Hector. Il croisera en route, C-Note qu&rsquo;il embarquera avec lui (y&rsquo;a vraiment la place pour un duo sur cette moto ?).<\/p>\n<p>Or pendant le long trajet de cet \u00e9pisode, on ne le voit pas ravitailler, si je me souviens bien. Etrange pour une moto dot\u00e9e d&rsquo;un r\u00e9servoir de seulement 18 l. Plus d\u00e9cevant encore, la moto \u00e9met un bruit plus proche d&rsquo;une superbike japonaise (fa\u00e7on 1000cc 4 cylindres) que des 500cc de la version originale. Ah j&rsquo;aime ce bruit de quat cyl&rsquo; de superbike et j&rsquo;en suis coutumier, mais pourquoi ne pas avoir gard\u00e9 le bruit de l&rsquo;Ural ? Le ridicule travail de post-production nuit \u00e0 la cr\u00e9dibilit\u00e9 de l&rsquo;ensemble.<\/p>\n<p>J&rsquo;ai \u00e9galement une seconde photo de la b\u00e9cane, mais elle montre le m\u00eame Sucre rouler avec juste un b\u00e9ret style Kangol, port\u00e9 \u00e0 l&rsquo;envers, \u00e0 la place du casque, ce qui a eu le don de profond\u00e9ment m&rsquo;\u00e9nerver.<\/p>\n<p>Quoi qu&rsquo;il en soit, il n&rsquo;est pas \u00e9tonnant de voir <em>Prison Break<\/em> jouer avec les codes du road-movie, pour une s\u00e9rie qui glorifie la fuite et aime utiliser la rue. En t\u00e9moigne cette campagne de street-marketing dans les rues de Toronto r\u00e9alis\u00e9e par la television canadienne <em>Global<\/em>, toujours pour la saison 2.<\/p>\n<p>Depuis le temps qu&rsquo;on dit \u00e0 notre entourage avec qui l&rsquo;on regarde les \u00e9pisodes, que la moto est synonyme d&rsquo;EVASION !<\/p>\n<p><em>*bon dieu, ce titre, ami(e)s de la Belle Province, \u00e7a ne le fait pas du tout. Un peu de respect pour le film du m\u00eame nom avec Steve McQueen, James Coburn, Donald Pleasance, et autres stars.<\/em><\/p>\n<p><em>cr\u00e9dits photos: capture d&rsquo;\u00e9cran d&rsquo;une s\u00e9rie de la Fox Broadcasting Company, et Daily Dose Of Imagery pour les affiches.<\/em> <\/p>\n","protected":false},"excerpt":{"rendered":"<p>Alors que la gr\u00e8ve des sc\u00e9naristes continue de paralyser le tournage des s\u00e9ries U.S dont nous sommes si friands, penchons nous sur l&rsquo;une des plus c\u00e9l\u00e8bres (et l&rsquo;une des meilleures) d&rsquo;entre-elles, Prison Break alias La grande \u00e9vasion* pour les Qu\u00e9b\u00e9cois. Notre Qu\u00e9b\u00e9cois du blog, justement, Jacques vous avait parl\u00e9 pr\u00e9c\u00e9demment de ce &quot;constructeur&quot; pour le [&hellip;]<\/p>\n","protected":false},"author":324,"featured_media":0,"comment_status":"open","ping_status":"open","sticky":false,"template":"","format":"standard","meta":{"footnotes":""},"categories":[17,9],"tags":[],"class_list":["post-958","post","type-post","status-publish","format-standard","hentry","category-divers","category-historique"],"yoast_head":"<!-- This site is optimized with the Yoast SEO plugin v26.0 - https:\/\/yoast.com\/wordpress\/plugins\/seo\/ -->\n<title>Quand la s\u00e9rie Prison Break utilise une moto Ural. - leblogmoto.com<\/title>\n<meta name=\"robots\" content=\"index, follow, max-snippet:-1, max-image-preview:large, max-video-preview:-1\" \/>\n<link rel=\"canonical\" href=\"https:\/\/blogs.thesocialmedia.com\/leblogmoto\/2008\/01\/16\/quand-la-srie-p\/\" \/>\n<meta name=\"twitter:card\" content=\"summary_large_image\" \/>\n<meta name=\"twitter:title\" content=\"Quand la s\u00e9rie Prison Break utilise une moto Ural. - leblogmoto.com\" \/>\n<meta name=\"twitter:description\" content=\"Alors que la gr\u00e8ve des sc\u00e9naristes continue de paralyser le tournage des s\u00e9ries U.S dont nous sommes si friands, penchons nous sur l&rsquo;une des plus c\u00e9l\u00e8bres (et l&rsquo;une des meilleures) d&rsquo;entre-elles, Prison Break alias La grande \u00e9vasion* pour les Qu\u00e9b\u00e9cois. Notre Qu\u00e9b\u00e9cois du blog, justement, Jacques vous avait parl\u00e9 pr\u00e9c\u00e9demment de ce &quot;constructeur&quot; pour le [&hellip;]\" \/>\n<meta name=\"twitter:image\" content=\"http:\/\/www.leblogmoto.com\/images\/2008\/01\/15\/moto_cinma_tv_ural_1952_prison_brea.jpg\" \/>\n<meta name=\"twitter:label1\" content=\"\u00c9crit par\" \/>\n\t<meta name=\"twitter:data1\" content=\"benoit rieu\" \/>\n\t<meta name=\"twitter:label2\" content=\"Dur\u00e9e de lecture estim\u00e9e\" \/>\n\t<meta name=\"twitter:data2\" content=\"2 minutes\" \/>\n<script type=\"application\/ld+json\" class=\"yoast-schema-graph\">{\"@context\":\"https:\/\/schema.org\",\"@graph\":[{\"@type\":\"WebPage\",\"@id\":\"https:\/\/blogs.thesocialmedia.com\/leblogmoto\/2008\/01\/16\/quand-la-srie-p\/\",\"url\":\"https:\/\/blogs.thesocialmedia.com\/leblogmoto\/2008\/01\/16\/quand-la-srie-p\/\",\"name\":\"Quand la s\u00e9rie Prison Break utilise une moto Ural. - leblogmoto.com\",\"isPartOf\":{\"@id\":\"https:\/\/blogs.thesocialmedia.com\/leblogmoto\/#website\"},\"primaryImageOfPage\":{\"@id\":\"https:\/\/blogs.thesocialmedia.com\/leblogmoto\/2008\/01\/16\/quand-la-srie-p\/#primaryimage\"},\"image\":{\"@id\":\"https:\/\/blogs.thesocialmedia.com\/leblogmoto\/2008\/01\/16\/quand-la-srie-p\/#primaryimage\"},\"thumbnailUrl\":\"http:\/\/www.leblogmoto.com\/images\/2008\/01\/15\/moto_cinma_tv_ural_1952_prison_brea.jpg\",\"datePublished\":\"2008-01-16T04:47:31+00:00\",\"dateModified\":\"2012-07-11T15:13:21+00:00\",\"author\":{\"@id\":\"https:\/\/blogs.thesocialmedia.com\/leblogmoto\/#\/schema\/person\/18bfe773e5725ed6d24f743da805362a\"},\"breadcrumb\":{\"@id\":\"https:\/\/blogs.thesocialmedia.com\/leblogmoto\/2008\/01\/16\/quand-la-srie-p\/#breadcrumb\"},\"inLanguage\":\"fr-FR\",\"potentialAction\":[{\"@type\":\"ReadAction\",\"target\":[\"https:\/\/blogs.thesocialmedia.com\/leblogmoto\/2008\/01\/16\/quand-la-srie-p\/\"]}]},{\"@type\":\"ImageObject\",\"inLanguage\":\"fr-FR\",\"@id\":\"https:\/\/blogs.thesocialmedia.com\/leblogmoto\/2008\/01\/16\/quand-la-srie-p\/#primaryimage\",\"url\":\"http:\/\/www.leblogmoto.com\/images\/2008\/01\/15\/moto_cinma_tv_ural_1952_prison_brea.jpg\",\"contentUrl\":\"http:\/\/www.leblogmoto.com\/images\/2008\/01\/15\/moto_cinma_tv_ural_1952_prison_brea.jpg\"},{\"@type\":\"BreadcrumbList\",\"@id\":\"https:\/\/blogs.thesocialmedia.com\/leblogmoto\/2008\/01\/16\/quand-la-srie-p\/#breadcrumb\",\"itemListElement\":[{\"@type\":\"ListItem\",\"position\":1,\"name\":\"Accueil\",\"item\":\"https:\/\/blogs.thesocialmedia.com\/leblogmoto\/\"},{\"@type\":\"ListItem\",\"position\":2,\"name\":\"Quand la s\u00e9rie Prison Break utilise une moto Ural.\"}]},{\"@type\":\"WebSite\",\"@id\":\"https:\/\/blogs.thesocialmedia.com\/leblogmoto\/#website\",\"url\":\"https:\/\/blogs.thesocialmedia.com\/leblogmoto\/\",\"name\":\"leblogmoto\",\"description\":\"Toute l&#039;actualit\u00e9 des 2 roues\",\"potentialAction\":[{\"@type\":\"SearchAction\",\"target\":{\"@type\":\"EntryPoint\",\"urlTemplate\":\"https:\/\/blogs.thesocialmedia.com\/leblogmoto\/?s={search_term_string}\"},\"query-input\":{\"@type\":\"PropertyValueSpecification\",\"valueRequired\":true,\"valueName\":\"search_term_string\"}}],\"inLanguage\":\"fr-FR\"},{\"@type\":\"Person\",\"@id\":\"https:\/\/blogs.thesocialmedia.com\/leblogmoto\/#\/schema\/person\/18bfe773e5725ed6d24f743da805362a\",\"name\":\"benoit rieu\",\"image\":{\"@type\":\"ImageObject\",\"inLanguage\":\"fr-FR\",\"@id\":\"https:\/\/blogs.thesocialmedia.com\/leblogmoto\/#\/schema\/person\/image\/\",\"url\":\"https:\/\/secure.gravatar.com\/avatar\/?s=96&d=mm&r=g\",\"contentUrl\":\"https:\/\/secure.gravatar.com\/avatar\/?s=96&d=mm&r=g\",\"caption\":\"benoit rieu\"},\"url\":\"https:\/\/blogs.thesocialmedia.com\/leblogmoto\/author\/benoit-rieu\/\"}]}<\/script>\n<!-- \/ Yoast SEO plugin. -->","yoast_head_json":{"title":"Quand la s\u00e9rie Prison Break utilise une moto Ural. - leblogmoto.com","robots":{"index":"index","follow":"follow","max-snippet":"max-snippet:-1","max-image-preview":"max-image-preview:large","max-video-preview":"max-video-preview:-1"},"canonical":"https:\/\/blogs.thesocialmedia.com\/leblogmoto\/2008\/01\/16\/quand-la-srie-p\/","twitter_card":"summary_large_image","twitter_title":"Quand la s\u00e9rie Prison Break utilise une moto Ural. - leblogmoto.com","twitter_description":"Alors que la gr\u00e8ve des sc\u00e9naristes continue de paralyser le tournage des s\u00e9ries U.S dont nous sommes si friands, penchons nous sur l&rsquo;une des plus c\u00e9l\u00e8bres (et l&rsquo;une des meilleures) d&rsquo;entre-elles, Prison Break alias La grande \u00e9vasion* pour les Qu\u00e9b\u00e9cois. Notre Qu\u00e9b\u00e9cois du blog, justement, Jacques vous avait parl\u00e9 pr\u00e9c\u00e9demment de ce &quot;constructeur&quot; pour le [&hellip;]","twitter_image":"http:\/\/www.leblogmoto.com\/images\/2008\/01\/15\/moto_cinma_tv_ural_1952_prison_brea.jpg","twitter_misc":{"\u00c9crit par":"benoit rieu","Dur\u00e9e de lecture estim\u00e9e":"2 minutes"},"schema":{"@context":"https:\/\/schema.org","@graph":[{"@type":"WebPage","@id":"https:\/\/blogs.thesocialmedia.com\/leblogmoto\/2008\/01\/16\/quand-la-srie-p\/","url":"https:\/\/blogs.thesocialmedia.com\/leblogmoto\/2008\/01\/16\/quand-la-srie-p\/","name":"Quand la s\u00e9rie Prison Break utilise une moto Ural. - leblogmoto.com","isPartOf":{"@id":"https:\/\/blogs.thesocialmedia.com\/leblogmoto\/#website"},"primaryImageOfPage":{"@id":"https:\/\/blogs.thesocialmedia.com\/leblogmoto\/2008\/01\/16\/quand-la-srie-p\/#primaryimage"},"image":{"@id":"https:\/\/blogs.thesocialmedia.com\/leblogmoto\/2008\/01\/16\/quand-la-srie-p\/#primaryimage"},"thumbnailUrl":"http:\/\/www.leblogmoto.com\/images\/2008\/01\/15\/moto_cinma_tv_ural_1952_prison_brea.jpg","datePublished":"2008-01-16T04:47:31+00:00","dateModified":"2012-07-11T15:13:21+00:00","author":{"@id":"https:\/\/blogs.thesocialmedia.com\/leblogmoto\/#\/schema\/person\/18bfe773e5725ed6d24f743da805362a"},"breadcrumb":{"@id":"https:\/\/blogs.thesocialmedia.com\/leblogmoto\/2008\/01\/16\/quand-la-srie-p\/#breadcrumb"},"inLanguage":"fr-FR","potentialAction":[{"@type":"ReadAction","target":["https:\/\/blogs.thesocialmedia.com\/leblogmoto\/2008\/01\/16\/quand-la-srie-p\/"]}]},{"@type":"ImageObject","inLanguage":"fr-FR","@id":"https:\/\/blogs.thesocialmedia.com\/leblogmoto\/2008\/01\/16\/quand-la-srie-p\/#primaryimage","url":"http:\/\/www.leblogmoto.com\/images\/2008\/01\/15\/moto_cinma_tv_ural_1952_prison_brea.jpg","contentUrl":"http:\/\/www.leblogmoto.com\/images\/2008\/01\/15\/moto_cinma_tv_ural_1952_prison_brea.jpg"},{"@type":"BreadcrumbList","@id":"https:\/\/blogs.thesocialmedia.com\/leblogmoto\/2008\/01\/16\/quand-la-srie-p\/#breadcrumb","itemListElement":[{"@type":"ListItem","position":1,"name":"Accueil","item":"https:\/\/blogs.thesocialmedia.com\/leblogmoto\/"},{"@type":"ListItem","position":2,"name":"Quand la s\u00e9rie Prison Break utilise une moto Ural."}]},{"@type":"WebSite","@id":"https:\/\/blogs.thesocialmedia.com\/leblogmoto\/#website","url":"https:\/\/blogs.thesocialmedia.com\/leblogmoto\/","name":"leblogmoto","description":"Toute l&#039;actualit\u00e9 des 2 roues","potentialAction":[{"@type":"SearchAction","target":{"@type":"EntryPoint","urlTemplate":"https:\/\/blogs.thesocialmedia.com\/leblogmoto\/?s={search_term_string}"},"query-input":{"@type":"PropertyValueSpecification","valueRequired":true,"valueName":"search_term_string"}}],"inLanguage":"fr-FR"},{"@type":"Person","@id":"https:\/\/blogs.thesocialmedia.com\/leblogmoto\/#\/schema\/person\/18bfe773e5725ed6d24f743da805362a","name":"benoit rieu","image":{"@type":"ImageObject","inLanguage":"fr-FR","@id":"https:\/\/blogs.thesocialmedia.com\/leblogmoto\/#\/schema\/person\/image\/","url":"https:\/\/secure.gravatar.com\/avatar\/?s=96&d=mm&r=g","contentUrl":"https:\/\/secure.gravatar.com\/avatar\/?s=96&d=mm&r=g","caption":"benoit rieu"},"url":"https:\/\/blogs.thesocialmedia.com\/leblogmoto\/author\/benoit-rieu\/"}]}},"_links":{"self":[{"href":"https:\/\/blogs.thesocialmedia.com\/leblogmoto\/wp-json\/wp\/v2\/posts\/958","targetHints":{"allow":["GET"]}}],"collection":[{"href":"https:\/\/blogs.thesocialmedia.com\/leblogmoto\/wp-json\/wp\/v2\/posts"}],"about":[{"href":"https:\/\/blogs.thesocialmedia.com\/leblogmoto\/wp-json\/wp\/v2\/types\/post"}],"author":[{"embeddable":true,"href":"https:\/\/blogs.thesocialmedia.com\/leblogmoto\/wp-json\/wp\/v2\/users\/324"}],"replies":[{"embeddable":true,"href":"https:\/\/blogs.thesocialmedia.com\/leblogmoto\/wp-json\/wp\/v2\/comments?post=958"}],"version-history":[{"count":2,"href":"https:\/\/blogs.thesocialmedia.com\/leblogmoto\/wp-json\/wp\/v2\/posts\/958\/revisions"}],"predecessor-version":[{"id":9682,"href":"https:\/\/blogs.thesocialmedia.com\/leblogmoto\/wp-json\/wp\/v2\/posts\/958\/revisions\/9682"}],"wp:attachment":[{"href":"https:\/\/blogs.thesocialmedia.com\/leblogmoto\/wp-json\/wp\/v2\/media?parent=958"}],"wp:term":[{"taxonomy":"category","embeddable":true,"href":"https:\/\/blogs.thesocialmedia.com\/leblogmoto\/wp-json\/wp\/v2\/categories?post=958"},{"taxonomy":"post_tag","embeddable":true,"href":"https:\/\/blogs.thesocialmedia.com\/leblogmoto\/wp-json\/wp\/v2\/tags?post=958"}],"curies":[{"name":"wp","href":"https:\/\/api.w.org\/{rel}","templated":true}]}}