{"id":959,"date":"2008-01-16T04:22:39","date_gmt":"2008-01-16T04:22:39","guid":{"rendered":"http:\/\/blogs.thesocialmedia.com\/leblogmoto\/2008\/01\/16\/yamaha-2008-dis\/"},"modified":"2012-07-11T15:13:13","modified_gmt":"2012-07-11T15:13:13","slug":"yamaha-2008-dis","status":"publish","type":"post","link":"https:\/\/blogs.thesocialmedia.com\/leblogmoto\/2008\/01\/16\/yamaha-2008-dis\/","title":{"rendered":"Yamaha 2008, Disparit\u00e9s culturelles"},"content":{"rendered":"<p><a href=\"http:\/\/blogs.thesocialmedia.com\/leblogmoto\/files\/2012\/07\/fz12.jpg\"><img loading=\"lazy\" decoding=\"async\" width=\"470\" height=\"327\"  src=\"http:\/\/www.leblogmoto.com\/images\/2008\/01\/15\/fz1.jpg\" alt=\"Fz1\" \/><\/a> <\/p>\n<p>Imaginez un monde o\u00f9 il n&rsquo;y aurait qu&rsquo;une seule moto, de type universel, identique pour tout le monde, d&rsquo;une seule couleur, d&rsquo;une seule cylindr\u00e9e, d&rsquo;un seul ennui! Mais nous ne vivons pas dans cette utopie, alors on se retrouve avec de belles diff\u00e9rences dans l&rsquo;offre des constructeurs, que l&rsquo;on soit <a href=\"http:\/\/www.yamaha-motor-europe.com\/\">Europ\u00e9ens<\/a>, <a href=\"http:\/\/www.yamaha-motor.ca\/main.php\">Nord<\/a>&#8211;<a href=\"http:\/\/www.yamaha-motor.com\/\">Am\u00e9ricains<\/a> ou <a href=\"http:\/\/www.yamaha-motor.jp\/mc\/index.html\">Japonais<\/a>.<br \/>Puisque des go\u00fbts et des couleurs, on ne discute pas, il y en a donc pour tous, m\u00eame si parfois, on aimerait aussi avoir la m\u00eame chose que le voisin. Voisin d&rsquo;oc\u00e9an, dans ce cas-ci. M\u00eame si certains mod\u00e8les ont une saveur plus globale que d&rsquo;autres, il y a des particularit\u00e9s chez chacun.<\/p>\n<p><a href=\"http:\/\/clabedan.typepad.com\/.shared\/image.html?\/photos\/uncategorized\/2008\/01\/15\/venture.jpg\"><img loading=\"lazy\" decoding=\"async\" width=\"470\" height=\"325\"  src=\"http:\/\/www.leblogmoto.com\/images\/2008\/01\/15\/venture.jpg\" alt=\"Venture\" \/><\/a> <\/p>\n<p>Ainsi, l&rsquo;Am\u00e9rique du Nord a une grande gamme de cruisers avec des familles \u00e9tendues de V-Star, Roadliner, Road Star, Warrior, Raider, Royal Star et autres Stratoliner. Les surnommant m\u00eame \u00abStar motorcycles\u00bb aux \u00c9tats-Unis, question de faire un peu moins exotique et plus am\u00e9ricain. Et si la m\u00eame moto se retrouve partout, les appellations peuvent varier. Par exemple, La FZ1 est pr\u00e9sente sur tous les continents, mais la FZ1 n&rsquo;est pas la m\u00eame partout. Ainsi, la FZ1 nord-am\u00e9ricaine est FZ1 Fazer ailleurs, et la FZ1 tout court ailleurs n&rsquo;existe pas en Am\u00e9rique. Confus? Normal, et ils font tous \u00e7a, histoire de s&rsquo;adapter \u00e0 cet environnement hostile qu&rsquo;est l&rsquo;\u00e9conomie de march\u00e9. Nous avons bien la MT-01, mais pas la MT-03, et encore moins une TDM900, trop urbaine pour nos grands espaces. Et encore, parlant d&rsquo;espaces, une XT660Z T\u00e9n\u00e9r\u00e9 ne trouverait jamais sa place en Am\u00e9rique. D&rsquo;abord, personne ne sait ce qu&rsquo;est le <a href=\"http:\/\/www.agadez-niger.com\/\">T\u00e9n\u00e9r\u00e9<\/a>, et s&rsquo;il n&rsquo;y a pas de bitume recouvrant l&rsquo;espace d\u00e9j\u00e0 cit\u00e9, ce n&rsquo;est pas vendeur. <br \/>Par contre, on pourrait s&rsquo;attendre \u00e0 plus de diversit\u00e9 au Japon, mais ce n&rsquo;est pas vraiment le cas. Ils ont bien quelques curiosit\u00e9s, comme leur SR400 ou encore la mignonne YB-1, mais l&rsquo;attrait occidental se refl\u00e8te dans la conformit\u00e9 des cruisers et mod\u00e8les sport, poussant partout comme de la mauvaise herbe.<br \/>Finalement, m\u00eame si nous ne vivons pas dans un monde standardis\u00e9 \u00e0 outrance, le dictat des modes joue un r\u00f4le un petit peu similaire. Ne voulons-nous pas tous la Yamaha de Valentino Rossi?<\/p>\n<p><a href=\"http:\/\/clabedan.typepad.com\/.shared\/image.html?\/photos\/uncategorized\/2008\/01\/15\/fz1fazer.jpg\"><img loading=\"lazy\" decoding=\"async\" width=\"470\" height=\"287\"  src=\"http:\/\/www.leblogmoto.com\/images\/2008\/01\/15\/fz1fazer.jpg\" alt=\"Fz1fazer\" \/><\/a> <\/p>\n<p><a href=\"http:\/\/blogs.thesocialmedia.com\/leblogmoto\/files\/2012\/07\/mt03.jpg\"><img loading=\"lazy\" decoding=\"async\" width=\"470\" height=\"345\"  src=\"http:\/\/www.leblogmoto.com\/images\/2008\/01\/15\/mt03.jpg\" alt=\"Mt03\" \/><\/a> <\/p>\n<p><a href=\"http:\/\/blogs.thesocialmedia.com\/leblogmoto\/files\/2012\/07\/tdm900.jpg\"><img loading=\"lazy\" decoding=\"async\" width=\"470\" height=\"309\"  src=\"http:\/\/www.leblogmoto.com\/images\/2008\/01\/15\/tdm900.jpg\" alt=\"Tdm900\" \/><\/a> <\/p>\n<p><a href=\"http:\/\/blogs.thesocialmedia.com\/leblogmoto\/files\/2012\/07\/tenere.jpg\"><img loading=\"lazy\" decoding=\"async\" width=\"470\" height=\"291\"  src=\"http:\/\/www.leblogmoto.com\/images\/2008\/01\/15\/tenere.jpg\" alt=\"Tenere\" \/><\/a> <\/p>\n<p><a href=\"http:\/\/blogs.thesocialmedia.com\/leblogmoto\/files\/2012\/07\/sr400.jpg\"><img loading=\"lazy\" decoding=\"async\" width=\"470\" height=\"337\"  src=\"http:\/\/www.leblogmoto.com\/images\/2008\/01\/15\/sr400.jpg\" alt=\"Sr400\" \/><\/a> <\/p>\n<p><a href=\"http:\/\/blogs.thesocialmedia.com\/leblogmoto\/files\/2012\/07\/yb1_2.jpg\"><img loading=\"lazy\" decoding=\"async\" width=\"470\" height=\"360\"  src=\"http:\/\/www.leblogmoto.com\/images\/2008\/01\/15\/yb1_2.jpg\" alt=\"Yb1_2\" \/><\/a> <\/p>\n<p><a href=\"http:\/\/blogs.thesocialmedia.com\/leblogmoto\/files\/2012\/07\/tzr50.jpg\"><img loading=\"lazy\" decoding=\"async\" width=\"470\" height=\"337\"  src=\"http:\/\/www.leblogmoto.com\/images\/2008\/01\/15\/tzr50.jpg\" alt=\"Tzr50\" \/><\/a> <\/p>\n","protected":false},"excerpt":{"rendered":"<p>Imaginez un monde o\u00f9 il n&rsquo;y aurait qu&rsquo;une seule moto, de type universel, identique pour tout le monde, d&rsquo;une seule couleur, d&rsquo;une seule cylindr\u00e9e, d&rsquo;un seul ennui! Mais nous ne vivons pas dans cette utopie, alors on se retrouve avec de belles diff\u00e9rences dans l&rsquo;offre des constructeurs, que l&rsquo;on soit Europ\u00e9ens, Nord&#8211;Am\u00e9ricains ou Japonais.Puisque des [&hellip;]<\/p>\n","protected":false},"author":325,"featured_media":0,"comment_status":"open","ping_status":"open","sticky":false,"template":"","format":"standard","meta":{"footnotes":""},"categories":[44],"tags":[],"class_list":["post-959","post","type-post","status-publish","format-standard","hentry","category-yamaha"],"yoast_head":"<!-- This site is optimized with the Yoast SEO plugin v26.0 - https:\/\/yoast.com\/wordpress\/plugins\/seo\/ -->\n<title>Yamaha 2008, Disparit\u00e9s culturelles - leblogmoto.com<\/title>\n<meta name=\"robots\" content=\"index, follow, max-snippet:-1, max-image-preview:large, max-video-preview:-1\" \/>\n<link rel=\"canonical\" href=\"https:\/\/blogs.thesocialmedia.com\/leblogmoto\/2008\/01\/16\/yamaha-2008-dis\/\" \/>\n<meta name=\"twitter:card\" content=\"summary_large_image\" \/>\n<meta name=\"twitter:title\" content=\"Yamaha 2008, Disparit\u00e9s culturelles - leblogmoto.com\" \/>\n<meta name=\"twitter:description\" content=\"Imaginez un monde o\u00f9 il n&rsquo;y aurait qu&rsquo;une seule moto, de type universel, identique pour tout le monde, d&rsquo;une seule couleur, d&rsquo;une seule cylindr\u00e9e, d&rsquo;un seul ennui! Mais nous ne vivons pas dans cette utopie, alors on se retrouve avec de belles diff\u00e9rences dans l&rsquo;offre des constructeurs, que l&rsquo;on soit Europ\u00e9ens, Nord&#8211;Am\u00e9ricains ou Japonais.Puisque des [&hellip;]\" \/>\n<meta name=\"twitter:image\" content=\"http:\/\/www.leblogmoto.com\/images\/2008\/01\/15\/fz1.jpg\" \/>\n<meta name=\"twitter:label1\" content=\"\u00c9crit par\" \/>\n\t<meta name=\"twitter:data1\" content=\"jacques lesage\" \/>\n\t<meta name=\"twitter:label2\" content=\"Dur\u00e9e de lecture estim\u00e9e\" \/>\n\t<meta name=\"twitter:data2\" content=\"2 minutes\" \/>\n<script type=\"application\/ld+json\" class=\"yoast-schema-graph\">{\"@context\":\"https:\/\/schema.org\",\"@graph\":[{\"@type\":\"WebPage\",\"@id\":\"https:\/\/blogs.thesocialmedia.com\/leblogmoto\/2008\/01\/16\/yamaha-2008-dis\/\",\"url\":\"https:\/\/blogs.thesocialmedia.com\/leblogmoto\/2008\/01\/16\/yamaha-2008-dis\/\",\"name\":\"Yamaha 2008, Disparit\u00e9s culturelles - leblogmoto.com\",\"isPartOf\":{\"@id\":\"https:\/\/blogs.thesocialmedia.com\/leblogmoto\/#website\"},\"primaryImageOfPage\":{\"@id\":\"https:\/\/blogs.thesocialmedia.com\/leblogmoto\/2008\/01\/16\/yamaha-2008-dis\/#primaryimage\"},\"image\":{\"@id\":\"https:\/\/blogs.thesocialmedia.com\/leblogmoto\/2008\/01\/16\/yamaha-2008-dis\/#primaryimage\"},\"thumbnailUrl\":\"http:\/\/www.leblogmoto.com\/images\/2008\/01\/15\/fz1.jpg\",\"datePublished\":\"2008-01-16T04:22:39+00:00\",\"dateModified\":\"2012-07-11T15:13:13+00:00\",\"author\":{\"@id\":\"https:\/\/blogs.thesocialmedia.com\/leblogmoto\/#\/schema\/person\/e82a0ca8a9a63d031586097a3ed58526\"},\"breadcrumb\":{\"@id\":\"https:\/\/blogs.thesocialmedia.com\/leblogmoto\/2008\/01\/16\/yamaha-2008-dis\/#breadcrumb\"},\"inLanguage\":\"fr-FR\",\"potentialAction\":[{\"@type\":\"ReadAction\",\"target\":[\"https:\/\/blogs.thesocialmedia.com\/leblogmoto\/2008\/01\/16\/yamaha-2008-dis\/\"]}]},{\"@type\":\"ImageObject\",\"inLanguage\":\"fr-FR\",\"@id\":\"https:\/\/blogs.thesocialmedia.com\/leblogmoto\/2008\/01\/16\/yamaha-2008-dis\/#primaryimage\",\"url\":\"http:\/\/www.leblogmoto.com\/images\/2008\/01\/15\/fz1.jpg\",\"contentUrl\":\"http:\/\/www.leblogmoto.com\/images\/2008\/01\/15\/fz1.jpg\"},{\"@type\":\"BreadcrumbList\",\"@id\":\"https:\/\/blogs.thesocialmedia.com\/leblogmoto\/2008\/01\/16\/yamaha-2008-dis\/#breadcrumb\",\"itemListElement\":[{\"@type\":\"ListItem\",\"position\":1,\"name\":\"Accueil\",\"item\":\"https:\/\/blogs.thesocialmedia.com\/leblogmoto\/\"},{\"@type\":\"ListItem\",\"position\":2,\"name\":\"Yamaha 2008, Disparit\u00e9s culturelles\"}]},{\"@type\":\"WebSite\",\"@id\":\"https:\/\/blogs.thesocialmedia.com\/leblogmoto\/#website\",\"url\":\"https:\/\/blogs.thesocialmedia.com\/leblogmoto\/\",\"name\":\"leblogmoto\",\"description\":\"Toute l&#039;actualit\u00e9 des 2 roues\",\"potentialAction\":[{\"@type\":\"SearchAction\",\"target\":{\"@type\":\"EntryPoint\",\"urlTemplate\":\"https:\/\/blogs.thesocialmedia.com\/leblogmoto\/?s={search_term_string}\"},\"query-input\":{\"@type\":\"PropertyValueSpecification\",\"valueRequired\":true,\"valueName\":\"search_term_string\"}}],\"inLanguage\":\"fr-FR\"},{\"@type\":\"Person\",\"@id\":\"https:\/\/blogs.thesocialmedia.com\/leblogmoto\/#\/schema\/person\/e82a0ca8a9a63d031586097a3ed58526\",\"name\":\"jacques lesage\",\"image\":{\"@type\":\"ImageObject\",\"inLanguage\":\"fr-FR\",\"@id\":\"https:\/\/blogs.thesocialmedia.com\/leblogmoto\/#\/schema\/person\/image\/\",\"url\":\"https:\/\/secure.gravatar.com\/avatar\/?s=96&d=mm&r=g\",\"contentUrl\":\"https:\/\/secure.gravatar.com\/avatar\/?s=96&d=mm&r=g\",\"caption\":\"jacques lesage\"},\"url\":\"https:\/\/blogs.thesocialmedia.com\/leblogmoto\/author\/jacques-lesage\/\"}]}<\/script>\n<!-- \/ Yoast SEO plugin. -->","yoast_head_json":{"title":"Yamaha 2008, Disparit\u00e9s culturelles - leblogmoto.com","robots":{"index":"index","follow":"follow","max-snippet":"max-snippet:-1","max-image-preview":"max-image-preview:large","max-video-preview":"max-video-preview:-1"},"canonical":"https:\/\/blogs.thesocialmedia.com\/leblogmoto\/2008\/01\/16\/yamaha-2008-dis\/","twitter_card":"summary_large_image","twitter_title":"Yamaha 2008, Disparit\u00e9s culturelles - leblogmoto.com","twitter_description":"Imaginez un monde o\u00f9 il n&rsquo;y aurait qu&rsquo;une seule moto, de type universel, identique pour tout le monde, d&rsquo;une seule couleur, d&rsquo;une seule cylindr\u00e9e, d&rsquo;un seul ennui! Mais nous ne vivons pas dans cette utopie, alors on se retrouve avec de belles diff\u00e9rences dans l&rsquo;offre des constructeurs, que l&rsquo;on soit Europ\u00e9ens, Nord&#8211;Am\u00e9ricains ou Japonais.Puisque des [&hellip;]","twitter_image":"http:\/\/www.leblogmoto.com\/images\/2008\/01\/15\/fz1.jpg","twitter_misc":{"\u00c9crit par":"jacques lesage","Dur\u00e9e de lecture estim\u00e9e":"2 minutes"},"schema":{"@context":"https:\/\/schema.org","@graph":[{"@type":"WebPage","@id":"https:\/\/blogs.thesocialmedia.com\/leblogmoto\/2008\/01\/16\/yamaha-2008-dis\/","url":"https:\/\/blogs.thesocialmedia.com\/leblogmoto\/2008\/01\/16\/yamaha-2008-dis\/","name":"Yamaha 2008, Disparit\u00e9s culturelles - leblogmoto.com","isPartOf":{"@id":"https:\/\/blogs.thesocialmedia.com\/leblogmoto\/#website"},"primaryImageOfPage":{"@id":"https:\/\/blogs.thesocialmedia.com\/leblogmoto\/2008\/01\/16\/yamaha-2008-dis\/#primaryimage"},"image":{"@id":"https:\/\/blogs.thesocialmedia.com\/leblogmoto\/2008\/01\/16\/yamaha-2008-dis\/#primaryimage"},"thumbnailUrl":"http:\/\/www.leblogmoto.com\/images\/2008\/01\/15\/fz1.jpg","datePublished":"2008-01-16T04:22:39+00:00","dateModified":"2012-07-11T15:13:13+00:00","author":{"@id":"https:\/\/blogs.thesocialmedia.com\/leblogmoto\/#\/schema\/person\/e82a0ca8a9a63d031586097a3ed58526"},"breadcrumb":{"@id":"https:\/\/blogs.thesocialmedia.com\/leblogmoto\/2008\/01\/16\/yamaha-2008-dis\/#breadcrumb"},"inLanguage":"fr-FR","potentialAction":[{"@type":"ReadAction","target":["https:\/\/blogs.thesocialmedia.com\/leblogmoto\/2008\/01\/16\/yamaha-2008-dis\/"]}]},{"@type":"ImageObject","inLanguage":"fr-FR","@id":"https:\/\/blogs.thesocialmedia.com\/leblogmoto\/2008\/01\/16\/yamaha-2008-dis\/#primaryimage","url":"http:\/\/www.leblogmoto.com\/images\/2008\/01\/15\/fz1.jpg","contentUrl":"http:\/\/www.leblogmoto.com\/images\/2008\/01\/15\/fz1.jpg"},{"@type":"BreadcrumbList","@id":"https:\/\/blogs.thesocialmedia.com\/leblogmoto\/2008\/01\/16\/yamaha-2008-dis\/#breadcrumb","itemListElement":[{"@type":"ListItem","position":1,"name":"Accueil","item":"https:\/\/blogs.thesocialmedia.com\/leblogmoto\/"},{"@type":"ListItem","position":2,"name":"Yamaha 2008, Disparit\u00e9s culturelles"}]},{"@type":"WebSite","@id":"https:\/\/blogs.thesocialmedia.com\/leblogmoto\/#website","url":"https:\/\/blogs.thesocialmedia.com\/leblogmoto\/","name":"leblogmoto","description":"Toute l&#039;actualit\u00e9 des 2 roues","potentialAction":[{"@type":"SearchAction","target":{"@type":"EntryPoint","urlTemplate":"https:\/\/blogs.thesocialmedia.com\/leblogmoto\/?s={search_term_string}"},"query-input":{"@type":"PropertyValueSpecification","valueRequired":true,"valueName":"search_term_string"}}],"inLanguage":"fr-FR"},{"@type":"Person","@id":"https:\/\/blogs.thesocialmedia.com\/leblogmoto\/#\/schema\/person\/e82a0ca8a9a63d031586097a3ed58526","name":"jacques lesage","image":{"@type":"ImageObject","inLanguage":"fr-FR","@id":"https:\/\/blogs.thesocialmedia.com\/leblogmoto\/#\/schema\/person\/image\/","url":"https:\/\/secure.gravatar.com\/avatar\/?s=96&d=mm&r=g","contentUrl":"https:\/\/secure.gravatar.com\/avatar\/?s=96&d=mm&r=g","caption":"jacques lesage"},"url":"https:\/\/blogs.thesocialmedia.com\/leblogmoto\/author\/jacques-lesage\/"}]}},"_links":{"self":[{"href":"https:\/\/blogs.thesocialmedia.com\/leblogmoto\/wp-json\/wp\/v2\/posts\/959","targetHints":{"allow":["GET"]}}],"collection":[{"href":"https:\/\/blogs.thesocialmedia.com\/leblogmoto\/wp-json\/wp\/v2\/posts"}],"about":[{"href":"https:\/\/blogs.thesocialmedia.com\/leblogmoto\/wp-json\/wp\/v2\/types\/post"}],"author":[{"embeddable":true,"href":"https:\/\/blogs.thesocialmedia.com\/leblogmoto\/wp-json\/wp\/v2\/users\/325"}],"replies":[{"embeddable":true,"href":"https:\/\/blogs.thesocialmedia.com\/leblogmoto\/wp-json\/wp\/v2\/comments?post=959"}],"version-history":[{"count":2,"href":"https:\/\/blogs.thesocialmedia.com\/leblogmoto\/wp-json\/wp\/v2\/posts\/959\/revisions"}],"predecessor-version":[{"id":9679,"href":"https:\/\/blogs.thesocialmedia.com\/leblogmoto\/wp-json\/wp\/v2\/posts\/959\/revisions\/9679"}],"wp:attachment":[{"href":"https:\/\/blogs.thesocialmedia.com\/leblogmoto\/wp-json\/wp\/v2\/media?parent=959"}],"wp:term":[{"taxonomy":"category","embeddable":true,"href":"https:\/\/blogs.thesocialmedia.com\/leblogmoto\/wp-json\/wp\/v2\/categories?post=959"},{"taxonomy":"post_tag","embeddable":true,"href":"https:\/\/blogs.thesocialmedia.com\/leblogmoto\/wp-json\/wp\/v2\/tags?post=959"}],"curies":[{"name":"wp","href":"https:\/\/api.w.org\/{rel}","templated":true}]}}