{"id":96,"date":"2009-06-26T23:38:04","date_gmt":"2009-06-26T23:38:04","guid":{"rendered":"http:\/\/blogs.thesocialmedia.com\/leblogmoto\/2009\/06\/26\/on-vous-a-trouve-un-rapport-entre-bambi-et-la-moto\/"},"modified":"2009-06-26T23:38:04","modified_gmt":"2009-06-26T23:38:04","slug":"on-vous-a-trouve-un-rapport-entre-bambi-et-la-moto","status":"publish","type":"post","link":"https:\/\/blogs.thesocialmedia.com\/leblogmoto\/2009\/06\/26\/on-vous-a-trouve-un-rapport-entre-bambi-et-la-moto\/","title":{"rendered":"On vous a trouv\u00e9 un rapport entre Michael Jackson et la moto."},"content":{"rendered":"<p><object width=\"470\" height=\"364\"><param name=\"movie\" value=\"http:\/\/www.youtube.com\/v\/pEVj2_9Fojo&amp;hl=fr&amp;fs=1&amp;\"><\/param><param name=\"allowFullScreen\" value=\"true\"><\/param><param name=\"allowscriptaccess\" value=\"always\"><\/param><embed src=\"http:\/\/www.youtube.com\/v\/pEVj2_9Fojo&amp;hl=fr&amp;fs=1&amp;\" type=\"application\/x-shockwave-flash\" width=\"470\" height=\"364\"><\/embed><\/object> <\/p>\n<p>Et m\u00eame avec le scooter, le side-car et le jet-ski. Si, si, regardez bien, son cruiser se transforme au fil de cet extrait tir\u00e9 du film Moonwalker. Et les v\u00e9hicules de ses poursuivants, des paparazzi, sont aussi des deux-roues, voire trois. Merci aux p&rsquo;tits gars de <a href=\"http:\/\/www.fasterandfaster.net\/2009\/06\/michael-jackson-dies-of-cardiac-arrest.html\">Faster and Faster<\/a> qui ont d\u00e9nich\u00e9 cette perle. Je trouvais dommage que l&rsquo;on passe \u00e0 c\u00f4t\u00e9 de cet <a href=\"http:\/\/www.liberation.fr\/michaeljacksonmortduneicone\">\u00e9v\u00e9nement<\/a> m\u00e9diatique plan\u00e9taire &#8211; qu&rsquo;on le veuille ou non &#8211; qu&rsquo;est le d\u00e9c\u00e8s de Michael Jackson hier au soir, d&rsquo;une crise cardiaque. D&rsquo;autant que comme beaucoup d&rsquo;entre-vous, <a href=\"http:\/\/www.lefigaro.fr\/photos\/2009\/06\/26\/01013-20090626DIMWWW00355-de-berlin-a-los-angeles-lincommensurable-chagrin-des-fans.php\">sans \u00eatre un fan<\/a>, j&rsquo;ai \u00e9norm\u00e9ment appr\u00e9ci\u00e9 certaines de ses chansons. Pour ce qui est de ce qui nous int\u00e9resse, mon manque de culture jacksonienne est r\u00e9par\u00e9e. Car \u00e0 l&rsquo;exception de l&rsquo;entr\u00e9e de Dan Akroyd dans le clip de <a href=\"http:\/\/www.youtube.com\/watch?v=PjtI2WZTZ9k\">Liberian Girl<\/a>, je n&rsquo;avais pas le souvenir de la pr\u00e9sence d&rsquo;une b\u00e9cane dans un clip du King Of Pop. Pour le reste: R.I.P M.J.<\/p>\n","protected":false},"excerpt":{"rendered":"<p>Et m\u00eame avec le scooter, le side-car et le jet-ski. Si, si, regardez bien, son cruiser se transforme au fil de cet extrait tir\u00e9 du film Moonwalker. Et les v\u00e9hicules de ses poursuivants, des paparazzi, sont aussi des deux-roues, voire trois. Merci aux p&rsquo;tits gars de Faster and Faster qui ont d\u00e9nich\u00e9 cette perle. Je [&hellip;]<\/p>\n","protected":false},"author":324,"featured_media":0,"comment_status":"open","ping_status":"open","sticky":false,"template":"","format":"standard","meta":{"footnotes":""},"categories":[3,8,17,12],"tags":[],"class_list":["post-96","post","type-post","status-publish","format-standard","hentry","category-actualite","category-chaines-et-cuirs","category-divers","category-videos"],"yoast_head":"<!-- This site is optimized with the Yoast SEO plugin v26.0 - https:\/\/yoast.com\/wordpress\/plugins\/seo\/ -->\n<title>On vous a trouv\u00e9 un rapport entre Michael Jackson et la moto. - leblogmoto.com<\/title>\n<meta name=\"robots\" content=\"index, follow, max-snippet:-1, max-image-preview:large, max-video-preview:-1\" \/>\n<link rel=\"canonical\" href=\"https:\/\/blogs.thesocialmedia.com\/leblogmoto\/2009\/06\/26\/on-vous-a-trouve-un-rapport-entre-bambi-et-la-moto\/\" \/>\n<meta name=\"twitter:card\" content=\"summary_large_image\" \/>\n<meta name=\"twitter:title\" content=\"On vous a trouv\u00e9 un rapport entre Michael Jackson et la moto. - leblogmoto.com\" \/>\n<meta name=\"twitter:description\" content=\"Et m\u00eame avec le scooter, le side-car et le jet-ski. Si, si, regardez bien, son cruiser se transforme au fil de cet extrait tir\u00e9 du film Moonwalker. Et les v\u00e9hicules de ses poursuivants, des paparazzi, sont aussi des deux-roues, voire trois. Merci aux p&rsquo;tits gars de Faster and Faster qui ont d\u00e9nich\u00e9 cette perle. Je [&hellip;]\" \/>\n<meta name=\"twitter:label1\" content=\"\u00c9crit par\" \/>\n\t<meta name=\"twitter:data1\" content=\"benoit rieu\" \/>\n\t<meta name=\"twitter:label2\" content=\"Dur\u00e9e de lecture estim\u00e9e\" \/>\n\t<meta name=\"twitter:data2\" content=\"1 minute\" \/>\n<script type=\"application\/ld+json\" class=\"yoast-schema-graph\">{\"@context\":\"https:\/\/schema.org\",\"@graph\":[{\"@type\":\"WebPage\",\"@id\":\"https:\/\/blogs.thesocialmedia.com\/leblogmoto\/2009\/06\/26\/on-vous-a-trouve-un-rapport-entre-bambi-et-la-moto\/\",\"url\":\"https:\/\/blogs.thesocialmedia.com\/leblogmoto\/2009\/06\/26\/on-vous-a-trouve-un-rapport-entre-bambi-et-la-moto\/\",\"name\":\"On vous a trouv\u00e9 un rapport entre Michael Jackson et la moto. - leblogmoto.com\",\"isPartOf\":{\"@id\":\"https:\/\/blogs.thesocialmedia.com\/leblogmoto\/#website\"},\"datePublished\":\"2009-06-26T23:38:04+00:00\",\"author\":{\"@id\":\"https:\/\/blogs.thesocialmedia.com\/leblogmoto\/#\/schema\/person\/18bfe773e5725ed6d24f743da805362a\"},\"breadcrumb\":{\"@id\":\"https:\/\/blogs.thesocialmedia.com\/leblogmoto\/2009\/06\/26\/on-vous-a-trouve-un-rapport-entre-bambi-et-la-moto\/#breadcrumb\"},\"inLanguage\":\"fr-FR\",\"potentialAction\":[{\"@type\":\"ReadAction\",\"target\":[\"https:\/\/blogs.thesocialmedia.com\/leblogmoto\/2009\/06\/26\/on-vous-a-trouve-un-rapport-entre-bambi-et-la-moto\/\"]}]},{\"@type\":\"BreadcrumbList\",\"@id\":\"https:\/\/blogs.thesocialmedia.com\/leblogmoto\/2009\/06\/26\/on-vous-a-trouve-un-rapport-entre-bambi-et-la-moto\/#breadcrumb\",\"itemListElement\":[{\"@type\":\"ListItem\",\"position\":1,\"name\":\"Accueil\",\"item\":\"https:\/\/blogs.thesocialmedia.com\/leblogmoto\/\"},{\"@type\":\"ListItem\",\"position\":2,\"name\":\"On vous a trouv\u00e9 un rapport entre Michael Jackson et la moto.\"}]},{\"@type\":\"WebSite\",\"@id\":\"https:\/\/blogs.thesocialmedia.com\/leblogmoto\/#website\",\"url\":\"https:\/\/blogs.thesocialmedia.com\/leblogmoto\/\",\"name\":\"leblogmoto\",\"description\":\"Toute l&#039;actualit\u00e9 des 2 roues\",\"potentialAction\":[{\"@type\":\"SearchAction\",\"target\":{\"@type\":\"EntryPoint\",\"urlTemplate\":\"https:\/\/blogs.thesocialmedia.com\/leblogmoto\/?s={search_term_string}\"},\"query-input\":{\"@type\":\"PropertyValueSpecification\",\"valueRequired\":true,\"valueName\":\"search_term_string\"}}],\"inLanguage\":\"fr-FR\"},{\"@type\":\"Person\",\"@id\":\"https:\/\/blogs.thesocialmedia.com\/leblogmoto\/#\/schema\/person\/18bfe773e5725ed6d24f743da805362a\",\"name\":\"benoit rieu\",\"image\":{\"@type\":\"ImageObject\",\"inLanguage\":\"fr-FR\",\"@id\":\"https:\/\/blogs.thesocialmedia.com\/leblogmoto\/#\/schema\/person\/image\/\",\"url\":\"https:\/\/secure.gravatar.com\/avatar\/?s=96&d=mm&r=g\",\"contentUrl\":\"https:\/\/secure.gravatar.com\/avatar\/?s=96&d=mm&r=g\",\"caption\":\"benoit rieu\"},\"url\":\"https:\/\/blogs.thesocialmedia.com\/leblogmoto\/author\/benoit-rieu\/\"}]}<\/script>\n<!-- \/ Yoast SEO plugin. -->","yoast_head_json":{"title":"On vous a trouv\u00e9 un rapport entre Michael Jackson et la moto. - leblogmoto.com","robots":{"index":"index","follow":"follow","max-snippet":"max-snippet:-1","max-image-preview":"max-image-preview:large","max-video-preview":"max-video-preview:-1"},"canonical":"https:\/\/blogs.thesocialmedia.com\/leblogmoto\/2009\/06\/26\/on-vous-a-trouve-un-rapport-entre-bambi-et-la-moto\/","twitter_card":"summary_large_image","twitter_title":"On vous a trouv\u00e9 un rapport entre Michael Jackson et la moto. - leblogmoto.com","twitter_description":"Et m\u00eame avec le scooter, le side-car et le jet-ski. Si, si, regardez bien, son cruiser se transforme au fil de cet extrait tir\u00e9 du film Moonwalker. Et les v\u00e9hicules de ses poursuivants, des paparazzi, sont aussi des deux-roues, voire trois. Merci aux p&rsquo;tits gars de Faster and Faster qui ont d\u00e9nich\u00e9 cette perle. Je [&hellip;]","twitter_misc":{"\u00c9crit par":"benoit rieu","Dur\u00e9e de lecture estim\u00e9e":"1 minute"},"schema":{"@context":"https:\/\/schema.org","@graph":[{"@type":"WebPage","@id":"https:\/\/blogs.thesocialmedia.com\/leblogmoto\/2009\/06\/26\/on-vous-a-trouve-un-rapport-entre-bambi-et-la-moto\/","url":"https:\/\/blogs.thesocialmedia.com\/leblogmoto\/2009\/06\/26\/on-vous-a-trouve-un-rapport-entre-bambi-et-la-moto\/","name":"On vous a trouv\u00e9 un rapport entre Michael Jackson et la moto. - leblogmoto.com","isPartOf":{"@id":"https:\/\/blogs.thesocialmedia.com\/leblogmoto\/#website"},"datePublished":"2009-06-26T23:38:04+00:00","author":{"@id":"https:\/\/blogs.thesocialmedia.com\/leblogmoto\/#\/schema\/person\/18bfe773e5725ed6d24f743da805362a"},"breadcrumb":{"@id":"https:\/\/blogs.thesocialmedia.com\/leblogmoto\/2009\/06\/26\/on-vous-a-trouve-un-rapport-entre-bambi-et-la-moto\/#breadcrumb"},"inLanguage":"fr-FR","potentialAction":[{"@type":"ReadAction","target":["https:\/\/blogs.thesocialmedia.com\/leblogmoto\/2009\/06\/26\/on-vous-a-trouve-un-rapport-entre-bambi-et-la-moto\/"]}]},{"@type":"BreadcrumbList","@id":"https:\/\/blogs.thesocialmedia.com\/leblogmoto\/2009\/06\/26\/on-vous-a-trouve-un-rapport-entre-bambi-et-la-moto\/#breadcrumb","itemListElement":[{"@type":"ListItem","position":1,"name":"Accueil","item":"https:\/\/blogs.thesocialmedia.com\/leblogmoto\/"},{"@type":"ListItem","position":2,"name":"On vous a trouv\u00e9 un rapport entre Michael Jackson et la moto."}]},{"@type":"WebSite","@id":"https:\/\/blogs.thesocialmedia.com\/leblogmoto\/#website","url":"https:\/\/blogs.thesocialmedia.com\/leblogmoto\/","name":"leblogmoto","description":"Toute l&#039;actualit\u00e9 des 2 roues","potentialAction":[{"@type":"SearchAction","target":{"@type":"EntryPoint","urlTemplate":"https:\/\/blogs.thesocialmedia.com\/leblogmoto\/?s={search_term_string}"},"query-input":{"@type":"PropertyValueSpecification","valueRequired":true,"valueName":"search_term_string"}}],"inLanguage":"fr-FR"},{"@type":"Person","@id":"https:\/\/blogs.thesocialmedia.com\/leblogmoto\/#\/schema\/person\/18bfe773e5725ed6d24f743da805362a","name":"benoit rieu","image":{"@type":"ImageObject","inLanguage":"fr-FR","@id":"https:\/\/blogs.thesocialmedia.com\/leblogmoto\/#\/schema\/person\/image\/","url":"https:\/\/secure.gravatar.com\/avatar\/?s=96&d=mm&r=g","contentUrl":"https:\/\/secure.gravatar.com\/avatar\/?s=96&d=mm&r=g","caption":"benoit rieu"},"url":"https:\/\/blogs.thesocialmedia.com\/leblogmoto\/author\/benoit-rieu\/"}]}},"_links":{"self":[{"href":"https:\/\/blogs.thesocialmedia.com\/leblogmoto\/wp-json\/wp\/v2\/posts\/96","targetHints":{"allow":["GET"]}}],"collection":[{"href":"https:\/\/blogs.thesocialmedia.com\/leblogmoto\/wp-json\/wp\/v2\/posts"}],"about":[{"href":"https:\/\/blogs.thesocialmedia.com\/leblogmoto\/wp-json\/wp\/v2\/types\/post"}],"author":[{"embeddable":true,"href":"https:\/\/blogs.thesocialmedia.com\/leblogmoto\/wp-json\/wp\/v2\/users\/324"}],"replies":[{"embeddable":true,"href":"https:\/\/blogs.thesocialmedia.com\/leblogmoto\/wp-json\/wp\/v2\/comments?post=96"}],"version-history":[{"count":0,"href":"https:\/\/blogs.thesocialmedia.com\/leblogmoto\/wp-json\/wp\/v2\/posts\/96\/revisions"}],"wp:attachment":[{"href":"https:\/\/blogs.thesocialmedia.com\/leblogmoto\/wp-json\/wp\/v2\/media?parent=96"}],"wp:term":[{"taxonomy":"category","embeddable":true,"href":"https:\/\/blogs.thesocialmedia.com\/leblogmoto\/wp-json\/wp\/v2\/categories?post=96"},{"taxonomy":"post_tag","embeddable":true,"href":"https:\/\/blogs.thesocialmedia.com\/leblogmoto\/wp-json\/wp\/v2\/tags?post=96"}],"curies":[{"name":"wp","href":"https:\/\/api.w.org\/{rel}","templated":true}]}}