{"id":960,"date":"2008-01-16T02:29:25","date_gmt":"2008-01-16T02:29:25","guid":{"rendered":"http:\/\/blogs.thesocialmedia.com\/leblogmoto\/2008\/01\/16\/campagne-austra\/"},"modified":"2012-07-11T15:12:57","modified_gmt":"2012-07-11T15:12:57","slug":"campagne-austra","status":"publish","type":"post","link":"https:\/\/blogs.thesocialmedia.com\/leblogmoto\/2008\/01\/16\/campagne-austra\/","title":{"rendered":"Campagne australienne contre l&rsquo;usage du baladeur."},"content":{"rendered":"<p><a href=\"http:\/\/blogs.thesocialmedia.com\/leblogmoto\/files\/2012\/07\/moto_scurit_campagne_australienne_2.jpg\"><img loading=\"lazy\" decoding=\"async\" width=\"470\" height=\"335\"  src=\"http:\/\/www.leblogmoto.com\/images\/2008\/01\/15\/moto_scurit_campagne_australienne_2.jpg\" alt=\"Moto_scurit_campagne_australienne_2\" \/><\/a> <br \/><a href=\"http:\/\/blogs.thesocialmedia.com\/leblogmoto\/files\/2012\/07\/moto_scurit_campagne_australienne_3.jpg\"><img loading=\"lazy\" decoding=\"async\" width=\"470\" height=\"335\"  src=\"http:\/\/www.leblogmoto.com\/images\/2008\/01\/15\/moto_scurit_campagne_australienne_3.jpg\" alt=\"Moto_scurit_campagne_australienne_3\" \/><\/a> <br \/>Au guidon, les pi\u00e9tons sont nos alli\u00e9s. Mais si les automobilistes (surtout) et les motards (plus rarement) sont \u00e0 l&rsquo;origine de drames parmi leurs troupes, on aimerait aussi qu&rsquo;ils fassent eux-m\u00eames attention avant de devenir une statistique. D&rsquo;o\u00f9 cette <a href=\"http:\/\/www.leblogmoto.com\/2007\/11\/campagne-asiati.html\">campagne astucieuse<\/a> contre l&rsquo;usage des iPods et consorts qui vous enferment dans une dangereuse bulle&#8230; Sur ces <a href=\"http:\/\/www.leblogmoto.com\/2007\/12\/une-illusion-do.html\">visuels<\/a>, le fil des \u00e9couteurs vient d\u00e9tourer le corps, comme l&rsquo;on marque \u00e0 la craie la silhouette de la victime tomb\u00e9e sur la chauss\u00e9e.  <\/p>\n<p><em>source: w3sh.com<\/em><\/p>\n","protected":false},"excerpt":{"rendered":"<p>Au guidon, les pi\u00e9tons sont nos alli\u00e9s. Mais si les automobilistes (surtout) et les motards (plus rarement) sont \u00e0 l&rsquo;origine de drames parmi leurs troupes, on aimerait aussi qu&rsquo;ils fassent eux-m\u00eames attention avant de devenir une statistique. D&rsquo;o\u00f9 cette campagne astucieuse contre l&rsquo;usage des iPods et consorts qui vous enferment dans une dangereuse bulle&#8230; Sur [&hellip;]<\/p>\n","protected":false},"author":324,"featured_media":0,"comment_status":"open","ping_status":"open","sticky":false,"template":"","format":"standard","meta":{"footnotes":""},"categories":[3,27],"tags":[],"class_list":["post-960","post","type-post","status-publish","format-standard","hentry","category-actualite","category-securite"],"yoast_head":"<!-- This site is optimized with the Yoast SEO plugin v26.0 - https:\/\/yoast.com\/wordpress\/plugins\/seo\/ -->\n<title>Campagne australienne contre l&#039;usage du baladeur. - leblogmoto.com<\/title>\n<meta name=\"robots\" content=\"index, follow, max-snippet:-1, max-image-preview:large, max-video-preview:-1\" \/>\n<link rel=\"canonical\" href=\"https:\/\/blogs.thesocialmedia.com\/leblogmoto\/2008\/01\/16\/campagne-austra\/\" \/>\n<meta name=\"twitter:card\" content=\"summary_large_image\" \/>\n<meta name=\"twitter:title\" content=\"Campagne australienne contre l&#039;usage du baladeur. - leblogmoto.com\" \/>\n<meta name=\"twitter:description\" content=\"Au guidon, les pi\u00e9tons sont nos alli\u00e9s. Mais si les automobilistes (surtout) et les motards (plus rarement) sont \u00e0 l&rsquo;origine de drames parmi leurs troupes, on aimerait aussi qu&rsquo;ils fassent eux-m\u00eames attention avant de devenir une statistique. D&rsquo;o\u00f9 cette campagne astucieuse contre l&rsquo;usage des iPods et consorts qui vous enferment dans une dangereuse bulle&#8230; Sur [&hellip;]\" \/>\n<meta name=\"twitter:image\" content=\"http:\/\/www.leblogmoto.com\/images\/2008\/01\/15\/moto_scurit_campagne_australienne_2.jpg\" \/>\n<meta name=\"twitter:label1\" content=\"\u00c9crit par\" \/>\n\t<meta name=\"twitter:data1\" content=\"benoit rieu\" \/>\n<script type=\"application\/ld+json\" class=\"yoast-schema-graph\">{\"@context\":\"https:\/\/schema.org\",\"@graph\":[{\"@type\":\"WebPage\",\"@id\":\"https:\/\/blogs.thesocialmedia.com\/leblogmoto\/2008\/01\/16\/campagne-austra\/\",\"url\":\"https:\/\/blogs.thesocialmedia.com\/leblogmoto\/2008\/01\/16\/campagne-austra\/\",\"name\":\"Campagne australienne contre l'usage du baladeur. - leblogmoto.com\",\"isPartOf\":{\"@id\":\"https:\/\/blogs.thesocialmedia.com\/leblogmoto\/#website\"},\"primaryImageOfPage\":{\"@id\":\"https:\/\/blogs.thesocialmedia.com\/leblogmoto\/2008\/01\/16\/campagne-austra\/#primaryimage\"},\"image\":{\"@id\":\"https:\/\/blogs.thesocialmedia.com\/leblogmoto\/2008\/01\/16\/campagne-austra\/#primaryimage\"},\"thumbnailUrl\":\"http:\/\/www.leblogmoto.com\/images\/2008\/01\/15\/moto_scurit_campagne_australienne_2.jpg\",\"datePublished\":\"2008-01-16T02:29:25+00:00\",\"dateModified\":\"2012-07-11T15:12:57+00:00\",\"author\":{\"@id\":\"https:\/\/blogs.thesocialmedia.com\/leblogmoto\/#\/schema\/person\/18bfe773e5725ed6d24f743da805362a\"},\"breadcrumb\":{\"@id\":\"https:\/\/blogs.thesocialmedia.com\/leblogmoto\/2008\/01\/16\/campagne-austra\/#breadcrumb\"},\"inLanguage\":\"fr-FR\",\"potentialAction\":[{\"@type\":\"ReadAction\",\"target\":[\"https:\/\/blogs.thesocialmedia.com\/leblogmoto\/2008\/01\/16\/campagne-austra\/\"]}]},{\"@type\":\"ImageObject\",\"inLanguage\":\"fr-FR\",\"@id\":\"https:\/\/blogs.thesocialmedia.com\/leblogmoto\/2008\/01\/16\/campagne-austra\/#primaryimage\",\"url\":\"http:\/\/www.leblogmoto.com\/images\/2008\/01\/15\/moto_scurit_campagne_australienne_2.jpg\",\"contentUrl\":\"http:\/\/www.leblogmoto.com\/images\/2008\/01\/15\/moto_scurit_campagne_australienne_2.jpg\"},{\"@type\":\"BreadcrumbList\",\"@id\":\"https:\/\/blogs.thesocialmedia.com\/leblogmoto\/2008\/01\/16\/campagne-austra\/#breadcrumb\",\"itemListElement\":[{\"@type\":\"ListItem\",\"position\":1,\"name\":\"Accueil\",\"item\":\"https:\/\/blogs.thesocialmedia.com\/leblogmoto\/\"},{\"@type\":\"ListItem\",\"position\":2,\"name\":\"Campagne australienne contre l&rsquo;usage du baladeur.\"}]},{\"@type\":\"WebSite\",\"@id\":\"https:\/\/blogs.thesocialmedia.com\/leblogmoto\/#website\",\"url\":\"https:\/\/blogs.thesocialmedia.com\/leblogmoto\/\",\"name\":\"leblogmoto\",\"description\":\"Toute l&#039;actualit\u00e9 des 2 roues\",\"potentialAction\":[{\"@type\":\"SearchAction\",\"target\":{\"@type\":\"EntryPoint\",\"urlTemplate\":\"https:\/\/blogs.thesocialmedia.com\/leblogmoto\/?s={search_term_string}\"},\"query-input\":{\"@type\":\"PropertyValueSpecification\",\"valueRequired\":true,\"valueName\":\"search_term_string\"}}],\"inLanguage\":\"fr-FR\"},{\"@type\":\"Person\",\"@id\":\"https:\/\/blogs.thesocialmedia.com\/leblogmoto\/#\/schema\/person\/18bfe773e5725ed6d24f743da805362a\",\"name\":\"benoit rieu\",\"image\":{\"@type\":\"ImageObject\",\"inLanguage\":\"fr-FR\",\"@id\":\"https:\/\/blogs.thesocialmedia.com\/leblogmoto\/#\/schema\/person\/image\/\",\"url\":\"https:\/\/secure.gravatar.com\/avatar\/?s=96&d=mm&r=g\",\"contentUrl\":\"https:\/\/secure.gravatar.com\/avatar\/?s=96&d=mm&r=g\",\"caption\":\"benoit rieu\"},\"url\":\"https:\/\/blogs.thesocialmedia.com\/leblogmoto\/author\/benoit-rieu\/\"}]}<\/script>\n<!-- \/ Yoast SEO plugin. -->","yoast_head_json":{"title":"Campagne australienne contre l'usage du baladeur. - leblogmoto.com","robots":{"index":"index","follow":"follow","max-snippet":"max-snippet:-1","max-image-preview":"max-image-preview:large","max-video-preview":"max-video-preview:-1"},"canonical":"https:\/\/blogs.thesocialmedia.com\/leblogmoto\/2008\/01\/16\/campagne-austra\/","twitter_card":"summary_large_image","twitter_title":"Campagne australienne contre l'usage du baladeur. - leblogmoto.com","twitter_description":"Au guidon, les pi\u00e9tons sont nos alli\u00e9s. Mais si les automobilistes (surtout) et les motards (plus rarement) sont \u00e0 l&rsquo;origine de drames parmi leurs troupes, on aimerait aussi qu&rsquo;ils fassent eux-m\u00eames attention avant de devenir une statistique. D&rsquo;o\u00f9 cette campagne astucieuse contre l&rsquo;usage des iPods et consorts qui vous enferment dans une dangereuse bulle&#8230; Sur [&hellip;]","twitter_image":"http:\/\/www.leblogmoto.com\/images\/2008\/01\/15\/moto_scurit_campagne_australienne_2.jpg","twitter_misc":{"\u00c9crit par":"benoit rieu"},"schema":{"@context":"https:\/\/schema.org","@graph":[{"@type":"WebPage","@id":"https:\/\/blogs.thesocialmedia.com\/leblogmoto\/2008\/01\/16\/campagne-austra\/","url":"https:\/\/blogs.thesocialmedia.com\/leblogmoto\/2008\/01\/16\/campagne-austra\/","name":"Campagne australienne contre l'usage du baladeur. - leblogmoto.com","isPartOf":{"@id":"https:\/\/blogs.thesocialmedia.com\/leblogmoto\/#website"},"primaryImageOfPage":{"@id":"https:\/\/blogs.thesocialmedia.com\/leblogmoto\/2008\/01\/16\/campagne-austra\/#primaryimage"},"image":{"@id":"https:\/\/blogs.thesocialmedia.com\/leblogmoto\/2008\/01\/16\/campagne-austra\/#primaryimage"},"thumbnailUrl":"http:\/\/www.leblogmoto.com\/images\/2008\/01\/15\/moto_scurit_campagne_australienne_2.jpg","datePublished":"2008-01-16T02:29:25+00:00","dateModified":"2012-07-11T15:12:57+00:00","author":{"@id":"https:\/\/blogs.thesocialmedia.com\/leblogmoto\/#\/schema\/person\/18bfe773e5725ed6d24f743da805362a"},"breadcrumb":{"@id":"https:\/\/blogs.thesocialmedia.com\/leblogmoto\/2008\/01\/16\/campagne-austra\/#breadcrumb"},"inLanguage":"fr-FR","potentialAction":[{"@type":"ReadAction","target":["https:\/\/blogs.thesocialmedia.com\/leblogmoto\/2008\/01\/16\/campagne-austra\/"]}]},{"@type":"ImageObject","inLanguage":"fr-FR","@id":"https:\/\/blogs.thesocialmedia.com\/leblogmoto\/2008\/01\/16\/campagne-austra\/#primaryimage","url":"http:\/\/www.leblogmoto.com\/images\/2008\/01\/15\/moto_scurit_campagne_australienne_2.jpg","contentUrl":"http:\/\/www.leblogmoto.com\/images\/2008\/01\/15\/moto_scurit_campagne_australienne_2.jpg"},{"@type":"BreadcrumbList","@id":"https:\/\/blogs.thesocialmedia.com\/leblogmoto\/2008\/01\/16\/campagne-austra\/#breadcrumb","itemListElement":[{"@type":"ListItem","position":1,"name":"Accueil","item":"https:\/\/blogs.thesocialmedia.com\/leblogmoto\/"},{"@type":"ListItem","position":2,"name":"Campagne australienne contre l&rsquo;usage du baladeur."}]},{"@type":"WebSite","@id":"https:\/\/blogs.thesocialmedia.com\/leblogmoto\/#website","url":"https:\/\/blogs.thesocialmedia.com\/leblogmoto\/","name":"leblogmoto","description":"Toute l&#039;actualit\u00e9 des 2 roues","potentialAction":[{"@type":"SearchAction","target":{"@type":"EntryPoint","urlTemplate":"https:\/\/blogs.thesocialmedia.com\/leblogmoto\/?s={search_term_string}"},"query-input":{"@type":"PropertyValueSpecification","valueRequired":true,"valueName":"search_term_string"}}],"inLanguage":"fr-FR"},{"@type":"Person","@id":"https:\/\/blogs.thesocialmedia.com\/leblogmoto\/#\/schema\/person\/18bfe773e5725ed6d24f743da805362a","name":"benoit rieu","image":{"@type":"ImageObject","inLanguage":"fr-FR","@id":"https:\/\/blogs.thesocialmedia.com\/leblogmoto\/#\/schema\/person\/image\/","url":"https:\/\/secure.gravatar.com\/avatar\/?s=96&d=mm&r=g","contentUrl":"https:\/\/secure.gravatar.com\/avatar\/?s=96&d=mm&r=g","caption":"benoit rieu"},"url":"https:\/\/blogs.thesocialmedia.com\/leblogmoto\/author\/benoit-rieu\/"}]}},"_links":{"self":[{"href":"https:\/\/blogs.thesocialmedia.com\/leblogmoto\/wp-json\/wp\/v2\/posts\/960","targetHints":{"allow":["GET"]}}],"collection":[{"href":"https:\/\/blogs.thesocialmedia.com\/leblogmoto\/wp-json\/wp\/v2\/posts"}],"about":[{"href":"https:\/\/blogs.thesocialmedia.com\/leblogmoto\/wp-json\/wp\/v2\/types\/post"}],"author":[{"embeddable":true,"href":"https:\/\/blogs.thesocialmedia.com\/leblogmoto\/wp-json\/wp\/v2\/users\/324"}],"replies":[{"embeddable":true,"href":"https:\/\/blogs.thesocialmedia.com\/leblogmoto\/wp-json\/wp\/v2\/comments?post=960"}],"version-history":[{"count":2,"href":"https:\/\/blogs.thesocialmedia.com\/leblogmoto\/wp-json\/wp\/v2\/posts\/960\/revisions"}],"predecessor-version":[{"id":9671,"href":"https:\/\/blogs.thesocialmedia.com\/leblogmoto\/wp-json\/wp\/v2\/posts\/960\/revisions\/9671"}],"wp:attachment":[{"href":"https:\/\/blogs.thesocialmedia.com\/leblogmoto\/wp-json\/wp\/v2\/media?parent=960"}],"wp:term":[{"taxonomy":"category","embeddable":true,"href":"https:\/\/blogs.thesocialmedia.com\/leblogmoto\/wp-json\/wp\/v2\/categories?post=960"},{"taxonomy":"post_tag","embeddable":true,"href":"https:\/\/blogs.thesocialmedia.com\/leblogmoto\/wp-json\/wp\/v2\/tags?post=960"}],"curies":[{"name":"wp","href":"https:\/\/api.w.org\/{rel}","templated":true}]}}