{"id":965,"date":"2008-01-11T05:38:37","date_gmt":"2008-01-11T05:38:37","guid":{"rendered":"http:\/\/blogs.thesocialmedia.com\/leblogmoto\/2008\/01\/11\/brevet-original\/"},"modified":"2012-07-11T15:12:28","modified_gmt":"2012-07-11T15:12:28","slug":"brevet-original","status":"publish","type":"post","link":"https:\/\/blogs.thesocialmedia.com\/leblogmoto\/2008\/01\/11\/brevet-original\/","title":{"rendered":"Curieux brevet de BMW pour une moto au cadre flexible."},"content":{"rendered":"<p><a href=\"http:\/\/blogs.thesocialmedia.com\/leblogmoto\/files\/2012\/07\/uncrashable_bmw_1.jpg\"><img loading=\"lazy\" decoding=\"async\" width=\"470\" height=\"589\"  src=\"http:\/\/www.leblogmoto.com\/images\/2008\/01\/10\/uncrashable_bmw_1.jpg\" alt=\"Uncrashable_bmw_1\" \/><\/a><br \/>Tr\u00e8s int\u00e9ressante news que celle que nous livrent nos confr\u00e8res de l&rsquo;<a href=\"http:\/\/www.autoblog.com\">autoblog <\/a>sur un brevet d\u00e9pos\u00e9 par BMW pour un cadre flexible contr\u00f4l\u00e9 par ordinateur. La marque bavaroise a souvent \u00e9t\u00e9 \u00e0 la pointe de l&rsquo;innovation*, en t\u00e9moigne la toute premi\u00e8re moto \u00e9quip\u00e9e d&rsquo;ABS sortie de leur usine de Munich, ou les fourches Telelever, Duolever, et Paralever. <\/p>\n<p>Ce projet d\u00e9raisonnablement ambitieux permettrait par des d\u00e9formations du cadre d&rsquo;\u00e9viter le crash, le ch\u00e2ssis &quot;rattrapant&quot; une man\u0153uvre. On est loin du <a href=\"http:\/\/upload.wikimedia.org\/wikipedia\/commons\/e\/e0\/NortonManx%2CBj.1954.jpg\">Featherbed de Norton<\/a> (un cadre dit &quot;\u00e0 double berceau&quot;), et personnellement je n&rsquo;ai rien vu d&rsquo;aussi novateur en la mati\u00e8re depuis le cadre Omega de Bimota et Yamaha. <\/p>\n<p>Il y a fort \u00e0 parier que les informations soient transmises par des gyroscopes, acc\u00e9l\u00e9rom\u00e8tres et d\u00e9c\u00e9l\u00e9rom\u00e8tres, un peu comme sur l&rsquo;<a href=\"http:\/\/www.leblogmoto.com\/2007\/11\/le-dainese-d-ai.html\">airbag moto de Dainese<\/a>, mais je suis impatient de conna\u00eetre l&rsquo;amplitude dans la d\u00e9formation du cadre et le m\u00e9canisme qui la r\u00e9git. <\/p>\n<p>M\u00eame si intuitivement j&rsquo;ai de s\u00e9rieux doutes sur l&rsquo;efficacit\u00e9 du tout, cependant rien ne dit que BMW souhaite passer au stade de la production surtout lorsque l&rsquo;on conna\u00eet les utilisations d\u00e9voy\u00e9es du brevet de nos jours.<\/p>\n<p>Je vous donne les autres images \u00e0 titre informatif seulement. <\/p>\n<p><em>*comme beaucoup d&rsquo;autres constructeurs moto il faut bien le dire.<br \/><a href=\"http:\/\/clabedan.typepad.com\/.shared\/image.html?\/photos\/uncategorized\/2008\/01\/10\/uncrashable_bmw_6.jpg\"><img loading=\"lazy\" decoding=\"async\" width=\"470\" height=\"582\"  alt=\"Uncrashable_bmw_6\" src=\"http:\/\/www.leblogmoto.com\/images\/2008\/01\/10\/uncrashable_bmw_6.jpg\" \/><\/a> <br \/><\/em><\/p>\n<p><em><a href=\"http:\/\/blogs.thesocialmedia.com\/leblogmoto\/files\/2012\/07\/uncrashable_bmw_7.jpg\"><img loading=\"lazy\" decoding=\"async\" width=\"470\" height=\"640\"  alt=\"Uncrashable_bmw_7\" src=\"http:\/\/www.leblogmoto.com\/images\/2008\/01\/10\/uncrashable_bmw_7.jpg\" \/><\/a> <br \/><\/em><\/p>\n<p><em><a href=\"http:\/\/blogs.thesocialmedia.com\/leblogmoto\/files\/2012\/07\/uncrashable_bmw_8.jpg\"><img loading=\"lazy\" decoding=\"async\" width=\"470\" height=\"631\"  alt=\"Uncrashable_bmw_8\" src=\"http:\/\/www.leblogmoto.com\/images\/2008\/01\/10\/uncrashable_bmw_8.jpg\" \/><\/a> <br \/><\/em><\/p>\n<p><em><a href=\"http:\/\/blogs.thesocialmedia.com\/leblogmoto\/files\/2012\/07\/uncrashable_bmw_2.jpg\"><img loading=\"lazy\" decoding=\"async\" width=\"470\" height=\"596\"  src=\"http:\/\/www.leblogmoto.com\/images\/2008\/01\/10\/uncrashable_bmw_2.jpg\" alt=\"Uncrashable_bmw_2\" \/><\/a> <br \/><a href=\"http:\/\/blogs.thesocialmedia.com\/leblogmoto\/files\/2012\/07\/uncrashable_bmw_3.jpg\"><img loading=\"lazy\" decoding=\"async\" width=\"470\" height=\"602\"  src=\"http:\/\/www.leblogmoto.com\/images\/2008\/01\/10\/uncrashable_bmw_3.jpg\" alt=\"Uncrashable_bmw_3\" \/><\/a> <br \/><a href=\"http:\/\/blogs.thesocialmedia.com\/leblogmoto\/files\/2012\/07\/uncrashable_bmw_4.jpg\"><img loading=\"lazy\" decoding=\"async\" width=\"470\" height=\"591\"  src=\"http:\/\/www.leblogmoto.com\/images\/2008\/01\/10\/uncrashable_bmw_4.jpg\" alt=\"Uncrashable_bmw_4\" \/><\/a> <br \/><a href=\"http:\/\/blogs.thesocialmedia.com\/leblogmoto\/files\/2012\/07\/uncrashable_bmw_5.jpg\"><img loading=\"lazy\" decoding=\"async\" width=\"470\" height=\"674\"  src=\"http:\/\/www.leblogmoto.com\/images\/2008\/01\/10\/uncrashable_bmw_5.jpg\" alt=\"Uncrashable_bmw_5\" style=\"margin: 0px 5px 5px 0px;float: left\" \/><\/a> <br \/><\/em><\/p>\n","protected":false},"excerpt":{"rendered":"<p>Tr\u00e8s int\u00e9ressante news que celle que nous livrent nos confr\u00e8res de l&rsquo;autoblog sur un brevet d\u00e9pos\u00e9 par BMW pour un cadre flexible contr\u00f4l\u00e9 par ordinateur. La marque bavaroise a souvent \u00e9t\u00e9 \u00e0 la pointe de l&rsquo;innovation*, en t\u00e9moigne la toute premi\u00e8re moto \u00e9quip\u00e9e d&rsquo;ABS sortie de leur usine de Munich, ou les fourches Telelever, Duolever, [&hellip;]<\/p>\n","protected":false},"author":324,"featured_media":0,"comment_status":"open","ping_status":"open","sticky":false,"template":"","format":"standard","meta":{"footnotes":""},"categories":[3,38,7,33,27],"tags":[],"class_list":["post-965","post","type-post","status-publish","format-standard","hentry","category-actualite","category-atelier","category-bmw","category-concept-bike","category-securite"],"yoast_head":"<!-- This site is optimized with the Yoast SEO plugin v26.0 - https:\/\/yoast.com\/wordpress\/plugins\/seo\/ -->\n<title>Curieux brevet de BMW pour une moto au cadre flexible. - leblogmoto.com<\/title>\n<meta name=\"robots\" content=\"index, follow, max-snippet:-1, max-image-preview:large, max-video-preview:-1\" \/>\n<link rel=\"canonical\" href=\"https:\/\/blogs.thesocialmedia.com\/leblogmoto\/2008\/01\/11\/brevet-original\/\" \/>\n<meta name=\"twitter:card\" content=\"summary_large_image\" \/>\n<meta name=\"twitter:title\" content=\"Curieux brevet de BMW pour une moto au cadre flexible. - leblogmoto.com\" \/>\n<meta name=\"twitter:description\" content=\"Tr\u00e8s int\u00e9ressante news que celle que nous livrent nos confr\u00e8res de l&rsquo;autoblog sur un brevet d\u00e9pos\u00e9 par BMW pour un cadre flexible contr\u00f4l\u00e9 par ordinateur. La marque bavaroise a souvent \u00e9t\u00e9 \u00e0 la pointe de l&rsquo;innovation*, en t\u00e9moigne la toute premi\u00e8re moto \u00e9quip\u00e9e d&rsquo;ABS sortie de leur usine de Munich, ou les fourches Telelever, Duolever, [&hellip;]\" \/>\n<meta name=\"twitter:image\" content=\"http:\/\/www.leblogmoto.com\/images\/2008\/01\/10\/uncrashable_bmw_1.jpg\" \/>\n<meta name=\"twitter:label1\" content=\"\u00c9crit par\" \/>\n\t<meta name=\"twitter:data1\" content=\"benoit rieu\" \/>\n\t<meta name=\"twitter:label2\" content=\"Dur\u00e9e de lecture estim\u00e9e\" \/>\n\t<meta name=\"twitter:data2\" content=\"1 minute\" \/>\n<script type=\"application\/ld+json\" class=\"yoast-schema-graph\">{\"@context\":\"https:\/\/schema.org\",\"@graph\":[{\"@type\":\"WebPage\",\"@id\":\"https:\/\/blogs.thesocialmedia.com\/leblogmoto\/2008\/01\/11\/brevet-original\/\",\"url\":\"https:\/\/blogs.thesocialmedia.com\/leblogmoto\/2008\/01\/11\/brevet-original\/\",\"name\":\"Curieux brevet de BMW pour une moto au cadre flexible. - leblogmoto.com\",\"isPartOf\":{\"@id\":\"https:\/\/blogs.thesocialmedia.com\/leblogmoto\/#website\"},\"primaryImageOfPage\":{\"@id\":\"https:\/\/blogs.thesocialmedia.com\/leblogmoto\/2008\/01\/11\/brevet-original\/#primaryimage\"},\"image\":{\"@id\":\"https:\/\/blogs.thesocialmedia.com\/leblogmoto\/2008\/01\/11\/brevet-original\/#primaryimage\"},\"thumbnailUrl\":\"http:\/\/www.leblogmoto.com\/images\/2008\/01\/10\/uncrashable_bmw_1.jpg\",\"datePublished\":\"2008-01-11T05:38:37+00:00\",\"dateModified\":\"2012-07-11T15:12:28+00:00\",\"author\":{\"@id\":\"https:\/\/blogs.thesocialmedia.com\/leblogmoto\/#\/schema\/person\/18bfe773e5725ed6d24f743da805362a\"},\"breadcrumb\":{\"@id\":\"https:\/\/blogs.thesocialmedia.com\/leblogmoto\/2008\/01\/11\/brevet-original\/#breadcrumb\"},\"inLanguage\":\"fr-FR\",\"potentialAction\":[{\"@type\":\"ReadAction\",\"target\":[\"https:\/\/blogs.thesocialmedia.com\/leblogmoto\/2008\/01\/11\/brevet-original\/\"]}]},{\"@type\":\"ImageObject\",\"inLanguage\":\"fr-FR\",\"@id\":\"https:\/\/blogs.thesocialmedia.com\/leblogmoto\/2008\/01\/11\/brevet-original\/#primaryimage\",\"url\":\"http:\/\/www.leblogmoto.com\/images\/2008\/01\/10\/uncrashable_bmw_1.jpg\",\"contentUrl\":\"http:\/\/www.leblogmoto.com\/images\/2008\/01\/10\/uncrashable_bmw_1.jpg\"},{\"@type\":\"BreadcrumbList\",\"@id\":\"https:\/\/blogs.thesocialmedia.com\/leblogmoto\/2008\/01\/11\/brevet-original\/#breadcrumb\",\"itemListElement\":[{\"@type\":\"ListItem\",\"position\":1,\"name\":\"Accueil\",\"item\":\"https:\/\/blogs.thesocialmedia.com\/leblogmoto\/\"},{\"@type\":\"ListItem\",\"position\":2,\"name\":\"Curieux brevet de BMW pour une moto au cadre flexible.\"}]},{\"@type\":\"WebSite\",\"@id\":\"https:\/\/blogs.thesocialmedia.com\/leblogmoto\/#website\",\"url\":\"https:\/\/blogs.thesocialmedia.com\/leblogmoto\/\",\"name\":\"leblogmoto\",\"description\":\"Toute l&#039;actualit\u00e9 des 2 roues\",\"potentialAction\":[{\"@type\":\"SearchAction\",\"target\":{\"@type\":\"EntryPoint\",\"urlTemplate\":\"https:\/\/blogs.thesocialmedia.com\/leblogmoto\/?s={search_term_string}\"},\"query-input\":{\"@type\":\"PropertyValueSpecification\",\"valueRequired\":true,\"valueName\":\"search_term_string\"}}],\"inLanguage\":\"fr-FR\"},{\"@type\":\"Person\",\"@id\":\"https:\/\/blogs.thesocialmedia.com\/leblogmoto\/#\/schema\/person\/18bfe773e5725ed6d24f743da805362a\",\"name\":\"benoit rieu\",\"image\":{\"@type\":\"ImageObject\",\"inLanguage\":\"fr-FR\",\"@id\":\"https:\/\/blogs.thesocialmedia.com\/leblogmoto\/#\/schema\/person\/image\/\",\"url\":\"https:\/\/secure.gravatar.com\/avatar\/?s=96&d=mm&r=g\",\"contentUrl\":\"https:\/\/secure.gravatar.com\/avatar\/?s=96&d=mm&r=g\",\"caption\":\"benoit rieu\"},\"url\":\"https:\/\/blogs.thesocialmedia.com\/leblogmoto\/author\/benoit-rieu\/\"}]}<\/script>\n<!-- \/ Yoast SEO plugin. -->","yoast_head_json":{"title":"Curieux brevet de BMW pour une moto au cadre flexible. - leblogmoto.com","robots":{"index":"index","follow":"follow","max-snippet":"max-snippet:-1","max-image-preview":"max-image-preview:large","max-video-preview":"max-video-preview:-1"},"canonical":"https:\/\/blogs.thesocialmedia.com\/leblogmoto\/2008\/01\/11\/brevet-original\/","twitter_card":"summary_large_image","twitter_title":"Curieux brevet de BMW pour une moto au cadre flexible. - leblogmoto.com","twitter_description":"Tr\u00e8s int\u00e9ressante news que celle que nous livrent nos confr\u00e8res de l&rsquo;autoblog sur un brevet d\u00e9pos\u00e9 par BMW pour un cadre flexible contr\u00f4l\u00e9 par ordinateur. La marque bavaroise a souvent \u00e9t\u00e9 \u00e0 la pointe de l&rsquo;innovation*, en t\u00e9moigne la toute premi\u00e8re moto \u00e9quip\u00e9e d&rsquo;ABS sortie de leur usine de Munich, ou les fourches Telelever, Duolever, [&hellip;]","twitter_image":"http:\/\/www.leblogmoto.com\/images\/2008\/01\/10\/uncrashable_bmw_1.jpg","twitter_misc":{"\u00c9crit par":"benoit rieu","Dur\u00e9e de lecture estim\u00e9e":"1 minute"},"schema":{"@context":"https:\/\/schema.org","@graph":[{"@type":"WebPage","@id":"https:\/\/blogs.thesocialmedia.com\/leblogmoto\/2008\/01\/11\/brevet-original\/","url":"https:\/\/blogs.thesocialmedia.com\/leblogmoto\/2008\/01\/11\/brevet-original\/","name":"Curieux brevet de BMW pour une moto au cadre flexible. - leblogmoto.com","isPartOf":{"@id":"https:\/\/blogs.thesocialmedia.com\/leblogmoto\/#website"},"primaryImageOfPage":{"@id":"https:\/\/blogs.thesocialmedia.com\/leblogmoto\/2008\/01\/11\/brevet-original\/#primaryimage"},"image":{"@id":"https:\/\/blogs.thesocialmedia.com\/leblogmoto\/2008\/01\/11\/brevet-original\/#primaryimage"},"thumbnailUrl":"http:\/\/www.leblogmoto.com\/images\/2008\/01\/10\/uncrashable_bmw_1.jpg","datePublished":"2008-01-11T05:38:37+00:00","dateModified":"2012-07-11T15:12:28+00:00","author":{"@id":"https:\/\/blogs.thesocialmedia.com\/leblogmoto\/#\/schema\/person\/18bfe773e5725ed6d24f743da805362a"},"breadcrumb":{"@id":"https:\/\/blogs.thesocialmedia.com\/leblogmoto\/2008\/01\/11\/brevet-original\/#breadcrumb"},"inLanguage":"fr-FR","potentialAction":[{"@type":"ReadAction","target":["https:\/\/blogs.thesocialmedia.com\/leblogmoto\/2008\/01\/11\/brevet-original\/"]}]},{"@type":"ImageObject","inLanguage":"fr-FR","@id":"https:\/\/blogs.thesocialmedia.com\/leblogmoto\/2008\/01\/11\/brevet-original\/#primaryimage","url":"http:\/\/www.leblogmoto.com\/images\/2008\/01\/10\/uncrashable_bmw_1.jpg","contentUrl":"http:\/\/www.leblogmoto.com\/images\/2008\/01\/10\/uncrashable_bmw_1.jpg"},{"@type":"BreadcrumbList","@id":"https:\/\/blogs.thesocialmedia.com\/leblogmoto\/2008\/01\/11\/brevet-original\/#breadcrumb","itemListElement":[{"@type":"ListItem","position":1,"name":"Accueil","item":"https:\/\/blogs.thesocialmedia.com\/leblogmoto\/"},{"@type":"ListItem","position":2,"name":"Curieux brevet de BMW pour une moto au cadre flexible."}]},{"@type":"WebSite","@id":"https:\/\/blogs.thesocialmedia.com\/leblogmoto\/#website","url":"https:\/\/blogs.thesocialmedia.com\/leblogmoto\/","name":"leblogmoto","description":"Toute l&#039;actualit\u00e9 des 2 roues","potentialAction":[{"@type":"SearchAction","target":{"@type":"EntryPoint","urlTemplate":"https:\/\/blogs.thesocialmedia.com\/leblogmoto\/?s={search_term_string}"},"query-input":{"@type":"PropertyValueSpecification","valueRequired":true,"valueName":"search_term_string"}}],"inLanguage":"fr-FR"},{"@type":"Person","@id":"https:\/\/blogs.thesocialmedia.com\/leblogmoto\/#\/schema\/person\/18bfe773e5725ed6d24f743da805362a","name":"benoit rieu","image":{"@type":"ImageObject","inLanguage":"fr-FR","@id":"https:\/\/blogs.thesocialmedia.com\/leblogmoto\/#\/schema\/person\/image\/","url":"https:\/\/secure.gravatar.com\/avatar\/?s=96&d=mm&r=g","contentUrl":"https:\/\/secure.gravatar.com\/avatar\/?s=96&d=mm&r=g","caption":"benoit rieu"},"url":"https:\/\/blogs.thesocialmedia.com\/leblogmoto\/author\/benoit-rieu\/"}]}},"_links":{"self":[{"href":"https:\/\/blogs.thesocialmedia.com\/leblogmoto\/wp-json\/wp\/v2\/posts\/965","targetHints":{"allow":["GET"]}}],"collection":[{"href":"https:\/\/blogs.thesocialmedia.com\/leblogmoto\/wp-json\/wp\/v2\/posts"}],"about":[{"href":"https:\/\/blogs.thesocialmedia.com\/leblogmoto\/wp-json\/wp\/v2\/types\/post"}],"author":[{"embeddable":true,"href":"https:\/\/blogs.thesocialmedia.com\/leblogmoto\/wp-json\/wp\/v2\/users\/324"}],"replies":[{"embeddable":true,"href":"https:\/\/blogs.thesocialmedia.com\/leblogmoto\/wp-json\/wp\/v2\/comments?post=965"}],"version-history":[{"count":2,"href":"https:\/\/blogs.thesocialmedia.com\/leblogmoto\/wp-json\/wp\/v2\/posts\/965\/revisions"}],"predecessor-version":[{"id":9653,"href":"https:\/\/blogs.thesocialmedia.com\/leblogmoto\/wp-json\/wp\/v2\/posts\/965\/revisions\/9653"}],"wp:attachment":[{"href":"https:\/\/blogs.thesocialmedia.com\/leblogmoto\/wp-json\/wp\/v2\/media?parent=965"}],"wp:term":[{"taxonomy":"category","embeddable":true,"href":"https:\/\/blogs.thesocialmedia.com\/leblogmoto\/wp-json\/wp\/v2\/categories?post=965"},{"taxonomy":"post_tag","embeddable":true,"href":"https:\/\/blogs.thesocialmedia.com\/leblogmoto\/wp-json\/wp\/v2\/tags?post=965"}],"curies":[{"name":"wp","href":"https:\/\/api.w.org\/{rel}","templated":true}]}}