{"id":966,"date":"2008-01-11T04:41:30","date_gmt":"2008-01-11T04:41:30","guid":{"rendered":"http:\/\/blogs.thesocialmedia.com\/leblogmoto\/2008\/01\/11\/album-du-vend-2-14\/"},"modified":"2012-07-11T15:12:08","modified_gmt":"2012-07-11T15:12:08","slug":"album-du-vend-2-14","status":"publish","type":"post","link":"https:\/\/blogs.thesocialmedia.com\/leblogmoto\/2008\/01\/11\/album-du-vend-2-14\/","title":{"rendered":"Album du vendredi, Scooter en 2D"},"content":{"rendered":"<p><a href=\"http:\/\/blogs.thesocialmedia.com\/leblogmoto\/files\/2012\/07\/scooterhummer400cc.jpg\"><img loading=\"lazy\" decoding=\"async\" width=\"470\" height=\"324\"  src=\"http:\/\/www.leblogmoto.com\/images\/2008\/01\/10\/scooterhummer400cc.jpg\" alt=\"Scooterhummer400cc\" \/><\/a> <\/p>\n<p>En deuxi\u00e8me partie de cet Album du vendredi consacr\u00e9 aux Scooters, nous partons en Italie pour un voyage dans le pr\u00e9sent r\u00e9invent\u00e9 de Oberdan Bezzi. Ici, le 3D laisse place \u00e0 une surface plus classique, mais n\u00e9anmoins all\u00e9chante, de par ce petit jeu presque cruel que l&rsquo;artiste s&rsquo;amuse \u00e0 semer avec ses dessins, si pr\u00e8s de ce d\u00e9sir de la moto r\u00eav\u00e9e. Parce qu&rsquo;elles sont plus que r\u00e9elles ses <a href=\"http:\/\/motosketches.blogspot.com\/\">motos<\/a> et <a href=\"http:\/\/scooterdesign.blogspot.com\/\">scooters<\/a>, avec juste ce petit suppl\u00e9ment de r\u00eave et d&rsquo;\u00e9vidence que l&rsquo;on aimerait voir plus souvent chez les constructeurs.<br \/>Et c&rsquo;est ce qui rend pr\u00e9cieux un artiste comme Obiboi, de son nom de guerre. Car c&rsquo;est bien d&rsquo;une guerre qu&rsquo;il s&rsquo;agit, une guerre contre l&rsquo;ennui et la frilosit\u00e9 de trop de produits qu&rsquo;on tente de nous vendre comme r\u00e9volutionnaire, alors qu&rsquo;ils peinent \u00e0 \u00eatre seulement \u00e9volutionnaire.<br \/>Voil\u00e0, c&rsquo;\u00e9tait mon \u00e9ditorial du mois.<\/p>\n<p><a href=\"http:\/\/clabedan.typepad.com\/.shared\/image.html?\/photos\/uncategorized\/2008\/01\/10\/yamaharmax.jpg\"><img loading=\"lazy\" decoding=\"async\" width=\"470\" height=\"308\"  src=\"http:\/\/www.leblogmoto.com\/images\/2008\/01\/10\/yamaharmax.jpg\" alt=\"Yamaharmax\" \/><\/a> <\/p>\n<p><a href=\"http:\/\/blogs.thesocialmedia.com\/leblogmoto\/files\/2012\/07\/new_velvet_300.jpg\"><img loading=\"lazy\" decoding=\"async\" width=\"470\" height=\"323\"  src=\"http:\/\/www.leblogmoto.com\/images\/2008\/01\/10\/new_velvet_300.jpg\" alt=\"New_velvet_300\" \/><\/a> <\/p>\n<p><a href=\"http:\/\/blogs.thesocialmedia.com\/leblogmoto\/files\/2012\/07\/malaguti_600.jpg\"><img loading=\"lazy\" decoding=\"async\" width=\"470\" height=\"304\"  src=\"http:\/\/www.leblogmoto.com\/images\/2008\/01\/10\/malaguti_600.jpg\" alt=\"Malaguti_600\" \/><\/a> <\/p>\n<p><a href=\"http:\/\/blogs.thesocialmedia.com\/leblogmoto\/files\/2012\/07\/kawasaki1.jpg\"><img loading=\"lazy\" decoding=\"async\" width=\"470\" height=\"367\"  src=\"http:\/\/www.leblogmoto.com\/images\/2008\/01\/10\/kawasaki1.jpg\" alt=\"Kawasaki1\" \/><\/a> <\/p>\n<p><a href=\"http:\/\/blogs.thesocialmedia.com\/leblogmoto\/files\/2012\/07\/gallettoelett.jpg\"><img loading=\"lazy\" decoding=\"async\" width=\"470\" height=\"315\"  src=\"http:\/\/www.leblogmoto.com\/images\/2008\/01\/10\/gallettoelett.jpg\" alt=\"Gallettoelett\" \/><\/a> <\/p>\n<p><a href=\"http:\/\/blogs.thesocialmedia.com\/leblogmoto\/files\/2012\/07\/scooter_850.jpg\"><img loading=\"lazy\" decoding=\"async\" width=\"470\" height=\"286\"  src=\"http:\/\/www.leblogmoto.com\/images\/2008\/01\/10\/scooter_850.jpg\" alt=\"Scooter_850\" \/><\/a> <\/p>\n<p><a href=\"http:\/\/blogs.thesocialmedia.com\/leblogmoto\/files\/2012\/07\/sym_xsential_50.jpg\"><img loading=\"lazy\" decoding=\"async\" width=\"470\" height=\"315\"  src=\"http:\/\/www.leblogmoto.com\/images\/2008\/01\/10\/sym_xsential_50.jpg\" alt=\"Sym_xsential_50\" \/><\/a> <\/p>\n<p><a href=\"http:\/\/blogs.thesocialmedia.com\/leblogmoto\/files\/2012\/07\/schwinn_125_4t0.jpg\"><img loading=\"lazy\" decoding=\"async\" width=\"470\" height=\"308\"  src=\"http:\/\/www.leblogmoto.com\/images\/2008\/01\/10\/schwinn_125_4t0.jpg\" alt=\"Schwinn_125_4t0\" \/><\/a> <\/p>\n","protected":false},"excerpt":{"rendered":"<p>En deuxi\u00e8me partie de cet Album du vendredi consacr\u00e9 aux Scooters, nous partons en Italie pour un voyage dans le pr\u00e9sent r\u00e9invent\u00e9 de Oberdan Bezzi. Ici, le 3D laisse place \u00e0 une surface plus classique, mais n\u00e9anmoins all\u00e9chante, de par ce petit jeu presque cruel que l&rsquo;artiste s&rsquo;amuse \u00e0 semer avec ses dessins, si pr\u00e8s [&hellip;]<\/p>\n","protected":false},"author":325,"featured_media":0,"comment_status":"open","ping_status":"open","sticky":false,"template":"","format":"standard","meta":{"footnotes":""},"categories":[16,19],"tags":[],"class_list":["post-966","post","type-post","status-publish","format-standard","hentry","category-art-moto","category-scooter"],"yoast_head":"<!-- This site is optimized with the Yoast SEO plugin v26.0 - https:\/\/yoast.com\/wordpress\/plugins\/seo\/ -->\n<title>Album du vendredi, Scooter en 2D - leblogmoto.com<\/title>\n<meta name=\"robots\" content=\"index, follow, max-snippet:-1, max-image-preview:large, max-video-preview:-1\" \/>\n<link rel=\"canonical\" href=\"https:\/\/blogs.thesocialmedia.com\/leblogmoto\/2008\/01\/11\/album-du-vend-2-14\/\" \/>\n<meta name=\"twitter:card\" content=\"summary_large_image\" \/>\n<meta name=\"twitter:title\" content=\"Album du vendredi, Scooter en 2D - leblogmoto.com\" \/>\n<meta name=\"twitter:description\" content=\"En deuxi\u00e8me partie de cet Album du vendredi consacr\u00e9 aux Scooters, nous partons en Italie pour un voyage dans le pr\u00e9sent r\u00e9invent\u00e9 de Oberdan Bezzi. Ici, le 3D laisse place \u00e0 une surface plus classique, mais n\u00e9anmoins all\u00e9chante, de par ce petit jeu presque cruel que l&rsquo;artiste s&rsquo;amuse \u00e0 semer avec ses dessins, si pr\u00e8s [&hellip;]\" \/>\n<meta name=\"twitter:image\" content=\"http:\/\/www.leblogmoto.com\/images\/2008\/01\/10\/scooterhummer400cc.jpg\" \/>\n<meta name=\"twitter:label1\" content=\"\u00c9crit par\" \/>\n\t<meta name=\"twitter:data1\" content=\"jacques lesage\" \/>\n\t<meta name=\"twitter:label2\" content=\"Dur\u00e9e de lecture estim\u00e9e\" \/>\n\t<meta name=\"twitter:data2\" content=\"1 minute\" \/>\n<script type=\"application\/ld+json\" class=\"yoast-schema-graph\">{\"@context\":\"https:\/\/schema.org\",\"@graph\":[{\"@type\":\"WebPage\",\"@id\":\"https:\/\/blogs.thesocialmedia.com\/leblogmoto\/2008\/01\/11\/album-du-vend-2-14\/\",\"url\":\"https:\/\/blogs.thesocialmedia.com\/leblogmoto\/2008\/01\/11\/album-du-vend-2-14\/\",\"name\":\"Album du vendredi, Scooter en 2D - leblogmoto.com\",\"isPartOf\":{\"@id\":\"https:\/\/blogs.thesocialmedia.com\/leblogmoto\/#website\"},\"primaryImageOfPage\":{\"@id\":\"https:\/\/blogs.thesocialmedia.com\/leblogmoto\/2008\/01\/11\/album-du-vend-2-14\/#primaryimage\"},\"image\":{\"@id\":\"https:\/\/blogs.thesocialmedia.com\/leblogmoto\/2008\/01\/11\/album-du-vend-2-14\/#primaryimage\"},\"thumbnailUrl\":\"http:\/\/www.leblogmoto.com\/images\/2008\/01\/10\/scooterhummer400cc.jpg\",\"datePublished\":\"2008-01-11T04:41:30+00:00\",\"dateModified\":\"2012-07-11T15:12:08+00:00\",\"author\":{\"@id\":\"https:\/\/blogs.thesocialmedia.com\/leblogmoto\/#\/schema\/person\/e82a0ca8a9a63d031586097a3ed58526\"},\"breadcrumb\":{\"@id\":\"https:\/\/blogs.thesocialmedia.com\/leblogmoto\/2008\/01\/11\/album-du-vend-2-14\/#breadcrumb\"},\"inLanguage\":\"fr-FR\",\"potentialAction\":[{\"@type\":\"ReadAction\",\"target\":[\"https:\/\/blogs.thesocialmedia.com\/leblogmoto\/2008\/01\/11\/album-du-vend-2-14\/\"]}]},{\"@type\":\"ImageObject\",\"inLanguage\":\"fr-FR\",\"@id\":\"https:\/\/blogs.thesocialmedia.com\/leblogmoto\/2008\/01\/11\/album-du-vend-2-14\/#primaryimage\",\"url\":\"http:\/\/www.leblogmoto.com\/images\/2008\/01\/10\/scooterhummer400cc.jpg\",\"contentUrl\":\"http:\/\/www.leblogmoto.com\/images\/2008\/01\/10\/scooterhummer400cc.jpg\"},{\"@type\":\"BreadcrumbList\",\"@id\":\"https:\/\/blogs.thesocialmedia.com\/leblogmoto\/2008\/01\/11\/album-du-vend-2-14\/#breadcrumb\",\"itemListElement\":[{\"@type\":\"ListItem\",\"position\":1,\"name\":\"Accueil\",\"item\":\"https:\/\/blogs.thesocialmedia.com\/leblogmoto\/\"},{\"@type\":\"ListItem\",\"position\":2,\"name\":\"Album du vendredi, Scooter en 2D\"}]},{\"@type\":\"WebSite\",\"@id\":\"https:\/\/blogs.thesocialmedia.com\/leblogmoto\/#website\",\"url\":\"https:\/\/blogs.thesocialmedia.com\/leblogmoto\/\",\"name\":\"leblogmoto\",\"description\":\"Toute l&#039;actualit\u00e9 des 2 roues\",\"potentialAction\":[{\"@type\":\"SearchAction\",\"target\":{\"@type\":\"EntryPoint\",\"urlTemplate\":\"https:\/\/blogs.thesocialmedia.com\/leblogmoto\/?s={search_term_string}\"},\"query-input\":{\"@type\":\"PropertyValueSpecification\",\"valueRequired\":true,\"valueName\":\"search_term_string\"}}],\"inLanguage\":\"fr-FR\"},{\"@type\":\"Person\",\"@id\":\"https:\/\/blogs.thesocialmedia.com\/leblogmoto\/#\/schema\/person\/e82a0ca8a9a63d031586097a3ed58526\",\"name\":\"jacques lesage\",\"image\":{\"@type\":\"ImageObject\",\"inLanguage\":\"fr-FR\",\"@id\":\"https:\/\/blogs.thesocialmedia.com\/leblogmoto\/#\/schema\/person\/image\/\",\"url\":\"https:\/\/secure.gravatar.com\/avatar\/?s=96&d=mm&r=g\",\"contentUrl\":\"https:\/\/secure.gravatar.com\/avatar\/?s=96&d=mm&r=g\",\"caption\":\"jacques lesage\"},\"url\":\"https:\/\/blogs.thesocialmedia.com\/leblogmoto\/author\/jacques-lesage\/\"}]}<\/script>\n<!-- \/ Yoast SEO plugin. -->","yoast_head_json":{"title":"Album du vendredi, Scooter en 2D - leblogmoto.com","robots":{"index":"index","follow":"follow","max-snippet":"max-snippet:-1","max-image-preview":"max-image-preview:large","max-video-preview":"max-video-preview:-1"},"canonical":"https:\/\/blogs.thesocialmedia.com\/leblogmoto\/2008\/01\/11\/album-du-vend-2-14\/","twitter_card":"summary_large_image","twitter_title":"Album du vendredi, Scooter en 2D - leblogmoto.com","twitter_description":"En deuxi\u00e8me partie de cet Album du vendredi consacr\u00e9 aux Scooters, nous partons en Italie pour un voyage dans le pr\u00e9sent r\u00e9invent\u00e9 de Oberdan Bezzi. Ici, le 3D laisse place \u00e0 une surface plus classique, mais n\u00e9anmoins all\u00e9chante, de par ce petit jeu presque cruel que l&rsquo;artiste s&rsquo;amuse \u00e0 semer avec ses dessins, si pr\u00e8s [&hellip;]","twitter_image":"http:\/\/www.leblogmoto.com\/images\/2008\/01\/10\/scooterhummer400cc.jpg","twitter_misc":{"\u00c9crit par":"jacques lesage","Dur\u00e9e de lecture estim\u00e9e":"1 minute"},"schema":{"@context":"https:\/\/schema.org","@graph":[{"@type":"WebPage","@id":"https:\/\/blogs.thesocialmedia.com\/leblogmoto\/2008\/01\/11\/album-du-vend-2-14\/","url":"https:\/\/blogs.thesocialmedia.com\/leblogmoto\/2008\/01\/11\/album-du-vend-2-14\/","name":"Album du vendredi, Scooter en 2D - leblogmoto.com","isPartOf":{"@id":"https:\/\/blogs.thesocialmedia.com\/leblogmoto\/#website"},"primaryImageOfPage":{"@id":"https:\/\/blogs.thesocialmedia.com\/leblogmoto\/2008\/01\/11\/album-du-vend-2-14\/#primaryimage"},"image":{"@id":"https:\/\/blogs.thesocialmedia.com\/leblogmoto\/2008\/01\/11\/album-du-vend-2-14\/#primaryimage"},"thumbnailUrl":"http:\/\/www.leblogmoto.com\/images\/2008\/01\/10\/scooterhummer400cc.jpg","datePublished":"2008-01-11T04:41:30+00:00","dateModified":"2012-07-11T15:12:08+00:00","author":{"@id":"https:\/\/blogs.thesocialmedia.com\/leblogmoto\/#\/schema\/person\/e82a0ca8a9a63d031586097a3ed58526"},"breadcrumb":{"@id":"https:\/\/blogs.thesocialmedia.com\/leblogmoto\/2008\/01\/11\/album-du-vend-2-14\/#breadcrumb"},"inLanguage":"fr-FR","potentialAction":[{"@type":"ReadAction","target":["https:\/\/blogs.thesocialmedia.com\/leblogmoto\/2008\/01\/11\/album-du-vend-2-14\/"]}]},{"@type":"ImageObject","inLanguage":"fr-FR","@id":"https:\/\/blogs.thesocialmedia.com\/leblogmoto\/2008\/01\/11\/album-du-vend-2-14\/#primaryimage","url":"http:\/\/www.leblogmoto.com\/images\/2008\/01\/10\/scooterhummer400cc.jpg","contentUrl":"http:\/\/www.leblogmoto.com\/images\/2008\/01\/10\/scooterhummer400cc.jpg"},{"@type":"BreadcrumbList","@id":"https:\/\/blogs.thesocialmedia.com\/leblogmoto\/2008\/01\/11\/album-du-vend-2-14\/#breadcrumb","itemListElement":[{"@type":"ListItem","position":1,"name":"Accueil","item":"https:\/\/blogs.thesocialmedia.com\/leblogmoto\/"},{"@type":"ListItem","position":2,"name":"Album du vendredi, Scooter en 2D"}]},{"@type":"WebSite","@id":"https:\/\/blogs.thesocialmedia.com\/leblogmoto\/#website","url":"https:\/\/blogs.thesocialmedia.com\/leblogmoto\/","name":"leblogmoto","description":"Toute l&#039;actualit\u00e9 des 2 roues","potentialAction":[{"@type":"SearchAction","target":{"@type":"EntryPoint","urlTemplate":"https:\/\/blogs.thesocialmedia.com\/leblogmoto\/?s={search_term_string}"},"query-input":{"@type":"PropertyValueSpecification","valueRequired":true,"valueName":"search_term_string"}}],"inLanguage":"fr-FR"},{"@type":"Person","@id":"https:\/\/blogs.thesocialmedia.com\/leblogmoto\/#\/schema\/person\/e82a0ca8a9a63d031586097a3ed58526","name":"jacques lesage","image":{"@type":"ImageObject","inLanguage":"fr-FR","@id":"https:\/\/blogs.thesocialmedia.com\/leblogmoto\/#\/schema\/person\/image\/","url":"https:\/\/secure.gravatar.com\/avatar\/?s=96&d=mm&r=g","contentUrl":"https:\/\/secure.gravatar.com\/avatar\/?s=96&d=mm&r=g","caption":"jacques lesage"},"url":"https:\/\/blogs.thesocialmedia.com\/leblogmoto\/author\/jacques-lesage\/"}]}},"_links":{"self":[{"href":"https:\/\/blogs.thesocialmedia.com\/leblogmoto\/wp-json\/wp\/v2\/posts\/966","targetHints":{"allow":["GET"]}}],"collection":[{"href":"https:\/\/blogs.thesocialmedia.com\/leblogmoto\/wp-json\/wp\/v2\/posts"}],"about":[{"href":"https:\/\/blogs.thesocialmedia.com\/leblogmoto\/wp-json\/wp\/v2\/types\/post"}],"author":[{"embeddable":true,"href":"https:\/\/blogs.thesocialmedia.com\/leblogmoto\/wp-json\/wp\/v2\/users\/325"}],"replies":[{"embeddable":true,"href":"https:\/\/blogs.thesocialmedia.com\/leblogmoto\/wp-json\/wp\/v2\/comments?post=966"}],"version-history":[{"count":2,"href":"https:\/\/blogs.thesocialmedia.com\/leblogmoto\/wp-json\/wp\/v2\/posts\/966\/revisions"}],"predecessor-version":[{"id":9645,"href":"https:\/\/blogs.thesocialmedia.com\/leblogmoto\/wp-json\/wp\/v2\/posts\/966\/revisions\/9645"}],"wp:attachment":[{"href":"https:\/\/blogs.thesocialmedia.com\/leblogmoto\/wp-json\/wp\/v2\/media?parent=966"}],"wp:term":[{"taxonomy":"category","embeddable":true,"href":"https:\/\/blogs.thesocialmedia.com\/leblogmoto\/wp-json\/wp\/v2\/categories?post=966"},{"taxonomy":"post_tag","embeddable":true,"href":"https:\/\/blogs.thesocialmedia.com\/leblogmoto\/wp-json\/wp\/v2\/tags?post=966"}],"curies":[{"name":"wp","href":"https:\/\/api.w.org\/{rel}","templated":true}]}}