{"id":97,"date":"2009-06-26T23:24:25","date_gmt":"2009-06-26T23:24:25","guid":{"rendered":"http:\/\/blogs.thesocialmedia.com\/leblogmoto\/2009\/06\/26\/de-la-rivalite-entre-transport-moto-et-taxi\/"},"modified":"2012-07-11T17:32:56","modified_gmt":"2012-07-11T17:32:56","slug":"de-la-rivalite-entre-transport-moto-et-taxi","status":"publish","type":"post","link":"https:\/\/blogs.thesocialmedia.com\/leblogmoto\/2009\/06\/26\/de-la-rivalite-entre-transport-moto-et-taxi\/","title":{"rendered":"De la rivalit\u00e9 naissante entre transport moto et taxi."},"content":{"rendered":"<p><a href=\"http:\/\/blogs.thesocialmedia.com\/leblogmoto\/files\/2012\/07\/6a00d83451b18369e20115707078ca970c-popup.png\"><img decoding=\"async\" alt=\"Moto Transport Taxi\" class=\"at-xid-6a00d83451b18369e20115707078ca970c \" src=\"http:\/\/blogs.thesocialmedia.com\/leblogmoto\/files\/2012\/07\/6a00d83451b18369e20115707078ca970c-500wi.jpg\" \/><\/a><\/p>\n<p>Les <a href=\"http:\/\/www.ladepeche.fr\/article\/2009\/06\/01\/615406-Moto-Goldwing-une-autre-facon-de-voyager-en-ville.html\">moto taxi s&#039;installent dans la ville rose<\/a>, avec leur combarde d&#039;un bel &quot;orange-DDE&quot; ou&#160;habill\u00e9s de fa\u00e7on plus sobre. Ils sont&#160;employ\u00e9s par trois compagnies.&#160;Leurs tarifs sont tr\u00e8s int\u00e9ressants, 10 \u20ac pour une course intra-muros et&#160;le confort de leur moto, ici des Goldwing, s\u00e9duit.&#160;Bien que certains clients soient d\u00e9j\u00e0 fid\u00e9lis\u00e9s, reste le verrou psychologique \u00e0 abolir chez certains caisseux et pi\u00e9tons traditionnalistes.&#160;Cependant, leur comp\u00e9titivit\u00e9 ne pla\u00eet pas \u00e0 tout le monde, notamment \u00e0 leur concurrent sur quatre roues, qui leur reprochent de ne pas \u00eatre soumis aux m\u00eames exigences dans l&#039;exercice de la profession. Et ils&#160;s&#039;organisent, en&#160;appelant aux plus hautes autorit\u00e9s. Gilbert Blanc, porte-parole des taxis de la r\u00e9gion au sein de leur f\u00e9d\u00e9ration nationale y va de son couplet:<\/p>\n<\/p>\n<p>&quot;On n&#039;est pas du tout d&#039;accord car ce type de transport n&#039;est pas r\u00e9glement\u00e9. Nous avons justement abord\u00e9 ce sujet cette semaine pendant notre congr\u00e8s national \u00e0 Laval. Le probl\u00e8me se pose dans plusieurs grandes villes et suscite parfois des mouvements d&#039;humeur de la part des taxis. Nous consid\u00e9rons que les motards nous font de la concurrence d\u00e9loyale et nous demandons qu&#039;ils soient r\u00e9glement\u00e9s comme nous : casier judiciaire vierge, formation obligatoire, examen d&#039;acc\u00e8s, tarifs encadr\u00e9s. Nous avons \u00e9crit aux politiques et au ministre de l&#039;Int\u00e9rieur&quot;.&#160;<\/p>\n<p>Dont acte.<\/p>\n","protected":false},"excerpt":{"rendered":"<p>Les moto taxi s&#039;installent dans la ville rose, avec leur combarde d&#039;un bel &quot;orange-DDE&quot; ou&#160;habill\u00e9s de fa\u00e7on plus sobre. Ils sont&#160;employ\u00e9s par trois compagnies.&#160;Leurs tarifs sont tr\u00e8s int\u00e9ressants, 10 \u20ac pour une course intra-muros et&#160;le confort de leur moto, ici des Goldwing, s\u00e9duit.&#160;Bien que certains clients soient d\u00e9j\u00e0 fid\u00e9lis\u00e9s, reste le verrou psychologique \u00e0 abolir [&hellip;]<\/p>\n","protected":false},"author":324,"featured_media":13874,"comment_status":"open","ping_status":"open","sticky":false,"template":"","format":"standard","meta":{"footnotes":""},"categories":[3,26,17,14],"tags":[],"class_list":["post-97","post","type-post","status-publish","format-standard","has-post-thumbnail","hentry","category-actualite","category-circulation","category-divers","category-honda"],"yoast_head":"<!-- This site is optimized with the Yoast SEO plugin v26.0 - https:\/\/yoast.com\/wordpress\/plugins\/seo\/ -->\n<title>De la rivalit\u00e9 naissante entre transport moto et taxi. - leblogmoto.com<\/title>\n<meta name=\"robots\" content=\"index, follow, max-snippet:-1, max-image-preview:large, max-video-preview:-1\" \/>\n<link rel=\"canonical\" href=\"https:\/\/blogs.thesocialmedia.com\/leblogmoto\/2009\/06\/26\/de-la-rivalite-entre-transport-moto-et-taxi\/\" \/>\n<meta name=\"twitter:card\" content=\"summary_large_image\" \/>\n<meta name=\"twitter:title\" content=\"De la rivalit\u00e9 naissante entre transport moto et taxi. - leblogmoto.com\" \/>\n<meta name=\"twitter:description\" content=\"Les moto taxi s&#039;installent dans la ville rose, avec leur combarde d&#039;un bel &quot;orange-DDE&quot; ou&#160;habill\u00e9s de fa\u00e7on plus sobre. Ils sont&#160;employ\u00e9s par trois compagnies.&#160;Leurs tarifs sont tr\u00e8s int\u00e9ressants, 10 \u20ac pour une course intra-muros et&#160;le confort de leur moto, ici des Goldwing, s\u00e9duit.&#160;Bien que certains clients soient d\u00e9j\u00e0 fid\u00e9lis\u00e9s, reste le verrou psychologique \u00e0 abolir [&hellip;]\" \/>\n<meta name=\"twitter:image\" content=\"https:\/\/blogs.thesocialmedia.com\/leblogmoto\/files\/2012\/07\/6a00d83451b18369e20115707078ca970c-500wi.jpg\" \/>\n<meta name=\"twitter:label1\" content=\"\u00c9crit par\" \/>\n\t<meta name=\"twitter:data1\" content=\"benoit rieu\" \/>\n\t<meta name=\"twitter:label2\" content=\"Dur\u00e9e de lecture estim\u00e9e\" \/>\n\t<meta name=\"twitter:data2\" content=\"1 minute\" \/>\n<script type=\"application\/ld+json\" class=\"yoast-schema-graph\">{\"@context\":\"https:\/\/schema.org\",\"@graph\":[{\"@type\":\"WebPage\",\"@id\":\"https:\/\/blogs.thesocialmedia.com\/leblogmoto\/2009\/06\/26\/de-la-rivalite-entre-transport-moto-et-taxi\/\",\"url\":\"https:\/\/blogs.thesocialmedia.com\/leblogmoto\/2009\/06\/26\/de-la-rivalite-entre-transport-moto-et-taxi\/\",\"name\":\"De la rivalit\u00e9 naissante entre transport moto et taxi. - leblogmoto.com\",\"isPartOf\":{\"@id\":\"https:\/\/blogs.thesocialmedia.com\/leblogmoto\/#website\"},\"primaryImageOfPage\":{\"@id\":\"https:\/\/blogs.thesocialmedia.com\/leblogmoto\/2009\/06\/26\/de-la-rivalite-entre-transport-moto-et-taxi\/#primaryimage\"},\"image\":{\"@id\":\"https:\/\/blogs.thesocialmedia.com\/leblogmoto\/2009\/06\/26\/de-la-rivalite-entre-transport-moto-et-taxi\/#primaryimage\"},\"thumbnailUrl\":\"https:\/\/blogs.thesocialmedia.com\/leblogmoto\/files\/2012\/07\/6a00d83451b18369e20115707078ca970c-500wi.jpg\",\"datePublished\":\"2009-06-26T23:24:25+00:00\",\"dateModified\":\"2012-07-11T17:32:56+00:00\",\"author\":{\"@id\":\"https:\/\/blogs.thesocialmedia.com\/leblogmoto\/#\/schema\/person\/18bfe773e5725ed6d24f743da805362a\"},\"breadcrumb\":{\"@id\":\"https:\/\/blogs.thesocialmedia.com\/leblogmoto\/2009\/06\/26\/de-la-rivalite-entre-transport-moto-et-taxi\/#breadcrumb\"},\"inLanguage\":\"fr-FR\",\"potentialAction\":[{\"@type\":\"ReadAction\",\"target\":[\"https:\/\/blogs.thesocialmedia.com\/leblogmoto\/2009\/06\/26\/de-la-rivalite-entre-transport-moto-et-taxi\/\"]}]},{\"@type\":\"ImageObject\",\"inLanguage\":\"fr-FR\",\"@id\":\"https:\/\/blogs.thesocialmedia.com\/leblogmoto\/2009\/06\/26\/de-la-rivalite-entre-transport-moto-et-taxi\/#primaryimage\",\"url\":\"https:\/\/blogs.thesocialmedia.com\/leblogmoto\/files\/2012\/07\/6a00d83451b18369e20115707078ca970c-500wi.jpg\",\"contentUrl\":\"https:\/\/blogs.thesocialmedia.com\/leblogmoto\/files\/2012\/07\/6a00d83451b18369e20115707078ca970c-500wi.jpg\",\"width\":\"500\",\"height\":\"295\"},{\"@type\":\"BreadcrumbList\",\"@id\":\"https:\/\/blogs.thesocialmedia.com\/leblogmoto\/2009\/06\/26\/de-la-rivalite-entre-transport-moto-et-taxi\/#breadcrumb\",\"itemListElement\":[{\"@type\":\"ListItem\",\"position\":1,\"name\":\"Accueil\",\"item\":\"https:\/\/blogs.thesocialmedia.com\/leblogmoto\/\"},{\"@type\":\"ListItem\",\"position\":2,\"name\":\"De la rivalit\u00e9 naissante entre transport moto et taxi.\"}]},{\"@type\":\"WebSite\",\"@id\":\"https:\/\/blogs.thesocialmedia.com\/leblogmoto\/#website\",\"url\":\"https:\/\/blogs.thesocialmedia.com\/leblogmoto\/\",\"name\":\"leblogmoto\",\"description\":\"Toute l&#039;actualit\u00e9 des 2 roues\",\"potentialAction\":[{\"@type\":\"SearchAction\",\"target\":{\"@type\":\"EntryPoint\",\"urlTemplate\":\"https:\/\/blogs.thesocialmedia.com\/leblogmoto\/?s={search_term_string}\"},\"query-input\":{\"@type\":\"PropertyValueSpecification\",\"valueRequired\":true,\"valueName\":\"search_term_string\"}}],\"inLanguage\":\"fr-FR\"},{\"@type\":\"Person\",\"@id\":\"https:\/\/blogs.thesocialmedia.com\/leblogmoto\/#\/schema\/person\/18bfe773e5725ed6d24f743da805362a\",\"name\":\"benoit rieu\",\"image\":{\"@type\":\"ImageObject\",\"inLanguage\":\"fr-FR\",\"@id\":\"https:\/\/blogs.thesocialmedia.com\/leblogmoto\/#\/schema\/person\/image\/\",\"url\":\"https:\/\/secure.gravatar.com\/avatar\/?s=96&d=mm&r=g\",\"contentUrl\":\"https:\/\/secure.gravatar.com\/avatar\/?s=96&d=mm&r=g\",\"caption\":\"benoit rieu\"},\"url\":\"https:\/\/blogs.thesocialmedia.com\/leblogmoto\/author\/benoit-rieu\/\"}]}<\/script>\n<!-- \/ Yoast SEO plugin. -->","yoast_head_json":{"title":"De la rivalit\u00e9 naissante entre transport moto et taxi. - leblogmoto.com","robots":{"index":"index","follow":"follow","max-snippet":"max-snippet:-1","max-image-preview":"max-image-preview:large","max-video-preview":"max-video-preview:-1"},"canonical":"https:\/\/blogs.thesocialmedia.com\/leblogmoto\/2009\/06\/26\/de-la-rivalite-entre-transport-moto-et-taxi\/","twitter_card":"summary_large_image","twitter_title":"De la rivalit\u00e9 naissante entre transport moto et taxi. - leblogmoto.com","twitter_description":"Les moto taxi s&#039;installent dans la ville rose, avec leur combarde d&#039;un bel &quot;orange-DDE&quot; ou&#160;habill\u00e9s de fa\u00e7on plus sobre. Ils sont&#160;employ\u00e9s par trois compagnies.&#160;Leurs tarifs sont tr\u00e8s int\u00e9ressants, 10 \u20ac pour une course intra-muros et&#160;le confort de leur moto, ici des Goldwing, s\u00e9duit.&#160;Bien que certains clients soient d\u00e9j\u00e0 fid\u00e9lis\u00e9s, reste le verrou psychologique \u00e0 abolir [&hellip;]","twitter_image":"https:\/\/blogs.thesocialmedia.com\/leblogmoto\/files\/2012\/07\/6a00d83451b18369e20115707078ca970c-500wi.jpg","twitter_misc":{"\u00c9crit par":"benoit rieu","Dur\u00e9e de lecture estim\u00e9e":"1 minute"},"schema":{"@context":"https:\/\/schema.org","@graph":[{"@type":"WebPage","@id":"https:\/\/blogs.thesocialmedia.com\/leblogmoto\/2009\/06\/26\/de-la-rivalite-entre-transport-moto-et-taxi\/","url":"https:\/\/blogs.thesocialmedia.com\/leblogmoto\/2009\/06\/26\/de-la-rivalite-entre-transport-moto-et-taxi\/","name":"De la rivalit\u00e9 naissante entre transport moto et taxi. - leblogmoto.com","isPartOf":{"@id":"https:\/\/blogs.thesocialmedia.com\/leblogmoto\/#website"},"primaryImageOfPage":{"@id":"https:\/\/blogs.thesocialmedia.com\/leblogmoto\/2009\/06\/26\/de-la-rivalite-entre-transport-moto-et-taxi\/#primaryimage"},"image":{"@id":"https:\/\/blogs.thesocialmedia.com\/leblogmoto\/2009\/06\/26\/de-la-rivalite-entre-transport-moto-et-taxi\/#primaryimage"},"thumbnailUrl":"https:\/\/blogs.thesocialmedia.com\/leblogmoto\/files\/2012\/07\/6a00d83451b18369e20115707078ca970c-500wi.jpg","datePublished":"2009-06-26T23:24:25+00:00","dateModified":"2012-07-11T17:32:56+00:00","author":{"@id":"https:\/\/blogs.thesocialmedia.com\/leblogmoto\/#\/schema\/person\/18bfe773e5725ed6d24f743da805362a"},"breadcrumb":{"@id":"https:\/\/blogs.thesocialmedia.com\/leblogmoto\/2009\/06\/26\/de-la-rivalite-entre-transport-moto-et-taxi\/#breadcrumb"},"inLanguage":"fr-FR","potentialAction":[{"@type":"ReadAction","target":["https:\/\/blogs.thesocialmedia.com\/leblogmoto\/2009\/06\/26\/de-la-rivalite-entre-transport-moto-et-taxi\/"]}]},{"@type":"ImageObject","inLanguage":"fr-FR","@id":"https:\/\/blogs.thesocialmedia.com\/leblogmoto\/2009\/06\/26\/de-la-rivalite-entre-transport-moto-et-taxi\/#primaryimage","url":"https:\/\/blogs.thesocialmedia.com\/leblogmoto\/files\/2012\/07\/6a00d83451b18369e20115707078ca970c-500wi.jpg","contentUrl":"https:\/\/blogs.thesocialmedia.com\/leblogmoto\/files\/2012\/07\/6a00d83451b18369e20115707078ca970c-500wi.jpg","width":"500","height":"295"},{"@type":"BreadcrumbList","@id":"https:\/\/blogs.thesocialmedia.com\/leblogmoto\/2009\/06\/26\/de-la-rivalite-entre-transport-moto-et-taxi\/#breadcrumb","itemListElement":[{"@type":"ListItem","position":1,"name":"Accueil","item":"https:\/\/blogs.thesocialmedia.com\/leblogmoto\/"},{"@type":"ListItem","position":2,"name":"De la rivalit\u00e9 naissante entre transport moto et taxi."}]},{"@type":"WebSite","@id":"https:\/\/blogs.thesocialmedia.com\/leblogmoto\/#website","url":"https:\/\/blogs.thesocialmedia.com\/leblogmoto\/","name":"leblogmoto","description":"Toute l&#039;actualit\u00e9 des 2 roues","potentialAction":[{"@type":"SearchAction","target":{"@type":"EntryPoint","urlTemplate":"https:\/\/blogs.thesocialmedia.com\/leblogmoto\/?s={search_term_string}"},"query-input":{"@type":"PropertyValueSpecification","valueRequired":true,"valueName":"search_term_string"}}],"inLanguage":"fr-FR"},{"@type":"Person","@id":"https:\/\/blogs.thesocialmedia.com\/leblogmoto\/#\/schema\/person\/18bfe773e5725ed6d24f743da805362a","name":"benoit rieu","image":{"@type":"ImageObject","inLanguage":"fr-FR","@id":"https:\/\/blogs.thesocialmedia.com\/leblogmoto\/#\/schema\/person\/image\/","url":"https:\/\/secure.gravatar.com\/avatar\/?s=96&d=mm&r=g","contentUrl":"https:\/\/secure.gravatar.com\/avatar\/?s=96&d=mm&r=g","caption":"benoit rieu"},"url":"https:\/\/blogs.thesocialmedia.com\/leblogmoto\/author\/benoit-rieu\/"}]}},"_links":{"self":[{"href":"https:\/\/blogs.thesocialmedia.com\/leblogmoto\/wp-json\/wp\/v2\/posts\/97","targetHints":{"allow":["GET"]}}],"collection":[{"href":"https:\/\/blogs.thesocialmedia.com\/leblogmoto\/wp-json\/wp\/v2\/posts"}],"about":[{"href":"https:\/\/blogs.thesocialmedia.com\/leblogmoto\/wp-json\/wp\/v2\/types\/post"}],"author":[{"embeddable":true,"href":"https:\/\/blogs.thesocialmedia.com\/leblogmoto\/wp-json\/wp\/v2\/users\/324"}],"replies":[{"embeddable":true,"href":"https:\/\/blogs.thesocialmedia.com\/leblogmoto\/wp-json\/wp\/v2\/comments?post=97"}],"version-history":[{"count":2,"href":"https:\/\/blogs.thesocialmedia.com\/leblogmoto\/wp-json\/wp\/v2\/posts\/97\/revisions"}],"predecessor-version":[{"id":13876,"href":"https:\/\/blogs.thesocialmedia.com\/leblogmoto\/wp-json\/wp\/v2\/posts\/97\/revisions\/13876"}],"wp:featuredmedia":[{"embeddable":true,"href":"https:\/\/blogs.thesocialmedia.com\/leblogmoto\/wp-json\/wp\/v2\/media\/13874"}],"wp:attachment":[{"href":"https:\/\/blogs.thesocialmedia.com\/leblogmoto\/wp-json\/wp\/v2\/media?parent=97"}],"wp:term":[{"taxonomy":"category","embeddable":true,"href":"https:\/\/blogs.thesocialmedia.com\/leblogmoto\/wp-json\/wp\/v2\/categories?post=97"},{"taxonomy":"post_tag","embeddable":true,"href":"https:\/\/blogs.thesocialmedia.com\/leblogmoto\/wp-json\/wp\/v2\/tags?post=97"}],"curies":[{"name":"wp","href":"https:\/\/api.w.org\/{rel}","templated":true}]}}