{"id":970,"date":"2008-01-09T00:14:55","date_gmt":"2008-01-09T00:14:55","guid":{"rendered":"http:\/\/blogs.thesocialmedia.com\/leblogmoto\/2008\/01\/09\/pour-la-premire\/"},"modified":"2012-07-11T15:11:21","modified_gmt":"2012-07-11T15:11:21","slug":"pour-la-premire","status":"publish","type":"post","link":"https:\/\/blogs.thesocialmedia.com\/leblogmoto\/2008\/01\/09\/pour-la-premire\/","title":{"rendered":"Pour la premi\u00e8re fois, la X-bow de KTM est de sortie&#8230;"},"content":{"rendered":"<p><a href=\"http:\/\/blogs.thesocialmedia.com\/leblogmoto\/files\/2012\/07\/moto_auto_ktm_xbow_6.jpg\"><img loading=\"lazy\" decoding=\"async\" width=\"470\" height=\"306\"  src=\"http:\/\/www.leblogmoto.com\/images\/2008\/01\/08\/moto_auto_ktm_xbow_6.jpg\" alt=\"Moto_auto_ktm_xbow_6\" \/><\/a> <br \/><a href=\"http:\/\/blogs.thesocialmedia.com\/leblogmoto\/files\/2012\/07\/moto_auto_ktm_xbow.jpg\"><img loading=\"lazy\" decoding=\"async\" width=\"470\" height=\"305\"  src=\"http:\/\/www.leblogmoto.com\/images\/2008\/01\/08\/moto_auto_ktm_xbow.jpg\" alt=\"Moto_auto_ktm_xbow\" \/><\/a><br \/>&#8230;Et elle sera pr\u00e9sent\u00e9e d\u00e8s demain dans cette couleur l\u00e0, le &quot;Gleaming White&quot; et non l&rsquo;orange traditionnel de &quot;<a href=\"http:\/\/blogs.thesocialmedia.com\/leblogmoto\/files\/2012\/07\/session-de-ratt.html_.png\">Katoche<\/a>&quot;, comme l&rsquo;on surnomme gentiment la marque autrichienne (c&rsquo;est quand m\u00eame mieux que &quot;B\u00e9h\u00e8me&quot;, comme sobriquet, non !?). L&rsquo;<a href=\"http:\/\/www.autosport-international.com\/autosport08\/trade\/show_link51.asp\">Autosport International Racing Car Show<\/a> de Birmingham l&rsquo;accueillera et je m&rsquo;\u00e9tais promis de ne pas me faire griller par <a href=\"http:\/\/www.leblogauto.com\">Le Blog Auto<\/a> sur la sortie officielle du roadster, plus proche d&rsquo;ailleurs des sensations offertes par une moto que d&rsquo;une berline.<\/p>\n<p>La b\u00eate n&rsquo;en restera pas au stade de proto, et la chronologie de la production est d\u00e9j\u00e0 connue: tout d&rsquo;abord 100 mod\u00e8les num\u00e9rot\u00e9s d&rsquo;une cuv\u00e9e sp\u00e9ciale, &quot;Dallara Series&quot;, sortiront de l&rsquo;usine de Graz, sise en Autriche \u00e9videmment. Ensuite KTM pr\u00e9voit d&rsquo;assembler 1000 X-bow &quot;standards&quot; par an.<\/p>\n<p><a href=\"http:\/\/clabedan.typepad.com\/.shared\/image.html?\/photos\/uncategorized\/2008\/01\/08\/moto_auto_ktm_xbow_2.jpg\"><img loading=\"lazy\" decoding=\"async\" width=\"470\" height=\"282\"  alt=\"Moto_auto_ktm_xbow_2\" src=\"http:\/\/www.leblogmoto.com\/images\/2008\/01\/08\/moto_auto_ktm_xbow_2.jpg\" \/><\/a><\/p>\n<p><a href=\"http:\/\/blogs.thesocialmedia.com\/leblogmoto\/files\/2012\/07\/moto_auto_ktm_xbow_7.jpg\"><img loading=\"lazy\" decoding=\"async\" width=\"470\" height=\"312\"  src=\"http:\/\/www.leblogmoto.com\/images\/2008\/01\/08\/moto_auto_ktm_xbow_7.jpg\" alt=\"Moto_auto_ktm_xbow_7\" \/><\/a> <br \/><a href=\"http:\/\/blogs.thesocialmedia.com\/leblogmoto\/files\/2012\/07\/moto_auto_ktm_xbow_3.jpg\"><img loading=\"lazy\" decoding=\"async\" width=\"470\" height=\"280\"  alt=\"Moto_auto_ktm_xbow_3\" src=\"http:\/\/www.leblogmoto.com\/images\/2008\/01\/08\/moto_auto_ktm_xbow_3.jpg\" \/><\/a> <\/p>\n<p><a href=\"http:\/\/blogs.thesocialmedia.com\/leblogmoto\/files\/2012\/07\/moto_auto_ktm_xbow_4.jpg\"><img loading=\"lazy\" decoding=\"async\" width=\"470\" height=\"303\"  alt=\"Moto_auto_ktm_xbow_4\" src=\"http:\/\/www.leblogmoto.com\/images\/2008\/01\/08\/moto_auto_ktm_xbow_4.jpg\" \/><\/a> <\/p>\n<p><a href=\"http:\/\/blogs.thesocialmedia.com\/leblogmoto\/files\/2012\/07\/moto_auto_ktm_xbow_8.jpg\"><img loading=\"lazy\" decoding=\"async\" width=\"470\" height=\"296\"  src=\"http:\/\/www.leblogmoto.com\/images\/2008\/01\/08\/moto_auto_ktm_xbow_8.jpg\" alt=\"Moto_auto_ktm_xbow_8\" \/><\/a> <\/p>\n<p><a href=\"http:\/\/blogs.thesocialmedia.com\/leblogmoto\/files\/2012\/07\/moto_auto_ktm_xbow_1.jpg\"><img loading=\"lazy\" decoding=\"async\" width=\"470\" height=\"270\"  alt=\"Moto_auto_ktm_xbow_1\" src=\"http:\/\/www.leblogmoto.com\/images\/2008\/01\/08\/moto_auto_ktm_xbow_1.jpg\" \/><\/a> <br \/><a href=\"http:\/\/blogs.thesocialmedia.com\/leblogmoto\/files\/2012\/07\/moto_auto_ktm_xbow_5.jpg\"><img loading=\"lazy\" decoding=\"async\" width=\"470\" height=\"199\"  alt=\"Moto_auto_ktm_xbow_5\" src=\"http:\/\/www.leblogmoto.com\/images\/2008\/01\/08\/moto_auto_ktm_xbow_5.jpg\" \/><\/a> <\/p>\n","protected":false},"excerpt":{"rendered":"<p>&#8230;Et elle sera pr\u00e9sent\u00e9e d\u00e8s demain dans cette couleur l\u00e0, le &quot;Gleaming White&quot; et non l&rsquo;orange traditionnel de &quot;Katoche&quot;, comme l&rsquo;on surnomme gentiment la marque autrichienne (c&rsquo;est quand m\u00eame mieux que &quot;B\u00e9h\u00e8me&quot;, comme sobriquet, non !?). L&rsquo;Autosport International Racing Car Show de Birmingham l&rsquo;accueillera et je m&rsquo;\u00e9tais promis de ne pas me faire griller par [&hellip;]<\/p>\n","protected":false},"author":324,"featured_media":0,"comment_status":"open","ping_status":"open","sticky":false,"template":"","format":"standard","meta":{"footnotes":""},"categories":[3,17,39,36],"tags":[],"class_list":["post-970","post","type-post","status-publish","format-standard","hentry","category-actualite","category-divers","category-ktm","category-salons"],"yoast_head":"<!-- This site is optimized with the Yoast SEO plugin v26.0 - https:\/\/yoast.com\/wordpress\/plugins\/seo\/ -->\n<title>Pour la premi\u00e8re fois, la X-bow de KTM est de sortie... - leblogmoto.com<\/title>\n<meta name=\"robots\" content=\"index, follow, max-snippet:-1, max-image-preview:large, max-video-preview:-1\" \/>\n<link rel=\"canonical\" href=\"https:\/\/blogs.thesocialmedia.com\/leblogmoto\/2008\/01\/09\/pour-la-premire\/\" \/>\n<meta name=\"twitter:card\" content=\"summary_large_image\" \/>\n<meta name=\"twitter:title\" content=\"Pour la premi\u00e8re fois, la X-bow de KTM est de sortie... - leblogmoto.com\" \/>\n<meta name=\"twitter:description\" content=\"&#8230;Et elle sera pr\u00e9sent\u00e9e d\u00e8s demain dans cette couleur l\u00e0, le &quot;Gleaming White&quot; et non l&rsquo;orange traditionnel de &quot;Katoche&quot;, comme l&rsquo;on surnomme gentiment la marque autrichienne (c&rsquo;est quand m\u00eame mieux que &quot;B\u00e9h\u00e8me&quot;, comme sobriquet, non !?). L&rsquo;Autosport International Racing Car Show de Birmingham l&rsquo;accueillera et je m&rsquo;\u00e9tais promis de ne pas me faire griller par [&hellip;]\" \/>\n<meta name=\"twitter:image\" content=\"http:\/\/www.leblogmoto.com\/images\/2008\/01\/08\/moto_auto_ktm_xbow_6.jpg\" \/>\n<meta name=\"twitter:label1\" content=\"\u00c9crit par\" \/>\n\t<meta name=\"twitter:data1\" content=\"benoit rieu\" \/>\n\t<meta name=\"twitter:label2\" content=\"Dur\u00e9e de lecture estim\u00e9e\" \/>\n\t<meta name=\"twitter:data2\" content=\"1 minute\" \/>\n<script type=\"application\/ld+json\" class=\"yoast-schema-graph\">{\"@context\":\"https:\/\/schema.org\",\"@graph\":[{\"@type\":\"WebPage\",\"@id\":\"https:\/\/blogs.thesocialmedia.com\/leblogmoto\/2008\/01\/09\/pour-la-premire\/\",\"url\":\"https:\/\/blogs.thesocialmedia.com\/leblogmoto\/2008\/01\/09\/pour-la-premire\/\",\"name\":\"Pour la premi\u00e8re fois, la X-bow de KTM est de sortie... - leblogmoto.com\",\"isPartOf\":{\"@id\":\"https:\/\/blogs.thesocialmedia.com\/leblogmoto\/#website\"},\"primaryImageOfPage\":{\"@id\":\"https:\/\/blogs.thesocialmedia.com\/leblogmoto\/2008\/01\/09\/pour-la-premire\/#primaryimage\"},\"image\":{\"@id\":\"https:\/\/blogs.thesocialmedia.com\/leblogmoto\/2008\/01\/09\/pour-la-premire\/#primaryimage\"},\"thumbnailUrl\":\"http:\/\/www.leblogmoto.com\/images\/2008\/01\/08\/moto_auto_ktm_xbow_6.jpg\",\"datePublished\":\"2008-01-09T00:14:55+00:00\",\"dateModified\":\"2012-07-11T15:11:21+00:00\",\"author\":{\"@id\":\"https:\/\/blogs.thesocialmedia.com\/leblogmoto\/#\/schema\/person\/18bfe773e5725ed6d24f743da805362a\"},\"breadcrumb\":{\"@id\":\"https:\/\/blogs.thesocialmedia.com\/leblogmoto\/2008\/01\/09\/pour-la-premire\/#breadcrumb\"},\"inLanguage\":\"fr-FR\",\"potentialAction\":[{\"@type\":\"ReadAction\",\"target\":[\"https:\/\/blogs.thesocialmedia.com\/leblogmoto\/2008\/01\/09\/pour-la-premire\/\"]}]},{\"@type\":\"ImageObject\",\"inLanguage\":\"fr-FR\",\"@id\":\"https:\/\/blogs.thesocialmedia.com\/leblogmoto\/2008\/01\/09\/pour-la-premire\/#primaryimage\",\"url\":\"http:\/\/www.leblogmoto.com\/images\/2008\/01\/08\/moto_auto_ktm_xbow_6.jpg\",\"contentUrl\":\"http:\/\/www.leblogmoto.com\/images\/2008\/01\/08\/moto_auto_ktm_xbow_6.jpg\"},{\"@type\":\"BreadcrumbList\",\"@id\":\"https:\/\/blogs.thesocialmedia.com\/leblogmoto\/2008\/01\/09\/pour-la-premire\/#breadcrumb\",\"itemListElement\":[{\"@type\":\"ListItem\",\"position\":1,\"name\":\"Accueil\",\"item\":\"https:\/\/blogs.thesocialmedia.com\/leblogmoto\/\"},{\"@type\":\"ListItem\",\"position\":2,\"name\":\"Pour la premi\u00e8re fois, la X-bow de KTM est de sortie&#8230;\"}]},{\"@type\":\"WebSite\",\"@id\":\"https:\/\/blogs.thesocialmedia.com\/leblogmoto\/#website\",\"url\":\"https:\/\/blogs.thesocialmedia.com\/leblogmoto\/\",\"name\":\"leblogmoto\",\"description\":\"Toute l&#039;actualit\u00e9 des 2 roues\",\"potentialAction\":[{\"@type\":\"SearchAction\",\"target\":{\"@type\":\"EntryPoint\",\"urlTemplate\":\"https:\/\/blogs.thesocialmedia.com\/leblogmoto\/?s={search_term_string}\"},\"query-input\":{\"@type\":\"PropertyValueSpecification\",\"valueRequired\":true,\"valueName\":\"search_term_string\"}}],\"inLanguage\":\"fr-FR\"},{\"@type\":\"Person\",\"@id\":\"https:\/\/blogs.thesocialmedia.com\/leblogmoto\/#\/schema\/person\/18bfe773e5725ed6d24f743da805362a\",\"name\":\"benoit rieu\",\"image\":{\"@type\":\"ImageObject\",\"inLanguage\":\"fr-FR\",\"@id\":\"https:\/\/blogs.thesocialmedia.com\/leblogmoto\/#\/schema\/person\/image\/\",\"url\":\"https:\/\/secure.gravatar.com\/avatar\/?s=96&d=mm&r=g\",\"contentUrl\":\"https:\/\/secure.gravatar.com\/avatar\/?s=96&d=mm&r=g\",\"caption\":\"benoit rieu\"},\"url\":\"https:\/\/blogs.thesocialmedia.com\/leblogmoto\/author\/benoit-rieu\/\"}]}<\/script>\n<!-- \/ Yoast SEO plugin. -->","yoast_head_json":{"title":"Pour la premi\u00e8re fois, la X-bow de KTM est de sortie... - leblogmoto.com","robots":{"index":"index","follow":"follow","max-snippet":"max-snippet:-1","max-image-preview":"max-image-preview:large","max-video-preview":"max-video-preview:-1"},"canonical":"https:\/\/blogs.thesocialmedia.com\/leblogmoto\/2008\/01\/09\/pour-la-premire\/","twitter_card":"summary_large_image","twitter_title":"Pour la premi\u00e8re fois, la X-bow de KTM est de sortie... - leblogmoto.com","twitter_description":"&#8230;Et elle sera pr\u00e9sent\u00e9e d\u00e8s demain dans cette couleur l\u00e0, le &quot;Gleaming White&quot; et non l&rsquo;orange traditionnel de &quot;Katoche&quot;, comme l&rsquo;on surnomme gentiment la marque autrichienne (c&rsquo;est quand m\u00eame mieux que &quot;B\u00e9h\u00e8me&quot;, comme sobriquet, non !?). L&rsquo;Autosport International Racing Car Show de Birmingham l&rsquo;accueillera et je m&rsquo;\u00e9tais promis de ne pas me faire griller par [&hellip;]","twitter_image":"http:\/\/www.leblogmoto.com\/images\/2008\/01\/08\/moto_auto_ktm_xbow_6.jpg","twitter_misc":{"\u00c9crit par":"benoit rieu","Dur\u00e9e de lecture estim\u00e9e":"1 minute"},"schema":{"@context":"https:\/\/schema.org","@graph":[{"@type":"WebPage","@id":"https:\/\/blogs.thesocialmedia.com\/leblogmoto\/2008\/01\/09\/pour-la-premire\/","url":"https:\/\/blogs.thesocialmedia.com\/leblogmoto\/2008\/01\/09\/pour-la-premire\/","name":"Pour la premi\u00e8re fois, la X-bow de KTM est de sortie... - leblogmoto.com","isPartOf":{"@id":"https:\/\/blogs.thesocialmedia.com\/leblogmoto\/#website"},"primaryImageOfPage":{"@id":"https:\/\/blogs.thesocialmedia.com\/leblogmoto\/2008\/01\/09\/pour-la-premire\/#primaryimage"},"image":{"@id":"https:\/\/blogs.thesocialmedia.com\/leblogmoto\/2008\/01\/09\/pour-la-premire\/#primaryimage"},"thumbnailUrl":"http:\/\/www.leblogmoto.com\/images\/2008\/01\/08\/moto_auto_ktm_xbow_6.jpg","datePublished":"2008-01-09T00:14:55+00:00","dateModified":"2012-07-11T15:11:21+00:00","author":{"@id":"https:\/\/blogs.thesocialmedia.com\/leblogmoto\/#\/schema\/person\/18bfe773e5725ed6d24f743da805362a"},"breadcrumb":{"@id":"https:\/\/blogs.thesocialmedia.com\/leblogmoto\/2008\/01\/09\/pour-la-premire\/#breadcrumb"},"inLanguage":"fr-FR","potentialAction":[{"@type":"ReadAction","target":["https:\/\/blogs.thesocialmedia.com\/leblogmoto\/2008\/01\/09\/pour-la-premire\/"]}]},{"@type":"ImageObject","inLanguage":"fr-FR","@id":"https:\/\/blogs.thesocialmedia.com\/leblogmoto\/2008\/01\/09\/pour-la-premire\/#primaryimage","url":"http:\/\/www.leblogmoto.com\/images\/2008\/01\/08\/moto_auto_ktm_xbow_6.jpg","contentUrl":"http:\/\/www.leblogmoto.com\/images\/2008\/01\/08\/moto_auto_ktm_xbow_6.jpg"},{"@type":"BreadcrumbList","@id":"https:\/\/blogs.thesocialmedia.com\/leblogmoto\/2008\/01\/09\/pour-la-premire\/#breadcrumb","itemListElement":[{"@type":"ListItem","position":1,"name":"Accueil","item":"https:\/\/blogs.thesocialmedia.com\/leblogmoto\/"},{"@type":"ListItem","position":2,"name":"Pour la premi\u00e8re fois, la X-bow de KTM est de sortie&#8230;"}]},{"@type":"WebSite","@id":"https:\/\/blogs.thesocialmedia.com\/leblogmoto\/#website","url":"https:\/\/blogs.thesocialmedia.com\/leblogmoto\/","name":"leblogmoto","description":"Toute l&#039;actualit\u00e9 des 2 roues","potentialAction":[{"@type":"SearchAction","target":{"@type":"EntryPoint","urlTemplate":"https:\/\/blogs.thesocialmedia.com\/leblogmoto\/?s={search_term_string}"},"query-input":{"@type":"PropertyValueSpecification","valueRequired":true,"valueName":"search_term_string"}}],"inLanguage":"fr-FR"},{"@type":"Person","@id":"https:\/\/blogs.thesocialmedia.com\/leblogmoto\/#\/schema\/person\/18bfe773e5725ed6d24f743da805362a","name":"benoit rieu","image":{"@type":"ImageObject","inLanguage":"fr-FR","@id":"https:\/\/blogs.thesocialmedia.com\/leblogmoto\/#\/schema\/person\/image\/","url":"https:\/\/secure.gravatar.com\/avatar\/?s=96&d=mm&r=g","contentUrl":"https:\/\/secure.gravatar.com\/avatar\/?s=96&d=mm&r=g","caption":"benoit rieu"},"url":"https:\/\/blogs.thesocialmedia.com\/leblogmoto\/author\/benoit-rieu\/"}]}},"_links":{"self":[{"href":"https:\/\/blogs.thesocialmedia.com\/leblogmoto\/wp-json\/wp\/v2\/posts\/970","targetHints":{"allow":["GET"]}}],"collection":[{"href":"https:\/\/blogs.thesocialmedia.com\/leblogmoto\/wp-json\/wp\/v2\/posts"}],"about":[{"href":"https:\/\/blogs.thesocialmedia.com\/leblogmoto\/wp-json\/wp\/v2\/types\/post"}],"author":[{"embeddable":true,"href":"https:\/\/blogs.thesocialmedia.com\/leblogmoto\/wp-json\/wp\/v2\/users\/324"}],"replies":[{"embeddable":true,"href":"https:\/\/blogs.thesocialmedia.com\/leblogmoto\/wp-json\/wp\/v2\/comments?post=970"}],"version-history":[{"count":2,"href":"https:\/\/blogs.thesocialmedia.com\/leblogmoto\/wp-json\/wp\/v2\/posts\/970\/revisions"}],"predecessor-version":[{"id":9622,"href":"https:\/\/blogs.thesocialmedia.com\/leblogmoto\/wp-json\/wp\/v2\/posts\/970\/revisions\/9622"}],"wp:attachment":[{"href":"https:\/\/blogs.thesocialmedia.com\/leblogmoto\/wp-json\/wp\/v2\/media?parent=970"}],"wp:term":[{"taxonomy":"category","embeddable":true,"href":"https:\/\/blogs.thesocialmedia.com\/leblogmoto\/wp-json\/wp\/v2\/categories?post=970"},{"taxonomy":"post_tag","embeddable":true,"href":"https:\/\/blogs.thesocialmedia.com\/leblogmoto\/wp-json\/wp\/v2\/tags?post=970"}],"curies":[{"name":"wp","href":"https:\/\/api.w.org\/{rel}","templated":true}]}}